{"id":6407,"date":"2025-10-27T15:26:37","date_gmt":"2025-10-27T21:26:37","guid":{"rendered":"https:\/\/lagnoticias.com\/?p=6407"},"modified":"2025-10-27T15:26:38","modified_gmt":"2025-10-27T21:26:38","slug":"presidenta-claudia-sheinbaum-aun-espera-que-espana-pida-perdon-por-la-conquista","status":"publish","type":"post","link":"https:\/\/lagnoticias.com\/en\/2025\/10\/27\/presidenta-claudia-sheinbaum-aun-espera-que-espana-pida-perdon-por-la-conquista\/","title":{"rendered":"Presidenta Claudia Sheinbaum a\u00fan espera que Espa\u00f1a pida perd\u00f3n por la conquista"},"content":{"rendered":"<p>La presidenta mexicana,&nbsp;Claudia Sheinbaum,&nbsp;afirm\u00f3 este lunes que la relaci\u00f3n entre M\u00e9xico y&nbsp;Espa\u00f1a&nbsp;se mantiene activa, aunque record\u00f3 que sigue esperando respuesta a la&nbsp;carta enviada en 2019 por el expresidente Andr\u00e9s Manuel L\u00f3pez Obrador, en la que solicit\u00f3 una disculpa por los abusos cometidos durante la conquista.<\/p>\n\n\n\n<p>\u00abCon Espa\u00f1a se tienen relaciones, no se ha roto ninguna relaci\u00f3n. Fue hace poco la secretaria de Cultura, ha ido la secretaria de Turismo, es decir, hay relaciones econ\u00f3micas, pol\u00edticas, tur\u00edsticas, hay relaciones \u00ab, se\u00f1al\u00f3 la mandataria en su rueda de prensa matutina.<\/p>\n\n\n\n<p>Sheinbaum critic\u00f3 \u00abla manera en que actuaron frente a la carta\u00bb,&nbsp;dirigida&nbsp;al&nbsp;rey Felipe VI y al papa Francisco, que solicitaba \u00abuna forma de perd\u00f3n por las atrocidades del pasado\u00bb, porque seg\u00fan ella \u00abfue contestada de una manera poco diplom\u00e1tica\u00bb.<\/p>\n\n\n\n<p>La presidenta mexicana afirm\u00f3 que comparte la postura de su antecesor y que \u00abtodav\u00eda sigue esperando esta respuesta \u00ab.<\/p>\n\n\n\n<p>Sin embargo, destac\u00f3 que la cooperaci\u00f3n cultural entre ambos pa\u00edses contin\u00faa vigente y mencion\u00f3 una exposici\u00f3n reciente de arte ind\u00edgena organizada por la embajada de&nbsp;M\u00e9xico&nbsp;en Espa\u00f1a, con apoyo de instituciones del gobierno espa\u00f1ol.<\/p>\n\n\n\n<p><\/p>\n\n\n\n<p><\/p>\n\n\n\n<p><\/p>\n\n\n\n<p>(DW)<\/p>","protected":false},"excerpt":{"rendered":"<p>La presidenta de M\u00e9xico critic\u00f3 la reacci\u00f3n del gobierno espa\u00f1ol a una carta enviada hace seis a\u00f1os que exig\u00eda \u00abuna forma de perd\u00f3n por las atrocidades del pasado\u00bb.<\/p>","protected":false},"author":2,"featured_media":6408,"comment_status":"open","ping_status":"open","sticky":false,"template":"","format":"standard","meta":{"_et_pb_use_builder":"off","_et_pb_old_content":"","_et_gb_content_width":"","footnotes":""},"categories":[245],"tags":[1668,807,287],"class_list":["post-6407","post","type-post","status-publish","format-standard","has-post-thumbnail","hentry","category-internacionales","tag-claudia-sheinbaum","tag-espana","tag-mexico"],"yoast_head":"<!-- This site is optimized with the Yoast SEO plugin v27.4 - https:\/\/yoast.com\/product\/yoast-seo-wordpress\/ -->\n<title>Presidenta Claudia Sheinbaum a\u00fan espera que Espa\u00f1a pida perd\u00f3n por la conquista - La G Noticias<\/title>\n<meta name=\"robots\" content=\"index, follow, max-snippet:-1, max-image-preview:large, max-video-preview:-1\" \/>\n<link rel=\"canonical\" href=\"https:\/\/lagnoticias.com\/en\/2025\/10\/27\/presidenta-claudia-sheinbaum-aun-espera-que-espana-pida-perdon-por-la-conquista\/\" \/>\n<meta property=\"og:locale\" content=\"en_US\" \/>\n<meta property=\"og:type\" content=\"article\" \/>\n<meta property=\"og:title\" content=\"Presidenta Claudia Sheinbaum a\u00fan espera que Espa\u00f1a pida perd\u00f3n por la conquista - La G Noticias\" \/>\n<meta property=\"og:description\" content=\"La presidenta de M\u00e9xico critic\u00f3 la reacci\u00f3n del gobierno espa\u00f1ol a una carta enviada hace seis a\u00f1os que exig\u00eda &quot;una forma de perd\u00f3n por las atrocidades del pasado&quot;.\" \/>\n<meta property=\"og:url\" content=\"https:\/\/lagnoticias.com\/en\/2025\/10\/27\/presidenta-claudia-sheinbaum-aun-espera-que-espana-pida-perdon-por-la-conquista\/\" \/>\n<meta property=\"og:site_name\" content=\"La G Noticias\" \/>\n<meta property=\"article:publisher\" content=\"https:\/\/www.facebook.com\/LaGNoticias\" \/>\n<meta property=\"article:published_time\" content=\"2025-10-27T21:26:37+00:00\" \/>\n<meta property=\"article:modified_time\" content=\"2025-10-27T21:26:38+00:00\" \/>\n<meta property=\"og:image\" content=\"https:\/\/lagnoticias.com\/wp-content\/uploads\/2025\/10\/7-8.jpg\" \/>\n\t<meta property=\"og:image:width\" content=\"1920\" \/>\n\t<meta property=\"og:image:height\" content=\"1080\" \/>\n\t<meta property=\"og:image:type\" content=\"image\/jpeg\" \/>\n<meta name=\"author\" content=\"Oscar\" \/>\n<meta name=\"twitter:card\" content=\"summary_large_image\" \/>\n<meta name=\"twitter:creator\" content=\"@lagnoticias\" \/>\n<meta name=\"twitter:site\" content=\"@lagnoticias\" \/>\n<meta name=\"twitter:label1\" content=\"Written by\" \/>\n\t<meta name=\"twitter:data1\" content=\"Oscar\" \/>\n\t<meta name=\"twitter:label2\" content=\"Est. reading time\" \/>\n\t<meta name=\"twitter:data2\" content=\"2 minutes\" \/>\n<script type=\"application\/ld+json\" class=\"yoast-schema-graph\">{\"@context\":\"https:\\\/\\\/schema.org\",\"@graph\":[{\"@type\":\"Article\",\"@id\":\"https:\\\/\\\/lagnoticias.com\\\/2025\\\/10\\\/27\\\/presidenta-claudia-sheinbaum-aun-espera-que-espana-pida-perdon-por-la-conquista\\\/#article\",\"isPartOf\":{\"@id\":\"https:\\\/\\\/lagnoticias.com\\\/2025\\\/10\\\/27\\\/presidenta-claudia-sheinbaum-aun-espera-que-espana-pida-perdon-por-la-conquista\\\/\"},\"author\":{\"name\":\"Oscar\",\"@id\":\"https:\\\/\\\/lagnoticias.com\\\/#\\\/schema\\\/person\\\/cb9bfe13f8de05d2c55270be25c6a550\"},\"headline\":\"Presidenta Claudia Sheinbaum a\u00fan espera que Espa\u00f1a pida perd\u00f3n por la conquista\",\"datePublished\":\"2025-10-27T21:26:37+00:00\",\"dateModified\":\"2025-10-27T21:26:38+00:00\",\"mainEntityOfPage\":{\"@id\":\"https:\\\/\\\/lagnoticias.com\\\/2025\\\/10\\\/27\\\/presidenta-claudia-sheinbaum-aun-espera-que-espana-pida-perdon-por-la-conquista\\\/\"},\"wordCount\":234,\"commentCount\":0,\"image\":{\"@id\":\"https:\\\/\\\/lagnoticias.com\\\/2025\\\/10\\\/27\\\/presidenta-claudia-sheinbaum-aun-espera-que-espana-pida-perdon-por-la-conquista\\\/#primaryimage\"},\"thumbnailUrl\":\"https:\\\/\\\/lagnoticias.com\\\/wp-content\\\/uploads\\\/2025\\\/10\\\/7-8.jpg\",\"keywords\":[\"Claudia Sheinbaum\",\"ESPA\u00d1A\",\"M\u00c9XICO\"],\"articleSection\":[\"INTERNACIONALES\"],\"inLanguage\":\"en-US\",\"potentialAction\":[{\"@type\":\"CommentAction\",\"name\":\"Comment\",\"target\":[\"https:\\\/\\\/lagnoticias.com\\\/2025\\\/10\\\/27\\\/presidenta-claudia-sheinbaum-aun-espera-que-espana-pida-perdon-por-la-conquista\\\/#respond\"]}]},{\"@type\":\"WebPage\",\"@id\":\"https:\\\/\\\/lagnoticias.com\\\/2025\\\/10\\\/27\\\/presidenta-claudia-sheinbaum-aun-espera-que-espana-pida-perdon-por-la-conquista\\\/\",\"url\":\"https:\\\/\\\/lagnoticias.com\\\/2025\\\/10\\\/27\\\/presidenta-claudia-sheinbaum-aun-espera-que-espana-pida-perdon-por-la-conquista\\\/\",\"name\":\"Presidenta Claudia Sheinbaum a\u00fan espera que Espa\u00f1a pida perd\u00f3n por la conquista - La G Noticias\",\"isPartOf\":{\"@id\":\"https:\\\/\\\/lagnoticias.com\\\/#website\"},\"primaryImageOfPage\":{\"@id\":\"https:\\\/\\\/lagnoticias.com\\\/2025\\\/10\\\/27\\\/presidenta-claudia-sheinbaum-aun-espera-que-espana-pida-perdon-por-la-conquista\\\/#primaryimage\"},\"image\":{\"@id\":\"https:\\\/\\\/lagnoticias.com\\\/2025\\\/10\\\/27\\\/presidenta-claudia-sheinbaum-aun-espera-que-espana-pida-perdon-por-la-conquista\\\/#primaryimage\"},\"thumbnailUrl\":\"https:\\\/\\\/lagnoticias.com\\\/wp-content\\\/uploads\\\/2025\\\/10\\\/7-8.jpg\",\"datePublished\":\"2025-10-27T21:26:37+00:00\",\"dateModified\":\"2025-10-27T21:26:38+00:00\",\"author\":{\"@id\":\"https:\\\/\\\/lagnoticias.com\\\/#\\\/schema\\\/person\\\/cb9bfe13f8de05d2c55270be25c6a550\"},\"breadcrumb\":{\"@id\":\"https:\\\/\\\/lagnoticias.com\\\/2025\\\/10\\\/27\\\/presidenta-claudia-sheinbaum-aun-espera-que-espana-pida-perdon-por-la-conquista\\\/#breadcrumb\"},\"inLanguage\":\"en-US\",\"potentialAction\":[{\"@type\":\"ReadAction\",\"target\":[\"https:\\\/\\\/lagnoticias.com\\\/2025\\\/10\\\/27\\\/presidenta-claudia-sheinbaum-aun-espera-que-espana-pida-perdon-por-la-conquista\\\/\"]}]},{\"@type\":\"ImageObject\",\"inLanguage\":\"en-US\",\"@id\":\"https:\\\/\\\/lagnoticias.com\\\/2025\\\/10\\\/27\\\/presidenta-claudia-sheinbaum-aun-espera-que-espana-pida-perdon-por-la-conquista\\\/#primaryimage\",\"url\":\"https:\\\/\\\/lagnoticias.com\\\/wp-content\\\/uploads\\\/2025\\\/10\\\/7-8.jpg\",\"contentUrl\":\"https:\\\/\\\/lagnoticias.com\\\/wp-content\\\/uploads\\\/2025\\\/10\\\/7-8.jpg\",\"width\":1920,\"height\":1080,\"caption\":\"ARCHIVO - La presidenta mexicana, Claudia Sheinbaum, en su conferencia de prensa matutina en el Palacio Nacional en Ciudad de M\u00e9xico, el 2 de abril de 2025. (AP Foto\\\/Marco Ugarte, Archivo)\"},{\"@type\":\"BreadcrumbList\",\"@id\":\"https:\\\/\\\/lagnoticias.com\\\/2025\\\/10\\\/27\\\/presidenta-claudia-sheinbaum-aun-espera-que-espana-pida-perdon-por-la-conquista\\\/#breadcrumb\",\"itemListElement\":[{\"@type\":\"ListItem\",\"position\":1,\"name\":\"Portada\",\"item\":\"https:\\\/\\\/lagnoticias.com\\\/\"},{\"@type\":\"ListItem\",\"position\":2,\"name\":\"Presidenta Claudia Sheinbaum a\u00fan espera que Espa\u00f1a pida perd\u00f3n por la conquista\"}]},{\"@type\":\"WebSite\",\"@id\":\"https:\\\/\\\/lagnoticias.com\\\/#website\",\"url\":\"https:\\\/\\\/lagnoticias.com\\\/\",\"name\":\"La G Noticias\",\"description\":\"Noticias Positivas\",\"potentialAction\":[{\"@type\":\"SearchAction\",\"target\":{\"@type\":\"EntryPoint\",\"urlTemplate\":\"https:\\\/\\\/lagnoticias.com\\\/?s={search_term_string}\"},\"query-input\":{\"@type\":\"PropertyValueSpecification\",\"valueRequired\":true,\"valueName\":\"search_term_string\"}}],\"inLanguage\":\"en-US\"},{\"@type\":\"Person\",\"@id\":\"https:\\\/\\\/lagnoticias.com\\\/#\\\/schema\\\/person\\\/cb9bfe13f8de05d2c55270be25c6a550\",\"name\":\"Oscar\",\"image\":{\"@type\":\"ImageObject\",\"inLanguage\":\"en-US\",\"@id\":\"https:\\\/\\\/secure.gravatar.com\\\/avatar\\\/45c195718f652dc7ffdd591dc1f2678956ab7fdadcd359a635edc61304a8c757?s=96&d=mm&r=g\",\"url\":\"https:\\\/\\\/secure.gravatar.com\\\/avatar\\\/45c195718f652dc7ffdd591dc1f2678956ab7fdadcd359a635edc61304a8c757?s=96&d=mm&r=g\",\"contentUrl\":\"https:\\\/\\\/secure.gravatar.com\\\/avatar\\\/45c195718f652dc7ffdd591dc1f2678956ab7fdadcd359a635edc61304a8c757?s=96&d=mm&r=g\",\"caption\":\"Oscar\"},\"url\":\"https:\\\/\\\/lagnoticias.com\\\/en\\\/author\\\/oscar\\\/\"}]}<\/script>\n<!-- \/ Yoast SEO plugin. -->","yoast_head_json":{"title":"Presidenta Claudia Sheinbaum a\u00fan espera que Espa\u00f1a pida perd\u00f3n por la conquista - La G Noticias","robots":{"index":"index","follow":"follow","max-snippet":"max-snippet:-1","max-image-preview":"max-image-preview:large","max-video-preview":"max-video-preview:-1"},"canonical":"https:\/\/lagnoticias.com\/en\/2025\/10\/27\/presidenta-claudia-sheinbaum-aun-espera-que-espana-pida-perdon-por-la-conquista\/","og_locale":"en_US","og_type":"article","og_title":"Presidenta Claudia Sheinbaum a\u00fan espera que Espa\u00f1a pida perd\u00f3n por la conquista - La G Noticias","og_description":"La presidenta de M\u00e9xico critic\u00f3 la reacci\u00f3n del gobierno espa\u00f1ol a una carta enviada hace seis a\u00f1os que exig\u00eda \"una forma de perd\u00f3n por las atrocidades del pasado\".","og_url":"https:\/\/lagnoticias.com\/en\/2025\/10\/27\/presidenta-claudia-sheinbaum-aun-espera-que-espana-pida-perdon-por-la-conquista\/","og_site_name":"La G Noticias","article_publisher":"https:\/\/www.facebook.com\/LaGNoticias","article_published_time":"2025-10-27T21:26:37+00:00","article_modified_time":"2025-10-27T21:26:38+00:00","og_image":[{"width":1920,"height":1080,"url":"https:\/\/lagnoticias.com\/wp-content\/uploads\/2025\/10\/7-8.jpg","type":"image\/jpeg"}],"author":"Oscar","twitter_card":"summary_large_image","twitter_creator":"@lagnoticias","twitter_site":"@lagnoticias","twitter_misc":{"Written by":"Oscar","Est. reading time":"2 minutes"},"schema":{"@context":"https:\/\/schema.org","@graph":[{"@type":"Article","@id":"https:\/\/lagnoticias.com\/2025\/10\/27\/presidenta-claudia-sheinbaum-aun-espera-que-espana-pida-perdon-por-la-conquista\/#article","isPartOf":{"@id":"https:\/\/lagnoticias.com\/2025\/10\/27\/presidenta-claudia-sheinbaum-aun-espera-que-espana-pida-perdon-por-la-conquista\/"},"author":{"name":"Oscar","@id":"https:\/\/lagnoticias.com\/#\/schema\/person\/cb9bfe13f8de05d2c55270be25c6a550"},"headline":"Presidenta Claudia Sheinbaum a\u00fan espera que Espa\u00f1a pida perd\u00f3n por la conquista","datePublished":"2025-10-27T21:26:37+00:00","dateModified":"2025-10-27T21:26:38+00:00","mainEntityOfPage":{"@id":"https:\/\/lagnoticias.com\/2025\/10\/27\/presidenta-claudia-sheinbaum-aun-espera-que-espana-pida-perdon-por-la-conquista\/"},"wordCount":234,"commentCount":0,"image":{"@id":"https:\/\/lagnoticias.com\/2025\/10\/27\/presidenta-claudia-sheinbaum-aun-espera-que-espana-pida-perdon-por-la-conquista\/#primaryimage"},"thumbnailUrl":"https:\/\/lagnoticias.com\/wp-content\/uploads\/2025\/10\/7-8.jpg","keywords":["Claudia Sheinbaum","ESPA\u00d1A","M\u00c9XICO"],"articleSection":["INTERNACIONALES"],"inLanguage":"en-US","potentialAction":[{"@type":"CommentAction","name":"Comment","target":["https:\/\/lagnoticias.com\/2025\/10\/27\/presidenta-claudia-sheinbaum-aun-espera-que-espana-pida-perdon-por-la-conquista\/#respond"]}]},{"@type":"WebPage","@id":"https:\/\/lagnoticias.com\/2025\/10\/27\/presidenta-claudia-sheinbaum-aun-espera-que-espana-pida-perdon-por-la-conquista\/","url":"https:\/\/lagnoticias.com\/2025\/10\/27\/presidenta-claudia-sheinbaum-aun-espera-que-espana-pida-perdon-por-la-conquista\/","name":"Presidenta Claudia Sheinbaum a\u00fan espera que Espa\u00f1a pida perd\u00f3n por la conquista - La G Noticias","isPartOf":{"@id":"https:\/\/lagnoticias.com\/#website"},"primaryImageOfPage":{"@id":"https:\/\/lagnoticias.com\/2025\/10\/27\/presidenta-claudia-sheinbaum-aun-espera-que-espana-pida-perdon-por-la-conquista\/#primaryimage"},"image":{"@id":"https:\/\/lagnoticias.com\/2025\/10\/27\/presidenta-claudia-sheinbaum-aun-espera-que-espana-pida-perdon-por-la-conquista\/#primaryimage"},"thumbnailUrl":"https:\/\/lagnoticias.com\/wp-content\/uploads\/2025\/10\/7-8.jpg","datePublished":"2025-10-27T21:26:37+00:00","dateModified":"2025-10-27T21:26:38+00:00","author":{"@id":"https:\/\/lagnoticias.com\/#\/schema\/person\/cb9bfe13f8de05d2c55270be25c6a550"},"breadcrumb":{"@id":"https:\/\/lagnoticias.com\/2025\/10\/27\/presidenta-claudia-sheinbaum-aun-espera-que-espana-pida-perdon-por-la-conquista\/#breadcrumb"},"inLanguage":"en-US","potentialAction":[{"@type":"ReadAction","target":["https:\/\/lagnoticias.com\/2025\/10\/27\/presidenta-claudia-sheinbaum-aun-espera-que-espana-pida-perdon-por-la-conquista\/"]}]},{"@type":"ImageObject","inLanguage":"en-US","@id":"https:\/\/lagnoticias.com\/2025\/10\/27\/presidenta-claudia-sheinbaum-aun-espera-que-espana-pida-perdon-por-la-conquista\/#primaryimage","url":"https:\/\/lagnoticias.com\/wp-content\/uploads\/2025\/10\/7-8.jpg","contentUrl":"https:\/\/lagnoticias.com\/wp-content\/uploads\/2025\/10\/7-8.jpg","width":1920,"height":1080,"caption":"ARCHIVO - La presidenta mexicana, Claudia Sheinbaum, en su conferencia de prensa matutina en el Palacio Nacional en Ciudad de M\u00e9xico, el 2 de abril de 2025. (AP Foto\/Marco Ugarte, Archivo)"},{"@type":"BreadcrumbList","@id":"https:\/\/lagnoticias.com\/2025\/10\/27\/presidenta-claudia-sheinbaum-aun-espera-que-espana-pida-perdon-por-la-conquista\/#breadcrumb","itemListElement":[{"@type":"ListItem","position":1,"name":"Portada","item":"https:\/\/lagnoticias.com\/"},{"@type":"ListItem","position":2,"name":"Presidenta Claudia Sheinbaum a\u00fan espera que Espa\u00f1a pida perd\u00f3n por la conquista"}]},{"@type":"WebSite","@id":"https:\/\/lagnoticias.com\/#website","url":"https:\/\/lagnoticias.com\/","name":"La G Noticias","description":"Noticias Positivas","potentialAction":[{"@type":"SearchAction","target":{"@type":"EntryPoint","urlTemplate":"https:\/\/lagnoticias.com\/?s={search_term_string}"},"query-input":{"@type":"PropertyValueSpecification","valueRequired":true,"valueName":"search_term_string"}}],"inLanguage":"en-US"},{"@type":"Person","@id":"https:\/\/lagnoticias.com\/#\/schema\/person\/cb9bfe13f8de05d2c55270be25c6a550","name":"Oscar","image":{"@type":"ImageObject","inLanguage":"en-US","@id":"https:\/\/secure.gravatar.com\/avatar\/45c195718f652dc7ffdd591dc1f2678956ab7fdadcd359a635edc61304a8c757?s=96&d=mm&r=g","url":"https:\/\/secure.gravatar.com\/avatar\/45c195718f652dc7ffdd591dc1f2678956ab7fdadcd359a635edc61304a8c757?s=96&d=mm&r=g","contentUrl":"https:\/\/secure.gravatar.com\/avatar\/45c195718f652dc7ffdd591dc1f2678956ab7fdadcd359a635edc61304a8c757?s=96&d=mm&r=g","caption":"Oscar"},"url":"https:\/\/lagnoticias.com\/en\/author\/oscar\/"}]}},"_links":{"self":[{"href":"https:\/\/lagnoticias.com\/en\/wp-json\/wp\/v2\/posts\/6407","targetHints":{"allow":["GET"]}}],"collection":[{"href":"https:\/\/lagnoticias.com\/en\/wp-json\/wp\/v2\/posts"}],"about":[{"href":"https:\/\/lagnoticias.com\/en\/wp-json\/wp\/v2\/types\/post"}],"author":[{"embeddable":true,"href":"https:\/\/lagnoticias.com\/en\/wp-json\/wp\/v2\/users\/2"}],"replies":[{"embeddable":true,"href":"https:\/\/lagnoticias.com\/en\/wp-json\/wp\/v2\/comments?post=6407"}],"version-history":[{"count":1,"href":"https:\/\/lagnoticias.com\/en\/wp-json\/wp\/v2\/posts\/6407\/revisions"}],"predecessor-version":[{"id":6409,"href":"https:\/\/lagnoticias.com\/en\/wp-json\/wp\/v2\/posts\/6407\/revisions\/6409"}],"wp:featuredmedia":[{"embeddable":true,"href":"https:\/\/lagnoticias.com\/en\/wp-json\/wp\/v2\/media\/6408"}],"wp:attachment":[{"href":"https:\/\/lagnoticias.com\/en\/wp-json\/wp\/v2\/media?parent=6407"}],"wp:term":[{"taxonomy":"category","embeddable":true,"href":"https:\/\/lagnoticias.com\/en\/wp-json\/wp\/v2\/categories?post=6407"},{"taxonomy":"post_tag","embeddable":true,"href":"https:\/\/lagnoticias.com\/en\/wp-json\/wp\/v2\/tags?post=6407"}],"curies":[{"name":"wp","href":"https:\/\/api.w.org\/{rel}","templated":true}]}}