{"id":6404,"date":"2025-10-27T15:17:59","date_gmt":"2025-10-27T21:17:59","guid":{"rendered":"https:\/\/lagnoticias.com\/?p=6404"},"modified":"2025-10-27T15:22:31","modified_gmt":"2025-10-27T21:22:31","slug":"ministerio-de-trabajo-verificara-la-entrega-integra-del-pago-anticipado-de-aguinaldo-a-trabajadores-con-el-calculo-correcto","status":"publish","type":"post","link":"https:\/\/lagnoticias.com\/en\/2025\/10\/27\/ministerio-de-trabajo-verificara-la-entrega-integra-del-pago-anticipado-de-aguinaldo-a-trabajadores-con-el-calculo-correcto\/","title":{"rendered":"Ministerio de Trabajo verificar\u00e1\u00a0la entrega \u00edntegra del pago anticipado de aguinaldo a trabajadores\u00a0con el c\u00e1lculo correcto\u00a0"},"content":{"rendered":"<p>El Gobierno promovi\u00f3 una nueva disposici\u00f3n que permite el pago anticipado del aguinaldo, que ya se hizo efectivo para los trabajadores del sector p\u00fablico y de las aut\u00f3nomas el pasado viernes. <\/p>\n\n\n\n<p>Esta medida marca un precedente importante, ya que por primera vez los empleados p\u00fablicos y privados pueden recibir este ingreso con suficiente antelaci\u00f3n para administrar sus recursos de manera m\u00e1s ordenada y responsable.<\/p>\n\n\n\n<p>El ministro de Trabajo, Rolando Castro, enfatiz\u00f3 que este beneficio debe calcularse con base hasta el mes de diciembre, para garantizar el respeto a los derechos laborales. Ha reiterado que estos no son negociables y que el aguinaldo debe ser entregado \u00edntegro, sin reducciones ni alteraciones.<\/p>\n\n\n\n<p>\u201cQuiero dejar muy claro, la reforma no lleva ning\u00fan retroceso, los c\u00e1lculos ser\u00e1n tomados al mes de diciembre, tal cual hist\u00f3ricamente se ha hecho. No se puede hacer ninguna interpretaci\u00f3n para desmejorar el aguinaldo\u00bb. <\/p>\n\n\n\n<p>\u00abVamos a desplegar 700 colaboradores para verificar, a todo aquel actor que quiera interpretar esta reforma en detrimento de los derechos de los trabajadores se le va a aplicar la sanci\u00f3n respectiva\u201d, subray\u00f3.<\/p>\n\n\n\n<p>La iniciativa se sustenta en la reciente reforma al C\u00f3digo de Trabajo, mediante la cual se ampl\u00eda el periodo para el pago del aguinaldo de ocho d\u00edas a dos meses, abriendo la posibilidad para que las empresas privadas tambi\u00e9n puedan realizar la entrega de este beneficio de manera anticipada.<\/p>\n\n\n\n<p>\u00abEl presidente Bukele ha sido categ\u00f3rico, si hay un centavo que el empleador quiere qued\u00e1rselo por una falsa interpretaci\u00f3n de la reforma, vamos a hacer que lo devuelva al trabajador, y se le va a aplicar el proceso sancionador correspondiente\u00bb, advirti\u00f3.<\/p>","protected":false},"excerpt":{"rendered":"<p>El Gobierno promovi\u00f3 una nueva disposici\u00f3n que permite el pago anticipado del aguinaldo, que ya se hizo efectivo para los trabajadores del sector p\u00fablico y de las aut\u00f3nomas el pasado viernes. Esta medida marca un precedente importante, ya que por primera vez los empleados p\u00fablicos y privados pueden recibir este ingreso con suficiente antelaci\u00f3n para [&hellip;]<\/p>","protected":false},"author":2,"featured_media":6405,"comment_status":"open","ping_status":"open","sticky":false,"template":"","format":"standard","meta":{"_et_pb_use_builder":"off","_et_pb_old_content":"","_et_gb_content_width":"","footnotes":""},"categories":[244],"tags":[1658,267,268,543,1667],"class_list":["post-6404","post","type-post","status-publish","format-standard","has-post-thumbnail","hentry","category-nacionales","tag-aguinaldo","tag-el-salvador","tag-gobierno-de-el-salvador","tag-ministerio-de-trabajo","tag-pago-de-aguinaldo"],"yoast_head":"<!-- This site is optimized with the Yoast SEO plugin v27.4 - https:\/\/yoast.com\/product\/yoast-seo-wordpress\/ -->\n<title>Ministerio de Trabajo verificar\u00e1\u00a0la entrega \u00edntegra del pago anticipado de aguinaldo a trabajadores\u00a0con el c\u00e1lculo correcto\u00a0 - La G Noticias<\/title>\n<meta name=\"robots\" content=\"index, follow, max-snippet:-1, max-image-preview:large, max-video-preview:-1\" \/>\n<link rel=\"canonical\" href=\"https:\/\/lagnoticias.com\/en\/2025\/10\/27\/ministerio-de-trabajo-verificara-la-entrega-integra-del-pago-anticipado-de-aguinaldo-a-trabajadores-con-el-calculo-correcto\/\" \/>\n<meta property=\"og:locale\" content=\"en_US\" \/>\n<meta property=\"og:type\" content=\"article\" \/>\n<meta property=\"og:title\" content=\"Ministerio de Trabajo verificar\u00e1\u00a0la entrega \u00edntegra del pago anticipado de aguinaldo a trabajadores\u00a0con el c\u00e1lculo correcto\u00a0 - La G Noticias\" \/>\n<meta property=\"og:description\" content=\"El Gobierno promovi\u00f3 una nueva disposici\u00f3n que permite el pago anticipado del aguinaldo, que ya se hizo efectivo para los trabajadores del sector p\u00fablico y de las aut\u00f3nomas el pasado viernes. Esta medida marca un precedente importante, ya que por primera vez los empleados p\u00fablicos y privados pueden recibir este ingreso con suficiente antelaci\u00f3n para [&hellip;]\" \/>\n<meta property=\"og:url\" content=\"https:\/\/lagnoticias.com\/en\/2025\/10\/27\/ministerio-de-trabajo-verificara-la-entrega-integra-del-pago-anticipado-de-aguinaldo-a-trabajadores-con-el-calculo-correcto\/\" \/>\n<meta property=\"og:site_name\" content=\"La G Noticias\" \/>\n<meta property=\"article:publisher\" content=\"https:\/\/www.facebook.com\/LaGNoticias\" \/>\n<meta property=\"article:published_time\" content=\"2025-10-27T21:17:59+00:00\" \/>\n<meta property=\"article:modified_time\" content=\"2025-10-27T21:22:31+00:00\" \/>\n<meta property=\"og:image\" content=\"https:\/\/lagnoticias.com\/wp-content\/uploads\/2025\/10\/IMG_0137-scaled.jpg\" \/>\n\t<meta property=\"og:image:width\" content=\"2560\" \/>\n\t<meta property=\"og:image:height\" content=\"1707\" \/>\n\t<meta property=\"og:image:type\" content=\"image\/jpeg\" \/>\n<meta name=\"author\" content=\"Oscar\" \/>\n<meta name=\"twitter:card\" content=\"summary_large_image\" \/>\n<meta name=\"twitter:creator\" content=\"@lagnoticias\" \/>\n<meta name=\"twitter:site\" content=\"@lagnoticias\" \/>\n<meta name=\"twitter:label1\" content=\"Written by\" \/>\n\t<meta name=\"twitter:data1\" content=\"Oscar\" \/>\n\t<meta name=\"twitter:label2\" content=\"Est. reading time\" \/>\n\t<meta name=\"twitter:data2\" content=\"2 minutes\" \/>\n<script type=\"application\/ld+json\" class=\"yoast-schema-graph\">{\"@context\":\"https:\\\/\\\/schema.org\",\"@graph\":[{\"@type\":\"Article\",\"@id\":\"https:\\\/\\\/lagnoticias.com\\\/2025\\\/10\\\/27\\\/ministerio-de-trabajo-verificara-la-entrega-integra-del-pago-anticipado-de-aguinaldo-a-trabajadores-con-el-calculo-correcto\\\/#article\",\"isPartOf\":{\"@id\":\"https:\\\/\\\/lagnoticias.com\\\/2025\\\/10\\\/27\\\/ministerio-de-trabajo-verificara-la-entrega-integra-del-pago-anticipado-de-aguinaldo-a-trabajadores-con-el-calculo-correcto\\\/\"},\"author\":{\"name\":\"Oscar\",\"@id\":\"https:\\\/\\\/lagnoticias.com\\\/#\\\/schema\\\/person\\\/cb9bfe13f8de05d2c55270be25c6a550\"},\"headline\":\"Ministerio de Trabajo verificar\u00e1\u00a0la entrega \u00edntegra del pago anticipado de aguinaldo a trabajadores\u00a0con el c\u00e1lculo correcto\u00a0\",\"datePublished\":\"2025-10-27T21:17:59+00:00\",\"dateModified\":\"2025-10-27T21:22:31+00:00\",\"mainEntityOfPage\":{\"@id\":\"https:\\\/\\\/lagnoticias.com\\\/2025\\\/10\\\/27\\\/ministerio-de-trabajo-verificara-la-entrega-integra-del-pago-anticipado-de-aguinaldo-a-trabajadores-con-el-calculo-correcto\\\/\"},\"wordCount\":304,\"commentCount\":0,\"image\":{\"@id\":\"https:\\\/\\\/lagnoticias.com\\\/2025\\\/10\\\/27\\\/ministerio-de-trabajo-verificara-la-entrega-integra-del-pago-anticipado-de-aguinaldo-a-trabajadores-con-el-calculo-correcto\\\/#primaryimage\"},\"thumbnailUrl\":\"https:\\\/\\\/lagnoticias.com\\\/wp-content\\\/uploads\\\/2025\\\/10\\\/IMG_0137-scaled.jpg\",\"keywords\":[\"AGUINALDO\",\"EL SALVADOR\",\"GOBIERNO DE EL SALVADOR\",\"MINISTERIO DE TRABAJO\",\"PAGO DE AGUINALDO\"],\"articleSection\":[\"NACIONALES\"],\"inLanguage\":\"en-US\",\"potentialAction\":[{\"@type\":\"CommentAction\",\"name\":\"Comment\",\"target\":[\"https:\\\/\\\/lagnoticias.com\\\/2025\\\/10\\\/27\\\/ministerio-de-trabajo-verificara-la-entrega-integra-del-pago-anticipado-de-aguinaldo-a-trabajadores-con-el-calculo-correcto\\\/#respond\"]}]},{\"@type\":\"WebPage\",\"@id\":\"https:\\\/\\\/lagnoticias.com\\\/2025\\\/10\\\/27\\\/ministerio-de-trabajo-verificara-la-entrega-integra-del-pago-anticipado-de-aguinaldo-a-trabajadores-con-el-calculo-correcto\\\/\",\"url\":\"https:\\\/\\\/lagnoticias.com\\\/2025\\\/10\\\/27\\\/ministerio-de-trabajo-verificara-la-entrega-integra-del-pago-anticipado-de-aguinaldo-a-trabajadores-con-el-calculo-correcto\\\/\",\"name\":\"Ministerio de Trabajo verificar\u00e1\u00a0la entrega \u00edntegra del pago anticipado de aguinaldo a trabajadores\u00a0con el c\u00e1lculo correcto\u00a0 - La G Noticias\",\"isPartOf\":{\"@id\":\"https:\\\/\\\/lagnoticias.com\\\/#website\"},\"primaryImageOfPage\":{\"@id\":\"https:\\\/\\\/lagnoticias.com\\\/2025\\\/10\\\/27\\\/ministerio-de-trabajo-verificara-la-entrega-integra-del-pago-anticipado-de-aguinaldo-a-trabajadores-con-el-calculo-correcto\\\/#primaryimage\"},\"image\":{\"@id\":\"https:\\\/\\\/lagnoticias.com\\\/2025\\\/10\\\/27\\\/ministerio-de-trabajo-verificara-la-entrega-integra-del-pago-anticipado-de-aguinaldo-a-trabajadores-con-el-calculo-correcto\\\/#primaryimage\"},\"thumbnailUrl\":\"https:\\\/\\\/lagnoticias.com\\\/wp-content\\\/uploads\\\/2025\\\/10\\\/IMG_0137-scaled.jpg\",\"datePublished\":\"2025-10-27T21:17:59+00:00\",\"dateModified\":\"2025-10-27T21:22:31+00:00\",\"author\":{\"@id\":\"https:\\\/\\\/lagnoticias.com\\\/#\\\/schema\\\/person\\\/cb9bfe13f8de05d2c55270be25c6a550\"},\"breadcrumb\":{\"@id\":\"https:\\\/\\\/lagnoticias.com\\\/2025\\\/10\\\/27\\\/ministerio-de-trabajo-verificara-la-entrega-integra-del-pago-anticipado-de-aguinaldo-a-trabajadores-con-el-calculo-correcto\\\/#breadcrumb\"},\"inLanguage\":\"en-US\",\"potentialAction\":[{\"@type\":\"ReadAction\",\"target\":[\"https:\\\/\\\/lagnoticias.com\\\/2025\\\/10\\\/27\\\/ministerio-de-trabajo-verificara-la-entrega-integra-del-pago-anticipado-de-aguinaldo-a-trabajadores-con-el-calculo-correcto\\\/\"]}]},{\"@type\":\"ImageObject\",\"inLanguage\":\"en-US\",\"@id\":\"https:\\\/\\\/lagnoticias.com\\\/2025\\\/10\\\/27\\\/ministerio-de-trabajo-verificara-la-entrega-integra-del-pago-anticipado-de-aguinaldo-a-trabajadores-con-el-calculo-correcto\\\/#primaryimage\",\"url\":\"https:\\\/\\\/lagnoticias.com\\\/wp-content\\\/uploads\\\/2025\\\/10\\\/IMG_0137-scaled.jpg\",\"contentUrl\":\"https:\\\/\\\/lagnoticias.com\\\/wp-content\\\/uploads\\\/2025\\\/10\\\/IMG_0137-scaled.jpg\",\"width\":2560,\"height\":1707},{\"@type\":\"BreadcrumbList\",\"@id\":\"https:\\\/\\\/lagnoticias.com\\\/2025\\\/10\\\/27\\\/ministerio-de-trabajo-verificara-la-entrega-integra-del-pago-anticipado-de-aguinaldo-a-trabajadores-con-el-calculo-correcto\\\/#breadcrumb\",\"itemListElement\":[{\"@type\":\"ListItem\",\"position\":1,\"name\":\"Portada\",\"item\":\"https:\\\/\\\/lagnoticias.com\\\/\"},{\"@type\":\"ListItem\",\"position\":2,\"name\":\"Ministerio de Trabajo verificar\u00e1\u00a0la entrega \u00edntegra del pago anticipado de aguinaldo a trabajadores\u00a0con el c\u00e1lculo correcto\u00a0\"}]},{\"@type\":\"WebSite\",\"@id\":\"https:\\\/\\\/lagnoticias.com\\\/#website\",\"url\":\"https:\\\/\\\/lagnoticias.com\\\/\",\"name\":\"La G Noticias\",\"description\":\"Noticias Positivas\",\"potentialAction\":[{\"@type\":\"SearchAction\",\"target\":{\"@type\":\"EntryPoint\",\"urlTemplate\":\"https:\\\/\\\/lagnoticias.com\\\/?s={search_term_string}\"},\"query-input\":{\"@type\":\"PropertyValueSpecification\",\"valueRequired\":true,\"valueName\":\"search_term_string\"}}],\"inLanguage\":\"en-US\"},{\"@type\":\"Person\",\"@id\":\"https:\\\/\\\/lagnoticias.com\\\/#\\\/schema\\\/person\\\/cb9bfe13f8de05d2c55270be25c6a550\",\"name\":\"Oscar\",\"image\":{\"@type\":\"ImageObject\",\"inLanguage\":\"en-US\",\"@id\":\"https:\\\/\\\/secure.gravatar.com\\\/avatar\\\/45c195718f652dc7ffdd591dc1f2678956ab7fdadcd359a635edc61304a8c757?s=96&d=mm&r=g\",\"url\":\"https:\\\/\\\/secure.gravatar.com\\\/avatar\\\/45c195718f652dc7ffdd591dc1f2678956ab7fdadcd359a635edc61304a8c757?s=96&d=mm&r=g\",\"contentUrl\":\"https:\\\/\\\/secure.gravatar.com\\\/avatar\\\/45c195718f652dc7ffdd591dc1f2678956ab7fdadcd359a635edc61304a8c757?s=96&d=mm&r=g\",\"caption\":\"Oscar\"},\"url\":\"https:\\\/\\\/lagnoticias.com\\\/en\\\/author\\\/oscar\\\/\"}]}<\/script>\n<!-- \/ Yoast SEO plugin. -->","yoast_head_json":{"title":"Ministerio de Trabajo verificar\u00e1\u00a0la entrega \u00edntegra del pago anticipado de aguinaldo a trabajadores\u00a0con el c\u00e1lculo correcto\u00a0 - La G Noticias","robots":{"index":"index","follow":"follow","max-snippet":"max-snippet:-1","max-image-preview":"max-image-preview:large","max-video-preview":"max-video-preview:-1"},"canonical":"https:\/\/lagnoticias.com\/en\/2025\/10\/27\/ministerio-de-trabajo-verificara-la-entrega-integra-del-pago-anticipado-de-aguinaldo-a-trabajadores-con-el-calculo-correcto\/","og_locale":"en_US","og_type":"article","og_title":"Ministerio de Trabajo verificar\u00e1\u00a0la entrega \u00edntegra del pago anticipado de aguinaldo a trabajadores\u00a0con el c\u00e1lculo correcto\u00a0 - La G Noticias","og_description":"El Gobierno promovi\u00f3 una nueva disposici\u00f3n que permite el pago anticipado del aguinaldo, que ya se hizo efectivo para los trabajadores del sector p\u00fablico y de las aut\u00f3nomas el pasado viernes. Esta medida marca un precedente importante, ya que por primera vez los empleados p\u00fablicos y privados pueden recibir este ingreso con suficiente antelaci\u00f3n para [&hellip;]","og_url":"https:\/\/lagnoticias.com\/en\/2025\/10\/27\/ministerio-de-trabajo-verificara-la-entrega-integra-del-pago-anticipado-de-aguinaldo-a-trabajadores-con-el-calculo-correcto\/","og_site_name":"La G Noticias","article_publisher":"https:\/\/www.facebook.com\/LaGNoticias","article_published_time":"2025-10-27T21:17:59+00:00","article_modified_time":"2025-10-27T21:22:31+00:00","og_image":[{"width":2560,"height":1707,"url":"https:\/\/lagnoticias.com\/wp-content\/uploads\/2025\/10\/IMG_0137-scaled.jpg","type":"image\/jpeg"}],"author":"Oscar","twitter_card":"summary_large_image","twitter_creator":"@lagnoticias","twitter_site":"@lagnoticias","twitter_misc":{"Written by":"Oscar","Est. reading time":"2 minutes"},"schema":{"@context":"https:\/\/schema.org","@graph":[{"@type":"Article","@id":"https:\/\/lagnoticias.com\/2025\/10\/27\/ministerio-de-trabajo-verificara-la-entrega-integra-del-pago-anticipado-de-aguinaldo-a-trabajadores-con-el-calculo-correcto\/#article","isPartOf":{"@id":"https:\/\/lagnoticias.com\/2025\/10\/27\/ministerio-de-trabajo-verificara-la-entrega-integra-del-pago-anticipado-de-aguinaldo-a-trabajadores-con-el-calculo-correcto\/"},"author":{"name":"Oscar","@id":"https:\/\/lagnoticias.com\/#\/schema\/person\/cb9bfe13f8de05d2c55270be25c6a550"},"headline":"Ministerio de Trabajo verificar\u00e1\u00a0la entrega \u00edntegra del pago anticipado de aguinaldo a trabajadores\u00a0con el c\u00e1lculo correcto\u00a0","datePublished":"2025-10-27T21:17:59+00:00","dateModified":"2025-10-27T21:22:31+00:00","mainEntityOfPage":{"@id":"https:\/\/lagnoticias.com\/2025\/10\/27\/ministerio-de-trabajo-verificara-la-entrega-integra-del-pago-anticipado-de-aguinaldo-a-trabajadores-con-el-calculo-correcto\/"},"wordCount":304,"commentCount":0,"image":{"@id":"https:\/\/lagnoticias.com\/2025\/10\/27\/ministerio-de-trabajo-verificara-la-entrega-integra-del-pago-anticipado-de-aguinaldo-a-trabajadores-con-el-calculo-correcto\/#primaryimage"},"thumbnailUrl":"https:\/\/lagnoticias.com\/wp-content\/uploads\/2025\/10\/IMG_0137-scaled.jpg","keywords":["AGUINALDO","EL SALVADOR","GOBIERNO DE EL SALVADOR","MINISTERIO DE TRABAJO","PAGO DE AGUINALDO"],"articleSection":["NACIONALES"],"inLanguage":"en-US","potentialAction":[{"@type":"CommentAction","name":"Comment","target":["https:\/\/lagnoticias.com\/2025\/10\/27\/ministerio-de-trabajo-verificara-la-entrega-integra-del-pago-anticipado-de-aguinaldo-a-trabajadores-con-el-calculo-correcto\/#respond"]}]},{"@type":"WebPage","@id":"https:\/\/lagnoticias.com\/2025\/10\/27\/ministerio-de-trabajo-verificara-la-entrega-integra-del-pago-anticipado-de-aguinaldo-a-trabajadores-con-el-calculo-correcto\/","url":"https:\/\/lagnoticias.com\/2025\/10\/27\/ministerio-de-trabajo-verificara-la-entrega-integra-del-pago-anticipado-de-aguinaldo-a-trabajadores-con-el-calculo-correcto\/","name":"Ministerio de Trabajo verificar\u00e1\u00a0la entrega \u00edntegra del pago anticipado de aguinaldo a trabajadores\u00a0con el c\u00e1lculo correcto\u00a0 - La G Noticias","isPartOf":{"@id":"https:\/\/lagnoticias.com\/#website"},"primaryImageOfPage":{"@id":"https:\/\/lagnoticias.com\/2025\/10\/27\/ministerio-de-trabajo-verificara-la-entrega-integra-del-pago-anticipado-de-aguinaldo-a-trabajadores-con-el-calculo-correcto\/#primaryimage"},"image":{"@id":"https:\/\/lagnoticias.com\/2025\/10\/27\/ministerio-de-trabajo-verificara-la-entrega-integra-del-pago-anticipado-de-aguinaldo-a-trabajadores-con-el-calculo-correcto\/#primaryimage"},"thumbnailUrl":"https:\/\/lagnoticias.com\/wp-content\/uploads\/2025\/10\/IMG_0137-scaled.jpg","datePublished":"2025-10-27T21:17:59+00:00","dateModified":"2025-10-27T21:22:31+00:00","author":{"@id":"https:\/\/lagnoticias.com\/#\/schema\/person\/cb9bfe13f8de05d2c55270be25c6a550"},"breadcrumb":{"@id":"https:\/\/lagnoticias.com\/2025\/10\/27\/ministerio-de-trabajo-verificara-la-entrega-integra-del-pago-anticipado-de-aguinaldo-a-trabajadores-con-el-calculo-correcto\/#breadcrumb"},"inLanguage":"en-US","potentialAction":[{"@type":"ReadAction","target":["https:\/\/lagnoticias.com\/2025\/10\/27\/ministerio-de-trabajo-verificara-la-entrega-integra-del-pago-anticipado-de-aguinaldo-a-trabajadores-con-el-calculo-correcto\/"]}]},{"@type":"ImageObject","inLanguage":"en-US","@id":"https:\/\/lagnoticias.com\/2025\/10\/27\/ministerio-de-trabajo-verificara-la-entrega-integra-del-pago-anticipado-de-aguinaldo-a-trabajadores-con-el-calculo-correcto\/#primaryimage","url":"https:\/\/lagnoticias.com\/wp-content\/uploads\/2025\/10\/IMG_0137-scaled.jpg","contentUrl":"https:\/\/lagnoticias.com\/wp-content\/uploads\/2025\/10\/IMG_0137-scaled.jpg","width":2560,"height":1707},{"@type":"BreadcrumbList","@id":"https:\/\/lagnoticias.com\/2025\/10\/27\/ministerio-de-trabajo-verificara-la-entrega-integra-del-pago-anticipado-de-aguinaldo-a-trabajadores-con-el-calculo-correcto\/#breadcrumb","itemListElement":[{"@type":"ListItem","position":1,"name":"Portada","item":"https:\/\/lagnoticias.com\/"},{"@type":"ListItem","position":2,"name":"Ministerio de Trabajo verificar\u00e1\u00a0la entrega \u00edntegra del pago anticipado de aguinaldo a trabajadores\u00a0con el c\u00e1lculo correcto\u00a0"}]},{"@type":"WebSite","@id":"https:\/\/lagnoticias.com\/#website","url":"https:\/\/lagnoticias.com\/","name":"La G Noticias","description":"Noticias Positivas","potentialAction":[{"@type":"SearchAction","target":{"@type":"EntryPoint","urlTemplate":"https:\/\/lagnoticias.com\/?s={search_term_string}"},"query-input":{"@type":"PropertyValueSpecification","valueRequired":true,"valueName":"search_term_string"}}],"inLanguage":"en-US"},{"@type":"Person","@id":"https:\/\/lagnoticias.com\/#\/schema\/person\/cb9bfe13f8de05d2c55270be25c6a550","name":"Oscar","image":{"@type":"ImageObject","inLanguage":"en-US","@id":"https:\/\/secure.gravatar.com\/avatar\/45c195718f652dc7ffdd591dc1f2678956ab7fdadcd359a635edc61304a8c757?s=96&d=mm&r=g","url":"https:\/\/secure.gravatar.com\/avatar\/45c195718f652dc7ffdd591dc1f2678956ab7fdadcd359a635edc61304a8c757?s=96&d=mm&r=g","contentUrl":"https:\/\/secure.gravatar.com\/avatar\/45c195718f652dc7ffdd591dc1f2678956ab7fdadcd359a635edc61304a8c757?s=96&d=mm&r=g","caption":"Oscar"},"url":"https:\/\/lagnoticias.com\/en\/author\/oscar\/"}]}},"_links":{"self":[{"href":"https:\/\/lagnoticias.com\/en\/wp-json\/wp\/v2\/posts\/6404","targetHints":{"allow":["GET"]}}],"collection":[{"href":"https:\/\/lagnoticias.com\/en\/wp-json\/wp\/v2\/posts"}],"about":[{"href":"https:\/\/lagnoticias.com\/en\/wp-json\/wp\/v2\/types\/post"}],"author":[{"embeddable":true,"href":"https:\/\/lagnoticias.com\/en\/wp-json\/wp\/v2\/users\/2"}],"replies":[{"embeddable":true,"href":"https:\/\/lagnoticias.com\/en\/wp-json\/wp\/v2\/comments?post=6404"}],"version-history":[{"count":1,"href":"https:\/\/lagnoticias.com\/en\/wp-json\/wp\/v2\/posts\/6404\/revisions"}],"predecessor-version":[{"id":6406,"href":"https:\/\/lagnoticias.com\/en\/wp-json\/wp\/v2\/posts\/6404\/revisions\/6406"}],"wp:featuredmedia":[{"embeddable":true,"href":"https:\/\/lagnoticias.com\/en\/wp-json\/wp\/v2\/media\/6405"}],"wp:attachment":[{"href":"https:\/\/lagnoticias.com\/en\/wp-json\/wp\/v2\/media?parent=6404"}],"wp:term":[{"taxonomy":"category","embeddable":true,"href":"https:\/\/lagnoticias.com\/en\/wp-json\/wp\/v2\/categories?post=6404"},{"taxonomy":"post_tag","embeddable":true,"href":"https:\/\/lagnoticias.com\/en\/wp-json\/wp\/v2\/tags?post=6404"}],"curies":[{"name":"wp","href":"https:\/\/api.w.org\/{rel}","templated":true}]}}