{"id":6261,"date":"2025-10-23T12:06:29","date_gmt":"2025-10-23T18:06:29","guid":{"rendered":"https:\/\/lagnoticias.com\/?p=6261"},"modified":"2025-10-23T12:06:30","modified_gmt":"2025-10-23T18:06:30","slug":"debuta-el-nuevo-toyota-c-hr-electrico-y-desafia-a-tesla","status":"publish","type":"post","link":"https:\/\/lagnoticias.com\/en\/2025\/10\/23\/debuta-el-nuevo-toyota-c-hr-electrico-y-desafia-a-tesla\/","title":{"rendered":"Debuta el nuevo Toyota C-HR el\u00e9ctrico y desaf\u00eda a Tesla"},"content":{"rendered":"<p>Hoy mismo se present\u00f3 el nuevo\u00a0Toyota C-HR+, un\u00a0modelo 100% el\u00e9ctrico\u00a0que llega con una est\u00e9tica totalmente renovada, much\u00edsima tecnolog\u00eda, potencia a cargo de una gran bater\u00eda y un precio que va a poner en duda todos esos veh\u00edculos que hab\u00edas metido hasta ahora en el radar.<\/p>\n\n\n\n<p>Un dise\u00f1o exterior agresivo y una&nbsp;autonom\u00eda de hasta 600 km&nbsp;son sus principales bazas, pero no las \u00fanicas.<\/p>\n\n\n\n<p>Toyota ha querido redefinir un icono de su cat\u00e1logo, redise\u00f1ando el C-HR que tanto ha vendido en todo el mundo y convirti\u00e9ndolo en uno de los veh\u00edculos el\u00e9ctricos m\u00e1s completos y econ\u00f3micos del cat\u00e1logo. De hecho, la automovil\u00edstica ha sorprendido al hablar de cifras:\u00a0es posible conseguir este Toyota C-HR+ por unos 27.000 euros.\u00a0<\/p>\n\n\n\n<p>Todav\u00eda no est\u00e1 claro cu\u00e1ndo se podr\u00e1n recoger las primeras unidades, pero la marca ya nos permite conocer todos los detalles de las\u00a0dos versiones que llegan a nuestro mercado,\u00a0incluidos los precios y las posibilidades de financiaci\u00f3n, lo que nos permite avecinar que su puesta a la venta es\u00a0pr\u00e1cticamente inminente.<\/p>\n\n\n\n<p><\/p>\n\n\n\n<figure class=\"wp-block-gallery has-nested-images columns-default is-cropped wp-block-gallery-1 is-layout-flex wp-block-gallery-is-layout-flex\">\n<figure class=\"wp-block-image aligncenter size-large\"><img loading=\"lazy\" decoding=\"async\" width=\"1024\" height=\"546\" data-id=\"6264\" src=\"https:\/\/lagnoticias.com\/wp-content\/uploads\/2025\/10\/4-1-14-1024x546.jpg\" alt=\"\" class=\"wp-image-6264\" srcset=\"https:\/\/lagnoticias.com\/wp-content\/uploads\/2025\/10\/4-1-14-980x523.jpg 980w, https:\/\/lagnoticias.com\/wp-content\/uploads\/2025\/10\/4-1-14-480x256.jpg 480w\" sizes=\"(min-width: 0px) and (max-width: 480px) 480px, (min-width: 481px) and (max-width: 980px) 980px, (min-width: 981px) 1024px, 100vw\" \/><\/figure>\n<\/figure>\n\n\n\n<p><\/p>\n\n\n\n<h2 class=\"wp-block-heading\">El Toyota C-HR+ es lo que muchos estaban buscando en el parque el\u00e9ctrico<\/h2>\n\n\n\n<p>Toyota ha hecho un gran trabajo con el nuevo C-HR+, trasladando la esencia del modelo h\u00edbrido a la nueva versi\u00f3n el\u00e9ctrica y convirti\u00e9ndolo en un veh\u00edculo atractivo, agresivo y a su vez, lo suficientemente grande para tratarlo como un\u00a0coche para toda la familia. La l\u00ednea de dise\u00f1o sigue el caracter\u00edstico lenguaje marca de la casa con aristas muy marcadas y una zona delantera robusta. <\/p>\n\n\n\n<p>El Toyota C-HR+ llega en dos versiones, la&nbsp;Advance y la Spirit, siendo la \u00faltima la m\u00e1s completa y avanzada, pero tambi\u00e9n la que menos autonom\u00eda ofrece. Y, si bien son opciones con diferencias notables en equipamiento, la marca ha incluido una buena dosis de detalles interesantes en el modelo base:&nbsp;volante calefactable, faros LED regulables, port\u00f3n trasero motorizado, llantas de 18&#8243;, c\u00e1mara de visi\u00f3n trasera o indicador de presi\u00f3n de los neum\u00e1ticos.<\/p>\n\n\n\n<p>En su interior, aunque algo m\u00e1s austero que su competencia directa, el Toyota C-HR+ incluye una pantalla de 14 pulgadas en la consola central, un cuadro de instrumentos para el piloto de 7 pulgadas,&nbsp;sistema de entrada y arranque sin llave&nbsp;y un doble cargador inal\u00e1mbrico para smartphones.<\/p>\n\n\n\n<p>Tampoco se olvida de la seguridad. El Toyota C-HR+ ofrece hasta&nbsp;30 sistemas para asegurar una conducci\u00f3n m\u00e1s sencilla y segura: alerta por colisi\u00f3n, sistema de frenado de emergencia, control del entorno o ayuda al aparcamiento son algunas de las ventajas.<\/p>\n\n\n\n<p>Dos motorizaciones, dos autonom\u00edas y una misma bater\u00eda.<\/p>\n\n\n\n<p><\/p>\n\n\n\n<figure class=\"wp-block-gallery has-nested-images columns-default is-cropped wp-block-gallery-2 is-layout-flex wp-block-gallery-is-layout-flex\">\n<figure class=\"wp-block-image aligncenter size-large\"><img loading=\"lazy\" decoding=\"async\" width=\"980\" height=\"653\" data-id=\"6263\" src=\"https:\/\/lagnoticias.com\/wp-content\/uploads\/2025\/10\/4-3-7.jpg\" alt=\"\" class=\"wp-image-6263\" srcset=\"https:\/\/lagnoticias.com\/wp-content\/uploads\/2025\/10\/4-3-7.jpg 980w, https:\/\/lagnoticias.com\/wp-content\/uploads\/2025\/10\/4-3-7-480x320.jpg 480w\" sizes=\"(min-width: 0px) and (max-width: 480px) 480px, (min-width: 481px) 980px, 100vw\" \/><\/figure>\n<\/figure>\n\n\n\n<p><\/p>\n\n\n\n<h2 class=\"wp-block-heading\">\u00bfC\u00f3mo y con qu\u00e9 se mueve?<\/h2>\n\n\n\n<p>La marca ha incluido una misma bater\u00eda de&nbsp;77 kWh&nbsp;en las dos versiones disponibles, permitiendo a los usuarios elegir entre una autonom\u00eda extendida a cargo de una tracci\u00f3n delantera o una potencia m\u00e1s notable repartida en los dos ejes.<\/p>\n\n\n\n<p>El Toyota C-HR+ llega con unos precios que van a poner en problemas a Tesla.<\/p>\n\n\n\n<p>El Toyota C-HR+ no solo es un veh\u00edculo atractivo y bien planteado para el mercado, tambi\u00e9n llega con unos\u00a0precios bastante atractivos.<\/p>\n\n\n\n<p><\/p>","protected":false},"excerpt":{"rendered":"<p>Toyota se acaba de convertir en uno de los enemigos m\u00e1s importantes de Tesla. <\/p>","protected":false},"author":2,"featured_media":6262,"comment_status":"open","ping_status":"open","sticky":false,"template":"","format":"standard","meta":{"_et_pb_use_builder":"off","_et_pb_old_content":"","_et_gb_content_width":"","footnotes":""},"categories":[679,247],"tags":[1356,1572,414,1173,1571,727],"class_list":["post-6261","post","type-post","status-publish","format-standard","has-post-thumbnail","hentry","category-destacados","category-tecnologia","tag-carros","tag-mercado-de-automoviles","tag-tesla","tag-toyota","tag-toyota-c-hr","tag-vehiculo-electrico"],"yoast_head":"<!-- This site is optimized with the Yoast SEO plugin v27.4 - https:\/\/yoast.com\/product\/yoast-seo-wordpress\/ -->\n<title>Debuta el nuevo Toyota C-HR el\u00e9ctrico y desaf\u00eda a Tesla - La G Noticias<\/title>\n<meta name=\"robots\" content=\"index, follow, max-snippet:-1, max-image-preview:large, max-video-preview:-1\" \/>\n<link rel=\"canonical\" href=\"https:\/\/lagnoticias.com\/en\/2025\/10\/23\/debuta-el-nuevo-toyota-c-hr-electrico-y-desafia-a-tesla\/\" \/>\n<meta property=\"og:locale\" content=\"en_US\" \/>\n<meta property=\"og:type\" content=\"article\" \/>\n<meta property=\"og:title\" content=\"Debuta el nuevo Toyota C-HR el\u00e9ctrico y desaf\u00eda a Tesla - La G Noticias\" \/>\n<meta property=\"og:description\" content=\"Toyota se acaba de convertir en uno de los enemigos m\u00e1s importantes de Tesla.\" \/>\n<meta property=\"og:url\" content=\"https:\/\/lagnoticias.com\/en\/2025\/10\/23\/debuta-el-nuevo-toyota-c-hr-electrico-y-desafia-a-tesla\/\" \/>\n<meta property=\"og:site_name\" content=\"La G Noticias\" \/>\n<meta property=\"article:publisher\" content=\"https:\/\/www.facebook.com\/LaGNoticias\" \/>\n<meta property=\"article:published_time\" content=\"2025-10-23T18:06:29+00:00\" \/>\n<meta property=\"article:modified_time\" content=\"2025-10-23T18:06:30+00:00\" \/>\n<meta property=\"og:image\" content=\"https:\/\/lagnoticias.com\/wp-content\/uploads\/2025\/10\/4-2-12.jpg\" \/>\n\t<meta property=\"og:image:width\" content=\"1500\" \/>\n\t<meta property=\"og:image:height\" content=\"800\" \/>\n\t<meta property=\"og:image:type\" content=\"image\/jpeg\" \/>\n<meta name=\"author\" content=\"Oscar\" \/>\n<meta name=\"twitter:card\" content=\"summary_large_image\" \/>\n<meta name=\"twitter:creator\" content=\"@lagnoticias\" \/>\n<meta name=\"twitter:site\" content=\"@lagnoticias\" \/>\n<meta name=\"twitter:label1\" content=\"Written by\" \/>\n\t<meta name=\"twitter:data1\" content=\"Oscar\" \/>\n\t<meta name=\"twitter:label2\" content=\"Est. reading time\" \/>\n\t<meta name=\"twitter:data2\" content=\"3 minutes\" \/>\n<script type=\"application\/ld+json\" class=\"yoast-schema-graph\">{\"@context\":\"https:\\\/\\\/schema.org\",\"@graph\":[{\"@type\":\"Article\",\"@id\":\"https:\\\/\\\/lagnoticias.com\\\/2025\\\/10\\\/23\\\/debuta-el-nuevo-toyota-c-hr-electrico-y-desafia-a-tesla\\\/#article\",\"isPartOf\":{\"@id\":\"https:\\\/\\\/lagnoticias.com\\\/2025\\\/10\\\/23\\\/debuta-el-nuevo-toyota-c-hr-electrico-y-desafia-a-tesla\\\/\"},\"author\":{\"name\":\"Oscar\",\"@id\":\"https:\\\/\\\/lagnoticias.com\\\/#\\\/schema\\\/person\\\/cb9bfe13f8de05d2c55270be25c6a550\"},\"headline\":\"Debuta el nuevo Toyota C-HR el\u00e9ctrico y desaf\u00eda a Tesla\",\"datePublished\":\"2025-10-23T18:06:29+00:00\",\"dateModified\":\"2025-10-23T18:06:30+00:00\",\"mainEntityOfPage\":{\"@id\":\"https:\\\/\\\/lagnoticias.com\\\/2025\\\/10\\\/23\\\/debuta-el-nuevo-toyota-c-hr-electrico-y-desafia-a-tesla\\\/\"},\"wordCount\":571,\"commentCount\":0,\"image\":{\"@id\":\"https:\\\/\\\/lagnoticias.com\\\/2025\\\/10\\\/23\\\/debuta-el-nuevo-toyota-c-hr-electrico-y-desafia-a-tesla\\\/#primaryimage\"},\"thumbnailUrl\":\"https:\\\/\\\/lagnoticias.com\\\/wp-content\\\/uploads\\\/2025\\\/10\\\/4-2-12.jpg\",\"keywords\":[\"CARROS\",\"MERCADO DE AUTOM\u00d3VILES\",\"TESLA\",\"TOYOTA\",\"TOYOTA C-HR\",\"VEH\u00cdCULO EL\u00c9CTRICO\"],\"articleSection\":[\"DESTACADOS\",\"TECNOLOG\u00cdA\"],\"inLanguage\":\"en-US\",\"potentialAction\":[{\"@type\":\"CommentAction\",\"name\":\"Comment\",\"target\":[\"https:\\\/\\\/lagnoticias.com\\\/2025\\\/10\\\/23\\\/debuta-el-nuevo-toyota-c-hr-electrico-y-desafia-a-tesla\\\/#respond\"]}]},{\"@type\":\"WebPage\",\"@id\":\"https:\\\/\\\/lagnoticias.com\\\/2025\\\/10\\\/23\\\/debuta-el-nuevo-toyota-c-hr-electrico-y-desafia-a-tesla\\\/\",\"url\":\"https:\\\/\\\/lagnoticias.com\\\/2025\\\/10\\\/23\\\/debuta-el-nuevo-toyota-c-hr-electrico-y-desafia-a-tesla\\\/\",\"name\":\"Debuta el nuevo Toyota C-HR el\u00e9ctrico y desaf\u00eda a Tesla - La G Noticias\",\"isPartOf\":{\"@id\":\"https:\\\/\\\/lagnoticias.com\\\/#website\"},\"primaryImageOfPage\":{\"@id\":\"https:\\\/\\\/lagnoticias.com\\\/2025\\\/10\\\/23\\\/debuta-el-nuevo-toyota-c-hr-electrico-y-desafia-a-tesla\\\/#primaryimage\"},\"image\":{\"@id\":\"https:\\\/\\\/lagnoticias.com\\\/2025\\\/10\\\/23\\\/debuta-el-nuevo-toyota-c-hr-electrico-y-desafia-a-tesla\\\/#primaryimage\"},\"thumbnailUrl\":\"https:\\\/\\\/lagnoticias.com\\\/wp-content\\\/uploads\\\/2025\\\/10\\\/4-2-12.jpg\",\"datePublished\":\"2025-10-23T18:06:29+00:00\",\"dateModified\":\"2025-10-23T18:06:30+00:00\",\"author\":{\"@id\":\"https:\\\/\\\/lagnoticias.com\\\/#\\\/schema\\\/person\\\/cb9bfe13f8de05d2c55270be25c6a550\"},\"breadcrumb\":{\"@id\":\"https:\\\/\\\/lagnoticias.com\\\/2025\\\/10\\\/23\\\/debuta-el-nuevo-toyota-c-hr-electrico-y-desafia-a-tesla\\\/#breadcrumb\"},\"inLanguage\":\"en-US\",\"potentialAction\":[{\"@type\":\"ReadAction\",\"target\":[\"https:\\\/\\\/lagnoticias.com\\\/2025\\\/10\\\/23\\\/debuta-el-nuevo-toyota-c-hr-electrico-y-desafia-a-tesla\\\/\"]}]},{\"@type\":\"ImageObject\",\"inLanguage\":\"en-US\",\"@id\":\"https:\\\/\\\/lagnoticias.com\\\/2025\\\/10\\\/23\\\/debuta-el-nuevo-toyota-c-hr-electrico-y-desafia-a-tesla\\\/#primaryimage\",\"url\":\"https:\\\/\\\/lagnoticias.com\\\/wp-content\\\/uploads\\\/2025\\\/10\\\/4-2-12.jpg\",\"contentUrl\":\"https:\\\/\\\/lagnoticias.com\\\/wp-content\\\/uploads\\\/2025\\\/10\\\/4-2-12.jpg\",\"width\":1500,\"height\":800},{\"@type\":\"BreadcrumbList\",\"@id\":\"https:\\\/\\\/lagnoticias.com\\\/2025\\\/10\\\/23\\\/debuta-el-nuevo-toyota-c-hr-electrico-y-desafia-a-tesla\\\/#breadcrumb\",\"itemListElement\":[{\"@type\":\"ListItem\",\"position\":1,\"name\":\"Portada\",\"item\":\"https:\\\/\\\/lagnoticias.com\\\/\"},{\"@type\":\"ListItem\",\"position\":2,\"name\":\"Debuta el nuevo Toyota C-HR el\u00e9ctrico y desaf\u00eda a Tesla\"}]},{\"@type\":\"WebSite\",\"@id\":\"https:\\\/\\\/lagnoticias.com\\\/#website\",\"url\":\"https:\\\/\\\/lagnoticias.com\\\/\",\"name\":\"La G Noticias\",\"description\":\"Noticias Positivas\",\"potentialAction\":[{\"@type\":\"SearchAction\",\"target\":{\"@type\":\"EntryPoint\",\"urlTemplate\":\"https:\\\/\\\/lagnoticias.com\\\/?s={search_term_string}\"},\"query-input\":{\"@type\":\"PropertyValueSpecification\",\"valueRequired\":true,\"valueName\":\"search_term_string\"}}],\"inLanguage\":\"en-US\"},{\"@type\":\"Person\",\"@id\":\"https:\\\/\\\/lagnoticias.com\\\/#\\\/schema\\\/person\\\/cb9bfe13f8de05d2c55270be25c6a550\",\"name\":\"Oscar\",\"image\":{\"@type\":\"ImageObject\",\"inLanguage\":\"en-US\",\"@id\":\"https:\\\/\\\/secure.gravatar.com\\\/avatar\\\/45c195718f652dc7ffdd591dc1f2678956ab7fdadcd359a635edc61304a8c757?s=96&d=mm&r=g\",\"url\":\"https:\\\/\\\/secure.gravatar.com\\\/avatar\\\/45c195718f652dc7ffdd591dc1f2678956ab7fdadcd359a635edc61304a8c757?s=96&d=mm&r=g\",\"contentUrl\":\"https:\\\/\\\/secure.gravatar.com\\\/avatar\\\/45c195718f652dc7ffdd591dc1f2678956ab7fdadcd359a635edc61304a8c757?s=96&d=mm&r=g\",\"caption\":\"Oscar\"},\"url\":\"https:\\\/\\\/lagnoticias.com\\\/en\\\/author\\\/oscar\\\/\"}]}<\/script>\n<!-- \/ Yoast SEO plugin. -->","yoast_head_json":{"title":"Debuta el nuevo Toyota C-HR el\u00e9ctrico y desaf\u00eda a Tesla - La G Noticias","robots":{"index":"index","follow":"follow","max-snippet":"max-snippet:-1","max-image-preview":"max-image-preview:large","max-video-preview":"max-video-preview:-1"},"canonical":"https:\/\/lagnoticias.com\/en\/2025\/10\/23\/debuta-el-nuevo-toyota-c-hr-electrico-y-desafia-a-tesla\/","og_locale":"en_US","og_type":"article","og_title":"Debuta el nuevo Toyota C-HR el\u00e9ctrico y desaf\u00eda a Tesla - La G Noticias","og_description":"Toyota se acaba de convertir en uno de los enemigos m\u00e1s importantes de Tesla.","og_url":"https:\/\/lagnoticias.com\/en\/2025\/10\/23\/debuta-el-nuevo-toyota-c-hr-electrico-y-desafia-a-tesla\/","og_site_name":"La G Noticias","article_publisher":"https:\/\/www.facebook.com\/LaGNoticias","article_published_time":"2025-10-23T18:06:29+00:00","article_modified_time":"2025-10-23T18:06:30+00:00","og_image":[{"width":1500,"height":800,"url":"https:\/\/lagnoticias.com\/wp-content\/uploads\/2025\/10\/4-2-12.jpg","type":"image\/jpeg"}],"author":"Oscar","twitter_card":"summary_large_image","twitter_creator":"@lagnoticias","twitter_site":"@lagnoticias","twitter_misc":{"Written by":"Oscar","Est. reading time":"3 minutes"},"schema":{"@context":"https:\/\/schema.org","@graph":[{"@type":"Article","@id":"https:\/\/lagnoticias.com\/2025\/10\/23\/debuta-el-nuevo-toyota-c-hr-electrico-y-desafia-a-tesla\/#article","isPartOf":{"@id":"https:\/\/lagnoticias.com\/2025\/10\/23\/debuta-el-nuevo-toyota-c-hr-electrico-y-desafia-a-tesla\/"},"author":{"name":"Oscar","@id":"https:\/\/lagnoticias.com\/#\/schema\/person\/cb9bfe13f8de05d2c55270be25c6a550"},"headline":"Debuta el nuevo Toyota C-HR el\u00e9ctrico y desaf\u00eda a Tesla","datePublished":"2025-10-23T18:06:29+00:00","dateModified":"2025-10-23T18:06:30+00:00","mainEntityOfPage":{"@id":"https:\/\/lagnoticias.com\/2025\/10\/23\/debuta-el-nuevo-toyota-c-hr-electrico-y-desafia-a-tesla\/"},"wordCount":571,"commentCount":0,"image":{"@id":"https:\/\/lagnoticias.com\/2025\/10\/23\/debuta-el-nuevo-toyota-c-hr-electrico-y-desafia-a-tesla\/#primaryimage"},"thumbnailUrl":"https:\/\/lagnoticias.com\/wp-content\/uploads\/2025\/10\/4-2-12.jpg","keywords":["CARROS","MERCADO DE AUTOM\u00d3VILES","TESLA","TOYOTA","TOYOTA C-HR","VEH\u00cdCULO EL\u00c9CTRICO"],"articleSection":["DESTACADOS","TECNOLOG\u00cdA"],"inLanguage":"en-US","potentialAction":[{"@type":"CommentAction","name":"Comment","target":["https:\/\/lagnoticias.com\/2025\/10\/23\/debuta-el-nuevo-toyota-c-hr-electrico-y-desafia-a-tesla\/#respond"]}]},{"@type":"WebPage","@id":"https:\/\/lagnoticias.com\/2025\/10\/23\/debuta-el-nuevo-toyota-c-hr-electrico-y-desafia-a-tesla\/","url":"https:\/\/lagnoticias.com\/2025\/10\/23\/debuta-el-nuevo-toyota-c-hr-electrico-y-desafia-a-tesla\/","name":"Debuta el nuevo Toyota C-HR el\u00e9ctrico y desaf\u00eda a Tesla - La G Noticias","isPartOf":{"@id":"https:\/\/lagnoticias.com\/#website"},"primaryImageOfPage":{"@id":"https:\/\/lagnoticias.com\/2025\/10\/23\/debuta-el-nuevo-toyota-c-hr-electrico-y-desafia-a-tesla\/#primaryimage"},"image":{"@id":"https:\/\/lagnoticias.com\/2025\/10\/23\/debuta-el-nuevo-toyota-c-hr-electrico-y-desafia-a-tesla\/#primaryimage"},"thumbnailUrl":"https:\/\/lagnoticias.com\/wp-content\/uploads\/2025\/10\/4-2-12.jpg","datePublished":"2025-10-23T18:06:29+00:00","dateModified":"2025-10-23T18:06:30+00:00","author":{"@id":"https:\/\/lagnoticias.com\/#\/schema\/person\/cb9bfe13f8de05d2c55270be25c6a550"},"breadcrumb":{"@id":"https:\/\/lagnoticias.com\/2025\/10\/23\/debuta-el-nuevo-toyota-c-hr-electrico-y-desafia-a-tesla\/#breadcrumb"},"inLanguage":"en-US","potentialAction":[{"@type":"ReadAction","target":["https:\/\/lagnoticias.com\/2025\/10\/23\/debuta-el-nuevo-toyota-c-hr-electrico-y-desafia-a-tesla\/"]}]},{"@type":"ImageObject","inLanguage":"en-US","@id":"https:\/\/lagnoticias.com\/2025\/10\/23\/debuta-el-nuevo-toyota-c-hr-electrico-y-desafia-a-tesla\/#primaryimage","url":"https:\/\/lagnoticias.com\/wp-content\/uploads\/2025\/10\/4-2-12.jpg","contentUrl":"https:\/\/lagnoticias.com\/wp-content\/uploads\/2025\/10\/4-2-12.jpg","width":1500,"height":800},{"@type":"BreadcrumbList","@id":"https:\/\/lagnoticias.com\/2025\/10\/23\/debuta-el-nuevo-toyota-c-hr-electrico-y-desafia-a-tesla\/#breadcrumb","itemListElement":[{"@type":"ListItem","position":1,"name":"Portada","item":"https:\/\/lagnoticias.com\/"},{"@type":"ListItem","position":2,"name":"Debuta el nuevo Toyota C-HR el\u00e9ctrico y desaf\u00eda a Tesla"}]},{"@type":"WebSite","@id":"https:\/\/lagnoticias.com\/#website","url":"https:\/\/lagnoticias.com\/","name":"La G Noticias","description":"Noticias Positivas","potentialAction":[{"@type":"SearchAction","target":{"@type":"EntryPoint","urlTemplate":"https:\/\/lagnoticias.com\/?s={search_term_string}"},"query-input":{"@type":"PropertyValueSpecification","valueRequired":true,"valueName":"search_term_string"}}],"inLanguage":"en-US"},{"@type":"Person","@id":"https:\/\/lagnoticias.com\/#\/schema\/person\/cb9bfe13f8de05d2c55270be25c6a550","name":"Oscar","image":{"@type":"ImageObject","inLanguage":"en-US","@id":"https:\/\/secure.gravatar.com\/avatar\/45c195718f652dc7ffdd591dc1f2678956ab7fdadcd359a635edc61304a8c757?s=96&d=mm&r=g","url":"https:\/\/secure.gravatar.com\/avatar\/45c195718f652dc7ffdd591dc1f2678956ab7fdadcd359a635edc61304a8c757?s=96&d=mm&r=g","contentUrl":"https:\/\/secure.gravatar.com\/avatar\/45c195718f652dc7ffdd591dc1f2678956ab7fdadcd359a635edc61304a8c757?s=96&d=mm&r=g","caption":"Oscar"},"url":"https:\/\/lagnoticias.com\/en\/author\/oscar\/"}]}},"_links":{"self":[{"href":"https:\/\/lagnoticias.com\/en\/wp-json\/wp\/v2\/posts\/6261","targetHints":{"allow":["GET"]}}],"collection":[{"href":"https:\/\/lagnoticias.com\/en\/wp-json\/wp\/v2\/posts"}],"about":[{"href":"https:\/\/lagnoticias.com\/en\/wp-json\/wp\/v2\/types\/post"}],"author":[{"embeddable":true,"href":"https:\/\/lagnoticias.com\/en\/wp-json\/wp\/v2\/users\/2"}],"replies":[{"embeddable":true,"href":"https:\/\/lagnoticias.com\/en\/wp-json\/wp\/v2\/comments?post=6261"}],"version-history":[{"count":1,"href":"https:\/\/lagnoticias.com\/en\/wp-json\/wp\/v2\/posts\/6261\/revisions"}],"predecessor-version":[{"id":6265,"href":"https:\/\/lagnoticias.com\/en\/wp-json\/wp\/v2\/posts\/6261\/revisions\/6265"}],"wp:featuredmedia":[{"embeddable":true,"href":"https:\/\/lagnoticias.com\/en\/wp-json\/wp\/v2\/media\/6262"}],"wp:attachment":[{"href":"https:\/\/lagnoticias.com\/en\/wp-json\/wp\/v2\/media?parent=6261"}],"wp:term":[{"taxonomy":"category","embeddable":true,"href":"https:\/\/lagnoticias.com\/en\/wp-json\/wp\/v2\/categories?post=6261"},{"taxonomy":"post_tag","embeddable":true,"href":"https:\/\/lagnoticias.com\/en\/wp-json\/wp\/v2\/tags?post=6261"}],"curies":[{"name":"wp","href":"https:\/\/api.w.org\/{rel}","templated":true}]}}