{"id":6106,"date":"2025-10-20T10:29:54","date_gmt":"2025-10-20T16:29:54","guid":{"rendered":"https:\/\/lagnoticias.com\/?p=6106"},"modified":"2025-10-20T10:29:54","modified_gmt":"2025-10-20T16:29:54","slug":"el-fallo-de-aws-que-apago-a-alexa-y-medio-internet","status":"publish","type":"post","link":"https:\/\/lagnoticias.com\/en\/2025\/10\/20\/el-fallo-de-aws-que-apago-a-alexa-y-medio-internet\/","title":{"rendered":"El fallo de AWS que apag\u00f3 a Alexa y medio internet"},"content":{"rendered":"<p>Este lunes por la madrugada, la infraestructura en&nbsp;la nube de Amazon, AWS, sufri\u00f3 una importante interrupci\u00f3n global que provoc\u00f3 un efecto domin\u00f3 en m\u00faltiples plataformas digitales y servicios conectados.&nbsp;Entre los afectados figura la asistente virtual Alexa, cuyo rol como despertador inteligente qued\u00f3 en evidencia cuando usuarios reportaron no poder configurar alarmas, apagar las ya activadas o incluso despertarse a tiempo.<\/p>\n\n\n\n<p>La incidencia se identific\u00f3 alrededor de las&nbsp;3:00 a.m. ET, = aprox. 00:00 hora del Pac\u00edfico norteamericano, justo cuando en muchas regiones los usuarios preparaban su inicio de jornada.&nbsp;Business Insider+2Reuters+2&nbsp;AWS notific\u00f3 que el problema se origin\u00f3 en la regi\u00f3n&nbsp;US-EAST-1 (Virginia del Norte)&nbsp;y estuvo relacionado con fallos en la resoluci\u00f3n de DNS y en la interfaz API de su servicio de bases de datos DynamoDB.&nbsp;WIRED+2Tom\u2019s Guide+2.<\/p>\n\n\n\n<p>La dependencia que muchas empresas y hogares tienen de la nube qued\u00f3 marcada de forma muy visible.&nbsp;Mientras servicios como Ring (timbres inteligentes) y plataformas de streaming tambi\u00e9n se vieron afectados, muchas personas experimentaron lo que puede pasar cuando \u201cel despertador del futuro\u201d tambi\u00e9n se desconecta. En este contexto, los despertares fallidos o \u201calarmas imposibles de apagar\u201d se convirtieron en la an\u00e9cdota dom\u00e9stica del d\u00eda.<\/p>\n\n\n\n<p>En Datos:<\/p>\n\n\n\n<h2 class=\"wp-block-heading\">El fallo se registr\u00f3 alrededor de las&nbsp;3:11 a.m. ET&nbsp;en la regi\u00f3n US-EAST-1 de AWS.<\/h2>\n\n\n\n<p>M\u00e1s de&nbsp;80 servicios de AWS&nbsp;presentaban anomal\u00edas en su panel de estado en el pico del incidente.<\/p>\n\n\n\n<p>Entre los m\u00e1s afectados se cuentan plataformas de mensajer\u00eda y redes como Snapchat y Signal, apps de juegos, herramientas de trabajo en remoto y servicios financieros digitales.<\/p>\n\n\n\n<p>El origen t\u00e9cnico se atribuye a \u201cproblemas de resoluci\u00f3n de DNS en la API de DynamoDB\u201d y \u201clatencias elevadas y errores de lanzamiento de instancias\u201d dentro de la regi\u00f3n afectada.<\/p>\n\n\n\n<p>En el caso de Alexa y Ring, muchos usuarios reportaron alarmas que&nbsp;no pod\u00edan configurar&nbsp;o que, al sonar, no pod\u00edan&nbsp;apagar&nbsp;mediante comandos de voz.<\/p>\n\n\n\n<p>AWS confirm\u00f3 que \u201cla mayor parte de los servicios estaban operando con normalidad\u201d alrededor de&nbsp;6:35 a.m. ET, aunque algunas funciones menores continuaban con restricciones.<\/p>\n\n\n\n<p>Expertos se\u00f1alan que este tipo de incidentes, aunque poco frecuentes en escala, subraya la&nbsp;fragilidad&nbsp;de depender de unos pocos grandes proveedores de nube para servicios cr\u00edticos.<\/p>\n\n\n\n<p><\/p>\n\n\n\n<figure class=\"wp-block-image aligncenter size-full\"><img loading=\"lazy\" decoding=\"async\" width=\"500\" height=\"333\" src=\"https:\/\/lagnoticias.com\/wp-content\/uploads\/2025\/10\/9-2-2.jpg\" alt=\"\" class=\"wp-image-6108\" srcset=\"https:\/\/lagnoticias.com\/wp-content\/uploads\/2025\/10\/9-2-2.jpg 500w, https:\/\/lagnoticias.com\/wp-content\/uploads\/2025\/10\/9-2-2-480x320.jpg 480w\" sizes=\"(min-width: 0px) and (max-width: 480px) 480px, (min-width: 481px) 500px, 100vw\" \/><\/figure>\n\n\n\n<p><\/p>\n\n\n\n<p>Para usuarios dom\u00e9sticos la an\u00e9cdota es clara: si hoy no pudiste pedirle a tu Alexa que \u201capagase\u201d la alarma, no est\u00e1s solo.&nbsp;Pero el incidente tambi\u00e9n env\u00eda una se\u00f1al m\u00e1s amplia: en la era digital los servicios aparentemente independientes est\u00e1n conectados por una infraestructura com\u00fan que, cuando falla, afecta desde los juegos y el streaming hasta c\u00f3mo nos despertamos por la ma\u00f1ana.<\/p>\n\n\n\n<p>En el futuro ser\u00e1 clave diversificar las dependencias y asegurar planes de contingencia, tanto en el hogar como en la empresa.<\/p>","protected":false},"excerpt":{"rendered":"<p>Los despertares fallidos o \u201calarmas imposibles de apagar\u201d se convirtieron en la an\u00e9cdota dom\u00e9stica del d\u00eda.<\/p>","protected":false},"author":2,"featured_media":6107,"comment_status":"open","ping_status":"open","sticky":false,"template":"","format":"standard","meta":{"_et_pb_use_builder":"off","_et_pb_old_content":"","_et_gb_content_width":"","footnotes":""},"categories":[247],"tags":[1443,489,1442,1444,1029,1447,1446,1445],"class_list":["post-6106","post","type-post","status-publish","format-standard","has-post-thumbnail","hentry","category-tecnologia","tag-alexa","tag-apps","tag-aws","tag-fallo","tag-internet","tag-ordenadores","tag-signal","tag-snapchat"],"yoast_head":"<!-- This site is optimized with the Yoast SEO plugin v27.4 - https:\/\/yoast.com\/product\/yoast-seo-wordpress\/ -->\n<title>El fallo de AWS que apag\u00f3 a Alexa y medio internet - La G Noticias<\/title>\n<meta name=\"robots\" content=\"index, follow, max-snippet:-1, max-image-preview:large, max-video-preview:-1\" \/>\n<link rel=\"canonical\" href=\"https:\/\/lagnoticias.com\/en\/2025\/10\/20\/el-fallo-de-aws-que-apago-a-alexa-y-medio-internet\/\" \/>\n<meta property=\"og:locale\" content=\"en_US\" \/>\n<meta property=\"og:type\" content=\"article\" \/>\n<meta property=\"og:title\" content=\"El fallo de AWS que apag\u00f3 a Alexa y medio internet - La G Noticias\" \/>\n<meta property=\"og:description\" content=\"Los despertares fallidos o \u201calarmas imposibles de apagar\u201d se convirtieron en la an\u00e9cdota dom\u00e9stica del d\u00eda.\" \/>\n<meta property=\"og:url\" content=\"https:\/\/lagnoticias.com\/en\/2025\/10\/20\/el-fallo-de-aws-que-apago-a-alexa-y-medio-internet\/\" \/>\n<meta property=\"og:site_name\" content=\"La G Noticias\" \/>\n<meta property=\"article:publisher\" content=\"https:\/\/www.facebook.com\/LaGNoticias\" \/>\n<meta property=\"article:published_time\" content=\"2025-10-20T16:29:54+00:00\" \/>\n<meta property=\"og:image\" content=\"https:\/\/lagnoticias.com\/wp-content\/uploads\/2025\/10\/9-1-2.jpg\" \/>\n\t<meta property=\"og:image:width\" content=\"1280\" \/>\n\t<meta property=\"og:image:height\" content=\"720\" \/>\n\t<meta property=\"og:image:type\" content=\"image\/jpeg\" \/>\n<meta name=\"author\" content=\"Oscar\" \/>\n<meta name=\"twitter:card\" content=\"summary_large_image\" \/>\n<meta name=\"twitter:creator\" content=\"@lagnoticias\" \/>\n<meta name=\"twitter:site\" content=\"@lagnoticias\" \/>\n<meta name=\"twitter:label1\" content=\"Written by\" \/>\n\t<meta name=\"twitter:data1\" content=\"Oscar\" \/>\n\t<meta name=\"twitter:label2\" content=\"Est. reading time\" \/>\n\t<meta name=\"twitter:data2\" content=\"3 minutes\" \/>\n<script type=\"application\/ld+json\" class=\"yoast-schema-graph\">{\"@context\":\"https:\\\/\\\/schema.org\",\"@graph\":[{\"@type\":\"Article\",\"@id\":\"https:\\\/\\\/lagnoticias.com\\\/2025\\\/10\\\/20\\\/el-fallo-de-aws-que-apago-a-alexa-y-medio-internet\\\/#article\",\"isPartOf\":{\"@id\":\"https:\\\/\\\/lagnoticias.com\\\/2025\\\/10\\\/20\\\/el-fallo-de-aws-que-apago-a-alexa-y-medio-internet\\\/\"},\"author\":{\"name\":\"Oscar\",\"@id\":\"https:\\\/\\\/lagnoticias.com\\\/#\\\/schema\\\/person\\\/cb9bfe13f8de05d2c55270be25c6a550\"},\"headline\":\"El fallo de AWS que apag\u00f3 a Alexa y medio internet\",\"datePublished\":\"2025-10-20T16:29:54+00:00\",\"mainEntityOfPage\":{\"@id\":\"https:\\\/\\\/lagnoticias.com\\\/2025\\\/10\\\/20\\\/el-fallo-de-aws-que-apago-a-alexa-y-medio-internet\\\/\"},\"wordCount\":516,\"commentCount\":0,\"image\":{\"@id\":\"https:\\\/\\\/lagnoticias.com\\\/2025\\\/10\\\/20\\\/el-fallo-de-aws-que-apago-a-alexa-y-medio-internet\\\/#primaryimage\"},\"thumbnailUrl\":\"https:\\\/\\\/lagnoticias.com\\\/wp-content\\\/uploads\\\/2025\\\/10\\\/9-1-2.jpg\",\"keywords\":[\"ALEXA\",\"apps\",\"AWS\",\"FALLO\",\"INTERNET\",\"ORDENADORES\",\"SIGNAL\",\"SNAPCHAT\"],\"articleSection\":[\"TECNOLOG\u00cdA\"],\"inLanguage\":\"en-US\",\"potentialAction\":[{\"@type\":\"CommentAction\",\"name\":\"Comment\",\"target\":[\"https:\\\/\\\/lagnoticias.com\\\/2025\\\/10\\\/20\\\/el-fallo-de-aws-que-apago-a-alexa-y-medio-internet\\\/#respond\"]}]},{\"@type\":\"WebPage\",\"@id\":\"https:\\\/\\\/lagnoticias.com\\\/2025\\\/10\\\/20\\\/el-fallo-de-aws-que-apago-a-alexa-y-medio-internet\\\/\",\"url\":\"https:\\\/\\\/lagnoticias.com\\\/2025\\\/10\\\/20\\\/el-fallo-de-aws-que-apago-a-alexa-y-medio-internet\\\/\",\"name\":\"El fallo de AWS que apag\u00f3 a Alexa y medio internet - La G Noticias\",\"isPartOf\":{\"@id\":\"https:\\\/\\\/lagnoticias.com\\\/#website\"},\"primaryImageOfPage\":{\"@id\":\"https:\\\/\\\/lagnoticias.com\\\/2025\\\/10\\\/20\\\/el-fallo-de-aws-que-apago-a-alexa-y-medio-internet\\\/#primaryimage\"},\"image\":{\"@id\":\"https:\\\/\\\/lagnoticias.com\\\/2025\\\/10\\\/20\\\/el-fallo-de-aws-que-apago-a-alexa-y-medio-internet\\\/#primaryimage\"},\"thumbnailUrl\":\"https:\\\/\\\/lagnoticias.com\\\/wp-content\\\/uploads\\\/2025\\\/10\\\/9-1-2.jpg\",\"datePublished\":\"2025-10-20T16:29:54+00:00\",\"author\":{\"@id\":\"https:\\\/\\\/lagnoticias.com\\\/#\\\/schema\\\/person\\\/cb9bfe13f8de05d2c55270be25c6a550\"},\"breadcrumb\":{\"@id\":\"https:\\\/\\\/lagnoticias.com\\\/2025\\\/10\\\/20\\\/el-fallo-de-aws-que-apago-a-alexa-y-medio-internet\\\/#breadcrumb\"},\"inLanguage\":\"en-US\",\"potentialAction\":[{\"@type\":\"ReadAction\",\"target\":[\"https:\\\/\\\/lagnoticias.com\\\/2025\\\/10\\\/20\\\/el-fallo-de-aws-que-apago-a-alexa-y-medio-internet\\\/\"]}]},{\"@type\":\"ImageObject\",\"inLanguage\":\"en-US\",\"@id\":\"https:\\\/\\\/lagnoticias.com\\\/2025\\\/10\\\/20\\\/el-fallo-de-aws-que-apago-a-alexa-y-medio-internet\\\/#primaryimage\",\"url\":\"https:\\\/\\\/lagnoticias.com\\\/wp-content\\\/uploads\\\/2025\\\/10\\\/9-1-2.jpg\",\"contentUrl\":\"https:\\\/\\\/lagnoticias.com\\\/wp-content\\\/uploads\\\/2025\\\/10\\\/9-1-2.jpg\",\"width\":1280,\"height\":720},{\"@type\":\"BreadcrumbList\",\"@id\":\"https:\\\/\\\/lagnoticias.com\\\/2025\\\/10\\\/20\\\/el-fallo-de-aws-que-apago-a-alexa-y-medio-internet\\\/#breadcrumb\",\"itemListElement\":[{\"@type\":\"ListItem\",\"position\":1,\"name\":\"Portada\",\"item\":\"https:\\\/\\\/lagnoticias.com\\\/\"},{\"@type\":\"ListItem\",\"position\":2,\"name\":\"El fallo de AWS que apag\u00f3 a Alexa y medio internet\"}]},{\"@type\":\"WebSite\",\"@id\":\"https:\\\/\\\/lagnoticias.com\\\/#website\",\"url\":\"https:\\\/\\\/lagnoticias.com\\\/\",\"name\":\"La G Noticias\",\"description\":\"Noticias Positivas\",\"potentialAction\":[{\"@type\":\"SearchAction\",\"target\":{\"@type\":\"EntryPoint\",\"urlTemplate\":\"https:\\\/\\\/lagnoticias.com\\\/?s={search_term_string}\"},\"query-input\":{\"@type\":\"PropertyValueSpecification\",\"valueRequired\":true,\"valueName\":\"search_term_string\"}}],\"inLanguage\":\"en-US\"},{\"@type\":\"Person\",\"@id\":\"https:\\\/\\\/lagnoticias.com\\\/#\\\/schema\\\/person\\\/cb9bfe13f8de05d2c55270be25c6a550\",\"name\":\"Oscar\",\"image\":{\"@type\":\"ImageObject\",\"inLanguage\":\"en-US\",\"@id\":\"https:\\\/\\\/secure.gravatar.com\\\/avatar\\\/45c195718f652dc7ffdd591dc1f2678956ab7fdadcd359a635edc61304a8c757?s=96&d=mm&r=g\",\"url\":\"https:\\\/\\\/secure.gravatar.com\\\/avatar\\\/45c195718f652dc7ffdd591dc1f2678956ab7fdadcd359a635edc61304a8c757?s=96&d=mm&r=g\",\"contentUrl\":\"https:\\\/\\\/secure.gravatar.com\\\/avatar\\\/45c195718f652dc7ffdd591dc1f2678956ab7fdadcd359a635edc61304a8c757?s=96&d=mm&r=g\",\"caption\":\"Oscar\"},\"url\":\"https:\\\/\\\/lagnoticias.com\\\/en\\\/author\\\/oscar\\\/\"}]}<\/script>\n<!-- \/ Yoast SEO plugin. -->","yoast_head_json":{"title":"El fallo de AWS que apag\u00f3 a Alexa y medio internet - La G Noticias","robots":{"index":"index","follow":"follow","max-snippet":"max-snippet:-1","max-image-preview":"max-image-preview:large","max-video-preview":"max-video-preview:-1"},"canonical":"https:\/\/lagnoticias.com\/en\/2025\/10\/20\/el-fallo-de-aws-que-apago-a-alexa-y-medio-internet\/","og_locale":"en_US","og_type":"article","og_title":"El fallo de AWS que apag\u00f3 a Alexa y medio internet - La G Noticias","og_description":"Los despertares fallidos o \u201calarmas imposibles de apagar\u201d se convirtieron en la an\u00e9cdota dom\u00e9stica del d\u00eda.","og_url":"https:\/\/lagnoticias.com\/en\/2025\/10\/20\/el-fallo-de-aws-que-apago-a-alexa-y-medio-internet\/","og_site_name":"La G Noticias","article_publisher":"https:\/\/www.facebook.com\/LaGNoticias","article_published_time":"2025-10-20T16:29:54+00:00","og_image":[{"width":1280,"height":720,"url":"https:\/\/lagnoticias.com\/wp-content\/uploads\/2025\/10\/9-1-2.jpg","type":"image\/jpeg"}],"author":"Oscar","twitter_card":"summary_large_image","twitter_creator":"@lagnoticias","twitter_site":"@lagnoticias","twitter_misc":{"Written by":"Oscar","Est. reading time":"3 minutes"},"schema":{"@context":"https:\/\/schema.org","@graph":[{"@type":"Article","@id":"https:\/\/lagnoticias.com\/2025\/10\/20\/el-fallo-de-aws-que-apago-a-alexa-y-medio-internet\/#article","isPartOf":{"@id":"https:\/\/lagnoticias.com\/2025\/10\/20\/el-fallo-de-aws-que-apago-a-alexa-y-medio-internet\/"},"author":{"name":"Oscar","@id":"https:\/\/lagnoticias.com\/#\/schema\/person\/cb9bfe13f8de05d2c55270be25c6a550"},"headline":"El fallo de AWS que apag\u00f3 a Alexa y medio internet","datePublished":"2025-10-20T16:29:54+00:00","mainEntityOfPage":{"@id":"https:\/\/lagnoticias.com\/2025\/10\/20\/el-fallo-de-aws-que-apago-a-alexa-y-medio-internet\/"},"wordCount":516,"commentCount":0,"image":{"@id":"https:\/\/lagnoticias.com\/2025\/10\/20\/el-fallo-de-aws-que-apago-a-alexa-y-medio-internet\/#primaryimage"},"thumbnailUrl":"https:\/\/lagnoticias.com\/wp-content\/uploads\/2025\/10\/9-1-2.jpg","keywords":["ALEXA","apps","AWS","FALLO","INTERNET","ORDENADORES","SIGNAL","SNAPCHAT"],"articleSection":["TECNOLOG\u00cdA"],"inLanguage":"en-US","potentialAction":[{"@type":"CommentAction","name":"Comment","target":["https:\/\/lagnoticias.com\/2025\/10\/20\/el-fallo-de-aws-que-apago-a-alexa-y-medio-internet\/#respond"]}]},{"@type":"WebPage","@id":"https:\/\/lagnoticias.com\/2025\/10\/20\/el-fallo-de-aws-que-apago-a-alexa-y-medio-internet\/","url":"https:\/\/lagnoticias.com\/2025\/10\/20\/el-fallo-de-aws-que-apago-a-alexa-y-medio-internet\/","name":"El fallo de AWS que apag\u00f3 a Alexa y medio internet - La G Noticias","isPartOf":{"@id":"https:\/\/lagnoticias.com\/#website"},"primaryImageOfPage":{"@id":"https:\/\/lagnoticias.com\/2025\/10\/20\/el-fallo-de-aws-que-apago-a-alexa-y-medio-internet\/#primaryimage"},"image":{"@id":"https:\/\/lagnoticias.com\/2025\/10\/20\/el-fallo-de-aws-que-apago-a-alexa-y-medio-internet\/#primaryimage"},"thumbnailUrl":"https:\/\/lagnoticias.com\/wp-content\/uploads\/2025\/10\/9-1-2.jpg","datePublished":"2025-10-20T16:29:54+00:00","author":{"@id":"https:\/\/lagnoticias.com\/#\/schema\/person\/cb9bfe13f8de05d2c55270be25c6a550"},"breadcrumb":{"@id":"https:\/\/lagnoticias.com\/2025\/10\/20\/el-fallo-de-aws-que-apago-a-alexa-y-medio-internet\/#breadcrumb"},"inLanguage":"en-US","potentialAction":[{"@type":"ReadAction","target":["https:\/\/lagnoticias.com\/2025\/10\/20\/el-fallo-de-aws-que-apago-a-alexa-y-medio-internet\/"]}]},{"@type":"ImageObject","inLanguage":"en-US","@id":"https:\/\/lagnoticias.com\/2025\/10\/20\/el-fallo-de-aws-que-apago-a-alexa-y-medio-internet\/#primaryimage","url":"https:\/\/lagnoticias.com\/wp-content\/uploads\/2025\/10\/9-1-2.jpg","contentUrl":"https:\/\/lagnoticias.com\/wp-content\/uploads\/2025\/10\/9-1-2.jpg","width":1280,"height":720},{"@type":"BreadcrumbList","@id":"https:\/\/lagnoticias.com\/2025\/10\/20\/el-fallo-de-aws-que-apago-a-alexa-y-medio-internet\/#breadcrumb","itemListElement":[{"@type":"ListItem","position":1,"name":"Portada","item":"https:\/\/lagnoticias.com\/"},{"@type":"ListItem","position":2,"name":"El fallo de AWS que apag\u00f3 a Alexa y medio internet"}]},{"@type":"WebSite","@id":"https:\/\/lagnoticias.com\/#website","url":"https:\/\/lagnoticias.com\/","name":"La G Noticias","description":"Noticias Positivas","potentialAction":[{"@type":"SearchAction","target":{"@type":"EntryPoint","urlTemplate":"https:\/\/lagnoticias.com\/?s={search_term_string}"},"query-input":{"@type":"PropertyValueSpecification","valueRequired":true,"valueName":"search_term_string"}}],"inLanguage":"en-US"},{"@type":"Person","@id":"https:\/\/lagnoticias.com\/#\/schema\/person\/cb9bfe13f8de05d2c55270be25c6a550","name":"Oscar","image":{"@type":"ImageObject","inLanguage":"en-US","@id":"https:\/\/secure.gravatar.com\/avatar\/45c195718f652dc7ffdd591dc1f2678956ab7fdadcd359a635edc61304a8c757?s=96&d=mm&r=g","url":"https:\/\/secure.gravatar.com\/avatar\/45c195718f652dc7ffdd591dc1f2678956ab7fdadcd359a635edc61304a8c757?s=96&d=mm&r=g","contentUrl":"https:\/\/secure.gravatar.com\/avatar\/45c195718f652dc7ffdd591dc1f2678956ab7fdadcd359a635edc61304a8c757?s=96&d=mm&r=g","caption":"Oscar"},"url":"https:\/\/lagnoticias.com\/en\/author\/oscar\/"}]}},"_links":{"self":[{"href":"https:\/\/lagnoticias.com\/en\/wp-json\/wp\/v2\/posts\/6106","targetHints":{"allow":["GET"]}}],"collection":[{"href":"https:\/\/lagnoticias.com\/en\/wp-json\/wp\/v2\/posts"}],"about":[{"href":"https:\/\/lagnoticias.com\/en\/wp-json\/wp\/v2\/types\/post"}],"author":[{"embeddable":true,"href":"https:\/\/lagnoticias.com\/en\/wp-json\/wp\/v2\/users\/2"}],"replies":[{"embeddable":true,"href":"https:\/\/lagnoticias.com\/en\/wp-json\/wp\/v2\/comments?post=6106"}],"version-history":[{"count":1,"href":"https:\/\/lagnoticias.com\/en\/wp-json\/wp\/v2\/posts\/6106\/revisions"}],"predecessor-version":[{"id":6109,"href":"https:\/\/lagnoticias.com\/en\/wp-json\/wp\/v2\/posts\/6106\/revisions\/6109"}],"wp:featuredmedia":[{"embeddable":true,"href":"https:\/\/lagnoticias.com\/en\/wp-json\/wp\/v2\/media\/6107"}],"wp:attachment":[{"href":"https:\/\/lagnoticias.com\/en\/wp-json\/wp\/v2\/media?parent=6106"}],"wp:term":[{"taxonomy":"category","embeddable":true,"href":"https:\/\/lagnoticias.com\/en\/wp-json\/wp\/v2\/categories?post=6106"},{"taxonomy":"post_tag","embeddable":true,"href":"https:\/\/lagnoticias.com\/en\/wp-json\/wp\/v2\/tags?post=6106"}],"curies":[{"name":"wp","href":"https:\/\/api.w.org\/{rel}","templated":true}]}}