{"id":6101,"date":"2025-10-20T09:36:42","date_gmt":"2025-10-20T15:36:42","guid":{"rendered":"https:\/\/lagnoticias.com\/?p=6101"},"modified":"2025-10-21T10:09:21","modified_gmt":"2025-10-21T16:09:21","slug":"gobierno-de-el-salvador-posiciona-al-pais-como-anfitrion-de-gt-challenge-de-las-americas","status":"publish","type":"post","link":"https:\/\/lagnoticias.com\/en\/2025\/10\/20\/gobierno-de-el-salvador-posiciona-al-pais-como-anfitrion-de-gt-challenge-de-las-americas\/","title":{"rendered":"Gobierno de El Salvador posiciona al pa\u00eds como anfitri\u00f3n de GT Challenge de Las Am\u00e9ricas"},"content":{"rendered":"<p>El Salvador fue el anfitri\u00f3n del GT Challenge de Las Am\u00e9ricas, que se realiz\u00f3 en el Aut\u00f3dromo Internacional El Jabal\u00ed, mostrando una vez m\u00e1s, la capacidad de organizaci\u00f3n y log\u00edstica con la que cuenta el Gobierno de El Salvador.<\/p>\n\n\n\n<p>\u201cEstamos apoyando los eventos de turismo deportivo, es una de las cosas que m\u00e1s nos ha solicitado el Presidente de El Salvador; sobre todo, atender a aquellos visitantes que vienen a participar. Aqu\u00ed hemos visto competidores de Rep\u00fablica Dominicana, Panam\u00e1, de Guatemala, Costa Rica, de Trinidad y Tobago, Estados Unidos, Canad\u00e1, es decir, tenemos una variedad de visitantes que est\u00e1n participando en la carrera. Todos me han dicho que se respira seguridad, confianza, la admiraci\u00f3n al Presidente\u201d, destac\u00f3 la ministra de Turismo, Morena Valdez.<\/p>\n\n\n\n<figure class=\"wp-block-image aligncenter size-large\"><img loading=\"lazy\" decoding=\"async\" width=\"1024\" height=\"565\" src=\"https:\/\/lagnoticias.com\/wp-content\/uploads\/2025\/10\/8-1-2-1024x565.jpg\" alt=\"\" class=\"wp-image-6103\" srcset=\"https:\/\/lagnoticias.com\/wp-content\/uploads\/2025\/10\/8-1-2-1024x565.jpg 1024w, https:\/\/lagnoticias.com\/wp-content\/uploads\/2025\/10\/8-1-2-980x541.jpg 980w, https:\/\/lagnoticias.com\/wp-content\/uploads\/2025\/10\/8-1-2-480x265.jpg 480w\" sizes=\"(min-width: 0px) and (max-width: 480px) 480px, (min-width: 481px) and (max-width: 980px) 980px, (min-width: 981px) 1024px, 100vw\" \/><\/figure>\n\n\n\n<p>Motociclistas y pilotos de veh\u00edculos participaron en esta competencia que es una de las m\u00e1s importantes de Centroam\u00e9rica y el Caribe, luchando por obtener el t\u00edtulo en una de las mejores pistas de la regi\u00f3n, haciendo que los competidores pongan un mayor empe\u00f1o.<\/p>\n\n\n\n<p>\u201cVenimos a El Salvador muy contentos de estar aqu\u00ed. El campeonato nace en este pa\u00eds y para nosotros siempre es una alegr\u00eda poder regresar. Realmente agradecerle al Gobierno del Presidente Nayib Bukele, y a todos los que nos han apoyado. Desde que entramos se nota la seguridad, totalmente importante, porque estos equipos de los competidores son muy caros, los autos son excesivamente caros y para nosotros lo m\u00e1s importante es la seguridad que brinda el pa\u00eds\u201d, expres\u00f3 el director del GT Challenge de Las Am\u00e9ricas, Alejandro Zaid.<\/p>\n\n\n\n<p>El Salvador fue representado por los motociclistas Kevin y \u00c1ngel, los hermanos Olmedo, quienes demostraron sus habilidades sobre dos ruedas; mientras que, en la categor\u00eda automovil\u00edstica el piloto Eduardo Canizalez demostr\u00f3 su habilidad, dominio y rapidez al volante.<\/p>\n\n\n\n<figure class=\"wp-block-image aligncenter size-large\"><img loading=\"lazy\" decoding=\"async\" width=\"563\" height=\"1024\" src=\"https:\/\/lagnoticias.com\/wp-content\/uploads\/2025\/10\/8-3-2-563x1024.jpg\" alt=\"\" class=\"wp-image-6104\" srcset=\"https:\/\/lagnoticias.com\/wp-content\/uploads\/2025\/10\/8-3-2-563x1024.jpg 563w, https:\/\/lagnoticias.com\/wp-content\/uploads\/2025\/10\/8-3-2-480x873.jpg 480w\" sizes=\"(min-width: 0px) and (max-width: 480px) 480px, (min-width: 481px) 563px, 100vw\" \/><\/figure>","protected":false},"excerpt":{"rendered":"<p>El Gobierno salvadore\u00f1o implementa pol\u00edticas que garantizan la seguridad del pa\u00eds, generando confianza tanto a nivel nacional como internacional. Esto permite posicionar a El Salvador como anfitri\u00f3n de importantes eventos internacionales, aumentando el reconocimiento de la naci\u00f3n. <\/p>","protected":false},"author":2,"featured_media":6102,"comment_status":"open","ping_status":"open","sticky":false,"template":"","format":"standard","meta":{"_et_pb_use_builder":"off","_et_pb_old_content":"","_et_gb_content_width":"","footnotes":""},"categories":[244],"tags":[1438,1441,1356,1440,267,268,1439],"class_list":["post-6101","post","type-post","status-publish","format-standard","has-post-thumbnail","hentry","category-nacionales","tag-anfitrion","tag-carrera-carros","tag-carros","tag-el-jabali","tag-el-salvador","tag-gobierno-de-el-salvador","tag-gt-challenge-de-las-americas"],"yoast_head":"<!-- This site is optimized with the Yoast SEO plugin v27.4 - https:\/\/yoast.com\/product\/yoast-seo-wordpress\/ -->\n<title>Gobierno de El Salvador posiciona al pa\u00eds como anfitri\u00f3n de GT Challenge de Las Am\u00e9ricas - La G Noticias<\/title>\n<meta name=\"robots\" content=\"index, follow, max-snippet:-1, max-image-preview:large, max-video-preview:-1\" \/>\n<link rel=\"canonical\" href=\"https:\/\/lagnoticias.com\/en\/2025\/10\/20\/gobierno-de-el-salvador-posiciona-al-pais-como-anfitrion-de-gt-challenge-de-las-americas\/\" \/>\n<meta property=\"og:locale\" content=\"en_US\" \/>\n<meta property=\"og:type\" content=\"article\" \/>\n<meta property=\"og:title\" content=\"Gobierno de El Salvador posiciona al pa\u00eds como anfitri\u00f3n de GT Challenge de Las Am\u00e9ricas - La G Noticias\" \/>\n<meta property=\"og:description\" content=\"El Gobierno salvadore\u00f1o implementa pol\u00edticas que garantizan la seguridad del pa\u00eds, generando confianza tanto a nivel nacional como internacional. Esto permite posicionar a El Salvador como anfitri\u00f3n de importantes eventos internacionales, aumentando el reconocimiento de la naci\u00f3n.\" \/>\n<meta property=\"og:url\" content=\"https:\/\/lagnoticias.com\/en\/2025\/10\/20\/gobierno-de-el-salvador-posiciona-al-pais-como-anfitrion-de-gt-challenge-de-las-americas\/\" \/>\n<meta property=\"og:site_name\" content=\"La G Noticias\" \/>\n<meta property=\"article:publisher\" content=\"https:\/\/www.facebook.com\/LaGNoticias\" \/>\n<meta property=\"article:published_time\" content=\"2025-10-20T15:36:42+00:00\" \/>\n<meta property=\"article:modified_time\" content=\"2025-10-21T16:09:21+00:00\" \/>\n<meta property=\"og:image\" content=\"https:\/\/lagnoticias.com\/wp-content\/uploads\/2025\/10\/8-2-2.jpg\" \/>\n\t<meta property=\"og:image:width\" content=\"1280\" \/>\n\t<meta property=\"og:image:height\" content=\"959\" \/>\n\t<meta property=\"og:image:type\" content=\"image\/jpeg\" \/>\n<meta name=\"author\" content=\"Oscar\" \/>\n<meta name=\"twitter:card\" content=\"summary_large_image\" \/>\n<meta name=\"twitter:creator\" content=\"@lagnoticias\" \/>\n<meta name=\"twitter:site\" content=\"@lagnoticias\" \/>\n<meta name=\"twitter:label1\" content=\"Written by\" \/>\n\t<meta name=\"twitter:data1\" content=\"Oscar\" \/>\n\t<meta name=\"twitter:label2\" content=\"Est. reading time\" \/>\n\t<meta name=\"twitter:data2\" content=\"2 minutes\" \/>\n<script type=\"application\/ld+json\" class=\"yoast-schema-graph\">{\"@context\":\"https:\\\/\\\/schema.org\",\"@graph\":[{\"@type\":\"Article\",\"@id\":\"https:\\\/\\\/lagnoticias.com\\\/2025\\\/10\\\/20\\\/gobierno-de-el-salvador-posiciona-al-pais-como-anfitrion-de-gt-challenge-de-las-americas\\\/#article\",\"isPartOf\":{\"@id\":\"https:\\\/\\\/lagnoticias.com\\\/2025\\\/10\\\/20\\\/gobierno-de-el-salvador-posiciona-al-pais-como-anfitrion-de-gt-challenge-de-las-americas\\\/\"},\"author\":{\"name\":\"Oscar\",\"@id\":\"https:\\\/\\\/lagnoticias.com\\\/#\\\/schema\\\/person\\\/cb9bfe13f8de05d2c55270be25c6a550\"},\"headline\":\"Gobierno de El Salvador posiciona al pa\u00eds como anfitri\u00f3n de GT Challenge de Las Am\u00e9ricas\",\"datePublished\":\"2025-10-20T15:36:42+00:00\",\"dateModified\":\"2025-10-21T16:09:21+00:00\",\"mainEntityOfPage\":{\"@id\":\"https:\\\/\\\/lagnoticias.com\\\/2025\\\/10\\\/20\\\/gobierno-de-el-salvador-posiciona-al-pais-como-anfitrion-de-gt-challenge-de-las-americas\\\/\"},\"wordCount\":332,\"commentCount\":0,\"image\":{\"@id\":\"https:\\\/\\\/lagnoticias.com\\\/2025\\\/10\\\/20\\\/gobierno-de-el-salvador-posiciona-al-pais-como-anfitrion-de-gt-challenge-de-las-americas\\\/#primaryimage\"},\"thumbnailUrl\":\"https:\\\/\\\/lagnoticias.com\\\/wp-content\\\/uploads\\\/2025\\\/10\\\/8-2-2.jpg\",\"keywords\":[\"ANFITRI\u00d3N\",\"CARRERA CARROS\",\"CARROS\",\"EL JABAL\u00cd\",\"EL SALVADOR\",\"GOBIERNO DE EL SALVADOR\",\"GT CHALLENGE DE LAS AM\u00c9RICAS\"],\"articleSection\":[\"NACIONALES\"],\"inLanguage\":\"en-US\",\"potentialAction\":[{\"@type\":\"CommentAction\",\"name\":\"Comment\",\"target\":[\"https:\\\/\\\/lagnoticias.com\\\/2025\\\/10\\\/20\\\/gobierno-de-el-salvador-posiciona-al-pais-como-anfitrion-de-gt-challenge-de-las-americas\\\/#respond\"]}]},{\"@type\":\"WebPage\",\"@id\":\"https:\\\/\\\/lagnoticias.com\\\/2025\\\/10\\\/20\\\/gobierno-de-el-salvador-posiciona-al-pais-como-anfitrion-de-gt-challenge-de-las-americas\\\/\",\"url\":\"https:\\\/\\\/lagnoticias.com\\\/2025\\\/10\\\/20\\\/gobierno-de-el-salvador-posiciona-al-pais-como-anfitrion-de-gt-challenge-de-las-americas\\\/\",\"name\":\"Gobierno de El Salvador posiciona al pa\u00eds como anfitri\u00f3n de GT Challenge de Las Am\u00e9ricas - La G Noticias\",\"isPartOf\":{\"@id\":\"https:\\\/\\\/lagnoticias.com\\\/#website\"},\"primaryImageOfPage\":{\"@id\":\"https:\\\/\\\/lagnoticias.com\\\/2025\\\/10\\\/20\\\/gobierno-de-el-salvador-posiciona-al-pais-como-anfitrion-de-gt-challenge-de-las-americas\\\/#primaryimage\"},\"image\":{\"@id\":\"https:\\\/\\\/lagnoticias.com\\\/2025\\\/10\\\/20\\\/gobierno-de-el-salvador-posiciona-al-pais-como-anfitrion-de-gt-challenge-de-las-americas\\\/#primaryimage\"},\"thumbnailUrl\":\"https:\\\/\\\/lagnoticias.com\\\/wp-content\\\/uploads\\\/2025\\\/10\\\/8-2-2.jpg\",\"datePublished\":\"2025-10-20T15:36:42+00:00\",\"dateModified\":\"2025-10-21T16:09:21+00:00\",\"author\":{\"@id\":\"https:\\\/\\\/lagnoticias.com\\\/#\\\/schema\\\/person\\\/cb9bfe13f8de05d2c55270be25c6a550\"},\"breadcrumb\":{\"@id\":\"https:\\\/\\\/lagnoticias.com\\\/2025\\\/10\\\/20\\\/gobierno-de-el-salvador-posiciona-al-pais-como-anfitrion-de-gt-challenge-de-las-americas\\\/#breadcrumb\"},\"inLanguage\":\"en-US\",\"potentialAction\":[{\"@type\":\"ReadAction\",\"target\":[\"https:\\\/\\\/lagnoticias.com\\\/2025\\\/10\\\/20\\\/gobierno-de-el-salvador-posiciona-al-pais-como-anfitrion-de-gt-challenge-de-las-americas\\\/\"]}]},{\"@type\":\"ImageObject\",\"inLanguage\":\"en-US\",\"@id\":\"https:\\\/\\\/lagnoticias.com\\\/2025\\\/10\\\/20\\\/gobierno-de-el-salvador-posiciona-al-pais-como-anfitrion-de-gt-challenge-de-las-americas\\\/#primaryimage\",\"url\":\"https:\\\/\\\/lagnoticias.com\\\/wp-content\\\/uploads\\\/2025\\\/10\\\/8-2-2.jpg\",\"contentUrl\":\"https:\\\/\\\/lagnoticias.com\\\/wp-content\\\/uploads\\\/2025\\\/10\\\/8-2-2.jpg\",\"width\":1280,\"height\":959},{\"@type\":\"BreadcrumbList\",\"@id\":\"https:\\\/\\\/lagnoticias.com\\\/2025\\\/10\\\/20\\\/gobierno-de-el-salvador-posiciona-al-pais-como-anfitrion-de-gt-challenge-de-las-americas\\\/#breadcrumb\",\"itemListElement\":[{\"@type\":\"ListItem\",\"position\":1,\"name\":\"Portada\",\"item\":\"https:\\\/\\\/lagnoticias.com\\\/\"},{\"@type\":\"ListItem\",\"position\":2,\"name\":\"Gobierno de El Salvador posiciona al pa\u00eds como anfitri\u00f3n de GT Challenge de Las Am\u00e9ricas\"}]},{\"@type\":\"WebSite\",\"@id\":\"https:\\\/\\\/lagnoticias.com\\\/#website\",\"url\":\"https:\\\/\\\/lagnoticias.com\\\/\",\"name\":\"La G Noticias\",\"description\":\"Noticias Positivas\",\"potentialAction\":[{\"@type\":\"SearchAction\",\"target\":{\"@type\":\"EntryPoint\",\"urlTemplate\":\"https:\\\/\\\/lagnoticias.com\\\/?s={search_term_string}\"},\"query-input\":{\"@type\":\"PropertyValueSpecification\",\"valueRequired\":true,\"valueName\":\"search_term_string\"}}],\"inLanguage\":\"en-US\"},{\"@type\":\"Person\",\"@id\":\"https:\\\/\\\/lagnoticias.com\\\/#\\\/schema\\\/person\\\/cb9bfe13f8de05d2c55270be25c6a550\",\"name\":\"Oscar\",\"image\":{\"@type\":\"ImageObject\",\"inLanguage\":\"en-US\",\"@id\":\"https:\\\/\\\/secure.gravatar.com\\\/avatar\\\/45c195718f652dc7ffdd591dc1f2678956ab7fdadcd359a635edc61304a8c757?s=96&d=mm&r=g\",\"url\":\"https:\\\/\\\/secure.gravatar.com\\\/avatar\\\/45c195718f652dc7ffdd591dc1f2678956ab7fdadcd359a635edc61304a8c757?s=96&d=mm&r=g\",\"contentUrl\":\"https:\\\/\\\/secure.gravatar.com\\\/avatar\\\/45c195718f652dc7ffdd591dc1f2678956ab7fdadcd359a635edc61304a8c757?s=96&d=mm&r=g\",\"caption\":\"Oscar\"},\"url\":\"https:\\\/\\\/lagnoticias.com\\\/en\\\/author\\\/oscar\\\/\"}]}<\/script>\n<!-- \/ Yoast SEO plugin. -->","yoast_head_json":{"title":"Gobierno de El Salvador posiciona al pa\u00eds como anfitri\u00f3n de GT Challenge de Las Am\u00e9ricas - La G Noticias","robots":{"index":"index","follow":"follow","max-snippet":"max-snippet:-1","max-image-preview":"max-image-preview:large","max-video-preview":"max-video-preview:-1"},"canonical":"https:\/\/lagnoticias.com\/en\/2025\/10\/20\/gobierno-de-el-salvador-posiciona-al-pais-como-anfitrion-de-gt-challenge-de-las-americas\/","og_locale":"en_US","og_type":"article","og_title":"Gobierno de El Salvador posiciona al pa\u00eds como anfitri\u00f3n de GT Challenge de Las Am\u00e9ricas - La G Noticias","og_description":"El Gobierno salvadore\u00f1o implementa pol\u00edticas que garantizan la seguridad del pa\u00eds, generando confianza tanto a nivel nacional como internacional. Esto permite posicionar a El Salvador como anfitri\u00f3n de importantes eventos internacionales, aumentando el reconocimiento de la naci\u00f3n.","og_url":"https:\/\/lagnoticias.com\/en\/2025\/10\/20\/gobierno-de-el-salvador-posiciona-al-pais-como-anfitrion-de-gt-challenge-de-las-americas\/","og_site_name":"La G Noticias","article_publisher":"https:\/\/www.facebook.com\/LaGNoticias","article_published_time":"2025-10-20T15:36:42+00:00","article_modified_time":"2025-10-21T16:09:21+00:00","og_image":[{"width":1280,"height":959,"url":"https:\/\/lagnoticias.com\/wp-content\/uploads\/2025\/10\/8-2-2.jpg","type":"image\/jpeg"}],"author":"Oscar","twitter_card":"summary_large_image","twitter_creator":"@lagnoticias","twitter_site":"@lagnoticias","twitter_misc":{"Written by":"Oscar","Est. reading time":"2 minutes"},"schema":{"@context":"https:\/\/schema.org","@graph":[{"@type":"Article","@id":"https:\/\/lagnoticias.com\/2025\/10\/20\/gobierno-de-el-salvador-posiciona-al-pais-como-anfitrion-de-gt-challenge-de-las-americas\/#article","isPartOf":{"@id":"https:\/\/lagnoticias.com\/2025\/10\/20\/gobierno-de-el-salvador-posiciona-al-pais-como-anfitrion-de-gt-challenge-de-las-americas\/"},"author":{"name":"Oscar","@id":"https:\/\/lagnoticias.com\/#\/schema\/person\/cb9bfe13f8de05d2c55270be25c6a550"},"headline":"Gobierno de El Salvador posiciona al pa\u00eds como anfitri\u00f3n de GT Challenge de Las Am\u00e9ricas","datePublished":"2025-10-20T15:36:42+00:00","dateModified":"2025-10-21T16:09:21+00:00","mainEntityOfPage":{"@id":"https:\/\/lagnoticias.com\/2025\/10\/20\/gobierno-de-el-salvador-posiciona-al-pais-como-anfitrion-de-gt-challenge-de-las-americas\/"},"wordCount":332,"commentCount":0,"image":{"@id":"https:\/\/lagnoticias.com\/2025\/10\/20\/gobierno-de-el-salvador-posiciona-al-pais-como-anfitrion-de-gt-challenge-de-las-americas\/#primaryimage"},"thumbnailUrl":"https:\/\/lagnoticias.com\/wp-content\/uploads\/2025\/10\/8-2-2.jpg","keywords":["ANFITRI\u00d3N","CARRERA CARROS","CARROS","EL JABAL\u00cd","EL SALVADOR","GOBIERNO DE EL SALVADOR","GT CHALLENGE DE LAS AM\u00c9RICAS"],"articleSection":["NACIONALES"],"inLanguage":"en-US","potentialAction":[{"@type":"CommentAction","name":"Comment","target":["https:\/\/lagnoticias.com\/2025\/10\/20\/gobierno-de-el-salvador-posiciona-al-pais-como-anfitrion-de-gt-challenge-de-las-americas\/#respond"]}]},{"@type":"WebPage","@id":"https:\/\/lagnoticias.com\/2025\/10\/20\/gobierno-de-el-salvador-posiciona-al-pais-como-anfitrion-de-gt-challenge-de-las-americas\/","url":"https:\/\/lagnoticias.com\/2025\/10\/20\/gobierno-de-el-salvador-posiciona-al-pais-como-anfitrion-de-gt-challenge-de-las-americas\/","name":"Gobierno de El Salvador posiciona al pa\u00eds como anfitri\u00f3n de GT Challenge de Las Am\u00e9ricas - La G Noticias","isPartOf":{"@id":"https:\/\/lagnoticias.com\/#website"},"primaryImageOfPage":{"@id":"https:\/\/lagnoticias.com\/2025\/10\/20\/gobierno-de-el-salvador-posiciona-al-pais-como-anfitrion-de-gt-challenge-de-las-americas\/#primaryimage"},"image":{"@id":"https:\/\/lagnoticias.com\/2025\/10\/20\/gobierno-de-el-salvador-posiciona-al-pais-como-anfitrion-de-gt-challenge-de-las-americas\/#primaryimage"},"thumbnailUrl":"https:\/\/lagnoticias.com\/wp-content\/uploads\/2025\/10\/8-2-2.jpg","datePublished":"2025-10-20T15:36:42+00:00","dateModified":"2025-10-21T16:09:21+00:00","author":{"@id":"https:\/\/lagnoticias.com\/#\/schema\/person\/cb9bfe13f8de05d2c55270be25c6a550"},"breadcrumb":{"@id":"https:\/\/lagnoticias.com\/2025\/10\/20\/gobierno-de-el-salvador-posiciona-al-pais-como-anfitrion-de-gt-challenge-de-las-americas\/#breadcrumb"},"inLanguage":"en-US","potentialAction":[{"@type":"ReadAction","target":["https:\/\/lagnoticias.com\/2025\/10\/20\/gobierno-de-el-salvador-posiciona-al-pais-como-anfitrion-de-gt-challenge-de-las-americas\/"]}]},{"@type":"ImageObject","inLanguage":"en-US","@id":"https:\/\/lagnoticias.com\/2025\/10\/20\/gobierno-de-el-salvador-posiciona-al-pais-como-anfitrion-de-gt-challenge-de-las-americas\/#primaryimage","url":"https:\/\/lagnoticias.com\/wp-content\/uploads\/2025\/10\/8-2-2.jpg","contentUrl":"https:\/\/lagnoticias.com\/wp-content\/uploads\/2025\/10\/8-2-2.jpg","width":1280,"height":959},{"@type":"BreadcrumbList","@id":"https:\/\/lagnoticias.com\/2025\/10\/20\/gobierno-de-el-salvador-posiciona-al-pais-como-anfitrion-de-gt-challenge-de-las-americas\/#breadcrumb","itemListElement":[{"@type":"ListItem","position":1,"name":"Portada","item":"https:\/\/lagnoticias.com\/"},{"@type":"ListItem","position":2,"name":"Gobierno de El Salvador posiciona al pa\u00eds como anfitri\u00f3n de GT Challenge de Las Am\u00e9ricas"}]},{"@type":"WebSite","@id":"https:\/\/lagnoticias.com\/#website","url":"https:\/\/lagnoticias.com\/","name":"La G Noticias","description":"Noticias Positivas","potentialAction":[{"@type":"SearchAction","target":{"@type":"EntryPoint","urlTemplate":"https:\/\/lagnoticias.com\/?s={search_term_string}"},"query-input":{"@type":"PropertyValueSpecification","valueRequired":true,"valueName":"search_term_string"}}],"inLanguage":"en-US"},{"@type":"Person","@id":"https:\/\/lagnoticias.com\/#\/schema\/person\/cb9bfe13f8de05d2c55270be25c6a550","name":"Oscar","image":{"@type":"ImageObject","inLanguage":"en-US","@id":"https:\/\/secure.gravatar.com\/avatar\/45c195718f652dc7ffdd591dc1f2678956ab7fdadcd359a635edc61304a8c757?s=96&d=mm&r=g","url":"https:\/\/secure.gravatar.com\/avatar\/45c195718f652dc7ffdd591dc1f2678956ab7fdadcd359a635edc61304a8c757?s=96&d=mm&r=g","contentUrl":"https:\/\/secure.gravatar.com\/avatar\/45c195718f652dc7ffdd591dc1f2678956ab7fdadcd359a635edc61304a8c757?s=96&d=mm&r=g","caption":"Oscar"},"url":"https:\/\/lagnoticias.com\/en\/author\/oscar\/"}]}},"_links":{"self":[{"href":"https:\/\/lagnoticias.com\/en\/wp-json\/wp\/v2\/posts\/6101","targetHints":{"allow":["GET"]}}],"collection":[{"href":"https:\/\/lagnoticias.com\/en\/wp-json\/wp\/v2\/posts"}],"about":[{"href":"https:\/\/lagnoticias.com\/en\/wp-json\/wp\/v2\/types\/post"}],"author":[{"embeddable":true,"href":"https:\/\/lagnoticias.com\/en\/wp-json\/wp\/v2\/users\/2"}],"replies":[{"embeddable":true,"href":"https:\/\/lagnoticias.com\/en\/wp-json\/wp\/v2\/comments?post=6101"}],"version-history":[{"count":1,"href":"https:\/\/lagnoticias.com\/en\/wp-json\/wp\/v2\/posts\/6101\/revisions"}],"predecessor-version":[{"id":6105,"href":"https:\/\/lagnoticias.com\/en\/wp-json\/wp\/v2\/posts\/6101\/revisions\/6105"}],"wp:featuredmedia":[{"embeddable":true,"href":"https:\/\/lagnoticias.com\/en\/wp-json\/wp\/v2\/media\/6102"}],"wp:attachment":[{"href":"https:\/\/lagnoticias.com\/en\/wp-json\/wp\/v2\/media?parent=6101"}],"wp:term":[{"taxonomy":"category","embeddable":true,"href":"https:\/\/lagnoticias.com\/en\/wp-json\/wp\/v2\/categories?post=6101"},{"taxonomy":"post_tag","embeddable":true,"href":"https:\/\/lagnoticias.com\/en\/wp-json\/wp\/v2\/tags?post=6101"}],"curies":[{"name":"wp","href":"https:\/\/api.w.org\/{rel}","templated":true}]}}