{"id":6071,"date":"2025-10-20T06:00:00","date_gmt":"2025-10-20T12:00:00","guid":{"rendered":"https:\/\/lagnoticias.com\/?p=6071"},"modified":"2025-10-21T10:09:27","modified_gmt":"2025-10-21T16:09:27","slug":"ee-uu-familias-de-militares-enfrentan-incertidumbre-tras-fin-de-proteccion-migratoria","status":"publish","type":"post","link":"https:\/\/lagnoticias.com\/en\/2025\/10\/20\/ee-uu-familias-de-militares-enfrentan-incertidumbre-tras-fin-de-proteccion-migratoria\/","title":{"rendered":"EE. UU.: familias de militares enfrentan incertidumbre tras fin de protecci\u00f3n migratoria"},"content":{"rendered":"<p>El&nbsp;caso de los padres de un marine mexicano deportados en California&nbsp;ha puesto en evidencia c\u00f3mo la administraci\u00f3n de&nbsp;Donald Trump&nbsp;ha cambiado la pol\u00edtica de&nbsp;protecci\u00f3n migratoria&nbsp;para las familias de quienes sirven en las Fuerzas Armadas de&nbsp;Estados Unidos.<\/p>\n\n\n\n<p>El&nbsp;Marine Steve R\u00edos, de Oceanside, California, cont\u00f3 a NBC 7 San Diego que sus padres,&nbsp;Esteban R\u00edos y Luisa Rodr\u00edguez, fueron detenidos el mes pasado por&nbsp;agentes de inmigraci\u00f3n&nbsp;cuando acudieron a recoger a su hija embarazada y a su yerno, tambi\u00e9n infante de marina, en la&nbsp;base de Camp Pendleton.<\/p>\n\n\n\n<p>Ambos llevaban tres d\u00e9cadas en Estados Unidos y ten\u00edan&nbsp;solicitudes de residencia permanente pendientes, pero fueron arrestados y liberados con&nbsp;grilletes electr\u00f3nicos. D\u00edas despu\u00e9s, al acudir a una entrevista con autoridades migratorias,&nbsp;fueron nuevamente detenidos y puestos bajo custodia, de acuerdo con Univisi\u00f3n.<\/p>\n\n\n\n<p>\u201cMe hab\u00eda dicho: \u2018Esta es mi camisa de la suerte, as\u00ed que estaremos bien\u2019\u201d, record\u00f3 R\u00edos sobre su padre, quien fue deportado el viernes pasado mientras vest\u00eda una gorra y una camisa con la leyenda&nbsp;\u201cOrgulloso padre de un marine estadounidense\u201d.<\/p>\n\n\n\n<p><\/p>\n\n\n\n<figure class=\"wp-block-image aligncenter size-full\"><img loading=\"lazy\" decoding=\"async\" width=\"700\" height=\"406\" src=\"https:\/\/lagnoticias.com\/wp-content\/uploads\/2025\/10\/1-1-12.jpg\" alt=\"\" class=\"wp-image-6073\" srcset=\"https:\/\/lagnoticias.com\/wp-content\/uploads\/2025\/10\/1-1-12.jpg 700w, https:\/\/lagnoticias.com\/wp-content\/uploads\/2025\/10\/1-1-12-480x278.jpg 480w\" sizes=\"(min-width: 0px) and (max-width: 480px) 480px, (min-width: 481px) 700px, 100vw\" \/><\/figure>\n\n\n\n<p><\/p>\n\n\n\n<h2 class=\"wp-block-heading\">\u00bfQu\u00e9 proteg\u00eda antes a los familiares de militares?<\/h2>\n\n\n\n<p>Durante a\u00f1os, los&nbsp;reclutadores del Cuerpo de Marines&nbsp;promovieron el servicio militar como una&nbsp;v\u00eda de estabilidad&nbsp;para familias sin estatus migratorio legal. Bajo gobiernos anteriores, el&nbsp;servicio militar era considerado un \u201cfactor atenuante significativo\u201d&nbsp;por el&nbsp;Servicio de Inmigraci\u00f3n y Control de Aduanas (ICE)&nbsp;al decidir sobre deportaciones o residencias permanentes.<\/p>\n\n\n\n<p>El objetivo era&nbsp;mantener la moral militar&nbsp;y&nbsp;evitar que las familias de los soldados fueran separadas. Esta pol\u00edtica ayud\u00f3 a reclutar a miles de personas: hasta el a\u00f1o pasado,&nbsp;m\u00e1s de 40,000 no ciudadanos serv\u00edan en las Fuerzas Armadas estadounidenses.<\/p>\n\n\n\n<p>La administraci\u00f3n de&nbsp;Joe Biden&nbsp;hab\u00eda mantenido esta l\u00ednea, usando la cooperaci\u00f3n migratoria como herramienta para fortalecer el&nbsp;alistamiento militar&nbsp;y asegurar que los soldados no temieran por el futuro de sus familias.<\/p>\n\n\n\n<h2 class=\"wp-block-heading\">Lo que cambi\u00f3 con la administraci\u00f3n Trump<\/h2>\n\n\n\n<p>En febrero, la nueva administraci\u00f3n de&nbsp;Donald Trump&nbsp;emiti\u00f3 un&nbsp;memorando&nbsp;que&nbsp;revoc\u00f3 el enfoque anterior. El documento establec\u00eda que las autoridades migratorias&nbsp;\u201cya no eximir\u00e1n\u201d&nbsp;a ciertas categor\u00edas de personas, entre ellas&nbsp;familias de militares o veteranos, de las acciones de deportaci\u00f3n.<\/p>\n\n\n\n<p>La experta en derecho migratorio militar&nbsp;Margaret Stock&nbsp;explic\u00f3 que esta medida&nbsp;rompe con d\u00e9cadas de tradici\u00f3n, donde el servicio de un familiar en las fuerzas armadas implicaba respeto o consideraci\u00f3n ante procesos migratorios.<\/p>\n\n\n\n<p>\u201cLas fuerzas armadas utilizaron estos beneficios para expandir su personal, pero el reclutamiento se ver\u00e1 afectado sin ellos\u201d, advirti\u00f3 Stock, teniente coronel retirada y exprofesora de Derecho en West Point.<\/p>\n\n\n\n<figure class=\"wp-block-image aligncenter size-large\"><img loading=\"lazy\" decoding=\"async\" width=\"1024\" height=\"576\" src=\"https:\/\/lagnoticias.com\/wp-content\/uploads\/2025\/10\/68c11aab5f6b9-1024x576.webp\" alt=\"\" class=\"wp-image-5944\" srcset=\"https:\/\/lagnoticias.com\/wp-content\/uploads\/2025\/10\/68c11aab5f6b9-980x551.webp 980w, https:\/\/lagnoticias.com\/wp-content\/uploads\/2025\/10\/68c11aab5f6b9-480x270.webp 480w\" sizes=\"(min-width: 0px) and (max-width: 480px) 480px, (min-width: 481px) and (max-width: 980px) 980px, (min-width: 981px) 1024px, 100vw\" \/><\/figure>\n\n\n\n<p>El caso de la familia R\u00edos no es el \u00fanico. En mayo, la&nbsp;esposa de un veterano del Cuerpo de Marines&nbsp;fue detenida en&nbsp;Louisiana&nbsp;mientras tramitaba su residencia, aunque un juez bloque\u00f3 su deportaci\u00f3n.<\/p>\n\n\n\n<p>Los&nbsp;veteranos sin ciudadan\u00eda&nbsp;tambi\u00e9n han manifestado preocupaci\u00f3n por un posible aumento de deportaciones bajo las nuevas directrices. Seg\u00fan Stock, esta pol\u00edtica&nbsp;podr\u00eda agravar la escasez de reclutas, ya que&nbsp;\u201cno hay suficientes ciudadanos estadounidenses sin familiares inmigrantes para satisfacer la necesidad de personal militar\u201d.<\/p>\n\n\n\n<p>De hecho, el&nbsp;Cuerpo de Marines&nbsp;declar\u00f3 a&nbsp;The Associated Press&nbsp;que se ha instruido a los reclutadores a&nbsp;no insinuar&nbsp;que pueden garantizar&nbsp;beneficios migratorios&nbsp;a los solicitantes o sus familias, pues&nbsp;\u201cno son la autoridad adecuada\u201d&nbsp;para ello.<\/p>\n\n\n\n<h2 class=\"wp-block-heading\">Un cambio con consecuencias<\/h2>\n\n\n\n<p>La deportaci\u00f3n de&nbsp;Esteban R\u00edos, padre de un marine estadounidense, simboliza el&nbsp;impacto humano de esta nueva pol\u00edtica. Familias que antes encontraban protecci\u00f3n bajo el uniforme de un hijo o esposo militar ahora enfrentan el&nbsp;mismo riesgo de deportaci\u00f3n que cualquier otro inmigrante sin papeles.<\/p>\n\n\n\n<p>El caso ha reabierto el debate sobre&nbsp;lealtad, justicia y moral militar, cuestionando si el sacrificio de servir al pa\u00eds deber\u00eda garantizar, al menos, la&nbsp;seguridad y estabilidad familiar.<\/p>","protected":false},"excerpt":{"rendered":"<p>La nueva pol\u00edtica migratoria de Donald Trump elimina protecciones que antes evitaban la deportaci\u00f3n de familiares de militares en servicio, esto ya provoc\u00f3 la expulsi\u00f3n de familiares de marines en California.<\/p>","protected":false},"author":2,"featured_media":6072,"comment_status":"open","ping_status":"open","sticky":false,"template":"","format":"standard","meta":{"_et_pb_use_builder":"off","_et_pb_old_content":"","_et_gb_content_width":"","footnotes":""},"categories":[245],"tags":[1417,272,260,883,1415,1416],"class_list":["post-6071","post","type-post","status-publish","format-standard","has-post-thumbnail","hentry","category-internacionales","tag-deportacion","tag-donald-trump","tag-estados-unidos","tag-inmigrantes","tag-marine","tag-navy"],"yoast_head":"<!-- This site is optimized with the Yoast SEO plugin v27.4 - https:\/\/yoast.com\/product\/yoast-seo-wordpress\/ -->\n<title>EE. UU.: familias de militares enfrentan incertidumbre tras fin de protecci\u00f3n migratoria - La G Noticias<\/title>\n<meta name=\"robots\" content=\"index, follow, max-snippet:-1, max-image-preview:large, max-video-preview:-1\" \/>\n<link rel=\"canonical\" href=\"https:\/\/lagnoticias.com\/en\/2025\/10\/20\/ee-uu-familias-de-militares-enfrentan-incertidumbre-tras-fin-de-proteccion-migratoria\/\" \/>\n<meta property=\"og:locale\" content=\"en_US\" \/>\n<meta property=\"og:type\" content=\"article\" \/>\n<meta property=\"og:title\" content=\"EE. UU.: familias de militares enfrentan incertidumbre tras fin de protecci\u00f3n migratoria - La G Noticias\" \/>\n<meta property=\"og:description\" content=\"La nueva pol\u00edtica migratoria de Donald Trump elimina protecciones que antes evitaban la deportaci\u00f3n de familiares de militares en servicio, esto ya provoc\u00f3 la expulsi\u00f3n de familiares de marines en California.\" \/>\n<meta property=\"og:url\" content=\"https:\/\/lagnoticias.com\/en\/2025\/10\/20\/ee-uu-familias-de-militares-enfrentan-incertidumbre-tras-fin-de-proteccion-migratoria\/\" \/>\n<meta property=\"og:site_name\" content=\"La G Noticias\" \/>\n<meta property=\"article:publisher\" content=\"https:\/\/www.facebook.com\/LaGNoticias\" \/>\n<meta property=\"article:published_time\" content=\"2025-10-20T12:00:00+00:00\" \/>\n<meta property=\"article:modified_time\" content=\"2025-10-21T16:09:27+00:00\" \/>\n<meta property=\"og:image\" content=\"https:\/\/lagnoticias.com\/wp-content\/uploads\/2025\/10\/1-2-7.jpg\" \/>\n\t<meta property=\"og:image:width\" content=\"845\" \/>\n\t<meta property=\"og:image:height\" content=\"594\" \/>\n\t<meta property=\"og:image:type\" content=\"image\/jpeg\" \/>\n<meta name=\"author\" content=\"Oscar\" \/>\n<meta name=\"twitter:card\" content=\"summary_large_image\" \/>\n<meta name=\"twitter:creator\" content=\"@lagnoticias\" \/>\n<meta name=\"twitter:site\" content=\"@lagnoticias\" \/>\n<meta name=\"twitter:label1\" content=\"Written by\" \/>\n\t<meta name=\"twitter:data1\" content=\"Oscar\" \/>\n\t<meta name=\"twitter:label2\" content=\"Est. reading time\" \/>\n\t<meta name=\"twitter:data2\" content=\"4 minutes\" \/>\n<script type=\"application\/ld+json\" class=\"yoast-schema-graph\">{\"@context\":\"https:\\\/\\\/schema.org\",\"@graph\":[{\"@type\":\"Article\",\"@id\":\"https:\\\/\\\/lagnoticias.com\\\/2025\\\/10\\\/20\\\/ee-uu-familias-de-militares-enfrentan-incertidumbre-tras-fin-de-proteccion-migratoria\\\/#article\",\"isPartOf\":{\"@id\":\"https:\\\/\\\/lagnoticias.com\\\/2025\\\/10\\\/20\\\/ee-uu-familias-de-militares-enfrentan-incertidumbre-tras-fin-de-proteccion-migratoria\\\/\"},\"author\":{\"name\":\"Oscar\",\"@id\":\"https:\\\/\\\/lagnoticias.com\\\/#\\\/schema\\\/person\\\/cb9bfe13f8de05d2c55270be25c6a550\"},\"headline\":\"EE. UU.: familias de militares enfrentan incertidumbre tras fin de protecci\u00f3n migratoria\",\"datePublished\":\"2025-10-20T12:00:00+00:00\",\"dateModified\":\"2025-10-21T16:09:27+00:00\",\"mainEntityOfPage\":{\"@id\":\"https:\\\/\\\/lagnoticias.com\\\/2025\\\/10\\\/20\\\/ee-uu-familias-de-militares-enfrentan-incertidumbre-tras-fin-de-proteccion-migratoria\\\/\"},\"wordCount\":755,\"commentCount\":0,\"image\":{\"@id\":\"https:\\\/\\\/lagnoticias.com\\\/2025\\\/10\\\/20\\\/ee-uu-familias-de-militares-enfrentan-incertidumbre-tras-fin-de-proteccion-migratoria\\\/#primaryimage\"},\"thumbnailUrl\":\"https:\\\/\\\/lagnoticias.com\\\/wp-content\\\/uploads\\\/2025\\\/10\\\/1-2-7.jpg\",\"keywords\":[\"DEPORTACI\u00d3N\",\"DONALD TRUMP\",\"ESTADOS UNIDOS\",\"INMIGRANTES\",\"MARINE\",\"NAVY\"],\"articleSection\":[\"INTERNACIONALES\"],\"inLanguage\":\"en-US\",\"potentialAction\":[{\"@type\":\"CommentAction\",\"name\":\"Comment\",\"target\":[\"https:\\\/\\\/lagnoticias.com\\\/2025\\\/10\\\/20\\\/ee-uu-familias-de-militares-enfrentan-incertidumbre-tras-fin-de-proteccion-migratoria\\\/#respond\"]}]},{\"@type\":\"WebPage\",\"@id\":\"https:\\\/\\\/lagnoticias.com\\\/2025\\\/10\\\/20\\\/ee-uu-familias-de-militares-enfrentan-incertidumbre-tras-fin-de-proteccion-migratoria\\\/\",\"url\":\"https:\\\/\\\/lagnoticias.com\\\/2025\\\/10\\\/20\\\/ee-uu-familias-de-militares-enfrentan-incertidumbre-tras-fin-de-proteccion-migratoria\\\/\",\"name\":\"EE. UU.: familias de militares enfrentan incertidumbre tras fin de protecci\u00f3n migratoria - La G Noticias\",\"isPartOf\":{\"@id\":\"https:\\\/\\\/lagnoticias.com\\\/#website\"},\"primaryImageOfPage\":{\"@id\":\"https:\\\/\\\/lagnoticias.com\\\/2025\\\/10\\\/20\\\/ee-uu-familias-de-militares-enfrentan-incertidumbre-tras-fin-de-proteccion-migratoria\\\/#primaryimage\"},\"image\":{\"@id\":\"https:\\\/\\\/lagnoticias.com\\\/2025\\\/10\\\/20\\\/ee-uu-familias-de-militares-enfrentan-incertidumbre-tras-fin-de-proteccion-migratoria\\\/#primaryimage\"},\"thumbnailUrl\":\"https:\\\/\\\/lagnoticias.com\\\/wp-content\\\/uploads\\\/2025\\\/10\\\/1-2-7.jpg\",\"datePublished\":\"2025-10-20T12:00:00+00:00\",\"dateModified\":\"2025-10-21T16:09:27+00:00\",\"author\":{\"@id\":\"https:\\\/\\\/lagnoticias.com\\\/#\\\/schema\\\/person\\\/cb9bfe13f8de05d2c55270be25c6a550\"},\"breadcrumb\":{\"@id\":\"https:\\\/\\\/lagnoticias.com\\\/2025\\\/10\\\/20\\\/ee-uu-familias-de-militares-enfrentan-incertidumbre-tras-fin-de-proteccion-migratoria\\\/#breadcrumb\"},\"inLanguage\":\"en-US\",\"potentialAction\":[{\"@type\":\"ReadAction\",\"target\":[\"https:\\\/\\\/lagnoticias.com\\\/2025\\\/10\\\/20\\\/ee-uu-familias-de-militares-enfrentan-incertidumbre-tras-fin-de-proteccion-migratoria\\\/\"]}]},{\"@type\":\"ImageObject\",\"inLanguage\":\"en-US\",\"@id\":\"https:\\\/\\\/lagnoticias.com\\\/2025\\\/10\\\/20\\\/ee-uu-familias-de-militares-enfrentan-incertidumbre-tras-fin-de-proteccion-migratoria\\\/#primaryimage\",\"url\":\"https:\\\/\\\/lagnoticias.com\\\/wp-content\\\/uploads\\\/2025\\\/10\\\/1-2-7.jpg\",\"contentUrl\":\"https:\\\/\\\/lagnoticias.com\\\/wp-content\\\/uploads\\\/2025\\\/10\\\/1-2-7.jpg\",\"width\":845,\"height\":594},{\"@type\":\"BreadcrumbList\",\"@id\":\"https:\\\/\\\/lagnoticias.com\\\/2025\\\/10\\\/20\\\/ee-uu-familias-de-militares-enfrentan-incertidumbre-tras-fin-de-proteccion-migratoria\\\/#breadcrumb\",\"itemListElement\":[{\"@type\":\"ListItem\",\"position\":1,\"name\":\"Portada\",\"item\":\"https:\\\/\\\/lagnoticias.com\\\/\"},{\"@type\":\"ListItem\",\"position\":2,\"name\":\"EE. UU.: familias de militares enfrentan incertidumbre tras fin de protecci\u00f3n migratoria\"}]},{\"@type\":\"WebSite\",\"@id\":\"https:\\\/\\\/lagnoticias.com\\\/#website\",\"url\":\"https:\\\/\\\/lagnoticias.com\\\/\",\"name\":\"La G Noticias\",\"description\":\"Noticias Positivas\",\"potentialAction\":[{\"@type\":\"SearchAction\",\"target\":{\"@type\":\"EntryPoint\",\"urlTemplate\":\"https:\\\/\\\/lagnoticias.com\\\/?s={search_term_string}\"},\"query-input\":{\"@type\":\"PropertyValueSpecification\",\"valueRequired\":true,\"valueName\":\"search_term_string\"}}],\"inLanguage\":\"en-US\"},{\"@type\":\"Person\",\"@id\":\"https:\\\/\\\/lagnoticias.com\\\/#\\\/schema\\\/person\\\/cb9bfe13f8de05d2c55270be25c6a550\",\"name\":\"Oscar\",\"image\":{\"@type\":\"ImageObject\",\"inLanguage\":\"en-US\",\"@id\":\"https:\\\/\\\/secure.gravatar.com\\\/avatar\\\/45c195718f652dc7ffdd591dc1f2678956ab7fdadcd359a635edc61304a8c757?s=96&d=mm&r=g\",\"url\":\"https:\\\/\\\/secure.gravatar.com\\\/avatar\\\/45c195718f652dc7ffdd591dc1f2678956ab7fdadcd359a635edc61304a8c757?s=96&d=mm&r=g\",\"contentUrl\":\"https:\\\/\\\/secure.gravatar.com\\\/avatar\\\/45c195718f652dc7ffdd591dc1f2678956ab7fdadcd359a635edc61304a8c757?s=96&d=mm&r=g\",\"caption\":\"Oscar\"},\"url\":\"https:\\\/\\\/lagnoticias.com\\\/en\\\/author\\\/oscar\\\/\"}]}<\/script>\n<!-- \/ Yoast SEO plugin. -->","yoast_head_json":{"title":"EE. UU.: familias de militares enfrentan incertidumbre tras fin de protecci\u00f3n migratoria - La G Noticias","robots":{"index":"index","follow":"follow","max-snippet":"max-snippet:-1","max-image-preview":"max-image-preview:large","max-video-preview":"max-video-preview:-1"},"canonical":"https:\/\/lagnoticias.com\/en\/2025\/10\/20\/ee-uu-familias-de-militares-enfrentan-incertidumbre-tras-fin-de-proteccion-migratoria\/","og_locale":"en_US","og_type":"article","og_title":"EE. UU.: familias de militares enfrentan incertidumbre tras fin de protecci\u00f3n migratoria - La G Noticias","og_description":"La nueva pol\u00edtica migratoria de Donald Trump elimina protecciones que antes evitaban la deportaci\u00f3n de familiares de militares en servicio, esto ya provoc\u00f3 la expulsi\u00f3n de familiares de marines en California.","og_url":"https:\/\/lagnoticias.com\/en\/2025\/10\/20\/ee-uu-familias-de-militares-enfrentan-incertidumbre-tras-fin-de-proteccion-migratoria\/","og_site_name":"La G Noticias","article_publisher":"https:\/\/www.facebook.com\/LaGNoticias","article_published_time":"2025-10-20T12:00:00+00:00","article_modified_time":"2025-10-21T16:09:27+00:00","og_image":[{"width":845,"height":594,"url":"https:\/\/lagnoticias.com\/wp-content\/uploads\/2025\/10\/1-2-7.jpg","type":"image\/jpeg"}],"author":"Oscar","twitter_card":"summary_large_image","twitter_creator":"@lagnoticias","twitter_site":"@lagnoticias","twitter_misc":{"Written by":"Oscar","Est. reading time":"4 minutes"},"schema":{"@context":"https:\/\/schema.org","@graph":[{"@type":"Article","@id":"https:\/\/lagnoticias.com\/2025\/10\/20\/ee-uu-familias-de-militares-enfrentan-incertidumbre-tras-fin-de-proteccion-migratoria\/#article","isPartOf":{"@id":"https:\/\/lagnoticias.com\/2025\/10\/20\/ee-uu-familias-de-militares-enfrentan-incertidumbre-tras-fin-de-proteccion-migratoria\/"},"author":{"name":"Oscar","@id":"https:\/\/lagnoticias.com\/#\/schema\/person\/cb9bfe13f8de05d2c55270be25c6a550"},"headline":"EE. UU.: familias de militares enfrentan incertidumbre tras fin de protecci\u00f3n migratoria","datePublished":"2025-10-20T12:00:00+00:00","dateModified":"2025-10-21T16:09:27+00:00","mainEntityOfPage":{"@id":"https:\/\/lagnoticias.com\/2025\/10\/20\/ee-uu-familias-de-militares-enfrentan-incertidumbre-tras-fin-de-proteccion-migratoria\/"},"wordCount":755,"commentCount":0,"image":{"@id":"https:\/\/lagnoticias.com\/2025\/10\/20\/ee-uu-familias-de-militares-enfrentan-incertidumbre-tras-fin-de-proteccion-migratoria\/#primaryimage"},"thumbnailUrl":"https:\/\/lagnoticias.com\/wp-content\/uploads\/2025\/10\/1-2-7.jpg","keywords":["DEPORTACI\u00d3N","DONALD TRUMP","ESTADOS UNIDOS","INMIGRANTES","MARINE","NAVY"],"articleSection":["INTERNACIONALES"],"inLanguage":"en-US","potentialAction":[{"@type":"CommentAction","name":"Comment","target":["https:\/\/lagnoticias.com\/2025\/10\/20\/ee-uu-familias-de-militares-enfrentan-incertidumbre-tras-fin-de-proteccion-migratoria\/#respond"]}]},{"@type":"WebPage","@id":"https:\/\/lagnoticias.com\/2025\/10\/20\/ee-uu-familias-de-militares-enfrentan-incertidumbre-tras-fin-de-proteccion-migratoria\/","url":"https:\/\/lagnoticias.com\/2025\/10\/20\/ee-uu-familias-de-militares-enfrentan-incertidumbre-tras-fin-de-proteccion-migratoria\/","name":"EE. UU.: familias de militares enfrentan incertidumbre tras fin de protecci\u00f3n migratoria - La G Noticias","isPartOf":{"@id":"https:\/\/lagnoticias.com\/#website"},"primaryImageOfPage":{"@id":"https:\/\/lagnoticias.com\/2025\/10\/20\/ee-uu-familias-de-militares-enfrentan-incertidumbre-tras-fin-de-proteccion-migratoria\/#primaryimage"},"image":{"@id":"https:\/\/lagnoticias.com\/2025\/10\/20\/ee-uu-familias-de-militares-enfrentan-incertidumbre-tras-fin-de-proteccion-migratoria\/#primaryimage"},"thumbnailUrl":"https:\/\/lagnoticias.com\/wp-content\/uploads\/2025\/10\/1-2-7.jpg","datePublished":"2025-10-20T12:00:00+00:00","dateModified":"2025-10-21T16:09:27+00:00","author":{"@id":"https:\/\/lagnoticias.com\/#\/schema\/person\/cb9bfe13f8de05d2c55270be25c6a550"},"breadcrumb":{"@id":"https:\/\/lagnoticias.com\/2025\/10\/20\/ee-uu-familias-de-militares-enfrentan-incertidumbre-tras-fin-de-proteccion-migratoria\/#breadcrumb"},"inLanguage":"en-US","potentialAction":[{"@type":"ReadAction","target":["https:\/\/lagnoticias.com\/2025\/10\/20\/ee-uu-familias-de-militares-enfrentan-incertidumbre-tras-fin-de-proteccion-migratoria\/"]}]},{"@type":"ImageObject","inLanguage":"en-US","@id":"https:\/\/lagnoticias.com\/2025\/10\/20\/ee-uu-familias-de-militares-enfrentan-incertidumbre-tras-fin-de-proteccion-migratoria\/#primaryimage","url":"https:\/\/lagnoticias.com\/wp-content\/uploads\/2025\/10\/1-2-7.jpg","contentUrl":"https:\/\/lagnoticias.com\/wp-content\/uploads\/2025\/10\/1-2-7.jpg","width":845,"height":594},{"@type":"BreadcrumbList","@id":"https:\/\/lagnoticias.com\/2025\/10\/20\/ee-uu-familias-de-militares-enfrentan-incertidumbre-tras-fin-de-proteccion-migratoria\/#breadcrumb","itemListElement":[{"@type":"ListItem","position":1,"name":"Portada","item":"https:\/\/lagnoticias.com\/"},{"@type":"ListItem","position":2,"name":"EE. UU.: familias de militares enfrentan incertidumbre tras fin de protecci\u00f3n migratoria"}]},{"@type":"WebSite","@id":"https:\/\/lagnoticias.com\/#website","url":"https:\/\/lagnoticias.com\/","name":"La G Noticias","description":"Noticias Positivas","potentialAction":[{"@type":"SearchAction","target":{"@type":"EntryPoint","urlTemplate":"https:\/\/lagnoticias.com\/?s={search_term_string}"},"query-input":{"@type":"PropertyValueSpecification","valueRequired":true,"valueName":"search_term_string"}}],"inLanguage":"en-US"},{"@type":"Person","@id":"https:\/\/lagnoticias.com\/#\/schema\/person\/cb9bfe13f8de05d2c55270be25c6a550","name":"Oscar","image":{"@type":"ImageObject","inLanguage":"en-US","@id":"https:\/\/secure.gravatar.com\/avatar\/45c195718f652dc7ffdd591dc1f2678956ab7fdadcd359a635edc61304a8c757?s=96&d=mm&r=g","url":"https:\/\/secure.gravatar.com\/avatar\/45c195718f652dc7ffdd591dc1f2678956ab7fdadcd359a635edc61304a8c757?s=96&d=mm&r=g","contentUrl":"https:\/\/secure.gravatar.com\/avatar\/45c195718f652dc7ffdd591dc1f2678956ab7fdadcd359a635edc61304a8c757?s=96&d=mm&r=g","caption":"Oscar"},"url":"https:\/\/lagnoticias.com\/en\/author\/oscar\/"}]}},"_links":{"self":[{"href":"https:\/\/lagnoticias.com\/en\/wp-json\/wp\/v2\/posts\/6071","targetHints":{"allow":["GET"]}}],"collection":[{"href":"https:\/\/lagnoticias.com\/en\/wp-json\/wp\/v2\/posts"}],"about":[{"href":"https:\/\/lagnoticias.com\/en\/wp-json\/wp\/v2\/types\/post"}],"author":[{"embeddable":true,"href":"https:\/\/lagnoticias.com\/en\/wp-json\/wp\/v2\/users\/2"}],"replies":[{"embeddable":true,"href":"https:\/\/lagnoticias.com\/en\/wp-json\/wp\/v2\/comments?post=6071"}],"version-history":[{"count":1,"href":"https:\/\/lagnoticias.com\/en\/wp-json\/wp\/v2\/posts\/6071\/revisions"}],"predecessor-version":[{"id":6074,"href":"https:\/\/lagnoticias.com\/en\/wp-json\/wp\/v2\/posts\/6071\/revisions\/6074"}],"wp:featuredmedia":[{"embeddable":true,"href":"https:\/\/lagnoticias.com\/en\/wp-json\/wp\/v2\/media\/6072"}],"wp:attachment":[{"href":"https:\/\/lagnoticias.com\/en\/wp-json\/wp\/v2\/media?parent=6071"}],"wp:term":[{"taxonomy":"category","embeddable":true,"href":"https:\/\/lagnoticias.com\/en\/wp-json\/wp\/v2\/categories?post=6071"},{"taxonomy":"post_tag","embeddable":true,"href":"https:\/\/lagnoticias.com\/en\/wp-json\/wp\/v2\/tags?post=6071"}],"curies":[{"name":"wp","href":"https:\/\/api.w.org\/{rel}","templated":true}]}}