{"id":6062,"date":"2025-10-17T14:10:44","date_gmt":"2025-10-17T20:10:44","guid":{"rendered":"https:\/\/lagnoticias.com\/?p=6062"},"modified":"2025-10-17T14:10:45","modified_gmt":"2025-10-17T20:10:45","slug":"potenciar-la-reserva-cognitiva-retrasa-el-envejecimiento-dicen-los-expertos","status":"publish","type":"post","link":"https:\/\/lagnoticias.com\/en\/2025\/10\/17\/potenciar-la-reserva-cognitiva-retrasa-el-envejecimiento-dicen-los-expertos\/","title":{"rendered":"Potenciar la reserva cognitiva retrasa el envejecimiento, dicen los expertos"},"content":{"rendered":"<p>La&nbsp;reserva cognitiva&nbsp;es la capacidad del cerebro para resistir o compensar da\u00f1os provocados por el envejecimiento y permite, adem\u00e1s, una mejor adaptaci\u00f3n a los cambios provocados por enfermedades neurodegenerativas, procesos fisiopatol\u00f3gicos o envejecimiento. En ese contexto, los especialistas se preguntan cu\u00e1les son los beneficios y c\u00f3mo se puede desarrollarla.<\/p>\n\n\n\n<h2 class=\"wp-block-heading\">Las investigaciones sobre reserva cognitiva<\/h2>\n\n\n\n<p>Las investigaciones previas sobre los efectos de la reserva cognitiva avanzaron enormemente gracias al \u201cEstudio de las monjas\u201d de David Snowdon para la Universidad de Minnesota, en 1986, con el que se logr\u00f3 comprender el deterioro cognitivo asociado al envejecimiento y a la enfermedad de Alzheimer.<\/p>\n\n\n\n<p>Snowdon trabaj\u00f3 con unas&nbsp;678 monjas de la congregaci\u00f3n de las Hermanas de Notre Dame, en Baviera, cuyas integrantes ten\u00edan un promedio de 83 a\u00f1os, mayormente maestras y profesoras con condiciones f\u00edsicas y mentales variadas. Los resultados arrojaron que actividades como&nbsp;la lectura, la escritura, el sostenimiento de relaciones sociales y afectivas y una alimentaci\u00f3n adecuada&nbsp;eran los factores m\u00e1s influyentes para promover un buen grado de rendimiento cognitivo.<\/p>\n\n\n\n<p>\u201cEl concepto de reserva en neuropsicolog\u00eda se utiliza para dar cuenta de la separaci\u00f3n entre un da\u00f1o cerebral o patolog\u00eda y su manifestaci\u00f3n cl\u00ednica. Hay dos modos de aproximaci\u00f3n a este fen\u00f3meno. Uno hace alusi\u00f3n al concepto de reserva cerebral, que alude a diferencias cuantitativas como aumento de materia gris, mayor cantidad de neuronas o de redes sin\u00e1pticas, es decir, aquello que permite la comunicaci\u00f3n y transmisi\u00f3n de informaci\u00f3n a trav\u00e9s del sistema nervioso\u201d, subray\u00f3 Wanda Rubinstein, asesora de Manantial Grupo Humano, Investigadora CONICET-UBA y coordinadora del Centro de Investigaciones en Neurociencias y Neuropsicolog\u00eda de la UP.<\/p>\n\n\n\n<p><\/p>\n\n\n\n<figure class=\"wp-block-image aligncenter size-full\"><img loading=\"lazy\" decoding=\"async\" width=\"600\" height=\"315\" src=\"https:\/\/lagnoticias.com\/wp-content\/uploads\/2025\/10\/4-1-10.jpg\" alt=\"\" class=\"wp-image-6064\" srcset=\"https:\/\/lagnoticias.com\/wp-content\/uploads\/2025\/10\/4-1-10.jpg 600w, https:\/\/lagnoticias.com\/wp-content\/uploads\/2025\/10\/4-1-10-480x252.jpg 480w\" sizes=\"(min-width: 0px) and (max-width: 480px) 480px, (min-width: 481px) 600px, 100vw\" \/><\/figure>\n\n\n\n<p>Adem\u00e1s, agreg\u00f3: \u201cEl segundo tipo de reserva cognitiva hace referencia a las diferencias en los procesos cognitivos de cada persona que permiten hacer frente, en mayor o menor grado, al da\u00f1o cerebral\u201d.<\/p>\n\n\n\n<p>Esa reserva cognitiva explica&nbsp;las diferencias individuales en la capacidad de resistir el avance de la edad y las enfermedades neurodegenerativas. \u201cLas personas con mayor reserva cognitiva tienen m\u00e1s capacidad de enfrentar el avance de la patolog\u00eda cerebral mucho antes de que empiecen a aparecer los s\u00edntomas, porque cuando comienzan a producirse esos cambios cerebrales las diferencias interpersonales pueden influir en la forma m\u00e1s adecuada de cada persona para afrontarlos\u201d, sostuvo Romina Tirigay, psic\u00f3loga especialista en neuropsicolog\u00eda e integrante del Centro de Investigaciones en Neurociencias y Neuropsicolog\u00eda de la Universidad de Palermo.<\/p>\n\n\n\n<p>\u201cTodos poseemos la capacidad de generar reserva cognitiva, solo se trata de entrenarla. El cerebro tiende a realizar las tareas cognitivas por sus caminos convencionales, as\u00ed que generar desaf\u00edos cognitivos promueve la necesidad de recorrer nuevas rutas. Hay que recordar que hasta los 90 a\u00f1os existe la posibilidad de generar neuronas nuevas\u201d, explic\u00f3 Rubinstein<\/p>\n\n\n\n<p>A pesar de que podemos desarrollar reserva cognitiva, y que la misma depende de factores educativos o de h\u00e1bitos y temas culturales, Rubinstein advirti\u00f3, adem\u00e1s, que tambi\u00e9n&nbsp;est\u00e1 determinada por factores gen\u00e9ticos. \u201cPara estimar la reserva cognitiva de un sujeto se utilizan una serie de indicadores que refieren a las diferencias individuales constituidas por factores gen\u00e9ticos y ambientales.<\/p>\n\n\n\n<p>El uso de una sola medida de estas no aporta una imagen completa de la reserva cognitiva de un individuo porque la misma resulta de una combinaci\u00f3n de experiencias y actividades a lo largo de la vida\u201d, afirm\u00f3<\/p>","protected":false},"excerpt":{"rendered":"<p>La reserva cognitiva es la capacidad de adaptaci\u00f3n de la cognici\u00f3n frente a los cambios cerebrales provocados por enfermedades neurodegenerativas, alg\u00fan proceso fisiopatol\u00f3gico, o alteraciones asociadas al envejecimiento biol\u00f3gico.<\/p>","protected":false},"author":2,"featured_media":6063,"comment_status":"open","ping_status":"open","sticky":false,"template":"","format":"standard","meta":{"_et_pb_use_builder":"off","_et_pb_old_content":"","_et_gb_content_width":"","footnotes":""},"categories":[929],"tags":[1118,868,1408,1409,1407],"class_list":["post-6062","post","type-post","status-publish","format-standard","has-post-thumbnail","hentry","category-vida","tag-cerebro","tag-ciencia","tag-envejecimiento","tag-estudios-cientificos","tag-reserva-cognitiva"],"yoast_head":"<!-- This site is optimized with the Yoast SEO plugin v27.4 - https:\/\/yoast.com\/product\/yoast-seo-wordpress\/ -->\n<title>Potenciar la reserva cognitiva retrasa el envejecimiento, dicen los expertos - La G Noticias<\/title>\n<meta name=\"robots\" content=\"index, follow, max-snippet:-1, max-image-preview:large, max-video-preview:-1\" \/>\n<link rel=\"canonical\" href=\"https:\/\/lagnoticias.com\/en\/2025\/10\/17\/potenciar-la-reserva-cognitiva-retrasa-el-envejecimiento-dicen-los-expertos\/\" \/>\n<meta property=\"og:locale\" content=\"en_US\" \/>\n<meta property=\"og:type\" content=\"article\" \/>\n<meta property=\"og:title\" content=\"Potenciar la reserva cognitiva retrasa el envejecimiento, dicen los expertos - La G Noticias\" \/>\n<meta property=\"og:description\" content=\"La reserva cognitiva es la capacidad de adaptaci\u00f3n de la cognici\u00f3n frente a los cambios cerebrales provocados por enfermedades neurodegenerativas, alg\u00fan proceso fisiopatol\u00f3gico, o alteraciones asociadas al envejecimiento biol\u00f3gico.\" \/>\n<meta property=\"og:url\" content=\"https:\/\/lagnoticias.com\/en\/2025\/10\/17\/potenciar-la-reserva-cognitiva-retrasa-el-envejecimiento-dicen-los-expertos\/\" \/>\n<meta property=\"og:site_name\" content=\"La G Noticias\" \/>\n<meta property=\"article:publisher\" content=\"https:\/\/www.facebook.com\/LaGNoticias\" \/>\n<meta property=\"article:published_time\" content=\"2025-10-17T20:10:44+00:00\" \/>\n<meta property=\"article:modified_time\" content=\"2025-10-17T20:10:45+00:00\" \/>\n<meta property=\"og:image\" content=\"https:\/\/lagnoticias.com\/wp-content\/uploads\/2025\/10\/4-2-8.jpg\" \/>\n\t<meta property=\"og:image:width\" content=\"800\" \/>\n\t<meta property=\"og:image:height\" content=\"485\" \/>\n\t<meta property=\"og:image:type\" content=\"image\/jpeg\" \/>\n<meta name=\"author\" content=\"Oscar\" \/>\n<meta name=\"twitter:card\" content=\"summary_large_image\" \/>\n<meta name=\"twitter:creator\" content=\"@lagnoticias\" \/>\n<meta name=\"twitter:site\" content=\"@lagnoticias\" \/>\n<meta name=\"twitter:label1\" content=\"Written by\" \/>\n\t<meta name=\"twitter:data1\" content=\"Oscar\" \/>\n\t<meta name=\"twitter:label2\" content=\"Est. reading time\" \/>\n\t<meta name=\"twitter:data2\" content=\"3 minutes\" \/>\n<script type=\"application\/ld+json\" class=\"yoast-schema-graph\">{\"@context\":\"https:\\\/\\\/schema.org\",\"@graph\":[{\"@type\":\"Article\",\"@id\":\"https:\\\/\\\/lagnoticias.com\\\/2025\\\/10\\\/17\\\/potenciar-la-reserva-cognitiva-retrasa-el-envejecimiento-dicen-los-expertos\\\/#article\",\"isPartOf\":{\"@id\":\"https:\\\/\\\/lagnoticias.com\\\/2025\\\/10\\\/17\\\/potenciar-la-reserva-cognitiva-retrasa-el-envejecimiento-dicen-los-expertos\\\/\"},\"author\":{\"name\":\"Oscar\",\"@id\":\"https:\\\/\\\/lagnoticias.com\\\/#\\\/schema\\\/person\\\/cb9bfe13f8de05d2c55270be25c6a550\"},\"headline\":\"Potenciar la reserva cognitiva retrasa el envejecimiento, dicen los expertos\",\"datePublished\":\"2025-10-17T20:10:44+00:00\",\"dateModified\":\"2025-10-17T20:10:45+00:00\",\"mainEntityOfPage\":{\"@id\":\"https:\\\/\\\/lagnoticias.com\\\/2025\\\/10\\\/17\\\/potenciar-la-reserva-cognitiva-retrasa-el-envejecimiento-dicen-los-expertos\\\/\"},\"wordCount\":598,\"commentCount\":0,\"image\":{\"@id\":\"https:\\\/\\\/lagnoticias.com\\\/2025\\\/10\\\/17\\\/potenciar-la-reserva-cognitiva-retrasa-el-envejecimiento-dicen-los-expertos\\\/#primaryimage\"},\"thumbnailUrl\":\"https:\\\/\\\/lagnoticias.com\\\/wp-content\\\/uploads\\\/2025\\\/10\\\/4-2-8.jpg\",\"keywords\":[\"CEREBRO\",\"CIENCIA\",\"ENVEJECIMIENTO\",\"ESTUDIOS CIENTIFICOS\",\"RESERVA COGNITIVA\"],\"articleSection\":[\"VIDA\"],\"inLanguage\":\"en-US\",\"potentialAction\":[{\"@type\":\"CommentAction\",\"name\":\"Comment\",\"target\":[\"https:\\\/\\\/lagnoticias.com\\\/2025\\\/10\\\/17\\\/potenciar-la-reserva-cognitiva-retrasa-el-envejecimiento-dicen-los-expertos\\\/#respond\"]}]},{\"@type\":\"WebPage\",\"@id\":\"https:\\\/\\\/lagnoticias.com\\\/2025\\\/10\\\/17\\\/potenciar-la-reserva-cognitiva-retrasa-el-envejecimiento-dicen-los-expertos\\\/\",\"url\":\"https:\\\/\\\/lagnoticias.com\\\/2025\\\/10\\\/17\\\/potenciar-la-reserva-cognitiva-retrasa-el-envejecimiento-dicen-los-expertos\\\/\",\"name\":\"Potenciar la reserva cognitiva retrasa el envejecimiento, dicen los expertos - La G Noticias\",\"isPartOf\":{\"@id\":\"https:\\\/\\\/lagnoticias.com\\\/#website\"},\"primaryImageOfPage\":{\"@id\":\"https:\\\/\\\/lagnoticias.com\\\/2025\\\/10\\\/17\\\/potenciar-la-reserva-cognitiva-retrasa-el-envejecimiento-dicen-los-expertos\\\/#primaryimage\"},\"image\":{\"@id\":\"https:\\\/\\\/lagnoticias.com\\\/2025\\\/10\\\/17\\\/potenciar-la-reserva-cognitiva-retrasa-el-envejecimiento-dicen-los-expertos\\\/#primaryimage\"},\"thumbnailUrl\":\"https:\\\/\\\/lagnoticias.com\\\/wp-content\\\/uploads\\\/2025\\\/10\\\/4-2-8.jpg\",\"datePublished\":\"2025-10-17T20:10:44+00:00\",\"dateModified\":\"2025-10-17T20:10:45+00:00\",\"author\":{\"@id\":\"https:\\\/\\\/lagnoticias.com\\\/#\\\/schema\\\/person\\\/cb9bfe13f8de05d2c55270be25c6a550\"},\"breadcrumb\":{\"@id\":\"https:\\\/\\\/lagnoticias.com\\\/2025\\\/10\\\/17\\\/potenciar-la-reserva-cognitiva-retrasa-el-envejecimiento-dicen-los-expertos\\\/#breadcrumb\"},\"inLanguage\":\"en-US\",\"potentialAction\":[{\"@type\":\"ReadAction\",\"target\":[\"https:\\\/\\\/lagnoticias.com\\\/2025\\\/10\\\/17\\\/potenciar-la-reserva-cognitiva-retrasa-el-envejecimiento-dicen-los-expertos\\\/\"]}]},{\"@type\":\"ImageObject\",\"inLanguage\":\"en-US\",\"@id\":\"https:\\\/\\\/lagnoticias.com\\\/2025\\\/10\\\/17\\\/potenciar-la-reserva-cognitiva-retrasa-el-envejecimiento-dicen-los-expertos\\\/#primaryimage\",\"url\":\"https:\\\/\\\/lagnoticias.com\\\/wp-content\\\/uploads\\\/2025\\\/10\\\/4-2-8.jpg\",\"contentUrl\":\"https:\\\/\\\/lagnoticias.com\\\/wp-content\\\/uploads\\\/2025\\\/10\\\/4-2-8.jpg\",\"width\":800,\"height\":485},{\"@type\":\"BreadcrumbList\",\"@id\":\"https:\\\/\\\/lagnoticias.com\\\/2025\\\/10\\\/17\\\/potenciar-la-reserva-cognitiva-retrasa-el-envejecimiento-dicen-los-expertos\\\/#breadcrumb\",\"itemListElement\":[{\"@type\":\"ListItem\",\"position\":1,\"name\":\"Portada\",\"item\":\"https:\\\/\\\/lagnoticias.com\\\/\"},{\"@type\":\"ListItem\",\"position\":2,\"name\":\"Potenciar la reserva cognitiva retrasa el envejecimiento, dicen los expertos\"}]},{\"@type\":\"WebSite\",\"@id\":\"https:\\\/\\\/lagnoticias.com\\\/#website\",\"url\":\"https:\\\/\\\/lagnoticias.com\\\/\",\"name\":\"La G Noticias\",\"description\":\"Noticias Positivas\",\"potentialAction\":[{\"@type\":\"SearchAction\",\"target\":{\"@type\":\"EntryPoint\",\"urlTemplate\":\"https:\\\/\\\/lagnoticias.com\\\/?s={search_term_string}\"},\"query-input\":{\"@type\":\"PropertyValueSpecification\",\"valueRequired\":true,\"valueName\":\"search_term_string\"}}],\"inLanguage\":\"en-US\"},{\"@type\":\"Person\",\"@id\":\"https:\\\/\\\/lagnoticias.com\\\/#\\\/schema\\\/person\\\/cb9bfe13f8de05d2c55270be25c6a550\",\"name\":\"Oscar\",\"image\":{\"@type\":\"ImageObject\",\"inLanguage\":\"en-US\",\"@id\":\"https:\\\/\\\/secure.gravatar.com\\\/avatar\\\/45c195718f652dc7ffdd591dc1f2678956ab7fdadcd359a635edc61304a8c757?s=96&d=mm&r=g\",\"url\":\"https:\\\/\\\/secure.gravatar.com\\\/avatar\\\/45c195718f652dc7ffdd591dc1f2678956ab7fdadcd359a635edc61304a8c757?s=96&d=mm&r=g\",\"contentUrl\":\"https:\\\/\\\/secure.gravatar.com\\\/avatar\\\/45c195718f652dc7ffdd591dc1f2678956ab7fdadcd359a635edc61304a8c757?s=96&d=mm&r=g\",\"caption\":\"Oscar\"},\"url\":\"https:\\\/\\\/lagnoticias.com\\\/en\\\/author\\\/oscar\\\/\"}]}<\/script>\n<!-- \/ Yoast SEO plugin. -->","yoast_head_json":{"title":"Potenciar la reserva cognitiva retrasa el envejecimiento, dicen los expertos - La G Noticias","robots":{"index":"index","follow":"follow","max-snippet":"max-snippet:-1","max-image-preview":"max-image-preview:large","max-video-preview":"max-video-preview:-1"},"canonical":"https:\/\/lagnoticias.com\/en\/2025\/10\/17\/potenciar-la-reserva-cognitiva-retrasa-el-envejecimiento-dicen-los-expertos\/","og_locale":"en_US","og_type":"article","og_title":"Potenciar la reserva cognitiva retrasa el envejecimiento, dicen los expertos - La G Noticias","og_description":"La reserva cognitiva es la capacidad de adaptaci\u00f3n de la cognici\u00f3n frente a los cambios cerebrales provocados por enfermedades neurodegenerativas, alg\u00fan proceso fisiopatol\u00f3gico, o alteraciones asociadas al envejecimiento biol\u00f3gico.","og_url":"https:\/\/lagnoticias.com\/en\/2025\/10\/17\/potenciar-la-reserva-cognitiva-retrasa-el-envejecimiento-dicen-los-expertos\/","og_site_name":"La G Noticias","article_publisher":"https:\/\/www.facebook.com\/LaGNoticias","article_published_time":"2025-10-17T20:10:44+00:00","article_modified_time":"2025-10-17T20:10:45+00:00","og_image":[{"width":800,"height":485,"url":"https:\/\/lagnoticias.com\/wp-content\/uploads\/2025\/10\/4-2-8.jpg","type":"image\/jpeg"}],"author":"Oscar","twitter_card":"summary_large_image","twitter_creator":"@lagnoticias","twitter_site":"@lagnoticias","twitter_misc":{"Written by":"Oscar","Est. reading time":"3 minutes"},"schema":{"@context":"https:\/\/schema.org","@graph":[{"@type":"Article","@id":"https:\/\/lagnoticias.com\/2025\/10\/17\/potenciar-la-reserva-cognitiva-retrasa-el-envejecimiento-dicen-los-expertos\/#article","isPartOf":{"@id":"https:\/\/lagnoticias.com\/2025\/10\/17\/potenciar-la-reserva-cognitiva-retrasa-el-envejecimiento-dicen-los-expertos\/"},"author":{"name":"Oscar","@id":"https:\/\/lagnoticias.com\/#\/schema\/person\/cb9bfe13f8de05d2c55270be25c6a550"},"headline":"Potenciar la reserva cognitiva retrasa el envejecimiento, dicen los expertos","datePublished":"2025-10-17T20:10:44+00:00","dateModified":"2025-10-17T20:10:45+00:00","mainEntityOfPage":{"@id":"https:\/\/lagnoticias.com\/2025\/10\/17\/potenciar-la-reserva-cognitiva-retrasa-el-envejecimiento-dicen-los-expertos\/"},"wordCount":598,"commentCount":0,"image":{"@id":"https:\/\/lagnoticias.com\/2025\/10\/17\/potenciar-la-reserva-cognitiva-retrasa-el-envejecimiento-dicen-los-expertos\/#primaryimage"},"thumbnailUrl":"https:\/\/lagnoticias.com\/wp-content\/uploads\/2025\/10\/4-2-8.jpg","keywords":["CEREBRO","CIENCIA","ENVEJECIMIENTO","ESTUDIOS CIENTIFICOS","RESERVA COGNITIVA"],"articleSection":["VIDA"],"inLanguage":"en-US","potentialAction":[{"@type":"CommentAction","name":"Comment","target":["https:\/\/lagnoticias.com\/2025\/10\/17\/potenciar-la-reserva-cognitiva-retrasa-el-envejecimiento-dicen-los-expertos\/#respond"]}]},{"@type":"WebPage","@id":"https:\/\/lagnoticias.com\/2025\/10\/17\/potenciar-la-reserva-cognitiva-retrasa-el-envejecimiento-dicen-los-expertos\/","url":"https:\/\/lagnoticias.com\/2025\/10\/17\/potenciar-la-reserva-cognitiva-retrasa-el-envejecimiento-dicen-los-expertos\/","name":"Potenciar la reserva cognitiva retrasa el envejecimiento, dicen los expertos - La G Noticias","isPartOf":{"@id":"https:\/\/lagnoticias.com\/#website"},"primaryImageOfPage":{"@id":"https:\/\/lagnoticias.com\/2025\/10\/17\/potenciar-la-reserva-cognitiva-retrasa-el-envejecimiento-dicen-los-expertos\/#primaryimage"},"image":{"@id":"https:\/\/lagnoticias.com\/2025\/10\/17\/potenciar-la-reserva-cognitiva-retrasa-el-envejecimiento-dicen-los-expertos\/#primaryimage"},"thumbnailUrl":"https:\/\/lagnoticias.com\/wp-content\/uploads\/2025\/10\/4-2-8.jpg","datePublished":"2025-10-17T20:10:44+00:00","dateModified":"2025-10-17T20:10:45+00:00","author":{"@id":"https:\/\/lagnoticias.com\/#\/schema\/person\/cb9bfe13f8de05d2c55270be25c6a550"},"breadcrumb":{"@id":"https:\/\/lagnoticias.com\/2025\/10\/17\/potenciar-la-reserva-cognitiva-retrasa-el-envejecimiento-dicen-los-expertos\/#breadcrumb"},"inLanguage":"en-US","potentialAction":[{"@type":"ReadAction","target":["https:\/\/lagnoticias.com\/2025\/10\/17\/potenciar-la-reserva-cognitiva-retrasa-el-envejecimiento-dicen-los-expertos\/"]}]},{"@type":"ImageObject","inLanguage":"en-US","@id":"https:\/\/lagnoticias.com\/2025\/10\/17\/potenciar-la-reserva-cognitiva-retrasa-el-envejecimiento-dicen-los-expertos\/#primaryimage","url":"https:\/\/lagnoticias.com\/wp-content\/uploads\/2025\/10\/4-2-8.jpg","contentUrl":"https:\/\/lagnoticias.com\/wp-content\/uploads\/2025\/10\/4-2-8.jpg","width":800,"height":485},{"@type":"BreadcrumbList","@id":"https:\/\/lagnoticias.com\/2025\/10\/17\/potenciar-la-reserva-cognitiva-retrasa-el-envejecimiento-dicen-los-expertos\/#breadcrumb","itemListElement":[{"@type":"ListItem","position":1,"name":"Portada","item":"https:\/\/lagnoticias.com\/"},{"@type":"ListItem","position":2,"name":"Potenciar la reserva cognitiva retrasa el envejecimiento, dicen los expertos"}]},{"@type":"WebSite","@id":"https:\/\/lagnoticias.com\/#website","url":"https:\/\/lagnoticias.com\/","name":"La G Noticias","description":"Noticias Positivas","potentialAction":[{"@type":"SearchAction","target":{"@type":"EntryPoint","urlTemplate":"https:\/\/lagnoticias.com\/?s={search_term_string}"},"query-input":{"@type":"PropertyValueSpecification","valueRequired":true,"valueName":"search_term_string"}}],"inLanguage":"en-US"},{"@type":"Person","@id":"https:\/\/lagnoticias.com\/#\/schema\/person\/cb9bfe13f8de05d2c55270be25c6a550","name":"Oscar","image":{"@type":"ImageObject","inLanguage":"en-US","@id":"https:\/\/secure.gravatar.com\/avatar\/45c195718f652dc7ffdd591dc1f2678956ab7fdadcd359a635edc61304a8c757?s=96&d=mm&r=g","url":"https:\/\/secure.gravatar.com\/avatar\/45c195718f652dc7ffdd591dc1f2678956ab7fdadcd359a635edc61304a8c757?s=96&d=mm&r=g","contentUrl":"https:\/\/secure.gravatar.com\/avatar\/45c195718f652dc7ffdd591dc1f2678956ab7fdadcd359a635edc61304a8c757?s=96&d=mm&r=g","caption":"Oscar"},"url":"https:\/\/lagnoticias.com\/en\/author\/oscar\/"}]}},"_links":{"self":[{"href":"https:\/\/lagnoticias.com\/en\/wp-json\/wp\/v2\/posts\/6062","targetHints":{"allow":["GET"]}}],"collection":[{"href":"https:\/\/lagnoticias.com\/en\/wp-json\/wp\/v2\/posts"}],"about":[{"href":"https:\/\/lagnoticias.com\/en\/wp-json\/wp\/v2\/types\/post"}],"author":[{"embeddable":true,"href":"https:\/\/lagnoticias.com\/en\/wp-json\/wp\/v2\/users\/2"}],"replies":[{"embeddable":true,"href":"https:\/\/lagnoticias.com\/en\/wp-json\/wp\/v2\/comments?post=6062"}],"version-history":[{"count":1,"href":"https:\/\/lagnoticias.com\/en\/wp-json\/wp\/v2\/posts\/6062\/revisions"}],"predecessor-version":[{"id":6065,"href":"https:\/\/lagnoticias.com\/en\/wp-json\/wp\/v2\/posts\/6062\/revisions\/6065"}],"wp:featuredmedia":[{"embeddable":true,"href":"https:\/\/lagnoticias.com\/en\/wp-json\/wp\/v2\/media\/6063"}],"wp:attachment":[{"href":"https:\/\/lagnoticias.com\/en\/wp-json\/wp\/v2\/media?parent=6062"}],"wp:term":[{"taxonomy":"category","embeddable":true,"href":"https:\/\/lagnoticias.com\/en\/wp-json\/wp\/v2\/categories?post=6062"},{"taxonomy":"post_tag","embeddable":true,"href":"https:\/\/lagnoticias.com\/en\/wp-json\/wp\/v2\/tags?post=6062"}],"curies":[{"name":"wp","href":"https:\/\/api.w.org\/{rel}","templated":true}]}}