{"id":5969,"date":"2025-10-16T12:05:25","date_gmt":"2025-10-16T18:05:25","guid":{"rendered":"https:\/\/lagnoticias.com\/?p=5969"},"modified":"2025-10-16T12:05:26","modified_gmt":"2025-10-16T18:05:26","slug":"refuerza-tus-defensas-este-invierno-descubre-que-comer-para-vencer-al-frio-y-los-virus","status":"publish","type":"post","link":"https:\/\/lagnoticias.com\/en\/2025\/10\/16\/refuerza-tus-defensas-este-invierno-descubre-que-comer-para-vencer-al-frio-y-los-virus\/","title":{"rendered":"Refuerza tus defensas este invierno: descubre qu\u00e9 comer para vencer al fr\u00edo y los virus"},"content":{"rendered":"<p>Con la llegada de la&nbsp;temporada de bajas temperaturas, es frecuente observar un incremento en los casos de&nbsp;resfriados comunes y otras afecciones respiratorias. Si bien es una asociaci\u00f3n popular, la conexi\u00f3n directa entre el fr\u00edo y la enfermedad no es exactamente como se piensa.<\/p>\n\n\n\n<p>Desde la secci\u00f3n de Men\u00fa de El Universal, presentamos un an\u00e1lisis basado en fuentes m\u00e9dicas especializadas que detalla los factores reales detr\u00e1s de esta tendencia estacional y, fundamentalmente, c\u00f3mo una alimentaci\u00f3n estrat\u00e9gica puede ser la mejor aliada para mantener la salud.<\/p>\n\n\n\n<h2 class=\"wp-block-heading\">\u00bfPor qu\u00e9 aumentan las enfermedades con el fr\u00edo?<\/h2>\n\n\n\n<p>Contrario a la creencia generalizada, las bajas temperaturas por s\u00ed solas no son la causa directa de que una persona se resfr\u00ede. La explicaci\u00f3n, de acuerdo con la reconocida&nbsp;Mayo Clinic, es m\u00e1s compleja y se relaciona con el comportamiento humano y la respuesta fisiol\u00f3gica del cuerpo.<\/p>\n\n\n\n<p>El&nbsp;Dr. Jesse Bracamonte, de dicha instituci\u00f3n, se\u00f1ala dos razones principales para este fen\u00f3meno. En primer lugar, el clima fr\u00edo propicia que las personas permanezcan m\u00e1s tiempo en interiores, en espacios con poca ventilaci\u00f3n y en mayor proximidad con otras. Este entorno facilita la circulaci\u00f3n y el contagio de virus entre individuos.<\/p>\n\n\n\n<figure class=\"wp-block-image aligncenter size-large\"><img loading=\"lazy\" decoding=\"async\" width=\"1024\" height=\"576\" src=\"https:\/\/lagnoticias.com\/wp-content\/uploads\/2025\/10\/2-2-8-1024x576.jpg\" alt=\"\" class=\"wp-image-5971\" srcset=\"https:\/\/lagnoticias.com\/wp-content\/uploads\/2025\/10\/2-2-8-1024x576.jpg 1024w, https:\/\/lagnoticias.com\/wp-content\/uploads\/2025\/10\/2-2-8-980x551.jpg 980w, https:\/\/lagnoticias.com\/wp-content\/uploads\/2025\/10\/2-2-8-480x270.jpg 480w\" sizes=\"(min-width: 0px) and (max-width: 480px) 480px, (min-width: 481px) and (max-width: 980px) 980px, (min-width: 981px) 1024px, 100vw\" \/><\/figure>\n\n\n\n<p>En segundo t\u00e9rmino, el organismo, al enfrentarse al fr\u00edo, debe realizar un esfuerzo metab\u00f3lico adicional para mantener su temperatura central estable. Este proceso consume energ\u00eda que, de otra forma, podr\u00eda ser utilizada por el sistema inmunol\u00f3gico para defender al cuerpo de pat\u00f3genos. Esta ligera variaci\u00f3n en la eficiencia de las defensas puede hacer que ciertos individuos sean m\u00e1s susceptibles a contraer infecciones.<\/p>\n\n\n\n<h2 class=\"wp-block-heading\">La clave est\u00e1 en el plato: nutrientes esenciales para las defensas<\/h2>\n\n\n\n<p>La pregunta central entonces es: \u00bfc\u00f3mo podemos apoyar a nuestro sistema inmunol\u00f3gico durante estos meses? La respuesta, seg\u00fan la&nbsp;Escuela de Medicina de Harvard, podr\u00eda residir en la correcta ingesta de micronutrientes. Investigaciones indican que un sistema de defensas debilitado a menudo es consecuencia de deficiencias en minerales como zinc, selenio, hierro y cobre, as\u00ed como en vitaminas A, las del complejo B (especialmente B6 y \u00e1cido f\u00f3lico), C y E.<\/p>\n\n\n\n<p>Por lo tanto, la estrategia m\u00e1s efectiva no se encuentra en un solo \u201cs\u00faper alimento\u201d, sino en adoptar una dieta diversa y rica en frutas y verduras, dise\u00f1ada para suplir estas necesidades nutricionales espec\u00edficas.<\/p>\n\n\n\n<h2 class=\"wp-block-heading\">Alimentos imprescindibles para la prevenci\u00f3n<\/h2>\n\n\n\n<p>Integrar los siguientes productos a la alimentaci\u00f3n diaria puede contribuir significativamente a crear una barrera natural contra las enfermedades respiratorias. Esta lista, respaldada por publicaciones como&nbsp;Healthline&nbsp;y la&nbsp;Heart and Stroke Foundation of Canada, incluye:<\/p>\n\n\n\n<ul class=\"wp-block-list\">\n<li>C\u00edtricos y pimientos rojos:\u00a0Fuentes por excelencia de vitamina C, un antioxidante clave para la producci\u00f3n de gl\u00f3bulos blancos. Los pimientos rojos adem\u00e1s contienen betacarotenos, precursores de la vitamina A.<\/li>\n\n\n\n<li>Br\u00f3coli y espinacas:\u00a0Estas verduras ofrecen un combinado de vitaminas A, C y E (en el caso del br\u00f3coli), adem\u00e1s de antioxidantes y fibra. Es recomendable cocinarlos lo menos posible para preservar sus nutrientes.<\/li>\n\n\n\n<li>Ajo y jengibre:\u00a0El ajo contiene alicina, un compuesto con propiedades antimicrobianas. El jengibre, por su parte, aporta gingerol, que puede ayudar a reducir las inflamaciones y el dolor de garganta.<\/li>\n<\/ul>\n\n\n\n<figure class=\"wp-block-image aligncenter size-large\"><img loading=\"lazy\" decoding=\"async\" width=\"1024\" height=\"577\" src=\"https:\/\/lagnoticias.com\/wp-content\/uploads\/2025\/10\/2-4-1-1024x577.jpg\" alt=\"\" class=\"wp-image-5972\" srcset=\"https:\/\/lagnoticias.com\/wp-content\/uploads\/2025\/10\/2-4-1-980x552.jpg 980w, https:\/\/lagnoticias.com\/wp-content\/uploads\/2025\/10\/2-4-1-480x270.jpg 480w\" sizes=\"(min-width: 0px) and (max-width: 480px) 480px, (min-width: 481px) and (max-width: 980px) 980px, (min-width: 981px) 1024px, 100vw\" \/><figcaption class=\"wp-element-caption\">xr:d:DAFDIbFlKGo:3660,j:6549763942944631332,t:23092702<\/figcaption><\/figure>\n\n\n\n<ul class=\"wp-block-list\">\n<li>C\u00farcuma:\u00a0Su principio activo, la curcumina, act\u00faa como un potente antiinflamatorio en el organismo.<\/li>\n\n\n\n<li>Mariscos:\u00a0Ostras, cangrejo, langosta y mejillones son particularmente ricos en zinc, un mineral crucial para el desarrollo y comunicaci\u00f3n de las c\u00e9lulas inmunitarias.<\/li>\n\n\n\n<li>Betabel y camote:\u00a0El betabel mejora la circulaci\u00f3n sangu\u00ednea y aporta hierro y potasio, mientras que el camote es excelente por su alto contenido de vitamina A, fundamental para la salud de la piel y las mucosas, que son la primera barrera contra los g\u00e9rmenes.<\/li>\n<\/ul>\n\n\n\n<h2 class=\"wp-block-heading\">Qu\u00e9 consumir cuando los s\u00edntomas ya est\u00e1n presentes<\/h2>\n\n\n\n<p>Si a pesar de los cuidados los s\u00edntomas de un resfriado se manifiestan, la nutrici\u00f3n sigue desempe\u00f1ando un papel vital para una recuperaci\u00f3n m\u00e1s r\u00e1pida y c\u00f3moda.&nbsp;Healthline&nbsp;y otras instituciones sugieren incorporar los siguientes alimentos para aliviar las molestias:<\/p>\n\n\n\n<ul class=\"wp-block-list\">\n<li>Yogur:\u00a0Gracias a su contenido de probi\u00f3ticos, ayuda a equilibrar la microbiota intestinal, que est\u00e1 intr\u00ednsecamente ligada a la funci\u00f3n inmunol\u00f3gica.<\/li>\n\n\n\n<li>Alimentos picantes:\u00a0Los que contienen capsaicina, como el chile, pueden estimular la secreci\u00f3n de fluidos, ayudando a descongestionar las v\u00edas nasales de manera temporal.<\/li>\n\n\n\n<li>Sopa de pollo y caldo de huesos:\u00a0M\u00e1s que un remedio tradicional, la sopa de pollo act\u00faa como una fuente hidratante de electrolitos y sus vapores ayudan a despejar la nariz. El caldo de huesos es rico en col\u00e1geno y amino\u00e1cidos que pueden apoyar la salud de las articulaciones y reducir la inflamaci\u00f3n.<\/li>\n<\/ul>\n\n\n\n<figure class=\"wp-block-image aligncenter size-large\"><img loading=\"lazy\" decoding=\"async\" width=\"1024\" height=\"576\" src=\"https:\/\/lagnoticias.com\/wp-content\/uploads\/2025\/10\/2-3-4-1024x576.jpg\" alt=\"\" class=\"wp-image-5973\" srcset=\"https:\/\/lagnoticias.com\/wp-content\/uploads\/2025\/10\/2-3-4-980x551.jpg 980w, https:\/\/lagnoticias.com\/wp-content\/uploads\/2025\/10\/2-3-4-480x270.jpg 480w\" sizes=\"(min-width: 0px) and (max-width: 480px) 480px, (min-width: 481px) and (max-width: 980px) 980px, (min-width: 981px) 1024px, 100vw\" \/><\/figure>\n\n\n\n<ul class=\"wp-block-list\">\n<li>Agua de coco:\u00a0Una alternativa natural para reponer electrolitos perdidos debido a la fiebre o la congesti\u00f3n, favoreciendo una hidrataci\u00f3n efectiva.<\/li>\n\n\n\n<li>Miel:\u00a0Reconocida por sus propiedades antibacteriales y su capacidad para calmar la irritaci\u00f3n de garganta y reducir la tos. Se debe usar con precauci\u00f3n en ni\u00f1os menores de un a\u00f1o.<\/li>\n<\/ul>","protected":false},"excerpt":{"rendered":"<p>Expertos explican la relaci\u00f3n entre el clima fr\u00edo, las defensas del cuerpo y la dieta recomendada para prevenir y aliviar resfriados.<\/p>","protected":false},"author":2,"featured_media":5970,"comment_status":"open","ping_status":"open","sticky":false,"template":"","format":"standard","meta":{"_et_pb_use_builder":"off","_et_pb_old_content":"","_et_gb_content_width":"","footnotes":""},"categories":[929],"tags":[1285,1342,1339,613,1341,1340],"class_list":["post-5969","post","type-post","status-publish","format-standard","has-post-thumbnail","hentry","category-vida","tag-comida-saludable","tag-fiebre","tag-frio","tag-gripe","tag-temporada-de-lluvia","tag-virus"],"yoast_head":"<!-- This site is optimized with the Yoast SEO plugin v27.4 - https:\/\/yoast.com\/product\/yoast-seo-wordpress\/ -->\n<title>Refuerza tus defensas este invierno: descubre qu\u00e9 comer para vencer al fr\u00edo y los virus - La G Noticias<\/title>\n<meta name=\"robots\" content=\"index, follow, max-snippet:-1, max-image-preview:large, max-video-preview:-1\" \/>\n<link rel=\"canonical\" href=\"https:\/\/lagnoticias.com\/en\/2025\/10\/16\/refuerza-tus-defensas-este-invierno-descubre-que-comer-para-vencer-al-frio-y-los-virus\/\" \/>\n<meta property=\"og:locale\" content=\"en_US\" \/>\n<meta property=\"og:type\" content=\"article\" \/>\n<meta property=\"og:title\" content=\"Refuerza tus defensas este invierno: descubre qu\u00e9 comer para vencer al fr\u00edo y los virus - La G Noticias\" \/>\n<meta property=\"og:description\" content=\"Expertos explican la relaci\u00f3n entre el clima fr\u00edo, las defensas del cuerpo y la dieta recomendada para prevenir y aliviar resfriados.\" \/>\n<meta property=\"og:url\" content=\"https:\/\/lagnoticias.com\/en\/2025\/10\/16\/refuerza-tus-defensas-este-invierno-descubre-que-comer-para-vencer-al-frio-y-los-virus\/\" \/>\n<meta property=\"og:site_name\" content=\"La G Noticias\" \/>\n<meta property=\"article:publisher\" content=\"https:\/\/www.facebook.com\/LaGNoticias\" \/>\n<meta property=\"article:published_time\" content=\"2025-10-16T18:05:25+00:00\" \/>\n<meta property=\"article:modified_time\" content=\"2025-10-16T18:05:26+00:00\" \/>\n<meta property=\"og:image\" content=\"https:\/\/lagnoticias.com\/wp-content\/uploads\/2025\/10\/2-1-7.jpg\" \/>\n\t<meta property=\"og:image:width\" content=\"1200\" \/>\n\t<meta property=\"og:image:height\" content=\"800\" \/>\n\t<meta property=\"og:image:type\" content=\"image\/jpeg\" \/>\n<meta name=\"author\" content=\"Oscar\" \/>\n<meta name=\"twitter:card\" content=\"summary_large_image\" \/>\n<meta name=\"twitter:creator\" content=\"@lagnoticias\" \/>\n<meta name=\"twitter:site\" content=\"@lagnoticias\" \/>\n<meta name=\"twitter:label1\" content=\"Written by\" \/>\n\t<meta name=\"twitter:data1\" content=\"Oscar\" \/>\n\t<meta name=\"twitter:label2\" content=\"Est. reading time\" \/>\n\t<meta name=\"twitter:data2\" content=\"5 minutes\" \/>\n<script type=\"application\/ld+json\" class=\"yoast-schema-graph\">{\"@context\":\"https:\\\/\\\/schema.org\",\"@graph\":[{\"@type\":\"Article\",\"@id\":\"https:\\\/\\\/lagnoticias.com\\\/2025\\\/10\\\/16\\\/refuerza-tus-defensas-este-invierno-descubre-que-comer-para-vencer-al-frio-y-los-virus\\\/#article\",\"isPartOf\":{\"@id\":\"https:\\\/\\\/lagnoticias.com\\\/2025\\\/10\\\/16\\\/refuerza-tus-defensas-este-invierno-descubre-que-comer-para-vencer-al-frio-y-los-virus\\\/\"},\"author\":{\"name\":\"Oscar\",\"@id\":\"https:\\\/\\\/lagnoticias.com\\\/#\\\/schema\\\/person\\\/cb9bfe13f8de05d2c55270be25c6a550\"},\"headline\":\"Refuerza tus defensas este invierno: descubre qu\u00e9 comer para vencer al fr\u00edo y los virus\",\"datePublished\":\"2025-10-16T18:05:25+00:00\",\"dateModified\":\"2025-10-16T18:05:26+00:00\",\"mainEntityOfPage\":{\"@id\":\"https:\\\/\\\/lagnoticias.com\\\/2025\\\/10\\\/16\\\/refuerza-tus-defensas-este-invierno-descubre-que-comer-para-vencer-al-frio-y-los-virus\\\/\"},\"wordCount\":899,\"commentCount\":0,\"image\":{\"@id\":\"https:\\\/\\\/lagnoticias.com\\\/2025\\\/10\\\/16\\\/refuerza-tus-defensas-este-invierno-descubre-que-comer-para-vencer-al-frio-y-los-virus\\\/#primaryimage\"},\"thumbnailUrl\":\"https:\\\/\\\/lagnoticias.com\\\/wp-content\\\/uploads\\\/2025\\\/10\\\/2-1-7.jpg\",\"keywords\":[\"COMIDA SALUDABLE\",\"FIEBRE\",\"FR\u00cdO\",\"GRIPE\",\"TEMPORADA DE LLUVIA\",\"VIRUS\"],\"articleSection\":[\"VIDA\"],\"inLanguage\":\"en-US\",\"potentialAction\":[{\"@type\":\"CommentAction\",\"name\":\"Comment\",\"target\":[\"https:\\\/\\\/lagnoticias.com\\\/2025\\\/10\\\/16\\\/refuerza-tus-defensas-este-invierno-descubre-que-comer-para-vencer-al-frio-y-los-virus\\\/#respond\"]}]},{\"@type\":\"WebPage\",\"@id\":\"https:\\\/\\\/lagnoticias.com\\\/2025\\\/10\\\/16\\\/refuerza-tus-defensas-este-invierno-descubre-que-comer-para-vencer-al-frio-y-los-virus\\\/\",\"url\":\"https:\\\/\\\/lagnoticias.com\\\/2025\\\/10\\\/16\\\/refuerza-tus-defensas-este-invierno-descubre-que-comer-para-vencer-al-frio-y-los-virus\\\/\",\"name\":\"Refuerza tus defensas este invierno: descubre qu\u00e9 comer para vencer al fr\u00edo y los virus - La G Noticias\",\"isPartOf\":{\"@id\":\"https:\\\/\\\/lagnoticias.com\\\/#website\"},\"primaryImageOfPage\":{\"@id\":\"https:\\\/\\\/lagnoticias.com\\\/2025\\\/10\\\/16\\\/refuerza-tus-defensas-este-invierno-descubre-que-comer-para-vencer-al-frio-y-los-virus\\\/#primaryimage\"},\"image\":{\"@id\":\"https:\\\/\\\/lagnoticias.com\\\/2025\\\/10\\\/16\\\/refuerza-tus-defensas-este-invierno-descubre-que-comer-para-vencer-al-frio-y-los-virus\\\/#primaryimage\"},\"thumbnailUrl\":\"https:\\\/\\\/lagnoticias.com\\\/wp-content\\\/uploads\\\/2025\\\/10\\\/2-1-7.jpg\",\"datePublished\":\"2025-10-16T18:05:25+00:00\",\"dateModified\":\"2025-10-16T18:05:26+00:00\",\"author\":{\"@id\":\"https:\\\/\\\/lagnoticias.com\\\/#\\\/schema\\\/person\\\/cb9bfe13f8de05d2c55270be25c6a550\"},\"breadcrumb\":{\"@id\":\"https:\\\/\\\/lagnoticias.com\\\/2025\\\/10\\\/16\\\/refuerza-tus-defensas-este-invierno-descubre-que-comer-para-vencer-al-frio-y-los-virus\\\/#breadcrumb\"},\"inLanguage\":\"en-US\",\"potentialAction\":[{\"@type\":\"ReadAction\",\"target\":[\"https:\\\/\\\/lagnoticias.com\\\/2025\\\/10\\\/16\\\/refuerza-tus-defensas-este-invierno-descubre-que-comer-para-vencer-al-frio-y-los-virus\\\/\"]}]},{\"@type\":\"ImageObject\",\"inLanguage\":\"en-US\",\"@id\":\"https:\\\/\\\/lagnoticias.com\\\/2025\\\/10\\\/16\\\/refuerza-tus-defensas-este-invierno-descubre-que-comer-para-vencer-al-frio-y-los-virus\\\/#primaryimage\",\"url\":\"https:\\\/\\\/lagnoticias.com\\\/wp-content\\\/uploads\\\/2025\\\/10\\\/2-1-7.jpg\",\"contentUrl\":\"https:\\\/\\\/lagnoticias.com\\\/wp-content\\\/uploads\\\/2025\\\/10\\\/2-1-7.jpg\",\"width\":1200,\"height\":800},{\"@type\":\"BreadcrumbList\",\"@id\":\"https:\\\/\\\/lagnoticias.com\\\/2025\\\/10\\\/16\\\/refuerza-tus-defensas-este-invierno-descubre-que-comer-para-vencer-al-frio-y-los-virus\\\/#breadcrumb\",\"itemListElement\":[{\"@type\":\"ListItem\",\"position\":1,\"name\":\"Portada\",\"item\":\"https:\\\/\\\/lagnoticias.com\\\/\"},{\"@type\":\"ListItem\",\"position\":2,\"name\":\"Refuerza tus defensas este invierno: descubre qu\u00e9 comer para vencer al fr\u00edo y los virus\"}]},{\"@type\":\"WebSite\",\"@id\":\"https:\\\/\\\/lagnoticias.com\\\/#website\",\"url\":\"https:\\\/\\\/lagnoticias.com\\\/\",\"name\":\"La G Noticias\",\"description\":\"Noticias Positivas\",\"potentialAction\":[{\"@type\":\"SearchAction\",\"target\":{\"@type\":\"EntryPoint\",\"urlTemplate\":\"https:\\\/\\\/lagnoticias.com\\\/?s={search_term_string}\"},\"query-input\":{\"@type\":\"PropertyValueSpecification\",\"valueRequired\":true,\"valueName\":\"search_term_string\"}}],\"inLanguage\":\"en-US\"},{\"@type\":\"Person\",\"@id\":\"https:\\\/\\\/lagnoticias.com\\\/#\\\/schema\\\/person\\\/cb9bfe13f8de05d2c55270be25c6a550\",\"name\":\"Oscar\",\"image\":{\"@type\":\"ImageObject\",\"inLanguage\":\"en-US\",\"@id\":\"https:\\\/\\\/secure.gravatar.com\\\/avatar\\\/45c195718f652dc7ffdd591dc1f2678956ab7fdadcd359a635edc61304a8c757?s=96&d=mm&r=g\",\"url\":\"https:\\\/\\\/secure.gravatar.com\\\/avatar\\\/45c195718f652dc7ffdd591dc1f2678956ab7fdadcd359a635edc61304a8c757?s=96&d=mm&r=g\",\"contentUrl\":\"https:\\\/\\\/secure.gravatar.com\\\/avatar\\\/45c195718f652dc7ffdd591dc1f2678956ab7fdadcd359a635edc61304a8c757?s=96&d=mm&r=g\",\"caption\":\"Oscar\"},\"url\":\"https:\\\/\\\/lagnoticias.com\\\/en\\\/author\\\/oscar\\\/\"}]}<\/script>\n<!-- \/ Yoast SEO plugin. -->","yoast_head_json":{"title":"Refuerza tus defensas este invierno: descubre qu\u00e9 comer para vencer al fr\u00edo y los virus - La G Noticias","robots":{"index":"index","follow":"follow","max-snippet":"max-snippet:-1","max-image-preview":"max-image-preview:large","max-video-preview":"max-video-preview:-1"},"canonical":"https:\/\/lagnoticias.com\/en\/2025\/10\/16\/refuerza-tus-defensas-este-invierno-descubre-que-comer-para-vencer-al-frio-y-los-virus\/","og_locale":"en_US","og_type":"article","og_title":"Refuerza tus defensas este invierno: descubre qu\u00e9 comer para vencer al fr\u00edo y los virus - La G Noticias","og_description":"Expertos explican la relaci\u00f3n entre el clima fr\u00edo, las defensas del cuerpo y la dieta recomendada para prevenir y aliviar resfriados.","og_url":"https:\/\/lagnoticias.com\/en\/2025\/10\/16\/refuerza-tus-defensas-este-invierno-descubre-que-comer-para-vencer-al-frio-y-los-virus\/","og_site_name":"La G Noticias","article_publisher":"https:\/\/www.facebook.com\/LaGNoticias","article_published_time":"2025-10-16T18:05:25+00:00","article_modified_time":"2025-10-16T18:05:26+00:00","og_image":[{"width":1200,"height":800,"url":"https:\/\/lagnoticias.com\/wp-content\/uploads\/2025\/10\/2-1-7.jpg","type":"image\/jpeg"}],"author":"Oscar","twitter_card":"summary_large_image","twitter_creator":"@lagnoticias","twitter_site":"@lagnoticias","twitter_misc":{"Written by":"Oscar","Est. reading time":"5 minutes"},"schema":{"@context":"https:\/\/schema.org","@graph":[{"@type":"Article","@id":"https:\/\/lagnoticias.com\/2025\/10\/16\/refuerza-tus-defensas-este-invierno-descubre-que-comer-para-vencer-al-frio-y-los-virus\/#article","isPartOf":{"@id":"https:\/\/lagnoticias.com\/2025\/10\/16\/refuerza-tus-defensas-este-invierno-descubre-que-comer-para-vencer-al-frio-y-los-virus\/"},"author":{"name":"Oscar","@id":"https:\/\/lagnoticias.com\/#\/schema\/person\/cb9bfe13f8de05d2c55270be25c6a550"},"headline":"Refuerza tus defensas este invierno: descubre qu\u00e9 comer para vencer al fr\u00edo y los virus","datePublished":"2025-10-16T18:05:25+00:00","dateModified":"2025-10-16T18:05:26+00:00","mainEntityOfPage":{"@id":"https:\/\/lagnoticias.com\/2025\/10\/16\/refuerza-tus-defensas-este-invierno-descubre-que-comer-para-vencer-al-frio-y-los-virus\/"},"wordCount":899,"commentCount":0,"image":{"@id":"https:\/\/lagnoticias.com\/2025\/10\/16\/refuerza-tus-defensas-este-invierno-descubre-que-comer-para-vencer-al-frio-y-los-virus\/#primaryimage"},"thumbnailUrl":"https:\/\/lagnoticias.com\/wp-content\/uploads\/2025\/10\/2-1-7.jpg","keywords":["COMIDA SALUDABLE","FIEBRE","FR\u00cdO","GRIPE","TEMPORADA DE LLUVIA","VIRUS"],"articleSection":["VIDA"],"inLanguage":"en-US","potentialAction":[{"@type":"CommentAction","name":"Comment","target":["https:\/\/lagnoticias.com\/2025\/10\/16\/refuerza-tus-defensas-este-invierno-descubre-que-comer-para-vencer-al-frio-y-los-virus\/#respond"]}]},{"@type":"WebPage","@id":"https:\/\/lagnoticias.com\/2025\/10\/16\/refuerza-tus-defensas-este-invierno-descubre-que-comer-para-vencer-al-frio-y-los-virus\/","url":"https:\/\/lagnoticias.com\/2025\/10\/16\/refuerza-tus-defensas-este-invierno-descubre-que-comer-para-vencer-al-frio-y-los-virus\/","name":"Refuerza tus defensas este invierno: descubre qu\u00e9 comer para vencer al fr\u00edo y los virus - La G Noticias","isPartOf":{"@id":"https:\/\/lagnoticias.com\/#website"},"primaryImageOfPage":{"@id":"https:\/\/lagnoticias.com\/2025\/10\/16\/refuerza-tus-defensas-este-invierno-descubre-que-comer-para-vencer-al-frio-y-los-virus\/#primaryimage"},"image":{"@id":"https:\/\/lagnoticias.com\/2025\/10\/16\/refuerza-tus-defensas-este-invierno-descubre-que-comer-para-vencer-al-frio-y-los-virus\/#primaryimage"},"thumbnailUrl":"https:\/\/lagnoticias.com\/wp-content\/uploads\/2025\/10\/2-1-7.jpg","datePublished":"2025-10-16T18:05:25+00:00","dateModified":"2025-10-16T18:05:26+00:00","author":{"@id":"https:\/\/lagnoticias.com\/#\/schema\/person\/cb9bfe13f8de05d2c55270be25c6a550"},"breadcrumb":{"@id":"https:\/\/lagnoticias.com\/2025\/10\/16\/refuerza-tus-defensas-este-invierno-descubre-que-comer-para-vencer-al-frio-y-los-virus\/#breadcrumb"},"inLanguage":"en-US","potentialAction":[{"@type":"ReadAction","target":["https:\/\/lagnoticias.com\/2025\/10\/16\/refuerza-tus-defensas-este-invierno-descubre-que-comer-para-vencer-al-frio-y-los-virus\/"]}]},{"@type":"ImageObject","inLanguage":"en-US","@id":"https:\/\/lagnoticias.com\/2025\/10\/16\/refuerza-tus-defensas-este-invierno-descubre-que-comer-para-vencer-al-frio-y-los-virus\/#primaryimage","url":"https:\/\/lagnoticias.com\/wp-content\/uploads\/2025\/10\/2-1-7.jpg","contentUrl":"https:\/\/lagnoticias.com\/wp-content\/uploads\/2025\/10\/2-1-7.jpg","width":1200,"height":800},{"@type":"BreadcrumbList","@id":"https:\/\/lagnoticias.com\/2025\/10\/16\/refuerza-tus-defensas-este-invierno-descubre-que-comer-para-vencer-al-frio-y-los-virus\/#breadcrumb","itemListElement":[{"@type":"ListItem","position":1,"name":"Portada","item":"https:\/\/lagnoticias.com\/"},{"@type":"ListItem","position":2,"name":"Refuerza tus defensas este invierno: descubre qu\u00e9 comer para vencer al fr\u00edo y los virus"}]},{"@type":"WebSite","@id":"https:\/\/lagnoticias.com\/#website","url":"https:\/\/lagnoticias.com\/","name":"La G Noticias","description":"Noticias Positivas","potentialAction":[{"@type":"SearchAction","target":{"@type":"EntryPoint","urlTemplate":"https:\/\/lagnoticias.com\/?s={search_term_string}"},"query-input":{"@type":"PropertyValueSpecification","valueRequired":true,"valueName":"search_term_string"}}],"inLanguage":"en-US"},{"@type":"Person","@id":"https:\/\/lagnoticias.com\/#\/schema\/person\/cb9bfe13f8de05d2c55270be25c6a550","name":"Oscar","image":{"@type":"ImageObject","inLanguage":"en-US","@id":"https:\/\/secure.gravatar.com\/avatar\/45c195718f652dc7ffdd591dc1f2678956ab7fdadcd359a635edc61304a8c757?s=96&d=mm&r=g","url":"https:\/\/secure.gravatar.com\/avatar\/45c195718f652dc7ffdd591dc1f2678956ab7fdadcd359a635edc61304a8c757?s=96&d=mm&r=g","contentUrl":"https:\/\/secure.gravatar.com\/avatar\/45c195718f652dc7ffdd591dc1f2678956ab7fdadcd359a635edc61304a8c757?s=96&d=mm&r=g","caption":"Oscar"},"url":"https:\/\/lagnoticias.com\/en\/author\/oscar\/"}]}},"_links":{"self":[{"href":"https:\/\/lagnoticias.com\/en\/wp-json\/wp\/v2\/posts\/5969","targetHints":{"allow":["GET"]}}],"collection":[{"href":"https:\/\/lagnoticias.com\/en\/wp-json\/wp\/v2\/posts"}],"about":[{"href":"https:\/\/lagnoticias.com\/en\/wp-json\/wp\/v2\/types\/post"}],"author":[{"embeddable":true,"href":"https:\/\/lagnoticias.com\/en\/wp-json\/wp\/v2\/users\/2"}],"replies":[{"embeddable":true,"href":"https:\/\/lagnoticias.com\/en\/wp-json\/wp\/v2\/comments?post=5969"}],"version-history":[{"count":1,"href":"https:\/\/lagnoticias.com\/en\/wp-json\/wp\/v2\/posts\/5969\/revisions"}],"predecessor-version":[{"id":5974,"href":"https:\/\/lagnoticias.com\/en\/wp-json\/wp\/v2\/posts\/5969\/revisions\/5974"}],"wp:featuredmedia":[{"embeddable":true,"href":"https:\/\/lagnoticias.com\/en\/wp-json\/wp\/v2\/media\/5970"}],"wp:attachment":[{"href":"https:\/\/lagnoticias.com\/en\/wp-json\/wp\/v2\/media?parent=5969"}],"wp:term":[{"taxonomy":"category","embeddable":true,"href":"https:\/\/lagnoticias.com\/en\/wp-json\/wp\/v2\/categories?post=5969"},{"taxonomy":"post_tag","embeddable":true,"href":"https:\/\/lagnoticias.com\/en\/wp-json\/wp\/v2\/tags?post=5969"}],"curies":[{"name":"wp","href":"https:\/\/api.w.org\/{rel}","templated":true}]}}