{"id":5964,"date":"2025-10-16T11:41:46","date_gmt":"2025-10-16T17:41:46","guid":{"rendered":"https:\/\/lagnoticias.com\/?p=5964"},"modified":"2025-10-16T11:41:47","modified_gmt":"2025-10-16T17:41:47","slug":"maria-antonieta-de-las-nieves-se-despide-de-la-chilindrina-a-los-75-anos-tras-una-vida-dedicada-al-personaje","status":"publish","type":"post","link":"https:\/\/lagnoticias.com\/en\/2025\/10\/16\/maria-antonieta-de-las-nieves-se-despide-de-la-chilindrina-a-los-75-anos-tras-una-vida-dedicada-al-personaje\/","title":{"rendered":"Mar\u00eda Antonieta de las Nieves se despide de La Chilindrina a los 75 a\u00f1os tras una vida dedicada al personaje"},"content":{"rendered":"<p>Despu\u00e9s de m\u00e1s de 50 a\u00f1os dando vida a uno de los personajes m\u00e1s entra\u00f1ables de la televisi\u00f3n mexicana,&nbsp;Mar\u00eda Antonieta de las Nieves&nbsp;anunci\u00f3 su retiro definitivo de&nbsp;La Chilindrina, la ni\u00f1a traviesa del ic\u00f3nico programa \u201cEl Chavo del 8\u2033.<\/p>\n\n\n\n<p>Durante una entrevista con la periodista&nbsp;Matilde Obreg\u00f3n, publicada en su canal de YouTube hace seis d\u00edas, la actriz de 75 a\u00f1os comparti\u00f3 que su \u00faltima aparici\u00f3n como el personaje fue durante una gira en Per\u00fa, el pasado mes de agosto.<\/p>\n\n\n\n<p>\u201cYa se fue en Per\u00fa. A lo mejor para alg\u00fan comercial o promocional. Ya como estaba entregada al circo con dos o tres funciones diarias, ya no\u201d: Mar\u00eda Antonieta de las Nieves. <\/p>\n\n\n\n<p>Con estas palabras, Mar\u00eda Antonieta confirm\u00f3 el cierre de una etapa que marc\u00f3 no solo su carrera, sino tambi\u00e9n la historia del entretenimiento latinoamericano.<\/p>\n\n\n\n<figure class=\"wp-block-image aligncenter size-full\"><img loading=\"lazy\" decoding=\"async\" width=\"541\" height=\"360\" src=\"https:\/\/lagnoticias.com\/wp-content\/uploads\/2025\/10\/1-3-7.jpg\" alt=\"\" class=\"wp-image-5966\" srcset=\"https:\/\/lagnoticias.com\/wp-content\/uploads\/2025\/10\/1-3-7.jpg 541w, https:\/\/lagnoticias.com\/wp-content\/uploads\/2025\/10\/1-3-7-480x319.jpg 480w\" sizes=\"(min-width: 0px) and (max-width: 480px) 480px, (min-width: 481px) 541px, 100vw\" \/><\/figure>\n\n\n\n<h2 class=\"wp-block-heading\">Las razones detr\u00e1s del adi\u00f3s<\/h2>\n\n\n\n<p>A lo largo de la entrevista, la comediante se mostr\u00f3 honesta al explicar que su decisi\u00f3n responde a un deseo profundo de descanso y a los cambios personales que ha enfrentado en los \u00faltimos a\u00f1os.<\/p>\n\n\n\n<p>\u201cTengo 75 a\u00f1os y no he descansado un momento de mi vida\u201d: Mar\u00eda Antonieta de las Nieves.<\/p>\n\n\n\n<p>Mar\u00eda Antonieta explic\u00f3 que hubo dos motivos que la llevaron a decir adi\u00f3s a su personaje:<\/p>\n\n\n\n<ul class=\"wp-block-list\">\n<li>El fallecimiento de su esposo, Gabriel Fern\u00e1ndez Carrasco, quien la acompa\u00f1\u00f3 durante d\u00e9cadas y fue su mayor apoyo.<\/li>\n\n\n\n<li>La crisis de salud\u00a0que vivi\u00f3 en agosto pasado, la cual la hizo replantear sus prioridades.<\/li>\n<\/ul>\n\n\n\n<p>\u201cAhora estoy sabiendo lo que es estar en una casa. Estoy en mi cama con mis perras viendo la tele y estoy feliz\u201d, coment\u00f3 con una sonrisa tranquila.<\/p>\n\n\n\n<p>Sobre la ausencia de su esposo, agreg\u00f3: \u201cMi viejito, desde que \u00e9l se fue, estar en la pista me costaba trabajo. Creo que ya estoy prepar\u00e1ndome para hacer otras cosas\u201d.<\/p>\n\n\n\n<h2 class=\"wp-block-heading\">\u201cYa no m\u00e1s funciones diarias\u201d<\/h2>\n\n\n\n<p>Durante la conversaci\u00f3n con Obreg\u00f3n, la int\u00e9rprete record\u00f3 con cari\u00f1o la energ\u00eda que le daba interpretar a La Chilindrina, incluso cuando el cansancio f\u00edsico se hac\u00eda presente:<\/p>\n\n\n\n<p>\u201cTodav\u00eda hasta la fecha me acuerdo de mis presentaciones anteriores que llegaba cansada, pero aqu\u00ed est\u00e1 La Chilindrina y sale cantando, bailando, una transformaci\u00f3n total\u201d: Mar\u00eda Antonieta de las Nieves.<\/p>\n\n\n\n<p>Sin embargo, reconoci\u00f3 que su cuerpo y su mente necesitaban una pausa. \u201cNo digo que me voy a retirar de por vida, a lo mejor La Chilindrina en una entrevista la voy a sacar, pero de estar trabajando tanto, ya no\u201d, aclar\u00f3.<\/p>\n\n\n\n<h2 class=\"wp-block-heading\">La crisis de salud que cambi\u00f3 su vida<\/h2>\n\n\n\n<p>Uno de los momentos m\u00e1s reveladores de la entrevista fue cuando Mar\u00eda Antonieta habl\u00f3 sobre la crisis de salud que vivi\u00f3 durante su \u00faltima gira en Per\u00fa. La actriz confes\u00f3 que su deterioro se debi\u00f3 al exceso de medicamentos.<\/p>\n\n\n\n<p>\u201cEstaba tomando 19 pastillas al d\u00eda, yo no s\u00e9 de qu\u00e9 ni para qu\u00e9. Me las recet\u00f3 el doctor, porque ves a uno, a otro, y uno te dice: necesitas tomar esto; el otro, no se ponen de acuerdo y eso fue lo que me perjudic\u00f3 la salud\u201d, cont\u00f3.<\/p>\n\n\n\n<p>Su hija, Ver\u00f3nica, tambi\u00e9n intervino en la charla para describir el dif\u00edcil momento: \u201cMe dieron a mi mam\u00e1 cargada en el aeropuerto, para taparla de los periodistas. Me la entregaron directo en el coche, estaba ida y no reconoc\u00eda\u201d, record\u00f3 conmovida.<\/p>\n\n\n\n<p>Tras una larga recuperaci\u00f3n, la comediante comprendi\u00f3 que era momento de detener el ritmo fren\u00e9tico que la hab\u00eda acompa\u00f1ado por a\u00f1os.&nbsp;\u201cAhorita me veo y digo: \u00a1Soy otra! Estoy feliz de poder descansar y disfrutar de mi casa\u201d, concluy\u00f3.<\/p>\n\n\n\n<h2 class=\"wp-block-heading\">Un legado que entra en la historia<\/h2>\n\n\n\n<p>Mar\u00eda Antonieta de las Nieves no solo deja un personaje ic\u00f3nico, sino tambi\u00e9n una huella imborrable en la televisi\u00f3n mexicana y latinoamericana. En 2021, recibi\u00f3 un&nbsp;r\u00e9cord Guinness&nbsp;por ser la actriz con la carrera profesional m\u00e1s larga interpretando al mismo personaje infantil:&nbsp;La Chilindrina.<\/p>\n\n\n\n<p><strong>Duraci\u00f3n del r\u00e9cord:<\/strong>\u00a048 a\u00f1os y 261 d\u00edas interpretando al personaje.<\/p>\n\n\n\n<p><strong>A\u00f1o de reconocimiento:<\/strong>\u00a02021 (incluido en el libro Guinness de 2022).<\/p>\n\n\n\n<p>Su trabajo comenz\u00f3 en la d\u00e9cada de los 70, cuando \u201cEl Chavo del 8\u2033 se convirti\u00f3 en un fen\u00f3meno cultural en todo el continente, y continu\u00f3 con giras, espect\u00e1culos y presentaciones por m\u00e1s de cinco d\u00e9cadas.<\/p>\n\n\n\n<figure class=\"wp-block-image aligncenter size-full\"><img loading=\"lazy\" decoding=\"async\" width=\"1000\" height=\"606\" src=\"https:\/\/lagnoticias.com\/wp-content\/uploads\/2025\/10\/1-2-4.jpg\" alt=\"\" class=\"wp-image-5967\" srcset=\"https:\/\/lagnoticias.com\/wp-content\/uploads\/2025\/10\/1-2-4.jpg 1000w, https:\/\/lagnoticias.com\/wp-content\/uploads\/2025\/10\/1-2-4-980x594.jpg 980w, https:\/\/lagnoticias.com\/wp-content\/uploads\/2025\/10\/1-2-4-480x291.jpg 480w\" sizes=\"(min-width: 0px) and (max-width: 480px) 480px, (min-width: 481px) and (max-width: 980px) 980px, (min-width: 981px) 1000px, 100vw\" \/><\/figure>\n\n\n\n<h2 class=\"wp-block-heading\">Un descanso merecido<\/h2>\n\n\n\n<p>Hoy, Mar\u00eda Antonieta de las Nieves se muestra agradecida por lo vivido y lista para disfrutar de una nueva etapa lejos de los reflectores.<\/p>\n\n\n\n<p>\u201cCreo que ya estoy prepar\u00e1ndome para hacer otras cosas\u201d,&nbsp;mencion\u00f3 con serenidad, dejando abierta la posibilidad de peque\u00f1as apariciones, pero dejando atr\u00e1s los d\u00edas de largas jornadas de trabajo.<\/p>\n\n\n\n<p>Con esta despedida, La Chilindrina se convierte oficialmente en un recuerdo imborrable de la televisi\u00f3n mexicana y en un s\u00edmbolo de varias generaciones que crecieron riendo con su picard\u00eda y ternura.<\/p>","protected":false},"excerpt":{"rendered":"<p>Tras m\u00e1s de medio siglo interpretando a La Chilindrina, Mar\u00eda Antonieta de las Nieves anuncia su retiro del personaje.<\/p>","protected":false},"author":2,"featured_media":5965,"comment_status":"open","ping_status":"open","sticky":false,"template":"","format":"standard","meta":{"_et_pb_use_builder":"off","_et_pb_old_content":"","_et_gb_content_width":"","footnotes":""},"categories":[249],"tags":[1337,1338,777,778],"class_list":["post-5964","post","type-post","status-publish","format-standard","has-post-thumbnail","hentry","category-entretenimiento","tag-chavo-del-8","tag-despedida","tag-la-chilindrina","tag-maria-antonieta-de-las-nieves"],"yoast_head":"<!-- This site is optimized with the Yoast SEO plugin v27.4 - https:\/\/yoast.com\/product\/yoast-seo-wordpress\/ -->\n<title>Mar\u00eda Antonieta de las Nieves se despide de La Chilindrina a los 75 a\u00f1os tras una vida dedicada al personaje - La G Noticias<\/title>\n<meta name=\"robots\" content=\"index, follow, max-snippet:-1, max-image-preview:large, max-video-preview:-1\" \/>\n<link rel=\"canonical\" href=\"https:\/\/lagnoticias.com\/en\/2025\/10\/16\/maria-antonieta-de-las-nieves-se-despide-de-la-chilindrina-a-los-75-anos-tras-una-vida-dedicada-al-personaje\/\" \/>\n<meta property=\"og:locale\" content=\"en_US\" \/>\n<meta property=\"og:type\" content=\"article\" \/>\n<meta property=\"og:title\" content=\"Mar\u00eda Antonieta de las Nieves se despide de La Chilindrina a los 75 a\u00f1os tras una vida dedicada al personaje - La G Noticias\" \/>\n<meta property=\"og:description\" content=\"Tras m\u00e1s de medio siglo interpretando a La Chilindrina, Mar\u00eda Antonieta de las Nieves anuncia su retiro del personaje.\" \/>\n<meta property=\"og:url\" content=\"https:\/\/lagnoticias.com\/en\/2025\/10\/16\/maria-antonieta-de-las-nieves-se-despide-de-la-chilindrina-a-los-75-anos-tras-una-vida-dedicada-al-personaje\/\" \/>\n<meta property=\"og:site_name\" content=\"La G Noticias\" \/>\n<meta property=\"article:publisher\" content=\"https:\/\/www.facebook.com\/LaGNoticias\" \/>\n<meta property=\"article:published_time\" content=\"2025-10-16T17:41:46+00:00\" \/>\n<meta property=\"article:modified_time\" content=\"2025-10-16T17:41:47+00:00\" \/>\n<meta property=\"og:image\" content=\"https:\/\/lagnoticias.com\/wp-content\/uploads\/2025\/10\/1-1-8.jpg\" \/>\n\t<meta property=\"og:image:width\" content=\"1174\" \/>\n\t<meta property=\"og:image:height\" content=\"788\" \/>\n\t<meta property=\"og:image:type\" content=\"image\/jpeg\" \/>\n<meta name=\"author\" content=\"Oscar\" \/>\n<meta name=\"twitter:card\" content=\"summary_large_image\" \/>\n<meta name=\"twitter:creator\" content=\"@lagnoticias\" \/>\n<meta name=\"twitter:site\" content=\"@lagnoticias\" \/>\n<meta name=\"twitter:label1\" content=\"Written by\" \/>\n\t<meta name=\"twitter:data1\" content=\"Oscar\" \/>\n\t<meta name=\"twitter:label2\" content=\"Est. reading time\" \/>\n\t<meta name=\"twitter:data2\" content=\"5 minutes\" \/>\n<script type=\"application\/ld+json\" class=\"yoast-schema-graph\">{\"@context\":\"https:\\\/\\\/schema.org\",\"@graph\":[{\"@type\":\"Article\",\"@id\":\"https:\\\/\\\/lagnoticias.com\\\/2025\\\/10\\\/16\\\/maria-antonieta-de-las-nieves-se-despide-de-la-chilindrina-a-los-75-anos-tras-una-vida-dedicada-al-personaje\\\/#article\",\"isPartOf\":{\"@id\":\"https:\\\/\\\/lagnoticias.com\\\/2025\\\/10\\\/16\\\/maria-antonieta-de-las-nieves-se-despide-de-la-chilindrina-a-los-75-anos-tras-una-vida-dedicada-al-personaje\\\/\"},\"author\":{\"name\":\"Oscar\",\"@id\":\"https:\\\/\\\/lagnoticias.com\\\/#\\\/schema\\\/person\\\/cb9bfe13f8de05d2c55270be25c6a550\"},\"headline\":\"Mar\u00eda Antonieta de las Nieves se despide de La Chilindrina a los 75 a\u00f1os tras una vida dedicada al personaje\",\"datePublished\":\"2025-10-16T17:41:46+00:00\",\"dateModified\":\"2025-10-16T17:41:47+00:00\",\"mainEntityOfPage\":{\"@id\":\"https:\\\/\\\/lagnoticias.com\\\/2025\\\/10\\\/16\\\/maria-antonieta-de-las-nieves-se-despide-de-la-chilindrina-a-los-75-anos-tras-una-vida-dedicada-al-personaje\\\/\"},\"wordCount\":873,\"commentCount\":0,\"image\":{\"@id\":\"https:\\\/\\\/lagnoticias.com\\\/2025\\\/10\\\/16\\\/maria-antonieta-de-las-nieves-se-despide-de-la-chilindrina-a-los-75-anos-tras-una-vida-dedicada-al-personaje\\\/#primaryimage\"},\"thumbnailUrl\":\"https:\\\/\\\/lagnoticias.com\\\/wp-content\\\/uploads\\\/2025\\\/10\\\/1-1-8.jpg\",\"keywords\":[\"CHAVO DEL 8\",\"DESPEDIDA\",\"LA CHILINDRINA\",\"MAR\u00cdA ANTONIETA DE LAS NIEVES\"],\"articleSection\":[\"ENTRETENIMIENTO\"],\"inLanguage\":\"en-US\",\"potentialAction\":[{\"@type\":\"CommentAction\",\"name\":\"Comment\",\"target\":[\"https:\\\/\\\/lagnoticias.com\\\/2025\\\/10\\\/16\\\/maria-antonieta-de-las-nieves-se-despide-de-la-chilindrina-a-los-75-anos-tras-una-vida-dedicada-al-personaje\\\/#respond\"]}]},{\"@type\":\"WebPage\",\"@id\":\"https:\\\/\\\/lagnoticias.com\\\/2025\\\/10\\\/16\\\/maria-antonieta-de-las-nieves-se-despide-de-la-chilindrina-a-los-75-anos-tras-una-vida-dedicada-al-personaje\\\/\",\"url\":\"https:\\\/\\\/lagnoticias.com\\\/2025\\\/10\\\/16\\\/maria-antonieta-de-las-nieves-se-despide-de-la-chilindrina-a-los-75-anos-tras-una-vida-dedicada-al-personaje\\\/\",\"name\":\"Mar\u00eda Antonieta de las Nieves se despide de La Chilindrina a los 75 a\u00f1os tras una vida dedicada al personaje - La G Noticias\",\"isPartOf\":{\"@id\":\"https:\\\/\\\/lagnoticias.com\\\/#website\"},\"primaryImageOfPage\":{\"@id\":\"https:\\\/\\\/lagnoticias.com\\\/2025\\\/10\\\/16\\\/maria-antonieta-de-las-nieves-se-despide-de-la-chilindrina-a-los-75-anos-tras-una-vida-dedicada-al-personaje\\\/#primaryimage\"},\"image\":{\"@id\":\"https:\\\/\\\/lagnoticias.com\\\/2025\\\/10\\\/16\\\/maria-antonieta-de-las-nieves-se-despide-de-la-chilindrina-a-los-75-anos-tras-una-vida-dedicada-al-personaje\\\/#primaryimage\"},\"thumbnailUrl\":\"https:\\\/\\\/lagnoticias.com\\\/wp-content\\\/uploads\\\/2025\\\/10\\\/1-1-8.jpg\",\"datePublished\":\"2025-10-16T17:41:46+00:00\",\"dateModified\":\"2025-10-16T17:41:47+00:00\",\"author\":{\"@id\":\"https:\\\/\\\/lagnoticias.com\\\/#\\\/schema\\\/person\\\/cb9bfe13f8de05d2c55270be25c6a550\"},\"breadcrumb\":{\"@id\":\"https:\\\/\\\/lagnoticias.com\\\/2025\\\/10\\\/16\\\/maria-antonieta-de-las-nieves-se-despide-de-la-chilindrina-a-los-75-anos-tras-una-vida-dedicada-al-personaje\\\/#breadcrumb\"},\"inLanguage\":\"en-US\",\"potentialAction\":[{\"@type\":\"ReadAction\",\"target\":[\"https:\\\/\\\/lagnoticias.com\\\/2025\\\/10\\\/16\\\/maria-antonieta-de-las-nieves-se-despide-de-la-chilindrina-a-los-75-anos-tras-una-vida-dedicada-al-personaje\\\/\"]}]},{\"@type\":\"ImageObject\",\"inLanguage\":\"en-US\",\"@id\":\"https:\\\/\\\/lagnoticias.com\\\/2025\\\/10\\\/16\\\/maria-antonieta-de-las-nieves-se-despide-de-la-chilindrina-a-los-75-anos-tras-una-vida-dedicada-al-personaje\\\/#primaryimage\",\"url\":\"https:\\\/\\\/lagnoticias.com\\\/wp-content\\\/uploads\\\/2025\\\/10\\\/1-1-8.jpg\",\"contentUrl\":\"https:\\\/\\\/lagnoticias.com\\\/wp-content\\\/uploads\\\/2025\\\/10\\\/1-1-8.jpg\",\"width\":1174,\"height\":788},{\"@type\":\"BreadcrumbList\",\"@id\":\"https:\\\/\\\/lagnoticias.com\\\/2025\\\/10\\\/16\\\/maria-antonieta-de-las-nieves-se-despide-de-la-chilindrina-a-los-75-anos-tras-una-vida-dedicada-al-personaje\\\/#breadcrumb\",\"itemListElement\":[{\"@type\":\"ListItem\",\"position\":1,\"name\":\"Portada\",\"item\":\"https:\\\/\\\/lagnoticias.com\\\/\"},{\"@type\":\"ListItem\",\"position\":2,\"name\":\"Mar\u00eda Antonieta de las Nieves se despide de La Chilindrina a los 75 a\u00f1os tras una vida dedicada al personaje\"}]},{\"@type\":\"WebSite\",\"@id\":\"https:\\\/\\\/lagnoticias.com\\\/#website\",\"url\":\"https:\\\/\\\/lagnoticias.com\\\/\",\"name\":\"La G Noticias\",\"description\":\"Noticias Positivas\",\"potentialAction\":[{\"@type\":\"SearchAction\",\"target\":{\"@type\":\"EntryPoint\",\"urlTemplate\":\"https:\\\/\\\/lagnoticias.com\\\/?s={search_term_string}\"},\"query-input\":{\"@type\":\"PropertyValueSpecification\",\"valueRequired\":true,\"valueName\":\"search_term_string\"}}],\"inLanguage\":\"en-US\"},{\"@type\":\"Person\",\"@id\":\"https:\\\/\\\/lagnoticias.com\\\/#\\\/schema\\\/person\\\/cb9bfe13f8de05d2c55270be25c6a550\",\"name\":\"Oscar\",\"image\":{\"@type\":\"ImageObject\",\"inLanguage\":\"en-US\",\"@id\":\"https:\\\/\\\/secure.gravatar.com\\\/avatar\\\/45c195718f652dc7ffdd591dc1f2678956ab7fdadcd359a635edc61304a8c757?s=96&d=mm&r=g\",\"url\":\"https:\\\/\\\/secure.gravatar.com\\\/avatar\\\/45c195718f652dc7ffdd591dc1f2678956ab7fdadcd359a635edc61304a8c757?s=96&d=mm&r=g\",\"contentUrl\":\"https:\\\/\\\/secure.gravatar.com\\\/avatar\\\/45c195718f652dc7ffdd591dc1f2678956ab7fdadcd359a635edc61304a8c757?s=96&d=mm&r=g\",\"caption\":\"Oscar\"},\"url\":\"https:\\\/\\\/lagnoticias.com\\\/en\\\/author\\\/oscar\\\/\"}]}<\/script>\n<!-- \/ Yoast SEO plugin. -->","yoast_head_json":{"title":"Mar\u00eda Antonieta de las Nieves se despide de La Chilindrina a los 75 a\u00f1os tras una vida dedicada al personaje - La G Noticias","robots":{"index":"index","follow":"follow","max-snippet":"max-snippet:-1","max-image-preview":"max-image-preview:large","max-video-preview":"max-video-preview:-1"},"canonical":"https:\/\/lagnoticias.com\/en\/2025\/10\/16\/maria-antonieta-de-las-nieves-se-despide-de-la-chilindrina-a-los-75-anos-tras-una-vida-dedicada-al-personaje\/","og_locale":"en_US","og_type":"article","og_title":"Mar\u00eda Antonieta de las Nieves se despide de La Chilindrina a los 75 a\u00f1os tras una vida dedicada al personaje - La G Noticias","og_description":"Tras m\u00e1s de medio siglo interpretando a La Chilindrina, Mar\u00eda Antonieta de las Nieves anuncia su retiro del personaje.","og_url":"https:\/\/lagnoticias.com\/en\/2025\/10\/16\/maria-antonieta-de-las-nieves-se-despide-de-la-chilindrina-a-los-75-anos-tras-una-vida-dedicada-al-personaje\/","og_site_name":"La G Noticias","article_publisher":"https:\/\/www.facebook.com\/LaGNoticias","article_published_time":"2025-10-16T17:41:46+00:00","article_modified_time":"2025-10-16T17:41:47+00:00","og_image":[{"width":1174,"height":788,"url":"https:\/\/lagnoticias.com\/wp-content\/uploads\/2025\/10\/1-1-8.jpg","type":"image\/jpeg"}],"author":"Oscar","twitter_card":"summary_large_image","twitter_creator":"@lagnoticias","twitter_site":"@lagnoticias","twitter_misc":{"Written by":"Oscar","Est. reading time":"5 minutes"},"schema":{"@context":"https:\/\/schema.org","@graph":[{"@type":"Article","@id":"https:\/\/lagnoticias.com\/2025\/10\/16\/maria-antonieta-de-las-nieves-se-despide-de-la-chilindrina-a-los-75-anos-tras-una-vida-dedicada-al-personaje\/#article","isPartOf":{"@id":"https:\/\/lagnoticias.com\/2025\/10\/16\/maria-antonieta-de-las-nieves-se-despide-de-la-chilindrina-a-los-75-anos-tras-una-vida-dedicada-al-personaje\/"},"author":{"name":"Oscar","@id":"https:\/\/lagnoticias.com\/#\/schema\/person\/cb9bfe13f8de05d2c55270be25c6a550"},"headline":"Mar\u00eda Antonieta de las Nieves se despide de La Chilindrina a los 75 a\u00f1os tras una vida dedicada al personaje","datePublished":"2025-10-16T17:41:46+00:00","dateModified":"2025-10-16T17:41:47+00:00","mainEntityOfPage":{"@id":"https:\/\/lagnoticias.com\/2025\/10\/16\/maria-antonieta-de-las-nieves-se-despide-de-la-chilindrina-a-los-75-anos-tras-una-vida-dedicada-al-personaje\/"},"wordCount":873,"commentCount":0,"image":{"@id":"https:\/\/lagnoticias.com\/2025\/10\/16\/maria-antonieta-de-las-nieves-se-despide-de-la-chilindrina-a-los-75-anos-tras-una-vida-dedicada-al-personaje\/#primaryimage"},"thumbnailUrl":"https:\/\/lagnoticias.com\/wp-content\/uploads\/2025\/10\/1-1-8.jpg","keywords":["CHAVO DEL 8","DESPEDIDA","LA CHILINDRINA","MAR\u00cdA ANTONIETA DE LAS NIEVES"],"articleSection":["ENTRETENIMIENTO"],"inLanguage":"en-US","potentialAction":[{"@type":"CommentAction","name":"Comment","target":["https:\/\/lagnoticias.com\/2025\/10\/16\/maria-antonieta-de-las-nieves-se-despide-de-la-chilindrina-a-los-75-anos-tras-una-vida-dedicada-al-personaje\/#respond"]}]},{"@type":"WebPage","@id":"https:\/\/lagnoticias.com\/2025\/10\/16\/maria-antonieta-de-las-nieves-se-despide-de-la-chilindrina-a-los-75-anos-tras-una-vida-dedicada-al-personaje\/","url":"https:\/\/lagnoticias.com\/2025\/10\/16\/maria-antonieta-de-las-nieves-se-despide-de-la-chilindrina-a-los-75-anos-tras-una-vida-dedicada-al-personaje\/","name":"Mar\u00eda Antonieta de las Nieves se despide de La Chilindrina a los 75 a\u00f1os tras una vida dedicada al personaje - La G Noticias","isPartOf":{"@id":"https:\/\/lagnoticias.com\/#website"},"primaryImageOfPage":{"@id":"https:\/\/lagnoticias.com\/2025\/10\/16\/maria-antonieta-de-las-nieves-se-despide-de-la-chilindrina-a-los-75-anos-tras-una-vida-dedicada-al-personaje\/#primaryimage"},"image":{"@id":"https:\/\/lagnoticias.com\/2025\/10\/16\/maria-antonieta-de-las-nieves-se-despide-de-la-chilindrina-a-los-75-anos-tras-una-vida-dedicada-al-personaje\/#primaryimage"},"thumbnailUrl":"https:\/\/lagnoticias.com\/wp-content\/uploads\/2025\/10\/1-1-8.jpg","datePublished":"2025-10-16T17:41:46+00:00","dateModified":"2025-10-16T17:41:47+00:00","author":{"@id":"https:\/\/lagnoticias.com\/#\/schema\/person\/cb9bfe13f8de05d2c55270be25c6a550"},"breadcrumb":{"@id":"https:\/\/lagnoticias.com\/2025\/10\/16\/maria-antonieta-de-las-nieves-se-despide-de-la-chilindrina-a-los-75-anos-tras-una-vida-dedicada-al-personaje\/#breadcrumb"},"inLanguage":"en-US","potentialAction":[{"@type":"ReadAction","target":["https:\/\/lagnoticias.com\/2025\/10\/16\/maria-antonieta-de-las-nieves-se-despide-de-la-chilindrina-a-los-75-anos-tras-una-vida-dedicada-al-personaje\/"]}]},{"@type":"ImageObject","inLanguage":"en-US","@id":"https:\/\/lagnoticias.com\/2025\/10\/16\/maria-antonieta-de-las-nieves-se-despide-de-la-chilindrina-a-los-75-anos-tras-una-vida-dedicada-al-personaje\/#primaryimage","url":"https:\/\/lagnoticias.com\/wp-content\/uploads\/2025\/10\/1-1-8.jpg","contentUrl":"https:\/\/lagnoticias.com\/wp-content\/uploads\/2025\/10\/1-1-8.jpg","width":1174,"height":788},{"@type":"BreadcrumbList","@id":"https:\/\/lagnoticias.com\/2025\/10\/16\/maria-antonieta-de-las-nieves-se-despide-de-la-chilindrina-a-los-75-anos-tras-una-vida-dedicada-al-personaje\/#breadcrumb","itemListElement":[{"@type":"ListItem","position":1,"name":"Portada","item":"https:\/\/lagnoticias.com\/"},{"@type":"ListItem","position":2,"name":"Mar\u00eda Antonieta de las Nieves se despide de La Chilindrina a los 75 a\u00f1os tras una vida dedicada al personaje"}]},{"@type":"WebSite","@id":"https:\/\/lagnoticias.com\/#website","url":"https:\/\/lagnoticias.com\/","name":"La G Noticias","description":"Noticias Positivas","potentialAction":[{"@type":"SearchAction","target":{"@type":"EntryPoint","urlTemplate":"https:\/\/lagnoticias.com\/?s={search_term_string}"},"query-input":{"@type":"PropertyValueSpecification","valueRequired":true,"valueName":"search_term_string"}}],"inLanguage":"en-US"},{"@type":"Person","@id":"https:\/\/lagnoticias.com\/#\/schema\/person\/cb9bfe13f8de05d2c55270be25c6a550","name":"Oscar","image":{"@type":"ImageObject","inLanguage":"en-US","@id":"https:\/\/secure.gravatar.com\/avatar\/45c195718f652dc7ffdd591dc1f2678956ab7fdadcd359a635edc61304a8c757?s=96&d=mm&r=g","url":"https:\/\/secure.gravatar.com\/avatar\/45c195718f652dc7ffdd591dc1f2678956ab7fdadcd359a635edc61304a8c757?s=96&d=mm&r=g","contentUrl":"https:\/\/secure.gravatar.com\/avatar\/45c195718f652dc7ffdd591dc1f2678956ab7fdadcd359a635edc61304a8c757?s=96&d=mm&r=g","caption":"Oscar"},"url":"https:\/\/lagnoticias.com\/en\/author\/oscar\/"}]}},"_links":{"self":[{"href":"https:\/\/lagnoticias.com\/en\/wp-json\/wp\/v2\/posts\/5964","targetHints":{"allow":["GET"]}}],"collection":[{"href":"https:\/\/lagnoticias.com\/en\/wp-json\/wp\/v2\/posts"}],"about":[{"href":"https:\/\/lagnoticias.com\/en\/wp-json\/wp\/v2\/types\/post"}],"author":[{"embeddable":true,"href":"https:\/\/lagnoticias.com\/en\/wp-json\/wp\/v2\/users\/2"}],"replies":[{"embeddable":true,"href":"https:\/\/lagnoticias.com\/en\/wp-json\/wp\/v2\/comments?post=5964"}],"version-history":[{"count":1,"href":"https:\/\/lagnoticias.com\/en\/wp-json\/wp\/v2\/posts\/5964\/revisions"}],"predecessor-version":[{"id":5968,"href":"https:\/\/lagnoticias.com\/en\/wp-json\/wp\/v2\/posts\/5964\/revisions\/5968"}],"wp:featuredmedia":[{"embeddable":true,"href":"https:\/\/lagnoticias.com\/en\/wp-json\/wp\/v2\/media\/5965"}],"wp:attachment":[{"href":"https:\/\/lagnoticias.com\/en\/wp-json\/wp\/v2\/media?parent=5964"}],"wp:term":[{"taxonomy":"category","embeddable":true,"href":"https:\/\/lagnoticias.com\/en\/wp-json\/wp\/v2\/categories?post=5964"},{"taxonomy":"post_tag","embeddable":true,"href":"https:\/\/lagnoticias.com\/en\/wp-json\/wp\/v2\/tags?post=5964"}],"curies":[{"name":"wp","href":"https:\/\/api.w.org\/{rel}","templated":true}]}}