{"id":5960,"date":"2025-10-16T11:19:32","date_gmt":"2025-10-16T17:19:32","guid":{"rendered":"https:\/\/lagnoticias.com\/?p=5960"},"modified":"2025-10-17T09:48:26","modified_gmt":"2025-10-17T15:48:26","slug":"ana-de-la-reguera-elogia-a-bad-bunny-y-lo-describe-como-un-digno-representante-para-el-super-bowl-2026","status":"publish","type":"post","link":"https:\/\/lagnoticias.com\/en\/2025\/10\/16\/ana-de-la-reguera-elogia-a-bad-bunny-y-lo-describe-como-un-digno-representante-para-el-super-bowl-2026\/","title":{"rendered":"Ana de la Reguera elogia a Bad Bunny y lo describe como un digno representante para el Super Bowl 2026"},"content":{"rendered":"<p>Hace algunas semanas se dio a conocer que&nbsp;Bad Bunny&nbsp;ser\u00e1 el artista principal del espect\u00e1culo de medio tiempo del&nbsp;Super Bowl LX, que se celebrar\u00e1 el&nbsp;8 de febrero de 2026&nbsp;en el Levi\u2019s Stadium de Santa Clara, California, hogar de los San Francisco 49ers. La noticia provoc\u00f3 diversas reacciones, ya que algunos sectores del p\u00fablico consideran que su estilo urbano no corresponde a la magnitud de este evento deportivo, mientras que otros defienden su inclusi\u00f3n por la relevancia que ha alcanzado en la industria musical a nivel mundial.<\/p>\n\n\n\n<p>M\u00e1s all\u00e1 del debate sobre su g\u00e9nero,&nbsp;el cantante puertorrique\u00f1o ha logrado posicionar su carrera con proyecciones internacionales, consolid\u00e1ndose como uno de los artistas m\u00e1s influyentes de Latinoam\u00e9rica. Tras concluir su hist\u00f3rica residencia en Puerto Rico, Bad Bunny continuar\u00e1 con una serie de conciertos en varios pa\u00edses latinos, dejando Estados Unidos temporalmente de lado, salvo por esta destacada participaci\u00f3n en el Super Bowl.<\/p>\n\n\n\n<h2 class=\"wp-block-heading\">Ana de la Reguera apoya la participaci\u00f3n del \u201cConejo Malo\u201d<\/h2>\n\n\n\n<p>La actriz mexicana&nbsp;Ana de la Reguera se sum\u00f3 a quienes defienden la presencia de Bad Bunny en este espect\u00e1culo. Durante un encuentro con medios, la actriz de 48 a\u00f1os afirm\u00f3 ser fan del cantante y describi\u00f3 sus conciertos como \u201cdivertidos y emocionantes\u201d. Al ser cuestionada sobre la relevancia del puertorrique\u00f1o para un evento de esta magnitud, de la Reguera declar\u00f3:<\/p>\n\n\n\n<p>\u201cYo creo que ahorita es el artista m\u00e1s importante del mundo y adem\u00e1s es un artista americano porque es puertorrique\u00f1o. Ya estuvo en el Super Bowl, ni siquiera es su primera vez ah\u00ed. La NFL necesita rating no nada m\u00e1s en Estados Unidos sino a nivel mundial y quien se lo va a dar es Bad Bunny, ning\u00fan otro artista\u201d.<\/p>\n\n\n\n<p><\/p>\n\n\n\n<figure class=\"wp-block-image aligncenter size-full\"><img loading=\"lazy\" decoding=\"async\" width=\"1000\" height=\"667\" src=\"https:\/\/lagnoticias.com\/wp-content\/uploads\/2025\/10\/5-2-7.jpg\" alt=\"\" class=\"wp-image-5962\" srcset=\"https:\/\/lagnoticias.com\/wp-content\/uploads\/2025\/10\/5-2-7.jpg 1000w, https:\/\/lagnoticias.com\/wp-content\/uploads\/2025\/10\/5-2-7-980x654.jpg 980w, https:\/\/lagnoticias.com\/wp-content\/uploads\/2025\/10\/5-2-7-480x320.jpg 480w\" sizes=\"(min-width: 0px) and (max-width: 480px) 480px, (min-width: 481px) and (max-width: 980px) 980px, (min-width: 981px) 1000px, 100vw\" \/><\/figure>\n\n\n\n<p><\/p>\n\n\n\n<p>La actriz destac\u00f3 tambi\u00e9n que&nbsp;considera a Bad Bunny un \u201cartista muy completo\u201d&nbsp;y confi\u00f3 en que su presentaci\u00f3n ser\u00e1 bien recibida por el p\u00fablico. Como admiradora, confes\u00f3 su inter\u00e9s por escuchar m\u00e1s temas de su reciente \u00e1lbum&nbsp;Deb\u00ed Tirar M\u00e1s Fotos, aunque resalt\u00f3 que \u201cSafaera\u201d sigue siendo uno de sus favoritos.<\/p>\n\n\n\n<p>De la Reguera incluso expres\u00f3 su deseo de que el cantante invite a otros artistas puertorrique\u00f1os al escenario, mencionando nombres como Residente, Kanny Garc\u00eda y Young Miko, quienes contribuyeron a abrir camino para el \u00e9xito de Bad Bunny.<\/p>\n\n\n\n<h2 class=\"wp-block-heading\">El anuncio oficial y la expectativa mundial<\/h2>\n\n\n\n<p>El puertorrique\u00f1o confirm\u00f3 su participaci\u00f3n mediante un comunicado en redes sociales, donde precis\u00f3 que la fecha anunciada en Estados Unidos corresponde al espect\u00e1culo de medio tiempo del Super Bowl. Este anuncio ha generado un gran impacto en plataformas digitales y medios internacionales, reflejando la expectaci\u00f3n que despierta su figura.<\/p>\n\n\n\n<p>El Super Bowl LX, que se celebrar\u00e1 el 8 de febrero de 2026, no solo representa uno de los eventos deportivos m\u00e1s importantes de Estados Unidos, sino tambi\u00e9n&nbsp;una de las plataformas de mayor visibilidad mundial para la m\u00fasica.&nbsp;La inclusi\u00f3n de Bad Bunny promete atraer no solo a fan\u00e1ticos del f\u00fatbol americano, sino tambi\u00e9n a un p\u00fablico global interesado en el entretenimiento y la m\u00fasica urbana.<\/p>\n\n\n\n<h2 class=\"wp-block-heading\">Comparaci\u00f3n con actuaciones anteriores<\/h2>\n\n\n\n<p>La expectativa sobre el show de Bad Bunny se compara con la hist\u00f3rica presentaci\u00f3n de&nbsp;Kendrick Lamar&nbsp;en el Super Bowl LIX (febrero de 2025), que logr\u00f3 reunir 133.5 millones de espectadores, superando incluso la audiencia del partido. Analistas y fans del g\u00e9nero urbano consideran que el cantante puertorrique\u00f1o podr\u00eda superar esta cifra, consolidando su influencia tanto en la m\u00fasica como en la cultura pop global.<\/p>\n\n\n\n<h2 class=\"wp-block-heading\">Un artista latinoamericano en el centro del escenario<\/h2>\n\n\n\n<p>La participaci\u00f3n de Bad Bunny en este evento refleja no solo su consolidaci\u00f3n art\u00edstica, sino tambi\u00e9n la presencia creciente de artistas latinos en escenarios internacionales de gran magnitud. Su trayectoria, marcada por el \u00e9xito comercial y la aceptaci\u00f3n del p\u00fablico, evidencia la transformaci\u00f3n de la industria musical, donde g\u00e9neros como el urbano se han integrado a plataformas hist\u00f3ricamente dominadas por estilos tradicionales.<\/p>","protected":false},"excerpt":{"rendered":"<p>La actriz de 48 a\u00f1os afirm\u00f3 ser fan del cantante y describi\u00f3 sus conciertos como \u201cdivertidos y emocionantes\u201d.<\/p>","protected":false},"author":2,"featured_media":5961,"comment_status":"open","ping_status":"open","sticky":false,"template":"","format":"standard","meta":{"_et_pb_use_builder":"off","_et_pb_old_content":"","_et_gb_content_width":"","footnotes":""},"categories":[249],"tags":[1336,764,1134],"class_list":["post-5960","post","type-post","status-publish","format-standard","has-post-thumbnail","hentry","category-entretenimiento","tag-ana-de-la-reguera","tag-bad-bunny","tag-super-bowl-lx-2026"],"yoast_head":"<!-- This site is optimized with the Yoast SEO plugin v27.4 - https:\/\/yoast.com\/product\/yoast-seo-wordpress\/ -->\n<title>Ana de la Reguera elogia a Bad Bunny y lo describe como un digno representante para el Super Bowl 2026 - La G Noticias<\/title>\n<meta name=\"robots\" content=\"index, follow, max-snippet:-1, max-image-preview:large, max-video-preview:-1\" \/>\n<link rel=\"canonical\" href=\"https:\/\/lagnoticias.com\/en\/2025\/10\/16\/ana-de-la-reguera-elogia-a-bad-bunny-y-lo-describe-como-un-digno-representante-para-el-super-bowl-2026\/\" \/>\n<meta property=\"og:locale\" content=\"en_US\" \/>\n<meta property=\"og:type\" content=\"article\" \/>\n<meta property=\"og:title\" content=\"Ana de la Reguera elogia a Bad Bunny y lo describe como un digno representante para el Super Bowl 2026 - La G Noticias\" \/>\n<meta property=\"og:description\" content=\"La actriz de 48 a\u00f1os afirm\u00f3 ser fan del cantante y describi\u00f3 sus conciertos como \u201cdivertidos y emocionantes\u201d.\" \/>\n<meta property=\"og:url\" content=\"https:\/\/lagnoticias.com\/en\/2025\/10\/16\/ana-de-la-reguera-elogia-a-bad-bunny-y-lo-describe-como-un-digno-representante-para-el-super-bowl-2026\/\" \/>\n<meta property=\"og:site_name\" content=\"La G Noticias\" \/>\n<meta property=\"article:publisher\" content=\"https:\/\/www.facebook.com\/LaGNoticias\" \/>\n<meta property=\"article:published_time\" content=\"2025-10-16T17:19:32+00:00\" \/>\n<meta property=\"article:modified_time\" content=\"2025-10-17T15:48:26+00:00\" \/>\n<meta property=\"og:image\" content=\"https:\/\/lagnoticias.com\/wp-content\/uploads\/2025\/10\/5-1-4.jpg\" \/>\n\t<meta property=\"og:image:width\" content=\"960\" \/>\n\t<meta property=\"og:image:height\" content=\"540\" \/>\n\t<meta property=\"og:image:type\" content=\"image\/jpeg\" \/>\n<meta name=\"author\" content=\"Oscar\" \/>\n<meta name=\"twitter:card\" content=\"summary_large_image\" \/>\n<meta name=\"twitter:creator\" content=\"@lagnoticias\" \/>\n<meta name=\"twitter:site\" content=\"@lagnoticias\" \/>\n<meta name=\"twitter:label1\" content=\"Written by\" \/>\n\t<meta name=\"twitter:data1\" content=\"Oscar\" \/>\n\t<meta name=\"twitter:label2\" content=\"Est. reading time\" \/>\n\t<meta name=\"twitter:data2\" content=\"4 minutes\" \/>\n<script type=\"application\/ld+json\" class=\"yoast-schema-graph\">{\"@context\":\"https:\\\/\\\/schema.org\",\"@graph\":[{\"@type\":\"Article\",\"@id\":\"https:\\\/\\\/lagnoticias.com\\\/2025\\\/10\\\/16\\\/ana-de-la-reguera-elogia-a-bad-bunny-y-lo-describe-como-un-digno-representante-para-el-super-bowl-2026\\\/#article\",\"isPartOf\":{\"@id\":\"https:\\\/\\\/lagnoticias.com\\\/2025\\\/10\\\/16\\\/ana-de-la-reguera-elogia-a-bad-bunny-y-lo-describe-como-un-digno-representante-para-el-super-bowl-2026\\\/\"},\"author\":{\"name\":\"Oscar\",\"@id\":\"https:\\\/\\\/lagnoticias.com\\\/#\\\/schema\\\/person\\\/cb9bfe13f8de05d2c55270be25c6a550\"},\"headline\":\"Ana de la Reguera elogia a Bad Bunny y lo describe como un digno representante para el Super Bowl 2026\",\"datePublished\":\"2025-10-16T17:19:32+00:00\",\"dateModified\":\"2025-10-17T15:48:26+00:00\",\"mainEntityOfPage\":{\"@id\":\"https:\\\/\\\/lagnoticias.com\\\/2025\\\/10\\\/16\\\/ana-de-la-reguera-elogia-a-bad-bunny-y-lo-describe-como-un-digno-representante-para-el-super-bowl-2026\\\/\"},\"wordCount\":722,\"commentCount\":0,\"image\":{\"@id\":\"https:\\\/\\\/lagnoticias.com\\\/2025\\\/10\\\/16\\\/ana-de-la-reguera-elogia-a-bad-bunny-y-lo-describe-como-un-digno-representante-para-el-super-bowl-2026\\\/#primaryimage\"},\"thumbnailUrl\":\"https:\\\/\\\/lagnoticias.com\\\/wp-content\\\/uploads\\\/2025\\\/10\\\/5-1-4.jpg\",\"keywords\":[\"ANA DE LA REGUERA\",\"BAD BUNNY\",\"SUPER BOWL LX 2026\"],\"articleSection\":[\"ENTRETENIMIENTO\"],\"inLanguage\":\"en-US\",\"potentialAction\":[{\"@type\":\"CommentAction\",\"name\":\"Comment\",\"target\":[\"https:\\\/\\\/lagnoticias.com\\\/2025\\\/10\\\/16\\\/ana-de-la-reguera-elogia-a-bad-bunny-y-lo-describe-como-un-digno-representante-para-el-super-bowl-2026\\\/#respond\"]}]},{\"@type\":\"WebPage\",\"@id\":\"https:\\\/\\\/lagnoticias.com\\\/2025\\\/10\\\/16\\\/ana-de-la-reguera-elogia-a-bad-bunny-y-lo-describe-como-un-digno-representante-para-el-super-bowl-2026\\\/\",\"url\":\"https:\\\/\\\/lagnoticias.com\\\/2025\\\/10\\\/16\\\/ana-de-la-reguera-elogia-a-bad-bunny-y-lo-describe-como-un-digno-representante-para-el-super-bowl-2026\\\/\",\"name\":\"Ana de la Reguera elogia a Bad Bunny y lo describe como un digno representante para el Super Bowl 2026 - La G Noticias\",\"isPartOf\":{\"@id\":\"https:\\\/\\\/lagnoticias.com\\\/#website\"},\"primaryImageOfPage\":{\"@id\":\"https:\\\/\\\/lagnoticias.com\\\/2025\\\/10\\\/16\\\/ana-de-la-reguera-elogia-a-bad-bunny-y-lo-describe-como-un-digno-representante-para-el-super-bowl-2026\\\/#primaryimage\"},\"image\":{\"@id\":\"https:\\\/\\\/lagnoticias.com\\\/2025\\\/10\\\/16\\\/ana-de-la-reguera-elogia-a-bad-bunny-y-lo-describe-como-un-digno-representante-para-el-super-bowl-2026\\\/#primaryimage\"},\"thumbnailUrl\":\"https:\\\/\\\/lagnoticias.com\\\/wp-content\\\/uploads\\\/2025\\\/10\\\/5-1-4.jpg\",\"datePublished\":\"2025-10-16T17:19:32+00:00\",\"dateModified\":\"2025-10-17T15:48:26+00:00\",\"author\":{\"@id\":\"https:\\\/\\\/lagnoticias.com\\\/#\\\/schema\\\/person\\\/cb9bfe13f8de05d2c55270be25c6a550\"},\"breadcrumb\":{\"@id\":\"https:\\\/\\\/lagnoticias.com\\\/2025\\\/10\\\/16\\\/ana-de-la-reguera-elogia-a-bad-bunny-y-lo-describe-como-un-digno-representante-para-el-super-bowl-2026\\\/#breadcrumb\"},\"inLanguage\":\"en-US\",\"potentialAction\":[{\"@type\":\"ReadAction\",\"target\":[\"https:\\\/\\\/lagnoticias.com\\\/2025\\\/10\\\/16\\\/ana-de-la-reguera-elogia-a-bad-bunny-y-lo-describe-como-un-digno-representante-para-el-super-bowl-2026\\\/\"]}]},{\"@type\":\"ImageObject\",\"inLanguage\":\"en-US\",\"@id\":\"https:\\\/\\\/lagnoticias.com\\\/2025\\\/10\\\/16\\\/ana-de-la-reguera-elogia-a-bad-bunny-y-lo-describe-como-un-digno-representante-para-el-super-bowl-2026\\\/#primaryimage\",\"url\":\"https:\\\/\\\/lagnoticias.com\\\/wp-content\\\/uploads\\\/2025\\\/10\\\/5-1-4.jpg\",\"contentUrl\":\"https:\\\/\\\/lagnoticias.com\\\/wp-content\\\/uploads\\\/2025\\\/10\\\/5-1-4.jpg\",\"width\":960,\"height\":540},{\"@type\":\"BreadcrumbList\",\"@id\":\"https:\\\/\\\/lagnoticias.com\\\/2025\\\/10\\\/16\\\/ana-de-la-reguera-elogia-a-bad-bunny-y-lo-describe-como-un-digno-representante-para-el-super-bowl-2026\\\/#breadcrumb\",\"itemListElement\":[{\"@type\":\"ListItem\",\"position\":1,\"name\":\"Portada\",\"item\":\"https:\\\/\\\/lagnoticias.com\\\/\"},{\"@type\":\"ListItem\",\"position\":2,\"name\":\"Ana de la Reguera elogia a Bad Bunny y lo describe como un digno representante para el Super Bowl 2026\"}]},{\"@type\":\"WebSite\",\"@id\":\"https:\\\/\\\/lagnoticias.com\\\/#website\",\"url\":\"https:\\\/\\\/lagnoticias.com\\\/\",\"name\":\"La G Noticias\",\"description\":\"Noticias Positivas\",\"potentialAction\":[{\"@type\":\"SearchAction\",\"target\":{\"@type\":\"EntryPoint\",\"urlTemplate\":\"https:\\\/\\\/lagnoticias.com\\\/?s={search_term_string}\"},\"query-input\":{\"@type\":\"PropertyValueSpecification\",\"valueRequired\":true,\"valueName\":\"search_term_string\"}}],\"inLanguage\":\"en-US\"},{\"@type\":\"Person\",\"@id\":\"https:\\\/\\\/lagnoticias.com\\\/#\\\/schema\\\/person\\\/cb9bfe13f8de05d2c55270be25c6a550\",\"name\":\"Oscar\",\"image\":{\"@type\":\"ImageObject\",\"inLanguage\":\"en-US\",\"@id\":\"https:\\\/\\\/secure.gravatar.com\\\/avatar\\\/45c195718f652dc7ffdd591dc1f2678956ab7fdadcd359a635edc61304a8c757?s=96&d=mm&r=g\",\"url\":\"https:\\\/\\\/secure.gravatar.com\\\/avatar\\\/45c195718f652dc7ffdd591dc1f2678956ab7fdadcd359a635edc61304a8c757?s=96&d=mm&r=g\",\"contentUrl\":\"https:\\\/\\\/secure.gravatar.com\\\/avatar\\\/45c195718f652dc7ffdd591dc1f2678956ab7fdadcd359a635edc61304a8c757?s=96&d=mm&r=g\",\"caption\":\"Oscar\"},\"url\":\"https:\\\/\\\/lagnoticias.com\\\/en\\\/author\\\/oscar\\\/\"}]}<\/script>\n<!-- \/ Yoast SEO plugin. -->","yoast_head_json":{"title":"Ana de la Reguera elogia a Bad Bunny y lo describe como un digno representante para el Super Bowl 2026 - La G Noticias","robots":{"index":"index","follow":"follow","max-snippet":"max-snippet:-1","max-image-preview":"max-image-preview:large","max-video-preview":"max-video-preview:-1"},"canonical":"https:\/\/lagnoticias.com\/en\/2025\/10\/16\/ana-de-la-reguera-elogia-a-bad-bunny-y-lo-describe-como-un-digno-representante-para-el-super-bowl-2026\/","og_locale":"en_US","og_type":"article","og_title":"Ana de la Reguera elogia a Bad Bunny y lo describe como un digno representante para el Super Bowl 2026 - La G Noticias","og_description":"La actriz de 48 a\u00f1os afirm\u00f3 ser fan del cantante y describi\u00f3 sus conciertos como \u201cdivertidos y emocionantes\u201d.","og_url":"https:\/\/lagnoticias.com\/en\/2025\/10\/16\/ana-de-la-reguera-elogia-a-bad-bunny-y-lo-describe-como-un-digno-representante-para-el-super-bowl-2026\/","og_site_name":"La G Noticias","article_publisher":"https:\/\/www.facebook.com\/LaGNoticias","article_published_time":"2025-10-16T17:19:32+00:00","article_modified_time":"2025-10-17T15:48:26+00:00","og_image":[{"width":960,"height":540,"url":"https:\/\/lagnoticias.com\/wp-content\/uploads\/2025\/10\/5-1-4.jpg","type":"image\/jpeg"}],"author":"Oscar","twitter_card":"summary_large_image","twitter_creator":"@lagnoticias","twitter_site":"@lagnoticias","twitter_misc":{"Written by":"Oscar","Est. reading time":"4 minutes"},"schema":{"@context":"https:\/\/schema.org","@graph":[{"@type":"Article","@id":"https:\/\/lagnoticias.com\/2025\/10\/16\/ana-de-la-reguera-elogia-a-bad-bunny-y-lo-describe-como-un-digno-representante-para-el-super-bowl-2026\/#article","isPartOf":{"@id":"https:\/\/lagnoticias.com\/2025\/10\/16\/ana-de-la-reguera-elogia-a-bad-bunny-y-lo-describe-como-un-digno-representante-para-el-super-bowl-2026\/"},"author":{"name":"Oscar","@id":"https:\/\/lagnoticias.com\/#\/schema\/person\/cb9bfe13f8de05d2c55270be25c6a550"},"headline":"Ana de la Reguera elogia a Bad Bunny y lo describe como un digno representante para el Super Bowl 2026","datePublished":"2025-10-16T17:19:32+00:00","dateModified":"2025-10-17T15:48:26+00:00","mainEntityOfPage":{"@id":"https:\/\/lagnoticias.com\/2025\/10\/16\/ana-de-la-reguera-elogia-a-bad-bunny-y-lo-describe-como-un-digno-representante-para-el-super-bowl-2026\/"},"wordCount":722,"commentCount":0,"image":{"@id":"https:\/\/lagnoticias.com\/2025\/10\/16\/ana-de-la-reguera-elogia-a-bad-bunny-y-lo-describe-como-un-digno-representante-para-el-super-bowl-2026\/#primaryimage"},"thumbnailUrl":"https:\/\/lagnoticias.com\/wp-content\/uploads\/2025\/10\/5-1-4.jpg","keywords":["ANA DE LA REGUERA","BAD BUNNY","SUPER BOWL LX 2026"],"articleSection":["ENTRETENIMIENTO"],"inLanguage":"en-US","potentialAction":[{"@type":"CommentAction","name":"Comment","target":["https:\/\/lagnoticias.com\/2025\/10\/16\/ana-de-la-reguera-elogia-a-bad-bunny-y-lo-describe-como-un-digno-representante-para-el-super-bowl-2026\/#respond"]}]},{"@type":"WebPage","@id":"https:\/\/lagnoticias.com\/2025\/10\/16\/ana-de-la-reguera-elogia-a-bad-bunny-y-lo-describe-como-un-digno-representante-para-el-super-bowl-2026\/","url":"https:\/\/lagnoticias.com\/2025\/10\/16\/ana-de-la-reguera-elogia-a-bad-bunny-y-lo-describe-como-un-digno-representante-para-el-super-bowl-2026\/","name":"Ana de la Reguera elogia a Bad Bunny y lo describe como un digno representante para el Super Bowl 2026 - La G Noticias","isPartOf":{"@id":"https:\/\/lagnoticias.com\/#website"},"primaryImageOfPage":{"@id":"https:\/\/lagnoticias.com\/2025\/10\/16\/ana-de-la-reguera-elogia-a-bad-bunny-y-lo-describe-como-un-digno-representante-para-el-super-bowl-2026\/#primaryimage"},"image":{"@id":"https:\/\/lagnoticias.com\/2025\/10\/16\/ana-de-la-reguera-elogia-a-bad-bunny-y-lo-describe-como-un-digno-representante-para-el-super-bowl-2026\/#primaryimage"},"thumbnailUrl":"https:\/\/lagnoticias.com\/wp-content\/uploads\/2025\/10\/5-1-4.jpg","datePublished":"2025-10-16T17:19:32+00:00","dateModified":"2025-10-17T15:48:26+00:00","author":{"@id":"https:\/\/lagnoticias.com\/#\/schema\/person\/cb9bfe13f8de05d2c55270be25c6a550"},"breadcrumb":{"@id":"https:\/\/lagnoticias.com\/2025\/10\/16\/ana-de-la-reguera-elogia-a-bad-bunny-y-lo-describe-como-un-digno-representante-para-el-super-bowl-2026\/#breadcrumb"},"inLanguage":"en-US","potentialAction":[{"@type":"ReadAction","target":["https:\/\/lagnoticias.com\/2025\/10\/16\/ana-de-la-reguera-elogia-a-bad-bunny-y-lo-describe-como-un-digno-representante-para-el-super-bowl-2026\/"]}]},{"@type":"ImageObject","inLanguage":"en-US","@id":"https:\/\/lagnoticias.com\/2025\/10\/16\/ana-de-la-reguera-elogia-a-bad-bunny-y-lo-describe-como-un-digno-representante-para-el-super-bowl-2026\/#primaryimage","url":"https:\/\/lagnoticias.com\/wp-content\/uploads\/2025\/10\/5-1-4.jpg","contentUrl":"https:\/\/lagnoticias.com\/wp-content\/uploads\/2025\/10\/5-1-4.jpg","width":960,"height":540},{"@type":"BreadcrumbList","@id":"https:\/\/lagnoticias.com\/2025\/10\/16\/ana-de-la-reguera-elogia-a-bad-bunny-y-lo-describe-como-un-digno-representante-para-el-super-bowl-2026\/#breadcrumb","itemListElement":[{"@type":"ListItem","position":1,"name":"Portada","item":"https:\/\/lagnoticias.com\/"},{"@type":"ListItem","position":2,"name":"Ana de la Reguera elogia a Bad Bunny y lo describe como un digno representante para el Super Bowl 2026"}]},{"@type":"WebSite","@id":"https:\/\/lagnoticias.com\/#website","url":"https:\/\/lagnoticias.com\/","name":"La G Noticias","description":"Noticias Positivas","potentialAction":[{"@type":"SearchAction","target":{"@type":"EntryPoint","urlTemplate":"https:\/\/lagnoticias.com\/?s={search_term_string}"},"query-input":{"@type":"PropertyValueSpecification","valueRequired":true,"valueName":"search_term_string"}}],"inLanguage":"en-US"},{"@type":"Person","@id":"https:\/\/lagnoticias.com\/#\/schema\/person\/cb9bfe13f8de05d2c55270be25c6a550","name":"Oscar","image":{"@type":"ImageObject","inLanguage":"en-US","@id":"https:\/\/secure.gravatar.com\/avatar\/45c195718f652dc7ffdd591dc1f2678956ab7fdadcd359a635edc61304a8c757?s=96&d=mm&r=g","url":"https:\/\/secure.gravatar.com\/avatar\/45c195718f652dc7ffdd591dc1f2678956ab7fdadcd359a635edc61304a8c757?s=96&d=mm&r=g","contentUrl":"https:\/\/secure.gravatar.com\/avatar\/45c195718f652dc7ffdd591dc1f2678956ab7fdadcd359a635edc61304a8c757?s=96&d=mm&r=g","caption":"Oscar"},"url":"https:\/\/lagnoticias.com\/en\/author\/oscar\/"}]}},"_links":{"self":[{"href":"https:\/\/lagnoticias.com\/en\/wp-json\/wp\/v2\/posts\/5960","targetHints":{"allow":["GET"]}}],"collection":[{"href":"https:\/\/lagnoticias.com\/en\/wp-json\/wp\/v2\/posts"}],"about":[{"href":"https:\/\/lagnoticias.com\/en\/wp-json\/wp\/v2\/types\/post"}],"author":[{"embeddable":true,"href":"https:\/\/lagnoticias.com\/en\/wp-json\/wp\/v2\/users\/2"}],"replies":[{"embeddable":true,"href":"https:\/\/lagnoticias.com\/en\/wp-json\/wp\/v2\/comments?post=5960"}],"version-history":[{"count":1,"href":"https:\/\/lagnoticias.com\/en\/wp-json\/wp\/v2\/posts\/5960\/revisions"}],"predecessor-version":[{"id":5963,"href":"https:\/\/lagnoticias.com\/en\/wp-json\/wp\/v2\/posts\/5960\/revisions\/5963"}],"wp:featuredmedia":[{"embeddable":true,"href":"https:\/\/lagnoticias.com\/en\/wp-json\/wp\/v2\/media\/5961"}],"wp:attachment":[{"href":"https:\/\/lagnoticias.com\/en\/wp-json\/wp\/v2\/media?parent=5960"}],"wp:term":[{"taxonomy":"category","embeddable":true,"href":"https:\/\/lagnoticias.com\/en\/wp-json\/wp\/v2\/categories?post=5960"},{"taxonomy":"post_tag","embeddable":true,"href":"https:\/\/lagnoticias.com\/en\/wp-json\/wp\/v2\/tags?post=5960"}],"curies":[{"name":"wp","href":"https:\/\/api.w.org\/{rel}","templated":true}]}}