{"id":5956,"date":"2025-10-16T11:01:52","date_gmt":"2025-10-16T17:01:52","guid":{"rendered":"https:\/\/lagnoticias.com\/?p=5956"},"modified":"2025-10-17T09:48:32","modified_gmt":"2025-10-17T15:48:32","slug":"se-expande-la-region-de-debilitamiento-del-campo-magnetico-de-la-tierra","status":"publish","type":"post","link":"https:\/\/lagnoticias.com\/en\/2025\/10\/16\/se-expande-la-region-de-debilitamiento-del-campo-magnetico-de-la-tierra\/","title":{"rendered":"Se expande la regi\u00f3n de debilitamiento del campo magn\u00e9tico de la Tierra"},"content":{"rendered":"<p>El&nbsp;campo magn\u00e9tico&nbsp;de la Tierra funciona como un escudo invisible que nos protege de la radiaci\u00f3n c\u00f3smica y del viento solar.&nbsp;Sin embargo,&nbsp;ese escudo presenta una zona debilitada que preocupa a la comunidad cient\u00edfica: la&nbsp;Anomal\u00eda del Atl\u00e1ntico Sur (AAS),&nbsp;una regi\u00f3n donde la intensidad magn\u00e9tica es mucho menor&nbsp;que en el resto del planeta. Este fen\u00f3meno,&nbsp;lejos de ser est\u00e1tico, est\u00e1&nbsp;creciendo, desplaz\u00e1ndose y dividi\u00e9ndose, lo que plantea interrogantes sobre la din\u00e1mica interna de la Tierra y sus efectos en la tecnolog\u00eda espacial.<\/p>\n\n\n\n<h2 class=\"wp-block-heading\">Una \u201cabolladura\u201d en nuestro escudo planetario<\/h2>\n\n\n\n<p>La AAS&nbsp;no es un agujero en el campo magn\u00e9tico, sino una amplia zona sobre Sudam\u00e9rica y el Atl\u00e1ntico Sur donde la protecci\u00f3n magn\u00e9tica se debilita notablemente.&nbsp;En esta regi\u00f3n,&nbsp;las part\u00edculas cargadas del Sol pueden penetrar m\u00e1s cerca de la Tierra, lo que representa un riesgo principalmente para los sat\u00e9lites y dispositivos en \u00f3rbita, aunque no para la vida en la superficie. La NASA la describe como&nbsp;un \u201cbache\u201d en el espacio, una imperfecci\u00f3n en el escudo que protege nuestro planeta.<\/p>\n\n\n\n<h2 class=\"wp-block-heading\">Una anomal\u00eda viva: crece, se mueve y se divide<\/h2>\n\n\n\n<p>Los datos m\u00e1s recientes muestran que&nbsp;la AAS est\u00e1 aumentando de tama\u00f1o, desplaz\u00e1ndose lentamente hacia el noroeste y, de manera inquietante, dividi\u00e9ndose en dos partes. Desde 2014,&nbsp;su \u00e1rea ha crecido hasta abarcar una superficie casi equivalente a la mitad de Europa, mientras que una segunda regi\u00f3n debilitada se expande hacia el suroeste de \u00c1frica.&nbsp;Para los operadores de sat\u00e9lites, esto significa un entorno m\u00e1s incierto y peligroso, ya que deben enfrentarse a dos zonas de riesgo en lugar de una, complicando la navegaci\u00f3n y las maniobras de protecci\u00f3n.<\/p>\n\n\n\n<h2 class=\"wp-block-heading\">Un origen profundo: el magnetismo invertido del n\u00facleo terrestre<\/h2>\n\n\n\n<p>El origen de la AAS se encuentra a unos 3,000 kil\u00f3metros bajo la superficie,&nbsp;en el l\u00edmite entre el n\u00facleo y el manto terrestre. All\u00ed,&nbsp;una gigantesca masa de roca&nbsp;densa conocida como la&nbsp;Provincia Africana de Gran Velocidad de Cizallamiento Baja, altera el flujo del hierro fundido que genera el campo magn\u00e9tico.&nbsp;Esto provoca la aparici\u00f3n de \u201cparches de flujo inverso\u201d, zonas donde las l\u00edneas del campo magn\u00e9tico no emergen del n\u00facleo, sino que&nbsp;regresan hacia \u00e9l, debilitando localmente la intensidad magn\u00e9tica. Este comportamiento an\u00f3malo demuestra que el coraz\u00f3n magn\u00e9tico de la Tierra es mucho m\u00e1s din\u00e1mico y complejo de lo que se pensaba.<\/p>\n\n\n\n<p><\/p>\n\n\n\n<figure class=\"wp-block-image aligncenter size-full\"><img loading=\"lazy\" decoding=\"async\" width=\"976\" height=\"549\" src=\"https:\/\/lagnoticias.com\/wp-content\/uploads\/2025\/10\/4-2-4.jpg\" alt=\"\" class=\"wp-image-5957\" srcset=\"https:\/\/lagnoticias.com\/wp-content\/uploads\/2025\/10\/4-2-4.jpg 976w, https:\/\/lagnoticias.com\/wp-content\/uploads\/2025\/10\/4-2-4-480x270.jpg 480w\" sizes=\"(min-width: 0px) and (max-width: 480px) 480px, (min-width: 481px) 976px, 100vw\" \/><\/figure>\n\n\n\n<p><\/p>\n\n\n\n<h2 class=\"wp-block-heading\">Sin peligro para nosotros, pero s\u00ed para la tecnolog\u00eda<\/h2>\n\n\n\n<p>Aunque la AAS&nbsp;no representa una amenaza directa para las personas, s\u00ed es un riesgo constante para sat\u00e9lites y equipos espaciales. Los&nbsp;dispositivos que cruzan esta regi\u00f3n sufren un mayor impacto de radiaci\u00f3n, lo que puede causar fallas, p\u00e9rdidas de datos o incluso da\u00f1os permanentes.&nbsp;La Estaci\u00f3n Espacial Internacional, por ejemplo, atraviesa regularmente la anomal\u00eda y experimenta interrupciones en algunos de sus instrumentos, como la misi\u00f3n GEDI, que pierde horas de informaci\u00f3n cada vez que debe reiniciarse tras una sobrecarga de radiaci\u00f3n.<\/p>\n\n\n\n<h2 class=\"wp-block-heading\">No es una se\u00f1al del fin del mundo magn\u00e9tico<\/h2>\n\n\n\n<p>Pese a las especulaciones,&nbsp;los cient\u00edficos coinciden en que la AAS no anuncia una inminente inversi\u00f3n de los polos magn\u00e9ticos. Este tipo de fen\u00f3menos ha ocurrido antes en la historia geol\u00f3gica del planeta y forma parte del comportamiento natural del campo magn\u00e9tico terrestre.&nbsp;Las inversiones polares son procesos que tardan cientos de miles de a\u00f1os, por lo que no existe evidencia de que estemos cerca de una nueva.<\/p>\n\n\n\n<h2 class=\"wp-block-heading\">Un escudo que debemos entender para proteger el futuro<\/h2>\n\n\n\n<p>La \u201cabolladura\u201d del campo magn\u00e9tico terrestre es un recordatorio de que incluso los mecanismos naturales m\u00e1s estables pueden cambiar con el tiempo.&nbsp;Aunque no amenaza nuestra vida diaria, s\u00ed&nbsp;exige vigilancia constante, especialmente en una era dependiente de los sat\u00e9lites y la comunicaci\u00f3n global.<\/p>\n\n\n\n<p>NASA y la Agencia Espacial Europea contin\u00faan monitoreando su evoluci\u00f3n mediante&nbsp;misiones como Swarm, con el objetivo de comprender mejor c\u00f3mo las fuerzas que operan en las profundidades de la Tierra&nbsp;afectan tanto al espacio como a nuestra vida tecnol\u00f3gica. En un mundo cada vez m\u00e1s conectado al espacio,&nbsp;entender esta anomal\u00eda es tambi\u00e9n una forma de proteger nuestro propio escudo planetario.<\/p>","protected":false},"excerpt":{"rendered":"<p>Una regi\u00f3n donde la protecci\u00f3n magn\u00e9tica es m\u00e1s d\u00e9bil no deja de crecer y ahora se divide en dos, alertando a cient\u00edficos y operadores de sat\u00e9lites.<\/p>","protected":false},"author":2,"featured_media":5958,"comment_status":"open","ping_status":"open","sticky":false,"template":"","format":"standard","meta":{"_et_pb_use_builder":"off","_et_pb_old_content":"","_et_gb_content_width":"","footnotes":""},"categories":[247],"tags":[1332,1333,1335,1334],"class_list":["post-5956","post","type-post","status-publish","format-standard","has-post-thumbnail","hentry","category-tecnologia","tag-campo-magnetico-de-la-tierra","tag-nucleo-terrestre","tag-planeta","tag-tierra"],"yoast_head":"<!-- This site is optimized with the Yoast SEO plugin v27.4 - https:\/\/yoast.com\/product\/yoast-seo-wordpress\/ -->\n<title>Se expande la regi\u00f3n de debilitamiento del campo magn\u00e9tico de la Tierra - La G Noticias<\/title>\n<meta name=\"robots\" content=\"index, follow, max-snippet:-1, max-image-preview:large, max-video-preview:-1\" \/>\n<link rel=\"canonical\" href=\"https:\/\/lagnoticias.com\/en\/2025\/10\/16\/se-expande-la-region-de-debilitamiento-del-campo-magnetico-de-la-tierra\/\" \/>\n<meta property=\"og:locale\" content=\"en_US\" \/>\n<meta property=\"og:type\" content=\"article\" \/>\n<meta property=\"og:title\" content=\"Se expande la regi\u00f3n de debilitamiento del campo magn\u00e9tico de la Tierra - La G Noticias\" \/>\n<meta property=\"og:description\" content=\"Una regi\u00f3n donde la protecci\u00f3n magn\u00e9tica es m\u00e1s d\u00e9bil no deja de crecer y ahora se divide en dos, alertando a cient\u00edficos y operadores de sat\u00e9lites.\" \/>\n<meta property=\"og:url\" content=\"https:\/\/lagnoticias.com\/en\/2025\/10\/16\/se-expande-la-region-de-debilitamiento-del-campo-magnetico-de-la-tierra\/\" \/>\n<meta property=\"og:site_name\" content=\"La G Noticias\" \/>\n<meta property=\"article:publisher\" content=\"https:\/\/www.facebook.com\/LaGNoticias\" \/>\n<meta property=\"article:published_time\" content=\"2025-10-16T17:01:52+00:00\" \/>\n<meta property=\"article:modified_time\" content=\"2025-10-17T15:48:32+00:00\" \/>\n<meta property=\"og:image\" content=\"https:\/\/lagnoticias.com\/wp-content\/uploads\/2025\/10\/4-1-7.jpg\" \/>\n\t<meta property=\"og:image:width\" content=\"1400\" \/>\n\t<meta property=\"og:image:height\" content=\"800\" \/>\n\t<meta property=\"og:image:type\" content=\"image\/jpeg\" \/>\n<meta name=\"author\" content=\"Oscar\" \/>\n<meta name=\"twitter:card\" content=\"summary_large_image\" \/>\n<meta name=\"twitter:creator\" content=\"@lagnoticias\" \/>\n<meta name=\"twitter:site\" content=\"@lagnoticias\" \/>\n<meta name=\"twitter:label1\" content=\"Written by\" \/>\n\t<meta name=\"twitter:data1\" content=\"Oscar\" \/>\n\t<meta name=\"twitter:label2\" content=\"Est. reading time\" \/>\n\t<meta name=\"twitter:data2\" content=\"4 minutes\" \/>\n<script type=\"application\/ld+json\" class=\"yoast-schema-graph\">{\"@context\":\"https:\\\/\\\/schema.org\",\"@graph\":[{\"@type\":\"Article\",\"@id\":\"https:\\\/\\\/lagnoticias.com\\\/2025\\\/10\\\/16\\\/se-expande-la-region-de-debilitamiento-del-campo-magnetico-de-la-tierra\\\/#article\",\"isPartOf\":{\"@id\":\"https:\\\/\\\/lagnoticias.com\\\/2025\\\/10\\\/16\\\/se-expande-la-region-de-debilitamiento-del-campo-magnetico-de-la-tierra\\\/\"},\"author\":{\"name\":\"Oscar\",\"@id\":\"https:\\\/\\\/lagnoticias.com\\\/#\\\/schema\\\/person\\\/cb9bfe13f8de05d2c55270be25c6a550\"},\"headline\":\"Se expande la regi\u00f3n de debilitamiento del campo magn\u00e9tico de la Tierra\",\"datePublished\":\"2025-10-16T17:01:52+00:00\",\"dateModified\":\"2025-10-17T15:48:32+00:00\",\"mainEntityOfPage\":{\"@id\":\"https:\\\/\\\/lagnoticias.com\\\/2025\\\/10\\\/16\\\/se-expande-la-region-de-debilitamiento-del-campo-magnetico-de-la-tierra\\\/\"},\"wordCount\":793,\"commentCount\":0,\"image\":{\"@id\":\"https:\\\/\\\/lagnoticias.com\\\/2025\\\/10\\\/16\\\/se-expande-la-region-de-debilitamiento-del-campo-magnetico-de-la-tierra\\\/#primaryimage\"},\"thumbnailUrl\":\"https:\\\/\\\/lagnoticias.com\\\/wp-content\\\/uploads\\\/2025\\\/10\\\/4-1-7.jpg\",\"keywords\":[\"CAMPO MAGN\u00c9TICO DE LA TIERRA\",\"N\u00daCLEO TERRESTRE\",\"PLANETA\",\"TIERRA\"],\"articleSection\":[\"TECNOLOG\u00cdA\"],\"inLanguage\":\"en-US\",\"potentialAction\":[{\"@type\":\"CommentAction\",\"name\":\"Comment\",\"target\":[\"https:\\\/\\\/lagnoticias.com\\\/2025\\\/10\\\/16\\\/se-expande-la-region-de-debilitamiento-del-campo-magnetico-de-la-tierra\\\/#respond\"]}]},{\"@type\":\"WebPage\",\"@id\":\"https:\\\/\\\/lagnoticias.com\\\/2025\\\/10\\\/16\\\/se-expande-la-region-de-debilitamiento-del-campo-magnetico-de-la-tierra\\\/\",\"url\":\"https:\\\/\\\/lagnoticias.com\\\/2025\\\/10\\\/16\\\/se-expande-la-region-de-debilitamiento-del-campo-magnetico-de-la-tierra\\\/\",\"name\":\"Se expande la regi\u00f3n de debilitamiento del campo magn\u00e9tico de la Tierra - La G Noticias\",\"isPartOf\":{\"@id\":\"https:\\\/\\\/lagnoticias.com\\\/#website\"},\"primaryImageOfPage\":{\"@id\":\"https:\\\/\\\/lagnoticias.com\\\/2025\\\/10\\\/16\\\/se-expande-la-region-de-debilitamiento-del-campo-magnetico-de-la-tierra\\\/#primaryimage\"},\"image\":{\"@id\":\"https:\\\/\\\/lagnoticias.com\\\/2025\\\/10\\\/16\\\/se-expande-la-region-de-debilitamiento-del-campo-magnetico-de-la-tierra\\\/#primaryimage\"},\"thumbnailUrl\":\"https:\\\/\\\/lagnoticias.com\\\/wp-content\\\/uploads\\\/2025\\\/10\\\/4-1-7.jpg\",\"datePublished\":\"2025-10-16T17:01:52+00:00\",\"dateModified\":\"2025-10-17T15:48:32+00:00\",\"author\":{\"@id\":\"https:\\\/\\\/lagnoticias.com\\\/#\\\/schema\\\/person\\\/cb9bfe13f8de05d2c55270be25c6a550\"},\"breadcrumb\":{\"@id\":\"https:\\\/\\\/lagnoticias.com\\\/2025\\\/10\\\/16\\\/se-expande-la-region-de-debilitamiento-del-campo-magnetico-de-la-tierra\\\/#breadcrumb\"},\"inLanguage\":\"en-US\",\"potentialAction\":[{\"@type\":\"ReadAction\",\"target\":[\"https:\\\/\\\/lagnoticias.com\\\/2025\\\/10\\\/16\\\/se-expande-la-region-de-debilitamiento-del-campo-magnetico-de-la-tierra\\\/\"]}]},{\"@type\":\"ImageObject\",\"inLanguage\":\"en-US\",\"@id\":\"https:\\\/\\\/lagnoticias.com\\\/2025\\\/10\\\/16\\\/se-expande-la-region-de-debilitamiento-del-campo-magnetico-de-la-tierra\\\/#primaryimage\",\"url\":\"https:\\\/\\\/lagnoticias.com\\\/wp-content\\\/uploads\\\/2025\\\/10\\\/4-1-7.jpg\",\"contentUrl\":\"https:\\\/\\\/lagnoticias.com\\\/wp-content\\\/uploads\\\/2025\\\/10\\\/4-1-7.jpg\",\"width\":1400,\"height\":800},{\"@type\":\"BreadcrumbList\",\"@id\":\"https:\\\/\\\/lagnoticias.com\\\/2025\\\/10\\\/16\\\/se-expande-la-region-de-debilitamiento-del-campo-magnetico-de-la-tierra\\\/#breadcrumb\",\"itemListElement\":[{\"@type\":\"ListItem\",\"position\":1,\"name\":\"Portada\",\"item\":\"https:\\\/\\\/lagnoticias.com\\\/\"},{\"@type\":\"ListItem\",\"position\":2,\"name\":\"Se expande la regi\u00f3n de debilitamiento del campo magn\u00e9tico de la Tierra\"}]},{\"@type\":\"WebSite\",\"@id\":\"https:\\\/\\\/lagnoticias.com\\\/#website\",\"url\":\"https:\\\/\\\/lagnoticias.com\\\/\",\"name\":\"La G Noticias\",\"description\":\"Noticias Positivas\",\"potentialAction\":[{\"@type\":\"SearchAction\",\"target\":{\"@type\":\"EntryPoint\",\"urlTemplate\":\"https:\\\/\\\/lagnoticias.com\\\/?s={search_term_string}\"},\"query-input\":{\"@type\":\"PropertyValueSpecification\",\"valueRequired\":true,\"valueName\":\"search_term_string\"}}],\"inLanguage\":\"en-US\"},{\"@type\":\"Person\",\"@id\":\"https:\\\/\\\/lagnoticias.com\\\/#\\\/schema\\\/person\\\/cb9bfe13f8de05d2c55270be25c6a550\",\"name\":\"Oscar\",\"image\":{\"@type\":\"ImageObject\",\"inLanguage\":\"en-US\",\"@id\":\"https:\\\/\\\/secure.gravatar.com\\\/avatar\\\/45c195718f652dc7ffdd591dc1f2678956ab7fdadcd359a635edc61304a8c757?s=96&d=mm&r=g\",\"url\":\"https:\\\/\\\/secure.gravatar.com\\\/avatar\\\/45c195718f652dc7ffdd591dc1f2678956ab7fdadcd359a635edc61304a8c757?s=96&d=mm&r=g\",\"contentUrl\":\"https:\\\/\\\/secure.gravatar.com\\\/avatar\\\/45c195718f652dc7ffdd591dc1f2678956ab7fdadcd359a635edc61304a8c757?s=96&d=mm&r=g\",\"caption\":\"Oscar\"},\"url\":\"https:\\\/\\\/lagnoticias.com\\\/en\\\/author\\\/oscar\\\/\"}]}<\/script>\n<!-- \/ Yoast SEO plugin. -->","yoast_head_json":{"title":"Se expande la regi\u00f3n de debilitamiento del campo magn\u00e9tico de la Tierra - La G Noticias","robots":{"index":"index","follow":"follow","max-snippet":"max-snippet:-1","max-image-preview":"max-image-preview:large","max-video-preview":"max-video-preview:-1"},"canonical":"https:\/\/lagnoticias.com\/en\/2025\/10\/16\/se-expande-la-region-de-debilitamiento-del-campo-magnetico-de-la-tierra\/","og_locale":"en_US","og_type":"article","og_title":"Se expande la regi\u00f3n de debilitamiento del campo magn\u00e9tico de la Tierra - La G Noticias","og_description":"Una regi\u00f3n donde la protecci\u00f3n magn\u00e9tica es m\u00e1s d\u00e9bil no deja de crecer y ahora se divide en dos, alertando a cient\u00edficos y operadores de sat\u00e9lites.","og_url":"https:\/\/lagnoticias.com\/en\/2025\/10\/16\/se-expande-la-region-de-debilitamiento-del-campo-magnetico-de-la-tierra\/","og_site_name":"La G Noticias","article_publisher":"https:\/\/www.facebook.com\/LaGNoticias","article_published_time":"2025-10-16T17:01:52+00:00","article_modified_time":"2025-10-17T15:48:32+00:00","og_image":[{"width":1400,"height":800,"url":"https:\/\/lagnoticias.com\/wp-content\/uploads\/2025\/10\/4-1-7.jpg","type":"image\/jpeg"}],"author":"Oscar","twitter_card":"summary_large_image","twitter_creator":"@lagnoticias","twitter_site":"@lagnoticias","twitter_misc":{"Written by":"Oscar","Est. reading time":"4 minutes"},"schema":{"@context":"https:\/\/schema.org","@graph":[{"@type":"Article","@id":"https:\/\/lagnoticias.com\/2025\/10\/16\/se-expande-la-region-de-debilitamiento-del-campo-magnetico-de-la-tierra\/#article","isPartOf":{"@id":"https:\/\/lagnoticias.com\/2025\/10\/16\/se-expande-la-region-de-debilitamiento-del-campo-magnetico-de-la-tierra\/"},"author":{"name":"Oscar","@id":"https:\/\/lagnoticias.com\/#\/schema\/person\/cb9bfe13f8de05d2c55270be25c6a550"},"headline":"Se expande la regi\u00f3n de debilitamiento del campo magn\u00e9tico de la Tierra","datePublished":"2025-10-16T17:01:52+00:00","dateModified":"2025-10-17T15:48:32+00:00","mainEntityOfPage":{"@id":"https:\/\/lagnoticias.com\/2025\/10\/16\/se-expande-la-region-de-debilitamiento-del-campo-magnetico-de-la-tierra\/"},"wordCount":793,"commentCount":0,"image":{"@id":"https:\/\/lagnoticias.com\/2025\/10\/16\/se-expande-la-region-de-debilitamiento-del-campo-magnetico-de-la-tierra\/#primaryimage"},"thumbnailUrl":"https:\/\/lagnoticias.com\/wp-content\/uploads\/2025\/10\/4-1-7.jpg","keywords":["CAMPO MAGN\u00c9TICO DE LA TIERRA","N\u00daCLEO TERRESTRE","PLANETA","TIERRA"],"articleSection":["TECNOLOG\u00cdA"],"inLanguage":"en-US","potentialAction":[{"@type":"CommentAction","name":"Comment","target":["https:\/\/lagnoticias.com\/2025\/10\/16\/se-expande-la-region-de-debilitamiento-del-campo-magnetico-de-la-tierra\/#respond"]}]},{"@type":"WebPage","@id":"https:\/\/lagnoticias.com\/2025\/10\/16\/se-expande-la-region-de-debilitamiento-del-campo-magnetico-de-la-tierra\/","url":"https:\/\/lagnoticias.com\/2025\/10\/16\/se-expande-la-region-de-debilitamiento-del-campo-magnetico-de-la-tierra\/","name":"Se expande la regi\u00f3n de debilitamiento del campo magn\u00e9tico de la Tierra - La G Noticias","isPartOf":{"@id":"https:\/\/lagnoticias.com\/#website"},"primaryImageOfPage":{"@id":"https:\/\/lagnoticias.com\/2025\/10\/16\/se-expande-la-region-de-debilitamiento-del-campo-magnetico-de-la-tierra\/#primaryimage"},"image":{"@id":"https:\/\/lagnoticias.com\/2025\/10\/16\/se-expande-la-region-de-debilitamiento-del-campo-magnetico-de-la-tierra\/#primaryimage"},"thumbnailUrl":"https:\/\/lagnoticias.com\/wp-content\/uploads\/2025\/10\/4-1-7.jpg","datePublished":"2025-10-16T17:01:52+00:00","dateModified":"2025-10-17T15:48:32+00:00","author":{"@id":"https:\/\/lagnoticias.com\/#\/schema\/person\/cb9bfe13f8de05d2c55270be25c6a550"},"breadcrumb":{"@id":"https:\/\/lagnoticias.com\/2025\/10\/16\/se-expande-la-region-de-debilitamiento-del-campo-magnetico-de-la-tierra\/#breadcrumb"},"inLanguage":"en-US","potentialAction":[{"@type":"ReadAction","target":["https:\/\/lagnoticias.com\/2025\/10\/16\/se-expande-la-region-de-debilitamiento-del-campo-magnetico-de-la-tierra\/"]}]},{"@type":"ImageObject","inLanguage":"en-US","@id":"https:\/\/lagnoticias.com\/2025\/10\/16\/se-expande-la-region-de-debilitamiento-del-campo-magnetico-de-la-tierra\/#primaryimage","url":"https:\/\/lagnoticias.com\/wp-content\/uploads\/2025\/10\/4-1-7.jpg","contentUrl":"https:\/\/lagnoticias.com\/wp-content\/uploads\/2025\/10\/4-1-7.jpg","width":1400,"height":800},{"@type":"BreadcrumbList","@id":"https:\/\/lagnoticias.com\/2025\/10\/16\/se-expande-la-region-de-debilitamiento-del-campo-magnetico-de-la-tierra\/#breadcrumb","itemListElement":[{"@type":"ListItem","position":1,"name":"Portada","item":"https:\/\/lagnoticias.com\/"},{"@type":"ListItem","position":2,"name":"Se expande la regi\u00f3n de debilitamiento del campo magn\u00e9tico de la Tierra"}]},{"@type":"WebSite","@id":"https:\/\/lagnoticias.com\/#website","url":"https:\/\/lagnoticias.com\/","name":"La G Noticias","description":"Noticias Positivas","potentialAction":[{"@type":"SearchAction","target":{"@type":"EntryPoint","urlTemplate":"https:\/\/lagnoticias.com\/?s={search_term_string}"},"query-input":{"@type":"PropertyValueSpecification","valueRequired":true,"valueName":"search_term_string"}}],"inLanguage":"en-US"},{"@type":"Person","@id":"https:\/\/lagnoticias.com\/#\/schema\/person\/cb9bfe13f8de05d2c55270be25c6a550","name":"Oscar","image":{"@type":"ImageObject","inLanguage":"en-US","@id":"https:\/\/secure.gravatar.com\/avatar\/45c195718f652dc7ffdd591dc1f2678956ab7fdadcd359a635edc61304a8c757?s=96&d=mm&r=g","url":"https:\/\/secure.gravatar.com\/avatar\/45c195718f652dc7ffdd591dc1f2678956ab7fdadcd359a635edc61304a8c757?s=96&d=mm&r=g","contentUrl":"https:\/\/secure.gravatar.com\/avatar\/45c195718f652dc7ffdd591dc1f2678956ab7fdadcd359a635edc61304a8c757?s=96&d=mm&r=g","caption":"Oscar"},"url":"https:\/\/lagnoticias.com\/en\/author\/oscar\/"}]}},"_links":{"self":[{"href":"https:\/\/lagnoticias.com\/en\/wp-json\/wp\/v2\/posts\/5956","targetHints":{"allow":["GET"]}}],"collection":[{"href":"https:\/\/lagnoticias.com\/en\/wp-json\/wp\/v2\/posts"}],"about":[{"href":"https:\/\/lagnoticias.com\/en\/wp-json\/wp\/v2\/types\/post"}],"author":[{"embeddable":true,"href":"https:\/\/lagnoticias.com\/en\/wp-json\/wp\/v2\/users\/2"}],"replies":[{"embeddable":true,"href":"https:\/\/lagnoticias.com\/en\/wp-json\/wp\/v2\/comments?post=5956"}],"version-history":[{"count":1,"href":"https:\/\/lagnoticias.com\/en\/wp-json\/wp\/v2\/posts\/5956\/revisions"}],"predecessor-version":[{"id":5959,"href":"https:\/\/lagnoticias.com\/en\/wp-json\/wp\/v2\/posts\/5956\/revisions\/5959"}],"wp:featuredmedia":[{"embeddable":true,"href":"https:\/\/lagnoticias.com\/en\/wp-json\/wp\/v2\/media\/5958"}],"wp:attachment":[{"href":"https:\/\/lagnoticias.com\/en\/wp-json\/wp\/v2\/media?parent=5956"}],"wp:term":[{"taxonomy":"category","embeddable":true,"href":"https:\/\/lagnoticias.com\/en\/wp-json\/wp\/v2\/categories?post=5956"},{"taxonomy":"post_tag","embeddable":true,"href":"https:\/\/lagnoticias.com\/en\/wp-json\/wp\/v2\/tags?post=5956"}],"curies":[{"name":"wp","href":"https:\/\/api.w.org\/{rel}","templated":true}]}}