{"id":5948,"date":"2025-10-16T10:23:32","date_gmt":"2025-10-16T16:23:32","guid":{"rendered":"https:\/\/lagnoticias.com\/?p=5948"},"modified":"2025-10-17T09:48:40","modified_gmt":"2025-10-17T15:48:40","slug":"gobierno-de-el-salvador-refuerza-acciones-preventivas-ante-las-lluvias-en-todo-el-pais","status":"publish","type":"post","link":"https:\/\/lagnoticias.com\/en\/2025\/10\/16\/gobierno-de-el-salvador-refuerza-acciones-preventivas-ante-las-lluvias-en-todo-el-pais\/","title":{"rendered":"Gobierno de El Salvador refuerza acciones preventivas ante las lluvias en todo el pa\u00eds"},"content":{"rendered":"<p>A trav\u00e9s del Sistema Nacional de Protecci\u00f3n Civil, las instituciones contin\u00faan desplegadas para atender emergencias, monitorear zonas de riesgo y garantizar la seguridad de la poblaci\u00f3n.<\/p>\n\n\n\n<p>El director de Protecci\u00f3n Civil, Luis Alonso Amaya, inform\u00f3 que se mantiene un monitoreo constante en todo el pa\u00eds, sin registrarse incidentes cr\u00edticos, a pesar de las abundantes precipitaciones.<\/p>\n\n\n\n<p>\u00abTenemos cubierto todo el territorio con equipos de respuesta de todas las instituciones que conforman el Sistema Nacional de Protecci\u00f3n Civil, este es personal capacitado para atender todo tipo de emergencia\u201d, explic\u00f3 el director Amaya.<\/p>\n\n\n\n<p>El funcionario tambi\u00e9n se\u00f1al\u00f3 que se mantiene una red de 180 albergues habilitados, de los cuales cinco est\u00e1n activos y resguardan a 108 personas, pertenecientes a 47 familias que fueron trasladadas desde zonas vulnerables.<\/p>\n\n\n\n<p><\/p>\n\n\n\n<figure class=\"wp-block-image aligncenter size-large\"><img loading=\"lazy\" decoding=\"async\" width=\"1024\" height=\"614\" src=\"https:\/\/lagnoticias.com\/wp-content\/uploads\/2025\/10\/2-1-6-1024x614.jpg\" alt=\"\" class=\"wp-image-5950\" srcset=\"https:\/\/lagnoticias.com\/wp-content\/uploads\/2025\/10\/2-1-6-980x588.jpg 980w, https:\/\/lagnoticias.com\/wp-content\/uploads\/2025\/10\/2-1-6-480x288.jpg 480w\" sizes=\"(min-width: 0px) and (max-width: 480px) 480px, (min-width: 481px) and (max-width: 980px) 980px, (min-width: 981px) 1024px, 100vw\" \/><\/figure>\n\n\n\n<p>\u201cTener la capacidad de albergar a un poco m\u00e1s de 10,000 personas en 180 espacios es un trabajo que se ha realizado mucho antes de que se inicie el per\u00edodo lluvioso, porque si a algo le estamos apostando es a tener todo preparado, lo que permite que cuando las personas hayan evacuado no lleguen a un lugar donde no haya nada\u201d, destac\u00f3 Amaya.<\/p>\n\n\n\n<p>El director reiter\u00f3 el llamado a la poblaci\u00f3n a mantener las precauciones y evitar tirar basura en las calles, ya que esto provoca taponamientos en los sistemas de drenaje y genera inundaciones urbanas. Asimismo, asegur\u00f3 que se mantienen activos los protocolos de coordinaci\u00f3n interinstitucional para dar una respuesta efectiva ante cualquier emergencia derivada de las lluvias.<\/p>\n\n\n\n<p>Con estas acciones, el Gobierno del presidente Bukele reafirma su compromiso con la protecci\u00f3n de la vida y el bienestar de las familias salvadore\u00f1as, fortaleciendo la capacidad de respuesta ante emergencias y priorizando la prevenci\u00f3n como eje fundamental para reducir riesgos durante el per\u00edodo de lluvias.<\/p>","protected":false},"excerpt":{"rendered":"<p>El Gobierno de El Salvador sigue protegiendo a las familias salvadore\u00f1as con acciones preventivas y de respuesta inmediata ante la incidencia de lluvias que afecta al territorio nacional.<\/p>","protected":false},"author":2,"featured_media":5949,"comment_status":"open","ping_status":"open","sticky":false,"template":"","format":"standard","meta":{"_et_pb_use_builder":"off","_et_pb_old_content":"","_et_gb_content_width":"","footnotes":""},"categories":[244],"tags":[267,268,452,408],"class_list":["post-5948","post","type-post","status-publish","format-standard","has-post-thumbnail","hentry","category-nacionales","tag-el-salvador","tag-gobierno-de-el-salvador","tag-lluvias","tag-proteccion-civil"],"yoast_head":"<!-- This site is optimized with the Yoast SEO plugin v27.4 - https:\/\/yoast.com\/product\/yoast-seo-wordpress\/ -->\n<title>Gobierno de El Salvador refuerza acciones preventivas ante las lluvias en todo el pa\u00eds - La G Noticias<\/title>\n<meta name=\"robots\" content=\"index, follow, max-snippet:-1, max-image-preview:large, max-video-preview:-1\" \/>\n<link rel=\"canonical\" href=\"https:\/\/lagnoticias.com\/en\/2025\/10\/16\/gobierno-de-el-salvador-refuerza-acciones-preventivas-ante-las-lluvias-en-todo-el-pais\/\" \/>\n<meta property=\"og:locale\" content=\"en_US\" \/>\n<meta property=\"og:type\" content=\"article\" \/>\n<meta property=\"og:title\" content=\"Gobierno de El Salvador refuerza acciones preventivas ante las lluvias en todo el pa\u00eds - La G Noticias\" \/>\n<meta property=\"og:description\" content=\"El Gobierno de El Salvador sigue protegiendo a las familias salvadore\u00f1as con acciones preventivas y de respuesta inmediata ante la incidencia de lluvias que afecta al territorio nacional.\" \/>\n<meta property=\"og:url\" content=\"https:\/\/lagnoticias.com\/en\/2025\/10\/16\/gobierno-de-el-salvador-refuerza-acciones-preventivas-ante-las-lluvias-en-todo-el-pais\/\" \/>\n<meta property=\"og:site_name\" content=\"La G Noticias\" \/>\n<meta property=\"article:publisher\" content=\"https:\/\/www.facebook.com\/LaGNoticias\" \/>\n<meta property=\"article:published_time\" content=\"2025-10-16T16:23:32+00:00\" \/>\n<meta property=\"article:modified_time\" content=\"2025-10-17T15:48:40+00:00\" \/>\n<meta property=\"og:image\" content=\"https:\/\/lagnoticias.com\/wp-content\/uploads\/2025\/10\/2-2-7.jpg\" \/>\n\t<meta property=\"og:image:width\" content=\"1280\" \/>\n\t<meta property=\"og:image:height\" content=\"885\" \/>\n\t<meta property=\"og:image:type\" content=\"image\/jpeg\" \/>\n<meta name=\"author\" content=\"Oscar\" \/>\n<meta name=\"twitter:card\" content=\"summary_large_image\" \/>\n<meta name=\"twitter:creator\" content=\"@lagnoticias\" \/>\n<meta name=\"twitter:site\" content=\"@lagnoticias\" \/>\n<meta name=\"twitter:label1\" content=\"Written by\" \/>\n\t<meta name=\"twitter:data1\" content=\"Oscar\" \/>\n\t<meta name=\"twitter:label2\" content=\"Est. reading time\" \/>\n\t<meta name=\"twitter:data2\" content=\"2 minutes\" \/>\n<script type=\"application\/ld+json\" class=\"yoast-schema-graph\">{\"@context\":\"https:\\\/\\\/schema.org\",\"@graph\":[{\"@type\":\"Article\",\"@id\":\"https:\\\/\\\/lagnoticias.com\\\/2025\\\/10\\\/16\\\/gobierno-de-el-salvador-refuerza-acciones-preventivas-ante-las-lluvias-en-todo-el-pais\\\/#article\",\"isPartOf\":{\"@id\":\"https:\\\/\\\/lagnoticias.com\\\/2025\\\/10\\\/16\\\/gobierno-de-el-salvador-refuerza-acciones-preventivas-ante-las-lluvias-en-todo-el-pais\\\/\"},\"author\":{\"name\":\"Oscar\",\"@id\":\"https:\\\/\\\/lagnoticias.com\\\/#\\\/schema\\\/person\\\/cb9bfe13f8de05d2c55270be25c6a550\"},\"headline\":\"Gobierno de El Salvador refuerza acciones preventivas ante las lluvias en todo el pa\u00eds\",\"datePublished\":\"2025-10-16T16:23:32+00:00\",\"dateModified\":\"2025-10-17T15:48:40+00:00\",\"mainEntityOfPage\":{\"@id\":\"https:\\\/\\\/lagnoticias.com\\\/2025\\\/10\\\/16\\\/gobierno-de-el-salvador-refuerza-acciones-preventivas-ante-las-lluvias-en-todo-el-pais\\\/\"},\"wordCount\":318,\"commentCount\":0,\"image\":{\"@id\":\"https:\\\/\\\/lagnoticias.com\\\/2025\\\/10\\\/16\\\/gobierno-de-el-salvador-refuerza-acciones-preventivas-ante-las-lluvias-en-todo-el-pais\\\/#primaryimage\"},\"thumbnailUrl\":\"https:\\\/\\\/lagnoticias.com\\\/wp-content\\\/uploads\\\/2025\\\/10\\\/2-2-7.jpg\",\"keywords\":[\"EL SALVADOR\",\"GOBIERNO DE EL SALVADOR\",\"LLUVIAS\",\"PROTECCI\u00d3N CIVIL\"],\"articleSection\":[\"NACIONALES\"],\"inLanguage\":\"en-US\",\"potentialAction\":[{\"@type\":\"CommentAction\",\"name\":\"Comment\",\"target\":[\"https:\\\/\\\/lagnoticias.com\\\/2025\\\/10\\\/16\\\/gobierno-de-el-salvador-refuerza-acciones-preventivas-ante-las-lluvias-en-todo-el-pais\\\/#respond\"]}]},{\"@type\":\"WebPage\",\"@id\":\"https:\\\/\\\/lagnoticias.com\\\/2025\\\/10\\\/16\\\/gobierno-de-el-salvador-refuerza-acciones-preventivas-ante-las-lluvias-en-todo-el-pais\\\/\",\"url\":\"https:\\\/\\\/lagnoticias.com\\\/2025\\\/10\\\/16\\\/gobierno-de-el-salvador-refuerza-acciones-preventivas-ante-las-lluvias-en-todo-el-pais\\\/\",\"name\":\"Gobierno de El Salvador refuerza acciones preventivas ante las lluvias en todo el pa\u00eds - La G Noticias\",\"isPartOf\":{\"@id\":\"https:\\\/\\\/lagnoticias.com\\\/#website\"},\"primaryImageOfPage\":{\"@id\":\"https:\\\/\\\/lagnoticias.com\\\/2025\\\/10\\\/16\\\/gobierno-de-el-salvador-refuerza-acciones-preventivas-ante-las-lluvias-en-todo-el-pais\\\/#primaryimage\"},\"image\":{\"@id\":\"https:\\\/\\\/lagnoticias.com\\\/2025\\\/10\\\/16\\\/gobierno-de-el-salvador-refuerza-acciones-preventivas-ante-las-lluvias-en-todo-el-pais\\\/#primaryimage\"},\"thumbnailUrl\":\"https:\\\/\\\/lagnoticias.com\\\/wp-content\\\/uploads\\\/2025\\\/10\\\/2-2-7.jpg\",\"datePublished\":\"2025-10-16T16:23:32+00:00\",\"dateModified\":\"2025-10-17T15:48:40+00:00\",\"author\":{\"@id\":\"https:\\\/\\\/lagnoticias.com\\\/#\\\/schema\\\/person\\\/cb9bfe13f8de05d2c55270be25c6a550\"},\"breadcrumb\":{\"@id\":\"https:\\\/\\\/lagnoticias.com\\\/2025\\\/10\\\/16\\\/gobierno-de-el-salvador-refuerza-acciones-preventivas-ante-las-lluvias-en-todo-el-pais\\\/#breadcrumb\"},\"inLanguage\":\"en-US\",\"potentialAction\":[{\"@type\":\"ReadAction\",\"target\":[\"https:\\\/\\\/lagnoticias.com\\\/2025\\\/10\\\/16\\\/gobierno-de-el-salvador-refuerza-acciones-preventivas-ante-las-lluvias-en-todo-el-pais\\\/\"]}]},{\"@type\":\"ImageObject\",\"inLanguage\":\"en-US\",\"@id\":\"https:\\\/\\\/lagnoticias.com\\\/2025\\\/10\\\/16\\\/gobierno-de-el-salvador-refuerza-acciones-preventivas-ante-las-lluvias-en-todo-el-pais\\\/#primaryimage\",\"url\":\"https:\\\/\\\/lagnoticias.com\\\/wp-content\\\/uploads\\\/2025\\\/10\\\/2-2-7.jpg\",\"contentUrl\":\"https:\\\/\\\/lagnoticias.com\\\/wp-content\\\/uploads\\\/2025\\\/10\\\/2-2-7.jpg\",\"width\":1280,\"height\":885},{\"@type\":\"BreadcrumbList\",\"@id\":\"https:\\\/\\\/lagnoticias.com\\\/2025\\\/10\\\/16\\\/gobierno-de-el-salvador-refuerza-acciones-preventivas-ante-las-lluvias-en-todo-el-pais\\\/#breadcrumb\",\"itemListElement\":[{\"@type\":\"ListItem\",\"position\":1,\"name\":\"Portada\",\"item\":\"https:\\\/\\\/lagnoticias.com\\\/\"},{\"@type\":\"ListItem\",\"position\":2,\"name\":\"Gobierno de El Salvador refuerza acciones preventivas ante las lluvias en todo el pa\u00eds\"}]},{\"@type\":\"WebSite\",\"@id\":\"https:\\\/\\\/lagnoticias.com\\\/#website\",\"url\":\"https:\\\/\\\/lagnoticias.com\\\/\",\"name\":\"La G Noticias\",\"description\":\"Noticias Positivas\",\"potentialAction\":[{\"@type\":\"SearchAction\",\"target\":{\"@type\":\"EntryPoint\",\"urlTemplate\":\"https:\\\/\\\/lagnoticias.com\\\/?s={search_term_string}\"},\"query-input\":{\"@type\":\"PropertyValueSpecification\",\"valueRequired\":true,\"valueName\":\"search_term_string\"}}],\"inLanguage\":\"en-US\"},{\"@type\":\"Person\",\"@id\":\"https:\\\/\\\/lagnoticias.com\\\/#\\\/schema\\\/person\\\/cb9bfe13f8de05d2c55270be25c6a550\",\"name\":\"Oscar\",\"image\":{\"@type\":\"ImageObject\",\"inLanguage\":\"en-US\",\"@id\":\"https:\\\/\\\/secure.gravatar.com\\\/avatar\\\/45c195718f652dc7ffdd591dc1f2678956ab7fdadcd359a635edc61304a8c757?s=96&d=mm&r=g\",\"url\":\"https:\\\/\\\/secure.gravatar.com\\\/avatar\\\/45c195718f652dc7ffdd591dc1f2678956ab7fdadcd359a635edc61304a8c757?s=96&d=mm&r=g\",\"contentUrl\":\"https:\\\/\\\/secure.gravatar.com\\\/avatar\\\/45c195718f652dc7ffdd591dc1f2678956ab7fdadcd359a635edc61304a8c757?s=96&d=mm&r=g\",\"caption\":\"Oscar\"},\"url\":\"https:\\\/\\\/lagnoticias.com\\\/en\\\/author\\\/oscar\\\/\"}]}<\/script>\n<!-- \/ Yoast SEO plugin. -->","yoast_head_json":{"title":"Gobierno de El Salvador refuerza acciones preventivas ante las lluvias en todo el pa\u00eds - La G Noticias","robots":{"index":"index","follow":"follow","max-snippet":"max-snippet:-1","max-image-preview":"max-image-preview:large","max-video-preview":"max-video-preview:-1"},"canonical":"https:\/\/lagnoticias.com\/en\/2025\/10\/16\/gobierno-de-el-salvador-refuerza-acciones-preventivas-ante-las-lluvias-en-todo-el-pais\/","og_locale":"en_US","og_type":"article","og_title":"Gobierno de El Salvador refuerza acciones preventivas ante las lluvias en todo el pa\u00eds - La G Noticias","og_description":"El Gobierno de El Salvador sigue protegiendo a las familias salvadore\u00f1as con acciones preventivas y de respuesta inmediata ante la incidencia de lluvias que afecta al territorio nacional.","og_url":"https:\/\/lagnoticias.com\/en\/2025\/10\/16\/gobierno-de-el-salvador-refuerza-acciones-preventivas-ante-las-lluvias-en-todo-el-pais\/","og_site_name":"La G Noticias","article_publisher":"https:\/\/www.facebook.com\/LaGNoticias","article_published_time":"2025-10-16T16:23:32+00:00","article_modified_time":"2025-10-17T15:48:40+00:00","og_image":[{"width":1280,"height":885,"url":"https:\/\/lagnoticias.com\/wp-content\/uploads\/2025\/10\/2-2-7.jpg","type":"image\/jpeg"}],"author":"Oscar","twitter_card":"summary_large_image","twitter_creator":"@lagnoticias","twitter_site":"@lagnoticias","twitter_misc":{"Written by":"Oscar","Est. reading time":"2 minutes"},"schema":{"@context":"https:\/\/schema.org","@graph":[{"@type":"Article","@id":"https:\/\/lagnoticias.com\/2025\/10\/16\/gobierno-de-el-salvador-refuerza-acciones-preventivas-ante-las-lluvias-en-todo-el-pais\/#article","isPartOf":{"@id":"https:\/\/lagnoticias.com\/2025\/10\/16\/gobierno-de-el-salvador-refuerza-acciones-preventivas-ante-las-lluvias-en-todo-el-pais\/"},"author":{"name":"Oscar","@id":"https:\/\/lagnoticias.com\/#\/schema\/person\/cb9bfe13f8de05d2c55270be25c6a550"},"headline":"Gobierno de El Salvador refuerza acciones preventivas ante las lluvias en todo el pa\u00eds","datePublished":"2025-10-16T16:23:32+00:00","dateModified":"2025-10-17T15:48:40+00:00","mainEntityOfPage":{"@id":"https:\/\/lagnoticias.com\/2025\/10\/16\/gobierno-de-el-salvador-refuerza-acciones-preventivas-ante-las-lluvias-en-todo-el-pais\/"},"wordCount":318,"commentCount":0,"image":{"@id":"https:\/\/lagnoticias.com\/2025\/10\/16\/gobierno-de-el-salvador-refuerza-acciones-preventivas-ante-las-lluvias-en-todo-el-pais\/#primaryimage"},"thumbnailUrl":"https:\/\/lagnoticias.com\/wp-content\/uploads\/2025\/10\/2-2-7.jpg","keywords":["EL SALVADOR","GOBIERNO DE EL SALVADOR","LLUVIAS","PROTECCI\u00d3N CIVIL"],"articleSection":["NACIONALES"],"inLanguage":"en-US","potentialAction":[{"@type":"CommentAction","name":"Comment","target":["https:\/\/lagnoticias.com\/2025\/10\/16\/gobierno-de-el-salvador-refuerza-acciones-preventivas-ante-las-lluvias-en-todo-el-pais\/#respond"]}]},{"@type":"WebPage","@id":"https:\/\/lagnoticias.com\/2025\/10\/16\/gobierno-de-el-salvador-refuerza-acciones-preventivas-ante-las-lluvias-en-todo-el-pais\/","url":"https:\/\/lagnoticias.com\/2025\/10\/16\/gobierno-de-el-salvador-refuerza-acciones-preventivas-ante-las-lluvias-en-todo-el-pais\/","name":"Gobierno de El Salvador refuerza acciones preventivas ante las lluvias en todo el pa\u00eds - La G Noticias","isPartOf":{"@id":"https:\/\/lagnoticias.com\/#website"},"primaryImageOfPage":{"@id":"https:\/\/lagnoticias.com\/2025\/10\/16\/gobierno-de-el-salvador-refuerza-acciones-preventivas-ante-las-lluvias-en-todo-el-pais\/#primaryimage"},"image":{"@id":"https:\/\/lagnoticias.com\/2025\/10\/16\/gobierno-de-el-salvador-refuerza-acciones-preventivas-ante-las-lluvias-en-todo-el-pais\/#primaryimage"},"thumbnailUrl":"https:\/\/lagnoticias.com\/wp-content\/uploads\/2025\/10\/2-2-7.jpg","datePublished":"2025-10-16T16:23:32+00:00","dateModified":"2025-10-17T15:48:40+00:00","author":{"@id":"https:\/\/lagnoticias.com\/#\/schema\/person\/cb9bfe13f8de05d2c55270be25c6a550"},"breadcrumb":{"@id":"https:\/\/lagnoticias.com\/2025\/10\/16\/gobierno-de-el-salvador-refuerza-acciones-preventivas-ante-las-lluvias-en-todo-el-pais\/#breadcrumb"},"inLanguage":"en-US","potentialAction":[{"@type":"ReadAction","target":["https:\/\/lagnoticias.com\/2025\/10\/16\/gobierno-de-el-salvador-refuerza-acciones-preventivas-ante-las-lluvias-en-todo-el-pais\/"]}]},{"@type":"ImageObject","inLanguage":"en-US","@id":"https:\/\/lagnoticias.com\/2025\/10\/16\/gobierno-de-el-salvador-refuerza-acciones-preventivas-ante-las-lluvias-en-todo-el-pais\/#primaryimage","url":"https:\/\/lagnoticias.com\/wp-content\/uploads\/2025\/10\/2-2-7.jpg","contentUrl":"https:\/\/lagnoticias.com\/wp-content\/uploads\/2025\/10\/2-2-7.jpg","width":1280,"height":885},{"@type":"BreadcrumbList","@id":"https:\/\/lagnoticias.com\/2025\/10\/16\/gobierno-de-el-salvador-refuerza-acciones-preventivas-ante-las-lluvias-en-todo-el-pais\/#breadcrumb","itemListElement":[{"@type":"ListItem","position":1,"name":"Portada","item":"https:\/\/lagnoticias.com\/"},{"@type":"ListItem","position":2,"name":"Gobierno de El Salvador refuerza acciones preventivas ante las lluvias en todo el pa\u00eds"}]},{"@type":"WebSite","@id":"https:\/\/lagnoticias.com\/#website","url":"https:\/\/lagnoticias.com\/","name":"La G Noticias","description":"Noticias Positivas","potentialAction":[{"@type":"SearchAction","target":{"@type":"EntryPoint","urlTemplate":"https:\/\/lagnoticias.com\/?s={search_term_string}"},"query-input":{"@type":"PropertyValueSpecification","valueRequired":true,"valueName":"search_term_string"}}],"inLanguage":"en-US"},{"@type":"Person","@id":"https:\/\/lagnoticias.com\/#\/schema\/person\/cb9bfe13f8de05d2c55270be25c6a550","name":"Oscar","image":{"@type":"ImageObject","inLanguage":"en-US","@id":"https:\/\/secure.gravatar.com\/avatar\/45c195718f652dc7ffdd591dc1f2678956ab7fdadcd359a635edc61304a8c757?s=96&d=mm&r=g","url":"https:\/\/secure.gravatar.com\/avatar\/45c195718f652dc7ffdd591dc1f2678956ab7fdadcd359a635edc61304a8c757?s=96&d=mm&r=g","contentUrl":"https:\/\/secure.gravatar.com\/avatar\/45c195718f652dc7ffdd591dc1f2678956ab7fdadcd359a635edc61304a8c757?s=96&d=mm&r=g","caption":"Oscar"},"url":"https:\/\/lagnoticias.com\/en\/author\/oscar\/"}]}},"_links":{"self":[{"href":"https:\/\/lagnoticias.com\/en\/wp-json\/wp\/v2\/posts\/5948","targetHints":{"allow":["GET"]}}],"collection":[{"href":"https:\/\/lagnoticias.com\/en\/wp-json\/wp\/v2\/posts"}],"about":[{"href":"https:\/\/lagnoticias.com\/en\/wp-json\/wp\/v2\/types\/post"}],"author":[{"embeddable":true,"href":"https:\/\/lagnoticias.com\/en\/wp-json\/wp\/v2\/users\/2"}],"replies":[{"embeddable":true,"href":"https:\/\/lagnoticias.com\/en\/wp-json\/wp\/v2\/comments?post=5948"}],"version-history":[{"count":1,"href":"https:\/\/lagnoticias.com\/en\/wp-json\/wp\/v2\/posts\/5948\/revisions"}],"predecessor-version":[{"id":5951,"href":"https:\/\/lagnoticias.com\/en\/wp-json\/wp\/v2\/posts\/5948\/revisions\/5951"}],"wp:featuredmedia":[{"embeddable":true,"href":"https:\/\/lagnoticias.com\/en\/wp-json\/wp\/v2\/media\/5949"}],"wp:attachment":[{"href":"https:\/\/lagnoticias.com\/en\/wp-json\/wp\/v2\/media?parent=5948"}],"wp:term":[{"taxonomy":"category","embeddable":true,"href":"https:\/\/lagnoticias.com\/en\/wp-json\/wp\/v2\/categories?post=5948"},{"taxonomy":"post_tag","embeddable":true,"href":"https:\/\/lagnoticias.com\/en\/wp-json\/wp\/v2\/tags?post=5948"}],"curies":[{"name":"wp","href":"https:\/\/api.w.org\/{rel}","templated":true}]}}