{"id":5943,"date":"2025-10-16T09:56:57","date_gmt":"2025-10-16T15:56:57","guid":{"rendered":"https:\/\/lagnoticias.com\/?p=5943"},"modified":"2025-10-17T09:48:47","modified_gmt":"2025-10-17T15:48:47","slug":"trump-defiende-los-aranceles-y-declara-una-guerra-comercial-entre-ee-uu-y-china","status":"publish","type":"post","link":"https:\/\/lagnoticias.com\/en\/2025\/10\/16\/trump-defiende-los-aranceles-y-declara-una-guerra-comercial-entre-ee-uu-y-china\/","title":{"rendered":"Trump defiende los aranceles y declara una \u201cguerra comercial\u201d entre EE. UU. y China"},"content":{"rendered":"<p>El presidente de Estados Unidos,&nbsp;Donald Trump, afirm\u00f3 este mi\u00e9rcoles que su pa\u00eds&nbsp;ya se encuentra en una guerra comercial con China, al justificar los elevados aranceles impuestos a las importaciones del gigante asi\u00e1tico como una medida de&nbsp;defensa econ\u00f3mica y de seguridad nacional.<\/p>\n\n\n\n<p>\u201cBueno, ahora est\u00e1s en una\u201d, respondi\u00f3 el mandatario a un periodista que le pregunt\u00f3 si las dos mayores econom\u00edas del mundo podr\u00edan verse envueltas en una guerra comercial prolongada si no alcanzaban un acuerdo, seg\u00fan report\u00f3&nbsp;Bloomberg.<\/p>\n\n\n\n<p>\u201cTenemos un arancel de 100 por ciento. Si no tuvi\u00e9ramos aranceles, quedar\u00edamos expuestos como si no fu\u00e9ramos nada. No tendr\u00edamos defensa\u201d, dijo\u00a0Trump\u00a0durante una conferencia de prensa en el\u00a0Despacho Oval. Agreg\u00f3 que las tarifas son \u201cuna herramienta muy importante para nuestra defensa y seguridad nacional\u201d.<\/p>\n\n\n\n<h2 class=\"wp-block-heading\">Aranceles como \u201cinstrumento de paz\u201d<\/h2>\n\n\n\n<p>El presidente asegur\u00f3 que los impuestos a las importaciones han contribuido al fin de&nbsp;\u201cla mayor\u00eda\u201d de los siete conflictos internacionales que, seg\u00fan \u00e9l, ha \u201cresuelto\u201d desde su regreso al cargo en enero.<\/p>\n\n\n\n<p>\u201cLos aranceles no s\u00f3lo son importantes por los ingresos que generan, sino porque me dan el poder de mantener la paz y de ser utilizados para el bien\u201d, declar\u00f3 Trump, insistiendo en que las tarifas han sido una pieza clave en su estrategia de pol\u00edtica exterior.<\/p>\n\n\n\n<p><\/p>\n\n\n\n<figure class=\"wp-block-image aligncenter size-full\"><img loading=\"lazy\" decoding=\"async\" width=\"790\" height=\"444\" src=\"https:\/\/lagnoticias.com\/wp-content\/uploads\/2025\/10\/1-1-7.jpg\" alt=\"\" class=\"wp-image-5945\" srcset=\"https:\/\/lagnoticias.com\/wp-content\/uploads\/2025\/10\/1-1-7.jpg 790w, https:\/\/lagnoticias.com\/wp-content\/uploads\/2025\/10\/1-1-7-480x270.jpg 480w\" sizes=\"(min-width: 0px) and (max-width: 480px) 480px, (min-width: 481px) 790px, 100vw\" \/><\/figure>\n\n\n\n<p><\/p>\n\n\n\n<h2 class=\"wp-block-heading\">Reacciones y tensiones con Pek\u00edn<\/h2>\n\n\n\n<p>Mientras tanto, altos funcionarios estadounidenses advirtieron que los&nbsp;controles a la exportaci\u00f3n de tierras raras impuestos por China&nbsp;representan una&nbsp;amenaza para las cadenas de suministro globales, aunque subrayaron que el gobierno chino a\u00fan podr\u00eda revertir su decisi\u00f3n para evitar represalias de Washington.<\/p>\n\n\n\n<p>El&nbsp;secretario del Tesoro, Scott Bessent, inform\u00f3 que Trump est\u00e1 dispuesto a reunirse con el presidente chino,&nbsp;Xi Jinping, y que funcionarios de ambos pa\u00edses trabajan para concretar un encuentro bilateral.<\/p>\n\n\n\n<p>Por su parte, el&nbsp;representante de Comercio de Estados Unidos, Jamieson Greer, acus\u00f3 a Pek\u00edn de \u201cacaparar poder\u201d en los mercados internacionales con su pol\u00edtica de restricciones.<\/p>\n\n\n\n<p>\u201cEl anuncio de&nbsp;China&nbsp;no es m\u00e1s que un intento de apoderarse de la cadena de suministro global\u201d, enfatiz\u00f3 Greer, quien advirti\u00f3 que Washington \u201cresponder\u00e1 con firmeza\u201d si el pa\u00eds asi\u00e1tico mantiene su pol\u00edtica de control sobre minerales estrat\u00e9gicos.<\/p>\n\n\n\n<p><\/p>\n\n\n\n<figure class=\"wp-block-image aligncenter size-large\"><img loading=\"lazy\" decoding=\"async\" width=\"1024\" height=\"683\" src=\"https:\/\/lagnoticias.com\/wp-content\/uploads\/2025\/10\/1-3-6-1024x683.jpg\" alt=\"\" class=\"wp-image-5946\" srcset=\"https:\/\/lagnoticias.com\/wp-content\/uploads\/2025\/10\/1-3-6-980x653.jpg 980w, https:\/\/lagnoticias.com\/wp-content\/uploads\/2025\/10\/1-3-6-480x320.jpg 480w\" sizes=\"(min-width: 0px) and (max-width: 480px) 480px, (min-width: 481px) and (max-width: 980px) 980px, (min-width: 981px) 1024px, 100vw\" \/><\/figure>\n\n\n\n<p><\/p>\n\n\n\n<p>La nueva escalada de tensiones comerciales se produce en medio de un&nbsp;creciente proteccionismo estadounidense&nbsp;y de los intentos de la administraci\u00f3n Trump por reducir la dependencia de China en sectores clave como los semiconductores, los minerales cr\u00edticos y la tecnolog\u00eda avanzada.<\/p>\n\n\n\n<p>Analistas consultados por Reuters consideran que esta declaraci\u00f3n formal de&nbsp;\u201cguerra comercial\u201d&nbsp;marca una intensificaci\u00f3n del conflicto econ\u00f3mico entre ambas potencias, con potenciales efectos sobre la inflaci\u00f3n global y las cadenas de suministro internacionales.<\/p>","protected":false},"excerpt":{"rendered":"<p>Mientras tanto, altos funcionarios estadounidenses advirtieron que los controles a la exportaci\u00f3n de tierras raras impuestos por China representan una amenaza para las cadenas de suministro globales.<\/p>","protected":false},"author":2,"featured_media":5944,"comment_status":"open","ping_status":"open","sticky":false,"template":"","format":"standard","meta":{"_et_pb_use_builder":"off","_et_pb_old_content":"","_et_gb_content_width":"","footnotes":""},"categories":[245],"tags":[240,260,1326,1327,1293],"class_list":["post-5943","post","type-post","status-publish","format-standard","has-post-thumbnail","hentry","category-internacionales","tag-china","tag-estados-unidos","tag-guerra-comercial","tag-pekin","tag-trump"],"yoast_head":"<!-- This site is optimized with the Yoast SEO plugin v27.4 - https:\/\/yoast.com\/product\/yoast-seo-wordpress\/ -->\n<title>Trump defiende los aranceles y declara una \u201cguerra comercial\u201d entre EE. UU. y China - La G Noticias<\/title>\n<meta name=\"robots\" content=\"index, follow, max-snippet:-1, max-image-preview:large, max-video-preview:-1\" \/>\n<link rel=\"canonical\" href=\"https:\/\/lagnoticias.com\/en\/2025\/10\/16\/trump-defiende-los-aranceles-y-declara-una-guerra-comercial-entre-ee-uu-y-china\/\" \/>\n<meta property=\"og:locale\" content=\"en_US\" \/>\n<meta property=\"og:type\" content=\"article\" \/>\n<meta property=\"og:title\" content=\"Trump defiende los aranceles y declara una \u201cguerra comercial\u201d entre EE. UU. y China - La G Noticias\" \/>\n<meta property=\"og:description\" content=\"Mientras tanto, altos funcionarios estadounidenses advirtieron que los controles a la exportaci\u00f3n de tierras raras impuestos por China representan una amenaza para las cadenas de suministro globales.\" \/>\n<meta property=\"og:url\" content=\"https:\/\/lagnoticias.com\/en\/2025\/10\/16\/trump-defiende-los-aranceles-y-declara-una-guerra-comercial-entre-ee-uu-y-china\/\" \/>\n<meta property=\"og:site_name\" content=\"La G Noticias\" \/>\n<meta property=\"article:publisher\" content=\"https:\/\/www.facebook.com\/LaGNoticias\" \/>\n<meta property=\"article:published_time\" content=\"2025-10-16T15:56:57+00:00\" \/>\n<meta property=\"article:modified_time\" content=\"2025-10-17T15:48:47+00:00\" \/>\n<meta property=\"og:image\" content=\"https:\/\/lagnoticias.com\/wp-content\/uploads\/2025\/10\/68c11aab5f6b9.webp\" \/>\n\t<meta property=\"og:image:width\" content=\"1920\" \/>\n\t<meta property=\"og:image:height\" content=\"1080\" \/>\n\t<meta property=\"og:image:type\" content=\"image\/webp\" \/>\n<meta name=\"author\" content=\"Oscar\" \/>\n<meta name=\"twitter:card\" content=\"summary_large_image\" \/>\n<meta name=\"twitter:creator\" content=\"@lagnoticias\" \/>\n<meta name=\"twitter:site\" content=\"@lagnoticias\" \/>\n<meta name=\"twitter:label1\" content=\"Written by\" \/>\n\t<meta name=\"twitter:data1\" content=\"Oscar\" \/>\n\t<meta name=\"twitter:label2\" content=\"Est. reading time\" \/>\n\t<meta name=\"twitter:data2\" content=\"3 minutes\" \/>\n<script type=\"application\/ld+json\" class=\"yoast-schema-graph\">{\"@context\":\"https:\\\/\\\/schema.org\",\"@graph\":[{\"@type\":\"Article\",\"@id\":\"https:\\\/\\\/lagnoticias.com\\\/2025\\\/10\\\/16\\\/trump-defiende-los-aranceles-y-declara-una-guerra-comercial-entre-ee-uu-y-china\\\/#article\",\"isPartOf\":{\"@id\":\"https:\\\/\\\/lagnoticias.com\\\/2025\\\/10\\\/16\\\/trump-defiende-los-aranceles-y-declara-una-guerra-comercial-entre-ee-uu-y-china\\\/\"},\"author\":{\"name\":\"Oscar\",\"@id\":\"https:\\\/\\\/lagnoticias.com\\\/#\\\/schema\\\/person\\\/cb9bfe13f8de05d2c55270be25c6a550\"},\"headline\":\"Trump defiende los aranceles y declara una \u201cguerra comercial\u201d entre EE. UU. y China\",\"datePublished\":\"2025-10-16T15:56:57+00:00\",\"dateModified\":\"2025-10-17T15:48:47+00:00\",\"mainEntityOfPage\":{\"@id\":\"https:\\\/\\\/lagnoticias.com\\\/2025\\\/10\\\/16\\\/trump-defiende-los-aranceles-y-declara-una-guerra-comercial-entre-ee-uu-y-china\\\/\"},\"wordCount\":499,\"commentCount\":0,\"image\":{\"@id\":\"https:\\\/\\\/lagnoticias.com\\\/2025\\\/10\\\/16\\\/trump-defiende-los-aranceles-y-declara-una-guerra-comercial-entre-ee-uu-y-china\\\/#primaryimage\"},\"thumbnailUrl\":\"https:\\\/\\\/lagnoticias.com\\\/wp-content\\\/uploads\\\/2025\\\/10\\\/68c11aab5f6b9.webp\",\"keywords\":[\"China\",\"ESTADOS UNIDOS\",\"GUERRA COMERCIAL\",\"PEK\u00cdN\",\"TRUMP\"],\"articleSection\":[\"INTERNACIONALES\"],\"inLanguage\":\"en-US\",\"potentialAction\":[{\"@type\":\"CommentAction\",\"name\":\"Comment\",\"target\":[\"https:\\\/\\\/lagnoticias.com\\\/2025\\\/10\\\/16\\\/trump-defiende-los-aranceles-y-declara-una-guerra-comercial-entre-ee-uu-y-china\\\/#respond\"]}]},{\"@type\":\"WebPage\",\"@id\":\"https:\\\/\\\/lagnoticias.com\\\/2025\\\/10\\\/16\\\/trump-defiende-los-aranceles-y-declara-una-guerra-comercial-entre-ee-uu-y-china\\\/\",\"url\":\"https:\\\/\\\/lagnoticias.com\\\/2025\\\/10\\\/16\\\/trump-defiende-los-aranceles-y-declara-una-guerra-comercial-entre-ee-uu-y-china\\\/\",\"name\":\"Trump defiende los aranceles y declara una \u201cguerra comercial\u201d entre EE. UU. y China - La G Noticias\",\"isPartOf\":{\"@id\":\"https:\\\/\\\/lagnoticias.com\\\/#website\"},\"primaryImageOfPage\":{\"@id\":\"https:\\\/\\\/lagnoticias.com\\\/2025\\\/10\\\/16\\\/trump-defiende-los-aranceles-y-declara-una-guerra-comercial-entre-ee-uu-y-china\\\/#primaryimage\"},\"image\":{\"@id\":\"https:\\\/\\\/lagnoticias.com\\\/2025\\\/10\\\/16\\\/trump-defiende-los-aranceles-y-declara-una-guerra-comercial-entre-ee-uu-y-china\\\/#primaryimage\"},\"thumbnailUrl\":\"https:\\\/\\\/lagnoticias.com\\\/wp-content\\\/uploads\\\/2025\\\/10\\\/68c11aab5f6b9.webp\",\"datePublished\":\"2025-10-16T15:56:57+00:00\",\"dateModified\":\"2025-10-17T15:48:47+00:00\",\"author\":{\"@id\":\"https:\\\/\\\/lagnoticias.com\\\/#\\\/schema\\\/person\\\/cb9bfe13f8de05d2c55270be25c6a550\"},\"breadcrumb\":{\"@id\":\"https:\\\/\\\/lagnoticias.com\\\/2025\\\/10\\\/16\\\/trump-defiende-los-aranceles-y-declara-una-guerra-comercial-entre-ee-uu-y-china\\\/#breadcrumb\"},\"inLanguage\":\"en-US\",\"potentialAction\":[{\"@type\":\"ReadAction\",\"target\":[\"https:\\\/\\\/lagnoticias.com\\\/2025\\\/10\\\/16\\\/trump-defiende-los-aranceles-y-declara-una-guerra-comercial-entre-ee-uu-y-china\\\/\"]}]},{\"@type\":\"ImageObject\",\"inLanguage\":\"en-US\",\"@id\":\"https:\\\/\\\/lagnoticias.com\\\/2025\\\/10\\\/16\\\/trump-defiende-los-aranceles-y-declara-una-guerra-comercial-entre-ee-uu-y-china\\\/#primaryimage\",\"url\":\"https:\\\/\\\/lagnoticias.com\\\/wp-content\\\/uploads\\\/2025\\\/10\\\/68c11aab5f6b9.webp\",\"contentUrl\":\"https:\\\/\\\/lagnoticias.com\\\/wp-content\\\/uploads\\\/2025\\\/10\\\/68c11aab5f6b9.webp\",\"width\":1920,\"height\":1080},{\"@type\":\"BreadcrumbList\",\"@id\":\"https:\\\/\\\/lagnoticias.com\\\/2025\\\/10\\\/16\\\/trump-defiende-los-aranceles-y-declara-una-guerra-comercial-entre-ee-uu-y-china\\\/#breadcrumb\",\"itemListElement\":[{\"@type\":\"ListItem\",\"position\":1,\"name\":\"Portada\",\"item\":\"https:\\\/\\\/lagnoticias.com\\\/\"},{\"@type\":\"ListItem\",\"position\":2,\"name\":\"Trump defiende los aranceles y declara una \u201cguerra comercial\u201d entre EE. UU. y China\"}]},{\"@type\":\"WebSite\",\"@id\":\"https:\\\/\\\/lagnoticias.com\\\/#website\",\"url\":\"https:\\\/\\\/lagnoticias.com\\\/\",\"name\":\"La G Noticias\",\"description\":\"Noticias Positivas\",\"potentialAction\":[{\"@type\":\"SearchAction\",\"target\":{\"@type\":\"EntryPoint\",\"urlTemplate\":\"https:\\\/\\\/lagnoticias.com\\\/?s={search_term_string}\"},\"query-input\":{\"@type\":\"PropertyValueSpecification\",\"valueRequired\":true,\"valueName\":\"search_term_string\"}}],\"inLanguage\":\"en-US\"},{\"@type\":\"Person\",\"@id\":\"https:\\\/\\\/lagnoticias.com\\\/#\\\/schema\\\/person\\\/cb9bfe13f8de05d2c55270be25c6a550\",\"name\":\"Oscar\",\"image\":{\"@type\":\"ImageObject\",\"inLanguage\":\"en-US\",\"@id\":\"https:\\\/\\\/secure.gravatar.com\\\/avatar\\\/45c195718f652dc7ffdd591dc1f2678956ab7fdadcd359a635edc61304a8c757?s=96&d=mm&r=g\",\"url\":\"https:\\\/\\\/secure.gravatar.com\\\/avatar\\\/45c195718f652dc7ffdd591dc1f2678956ab7fdadcd359a635edc61304a8c757?s=96&d=mm&r=g\",\"contentUrl\":\"https:\\\/\\\/secure.gravatar.com\\\/avatar\\\/45c195718f652dc7ffdd591dc1f2678956ab7fdadcd359a635edc61304a8c757?s=96&d=mm&r=g\",\"caption\":\"Oscar\"},\"url\":\"https:\\\/\\\/lagnoticias.com\\\/en\\\/author\\\/oscar\\\/\"}]}<\/script>\n<!-- \/ Yoast SEO plugin. -->","yoast_head_json":{"title":"Trump defiende los aranceles y declara una \u201cguerra comercial\u201d entre EE. UU. y China - La G Noticias","robots":{"index":"index","follow":"follow","max-snippet":"max-snippet:-1","max-image-preview":"max-image-preview:large","max-video-preview":"max-video-preview:-1"},"canonical":"https:\/\/lagnoticias.com\/en\/2025\/10\/16\/trump-defiende-los-aranceles-y-declara-una-guerra-comercial-entre-ee-uu-y-china\/","og_locale":"en_US","og_type":"article","og_title":"Trump defiende los aranceles y declara una \u201cguerra comercial\u201d entre EE. UU. y China - La G Noticias","og_description":"Mientras tanto, altos funcionarios estadounidenses advirtieron que los controles a la exportaci\u00f3n de tierras raras impuestos por China representan una amenaza para las cadenas de suministro globales.","og_url":"https:\/\/lagnoticias.com\/en\/2025\/10\/16\/trump-defiende-los-aranceles-y-declara-una-guerra-comercial-entre-ee-uu-y-china\/","og_site_name":"La G Noticias","article_publisher":"https:\/\/www.facebook.com\/LaGNoticias","article_published_time":"2025-10-16T15:56:57+00:00","article_modified_time":"2025-10-17T15:48:47+00:00","og_image":[{"width":1920,"height":1080,"url":"https:\/\/lagnoticias.com\/wp-content\/uploads\/2025\/10\/68c11aab5f6b9.webp","type":"image\/webp"}],"author":"Oscar","twitter_card":"summary_large_image","twitter_creator":"@lagnoticias","twitter_site":"@lagnoticias","twitter_misc":{"Written by":"Oscar","Est. reading time":"3 minutes"},"schema":{"@context":"https:\/\/schema.org","@graph":[{"@type":"Article","@id":"https:\/\/lagnoticias.com\/2025\/10\/16\/trump-defiende-los-aranceles-y-declara-una-guerra-comercial-entre-ee-uu-y-china\/#article","isPartOf":{"@id":"https:\/\/lagnoticias.com\/2025\/10\/16\/trump-defiende-los-aranceles-y-declara-una-guerra-comercial-entre-ee-uu-y-china\/"},"author":{"name":"Oscar","@id":"https:\/\/lagnoticias.com\/#\/schema\/person\/cb9bfe13f8de05d2c55270be25c6a550"},"headline":"Trump defiende los aranceles y declara una \u201cguerra comercial\u201d entre EE. UU. y China","datePublished":"2025-10-16T15:56:57+00:00","dateModified":"2025-10-17T15:48:47+00:00","mainEntityOfPage":{"@id":"https:\/\/lagnoticias.com\/2025\/10\/16\/trump-defiende-los-aranceles-y-declara-una-guerra-comercial-entre-ee-uu-y-china\/"},"wordCount":499,"commentCount":0,"image":{"@id":"https:\/\/lagnoticias.com\/2025\/10\/16\/trump-defiende-los-aranceles-y-declara-una-guerra-comercial-entre-ee-uu-y-china\/#primaryimage"},"thumbnailUrl":"https:\/\/lagnoticias.com\/wp-content\/uploads\/2025\/10\/68c11aab5f6b9.webp","keywords":["China","ESTADOS UNIDOS","GUERRA COMERCIAL","PEK\u00cdN","TRUMP"],"articleSection":["INTERNACIONALES"],"inLanguage":"en-US","potentialAction":[{"@type":"CommentAction","name":"Comment","target":["https:\/\/lagnoticias.com\/2025\/10\/16\/trump-defiende-los-aranceles-y-declara-una-guerra-comercial-entre-ee-uu-y-china\/#respond"]}]},{"@type":"WebPage","@id":"https:\/\/lagnoticias.com\/2025\/10\/16\/trump-defiende-los-aranceles-y-declara-una-guerra-comercial-entre-ee-uu-y-china\/","url":"https:\/\/lagnoticias.com\/2025\/10\/16\/trump-defiende-los-aranceles-y-declara-una-guerra-comercial-entre-ee-uu-y-china\/","name":"Trump defiende los aranceles y declara una \u201cguerra comercial\u201d entre EE. UU. y China - La G Noticias","isPartOf":{"@id":"https:\/\/lagnoticias.com\/#website"},"primaryImageOfPage":{"@id":"https:\/\/lagnoticias.com\/2025\/10\/16\/trump-defiende-los-aranceles-y-declara-una-guerra-comercial-entre-ee-uu-y-china\/#primaryimage"},"image":{"@id":"https:\/\/lagnoticias.com\/2025\/10\/16\/trump-defiende-los-aranceles-y-declara-una-guerra-comercial-entre-ee-uu-y-china\/#primaryimage"},"thumbnailUrl":"https:\/\/lagnoticias.com\/wp-content\/uploads\/2025\/10\/68c11aab5f6b9.webp","datePublished":"2025-10-16T15:56:57+00:00","dateModified":"2025-10-17T15:48:47+00:00","author":{"@id":"https:\/\/lagnoticias.com\/#\/schema\/person\/cb9bfe13f8de05d2c55270be25c6a550"},"breadcrumb":{"@id":"https:\/\/lagnoticias.com\/2025\/10\/16\/trump-defiende-los-aranceles-y-declara-una-guerra-comercial-entre-ee-uu-y-china\/#breadcrumb"},"inLanguage":"en-US","potentialAction":[{"@type":"ReadAction","target":["https:\/\/lagnoticias.com\/2025\/10\/16\/trump-defiende-los-aranceles-y-declara-una-guerra-comercial-entre-ee-uu-y-china\/"]}]},{"@type":"ImageObject","inLanguage":"en-US","@id":"https:\/\/lagnoticias.com\/2025\/10\/16\/trump-defiende-los-aranceles-y-declara-una-guerra-comercial-entre-ee-uu-y-china\/#primaryimage","url":"https:\/\/lagnoticias.com\/wp-content\/uploads\/2025\/10\/68c11aab5f6b9.webp","contentUrl":"https:\/\/lagnoticias.com\/wp-content\/uploads\/2025\/10\/68c11aab5f6b9.webp","width":1920,"height":1080},{"@type":"BreadcrumbList","@id":"https:\/\/lagnoticias.com\/2025\/10\/16\/trump-defiende-los-aranceles-y-declara-una-guerra-comercial-entre-ee-uu-y-china\/#breadcrumb","itemListElement":[{"@type":"ListItem","position":1,"name":"Portada","item":"https:\/\/lagnoticias.com\/"},{"@type":"ListItem","position":2,"name":"Trump defiende los aranceles y declara una \u201cguerra comercial\u201d entre EE. UU. y China"}]},{"@type":"WebSite","@id":"https:\/\/lagnoticias.com\/#website","url":"https:\/\/lagnoticias.com\/","name":"La G Noticias","description":"Noticias Positivas","potentialAction":[{"@type":"SearchAction","target":{"@type":"EntryPoint","urlTemplate":"https:\/\/lagnoticias.com\/?s={search_term_string}"},"query-input":{"@type":"PropertyValueSpecification","valueRequired":true,"valueName":"search_term_string"}}],"inLanguage":"en-US"},{"@type":"Person","@id":"https:\/\/lagnoticias.com\/#\/schema\/person\/cb9bfe13f8de05d2c55270be25c6a550","name":"Oscar","image":{"@type":"ImageObject","inLanguage":"en-US","@id":"https:\/\/secure.gravatar.com\/avatar\/45c195718f652dc7ffdd591dc1f2678956ab7fdadcd359a635edc61304a8c757?s=96&d=mm&r=g","url":"https:\/\/secure.gravatar.com\/avatar\/45c195718f652dc7ffdd591dc1f2678956ab7fdadcd359a635edc61304a8c757?s=96&d=mm&r=g","contentUrl":"https:\/\/secure.gravatar.com\/avatar\/45c195718f652dc7ffdd591dc1f2678956ab7fdadcd359a635edc61304a8c757?s=96&d=mm&r=g","caption":"Oscar"},"url":"https:\/\/lagnoticias.com\/en\/author\/oscar\/"}]}},"_links":{"self":[{"href":"https:\/\/lagnoticias.com\/en\/wp-json\/wp\/v2\/posts\/5943","targetHints":{"allow":["GET"]}}],"collection":[{"href":"https:\/\/lagnoticias.com\/en\/wp-json\/wp\/v2\/posts"}],"about":[{"href":"https:\/\/lagnoticias.com\/en\/wp-json\/wp\/v2\/types\/post"}],"author":[{"embeddable":true,"href":"https:\/\/lagnoticias.com\/en\/wp-json\/wp\/v2\/users\/2"}],"replies":[{"embeddable":true,"href":"https:\/\/lagnoticias.com\/en\/wp-json\/wp\/v2\/comments?post=5943"}],"version-history":[{"count":1,"href":"https:\/\/lagnoticias.com\/en\/wp-json\/wp\/v2\/posts\/5943\/revisions"}],"predecessor-version":[{"id":5947,"href":"https:\/\/lagnoticias.com\/en\/wp-json\/wp\/v2\/posts\/5943\/revisions\/5947"}],"wp:featuredmedia":[{"embeddable":true,"href":"https:\/\/lagnoticias.com\/en\/wp-json\/wp\/v2\/media\/5944"}],"wp:attachment":[{"href":"https:\/\/lagnoticias.com\/en\/wp-json\/wp\/v2\/media?parent=5943"}],"wp:term":[{"taxonomy":"category","embeddable":true,"href":"https:\/\/lagnoticias.com\/en\/wp-json\/wp\/v2\/categories?post=5943"},{"taxonomy":"post_tag","embeddable":true,"href":"https:\/\/lagnoticias.com\/en\/wp-json\/wp\/v2\/tags?post=5943"}],"curies":[{"name":"wp","href":"https:\/\/api.w.org\/{rel}","templated":true}]}}