{"id":5917,"date":"2025-10-15T13:37:40","date_gmt":"2025-10-15T19:37:40","guid":{"rendered":"https:\/\/lagnoticias.com\/?p=5917"},"modified":"2025-10-15T13:42:06","modified_gmt":"2025-10-15T19:42:06","slug":"confirmado-amaia-montero-regresa-como-vocalista-de-la-oreja-de-van-gogh","status":"publish","type":"post","link":"https:\/\/lagnoticias.com\/en\/2025\/10\/15\/confirmado-amaia-montero-regresa-como-vocalista-de-la-oreja-de-van-gogh\/","title":{"rendered":"Confirmado: Amaia Montero regresa como vocalista de La Oreja de Van Gogh"},"content":{"rendered":"<p>Fan\u00e1ticos de&nbsp;La Oreja de Van Gogh&nbsp;ya pueden limpiarse su carita empapada, la agrupaci\u00f3n espa\u00f1ola anunci\u00f3 el regreso de la cantante&nbsp;Amaia Montero&nbsp;despu\u00e9s de 18 a\u00f1os de ausencia.<\/p>\n\n\n\n<figure class=\"wp-block-image aligncenter size-large\"><img loading=\"lazy\" decoding=\"async\" width=\"1024\" height=\"576\" src=\"https:\/\/lagnoticias.com\/wp-content\/uploads\/2025\/10\/amaia-montero-2018_98-1024x576.webp\" alt=\"\" class=\"wp-image-5919\" srcset=\"https:\/\/lagnoticias.com\/wp-content\/uploads\/2025\/10\/amaia-montero-2018_98-980x551.webp 980w, https:\/\/lagnoticias.com\/wp-content\/uploads\/2025\/10\/amaia-montero-2018_98-480x270.webp 480w\" sizes=\"(min-width: 0px) and (max-width: 480px) 480px, (min-width: 481px) and (max-width: 980px) 980px, (min-width: 981px) 1024px, 100vw\" \/><\/figure>\n\n\n\n<p>Bien dicen que donde hubo fuego cenizas quedan, y tras la salida de&nbsp;Leire Mart\u00ednez&nbsp;el a\u00f1o pasado, la cantante que hizo populares temas como \u201cRosas\u201d y \u201cPar\u00eds\u201d se junt\u00f3 nuevamente con el resto de la agrupaci\u00f3n.<\/p>\n\n\n\n<p>Fue a trav\u00e9s de una publicaci\u00f3n en la cuenta oficial de&nbsp;Instagram&nbsp;de la banda donde compartieron un video en una sesi\u00f3n de ensayo.<\/p>\n\n\n\n<p>\u201cVolver juntos al local de ensayo y sentir que todo sigue aqu\u00ed, que el tiempo nos estaba esperando donde lo dejamos. Tocar juntos otra vez, cerrar los ojos para escuchar mejor y no poder reprimir una sonrisa: \u00bfde verdad est\u00e1 ocurriendo?\u201d<\/p>\n\n\n\n<p>Tanto&nbsp;\u00c1lvaro, Haritz, Xabi y Amaia&nbsp;se\u00f1alaron que pronto brindar\u00e1n m\u00e1s detalles y noticias sobre el regreso.<\/p>\n\n\n\n<p>\u201cNecesit\u00e1bamos levantar la mano y deciros que s\u00ed, que estamos aqu\u00ed y que el horizonte est\u00e1 repleto de noches m\u00e1gicas como aquellas en las que vuestra pasi\u00f3n y nuestras canciones se mezclan en un hecho inolvidable\u201d Apuntaron.<\/p>\n\n\n\n<p>Fue en 2007 cuando Montero decidi\u00f3 emprender su camino como solista, lo que signific\u00f3 su adi\u00f3s de la agrupaci\u00f3n originaria de San Sebasti\u00e1n.<\/p>\n\n\n\n<figure class=\"wp-block-image aligncenter size-large\"><img loading=\"lazy\" decoding=\"async\" width=\"1024\" height=\"576\" src=\"https:\/\/lagnoticias.com\/wp-content\/uploads\/2025\/10\/1-3-5-1024x576.jpg\" alt=\"\" class=\"wp-image-5920\" srcset=\"https:\/\/lagnoticias.com\/wp-content\/uploads\/2025\/10\/1-3-5-1024x576.jpg 1024w, https:\/\/lagnoticias.com\/wp-content\/uploads\/2025\/10\/1-3-5-980x551.jpg 980w, https:\/\/lagnoticias.com\/wp-content\/uploads\/2025\/10\/1-3-5-480x270.jpg 480w\" sizes=\"(min-width: 0px) and (max-width: 480px) 480px, (min-width: 481px) and (max-width: 980px) 980px, (min-width: 981px) 1024px, 100vw\" \/><\/figure>","protected":false},"excerpt":{"rendered":"<p>Fue a trav\u00e9s de una publicaci\u00f3n en la cuenta oficial de Instagram de la banda donde compartieron un video en una sesi\u00f3n de ensayo.<\/p>","protected":false},"author":2,"featured_media":5922,"comment_status":"open","ping_status":"open","sticky":false,"template":"","format":"standard","meta":{"_et_pb_use_builder":"off","_et_pb_old_content":"","_et_gb_content_width":"","footnotes":""},"categories":[249],"tags":[1309,343,1311,1310,521],"class_list":["post-5917","post","type-post","status-publish","format-standard","has-post-thumbnail","hentry","category-entretenimiento","tag-amaia-montero","tag-cantante","tag-grupo-musical","tag-la-oreja-de-van-gogh","tag-musica"],"yoast_head":"<!-- This site is optimized with the Yoast SEO plugin v27.4 - https:\/\/yoast.com\/product\/yoast-seo-wordpress\/ -->\n<title>Confirmado: Amaia Montero regresa como vocalista de La Oreja de Van Gogh - La G Noticias<\/title>\n<meta name=\"robots\" content=\"index, follow, max-snippet:-1, max-image-preview:large, max-video-preview:-1\" \/>\n<link rel=\"canonical\" href=\"https:\/\/lagnoticias.com\/en\/2025\/10\/15\/confirmado-amaia-montero-regresa-como-vocalista-de-la-oreja-de-van-gogh\/\" \/>\n<meta property=\"og:locale\" content=\"en_US\" \/>\n<meta property=\"og:type\" content=\"article\" \/>\n<meta property=\"og:title\" content=\"Confirmado: Amaia Montero regresa como vocalista de La Oreja de Van Gogh - La G Noticias\" \/>\n<meta property=\"og:description\" content=\"Fue a trav\u00e9s de una publicaci\u00f3n en la cuenta oficial de Instagram de la banda donde compartieron un video en una sesi\u00f3n de ensayo.\" \/>\n<meta property=\"og:url\" content=\"https:\/\/lagnoticias.com\/en\/2025\/10\/15\/confirmado-amaia-montero-regresa-como-vocalista-de-la-oreja-de-van-gogh\/\" \/>\n<meta property=\"og:site_name\" content=\"La G Noticias\" \/>\n<meta property=\"article:publisher\" content=\"https:\/\/www.facebook.com\/LaGNoticias\" \/>\n<meta property=\"article:published_time\" content=\"2025-10-15T19:37:40+00:00\" \/>\n<meta property=\"article:modified_time\" content=\"2025-10-15T19:42:06+00:00\" \/>\n<meta property=\"og:image\" content=\"https:\/\/lagnoticias.com\/wp-content\/uploads\/2025\/10\/1-1-6.jpg\" \/>\n\t<meta property=\"og:image:width\" content=\"800\" \/>\n\t<meta property=\"og:image:height\" content=\"1200\" \/>\n\t<meta property=\"og:image:type\" content=\"image\/jpeg\" \/>\n<meta name=\"author\" content=\"Oscar\" \/>\n<meta name=\"twitter:card\" content=\"summary_large_image\" \/>\n<meta name=\"twitter:creator\" content=\"@lagnoticias\" \/>\n<meta name=\"twitter:site\" content=\"@lagnoticias\" \/>\n<meta name=\"twitter:label1\" content=\"Written by\" \/>\n\t<meta name=\"twitter:data1\" content=\"Oscar\" \/>\n\t<meta name=\"twitter:label2\" content=\"Est. reading time\" \/>\n\t<meta name=\"twitter:data2\" content=\"2 minutes\" \/>\n<script type=\"application\/ld+json\" class=\"yoast-schema-graph\">{\"@context\":\"https:\\\/\\\/schema.org\",\"@graph\":[{\"@type\":\"Article\",\"@id\":\"https:\\\/\\\/lagnoticias.com\\\/2025\\\/10\\\/15\\\/confirmado-amaia-montero-regresa-como-vocalista-de-la-oreja-de-van-gogh\\\/#article\",\"isPartOf\":{\"@id\":\"https:\\\/\\\/lagnoticias.com\\\/2025\\\/10\\\/15\\\/confirmado-amaia-montero-regresa-como-vocalista-de-la-oreja-de-van-gogh\\\/\"},\"author\":{\"name\":\"Oscar\",\"@id\":\"https:\\\/\\\/lagnoticias.com\\\/#\\\/schema\\\/person\\\/cb9bfe13f8de05d2c55270be25c6a550\"},\"headline\":\"Confirmado: Amaia Montero regresa como vocalista de La Oreja de Van Gogh\",\"datePublished\":\"2025-10-15T19:37:40+00:00\",\"dateModified\":\"2025-10-15T19:42:06+00:00\",\"mainEntityOfPage\":{\"@id\":\"https:\\\/\\\/lagnoticias.com\\\/2025\\\/10\\\/15\\\/confirmado-amaia-montero-regresa-como-vocalista-de-la-oreja-de-van-gogh\\\/\"},\"wordCount\":250,\"commentCount\":0,\"image\":{\"@id\":\"https:\\\/\\\/lagnoticias.com\\\/2025\\\/10\\\/15\\\/confirmado-amaia-montero-regresa-como-vocalista-de-la-oreja-de-van-gogh\\\/#primaryimage\"},\"thumbnailUrl\":\"https:\\\/\\\/lagnoticias.com\\\/wp-content\\\/uploads\\\/2025\\\/10\\\/1-1-6.jpg\",\"keywords\":[\"AMAIA MONTERO\",\"CANTANTE\",\"GRUPO MUSICAL\",\"LA OREJA DE VAN GOGH\",\"M\u00daSICA\"],\"articleSection\":[\"ENTRETENIMIENTO\"],\"inLanguage\":\"en-US\",\"potentialAction\":[{\"@type\":\"CommentAction\",\"name\":\"Comment\",\"target\":[\"https:\\\/\\\/lagnoticias.com\\\/2025\\\/10\\\/15\\\/confirmado-amaia-montero-regresa-como-vocalista-de-la-oreja-de-van-gogh\\\/#respond\"]}]},{\"@type\":\"WebPage\",\"@id\":\"https:\\\/\\\/lagnoticias.com\\\/2025\\\/10\\\/15\\\/confirmado-amaia-montero-regresa-como-vocalista-de-la-oreja-de-van-gogh\\\/\",\"url\":\"https:\\\/\\\/lagnoticias.com\\\/2025\\\/10\\\/15\\\/confirmado-amaia-montero-regresa-como-vocalista-de-la-oreja-de-van-gogh\\\/\",\"name\":\"Confirmado: Amaia Montero regresa como vocalista de La Oreja de Van Gogh - La G Noticias\",\"isPartOf\":{\"@id\":\"https:\\\/\\\/lagnoticias.com\\\/#website\"},\"primaryImageOfPage\":{\"@id\":\"https:\\\/\\\/lagnoticias.com\\\/2025\\\/10\\\/15\\\/confirmado-amaia-montero-regresa-como-vocalista-de-la-oreja-de-van-gogh\\\/#primaryimage\"},\"image\":{\"@id\":\"https:\\\/\\\/lagnoticias.com\\\/2025\\\/10\\\/15\\\/confirmado-amaia-montero-regresa-como-vocalista-de-la-oreja-de-van-gogh\\\/#primaryimage\"},\"thumbnailUrl\":\"https:\\\/\\\/lagnoticias.com\\\/wp-content\\\/uploads\\\/2025\\\/10\\\/1-1-6.jpg\",\"datePublished\":\"2025-10-15T19:37:40+00:00\",\"dateModified\":\"2025-10-15T19:42:06+00:00\",\"author\":{\"@id\":\"https:\\\/\\\/lagnoticias.com\\\/#\\\/schema\\\/person\\\/cb9bfe13f8de05d2c55270be25c6a550\"},\"breadcrumb\":{\"@id\":\"https:\\\/\\\/lagnoticias.com\\\/2025\\\/10\\\/15\\\/confirmado-amaia-montero-regresa-como-vocalista-de-la-oreja-de-van-gogh\\\/#breadcrumb\"},\"inLanguage\":\"en-US\",\"potentialAction\":[{\"@type\":\"ReadAction\",\"target\":[\"https:\\\/\\\/lagnoticias.com\\\/2025\\\/10\\\/15\\\/confirmado-amaia-montero-regresa-como-vocalista-de-la-oreja-de-van-gogh\\\/\"]}]},{\"@type\":\"ImageObject\",\"inLanguage\":\"en-US\",\"@id\":\"https:\\\/\\\/lagnoticias.com\\\/2025\\\/10\\\/15\\\/confirmado-amaia-montero-regresa-como-vocalista-de-la-oreja-de-van-gogh\\\/#primaryimage\",\"url\":\"https:\\\/\\\/lagnoticias.com\\\/wp-content\\\/uploads\\\/2025\\\/10\\\/1-1-6.jpg\",\"contentUrl\":\"https:\\\/\\\/lagnoticias.com\\\/wp-content\\\/uploads\\\/2025\\\/10\\\/1-1-6.jpg\",\"width\":800,\"height\":1200},{\"@type\":\"BreadcrumbList\",\"@id\":\"https:\\\/\\\/lagnoticias.com\\\/2025\\\/10\\\/15\\\/confirmado-amaia-montero-regresa-como-vocalista-de-la-oreja-de-van-gogh\\\/#breadcrumb\",\"itemListElement\":[{\"@type\":\"ListItem\",\"position\":1,\"name\":\"Portada\",\"item\":\"https:\\\/\\\/lagnoticias.com\\\/\"},{\"@type\":\"ListItem\",\"position\":2,\"name\":\"Confirmado: Amaia Montero regresa como vocalista de La Oreja de Van Gogh\"}]},{\"@type\":\"WebSite\",\"@id\":\"https:\\\/\\\/lagnoticias.com\\\/#website\",\"url\":\"https:\\\/\\\/lagnoticias.com\\\/\",\"name\":\"La G Noticias\",\"description\":\"Noticias Positivas\",\"potentialAction\":[{\"@type\":\"SearchAction\",\"target\":{\"@type\":\"EntryPoint\",\"urlTemplate\":\"https:\\\/\\\/lagnoticias.com\\\/?s={search_term_string}\"},\"query-input\":{\"@type\":\"PropertyValueSpecification\",\"valueRequired\":true,\"valueName\":\"search_term_string\"}}],\"inLanguage\":\"en-US\"},{\"@type\":\"Person\",\"@id\":\"https:\\\/\\\/lagnoticias.com\\\/#\\\/schema\\\/person\\\/cb9bfe13f8de05d2c55270be25c6a550\",\"name\":\"Oscar\",\"image\":{\"@type\":\"ImageObject\",\"inLanguage\":\"en-US\",\"@id\":\"https:\\\/\\\/secure.gravatar.com\\\/avatar\\\/45c195718f652dc7ffdd591dc1f2678956ab7fdadcd359a635edc61304a8c757?s=96&d=mm&r=g\",\"url\":\"https:\\\/\\\/secure.gravatar.com\\\/avatar\\\/45c195718f652dc7ffdd591dc1f2678956ab7fdadcd359a635edc61304a8c757?s=96&d=mm&r=g\",\"contentUrl\":\"https:\\\/\\\/secure.gravatar.com\\\/avatar\\\/45c195718f652dc7ffdd591dc1f2678956ab7fdadcd359a635edc61304a8c757?s=96&d=mm&r=g\",\"caption\":\"Oscar\"},\"url\":\"https:\\\/\\\/lagnoticias.com\\\/en\\\/author\\\/oscar\\\/\"}]}<\/script>\n<!-- \/ Yoast SEO plugin. -->","yoast_head_json":{"title":"Confirmado: Amaia Montero regresa como vocalista de La Oreja de Van Gogh - La G Noticias","robots":{"index":"index","follow":"follow","max-snippet":"max-snippet:-1","max-image-preview":"max-image-preview:large","max-video-preview":"max-video-preview:-1"},"canonical":"https:\/\/lagnoticias.com\/en\/2025\/10\/15\/confirmado-amaia-montero-regresa-como-vocalista-de-la-oreja-de-van-gogh\/","og_locale":"en_US","og_type":"article","og_title":"Confirmado: Amaia Montero regresa como vocalista de La Oreja de Van Gogh - La G Noticias","og_description":"Fue a trav\u00e9s de una publicaci\u00f3n en la cuenta oficial de Instagram de la banda donde compartieron un video en una sesi\u00f3n de ensayo.","og_url":"https:\/\/lagnoticias.com\/en\/2025\/10\/15\/confirmado-amaia-montero-regresa-como-vocalista-de-la-oreja-de-van-gogh\/","og_site_name":"La G Noticias","article_publisher":"https:\/\/www.facebook.com\/LaGNoticias","article_published_time":"2025-10-15T19:37:40+00:00","article_modified_time":"2025-10-15T19:42:06+00:00","og_image":[{"width":800,"height":1200,"url":"https:\/\/lagnoticias.com\/wp-content\/uploads\/2025\/10\/1-1-6.jpg","type":"image\/jpeg"}],"author":"Oscar","twitter_card":"summary_large_image","twitter_creator":"@lagnoticias","twitter_site":"@lagnoticias","twitter_misc":{"Written by":"Oscar","Est. reading time":"2 minutes"},"schema":{"@context":"https:\/\/schema.org","@graph":[{"@type":"Article","@id":"https:\/\/lagnoticias.com\/2025\/10\/15\/confirmado-amaia-montero-regresa-como-vocalista-de-la-oreja-de-van-gogh\/#article","isPartOf":{"@id":"https:\/\/lagnoticias.com\/2025\/10\/15\/confirmado-amaia-montero-regresa-como-vocalista-de-la-oreja-de-van-gogh\/"},"author":{"name":"Oscar","@id":"https:\/\/lagnoticias.com\/#\/schema\/person\/cb9bfe13f8de05d2c55270be25c6a550"},"headline":"Confirmado: Amaia Montero regresa como vocalista de La Oreja de Van Gogh","datePublished":"2025-10-15T19:37:40+00:00","dateModified":"2025-10-15T19:42:06+00:00","mainEntityOfPage":{"@id":"https:\/\/lagnoticias.com\/2025\/10\/15\/confirmado-amaia-montero-regresa-como-vocalista-de-la-oreja-de-van-gogh\/"},"wordCount":250,"commentCount":0,"image":{"@id":"https:\/\/lagnoticias.com\/2025\/10\/15\/confirmado-amaia-montero-regresa-como-vocalista-de-la-oreja-de-van-gogh\/#primaryimage"},"thumbnailUrl":"https:\/\/lagnoticias.com\/wp-content\/uploads\/2025\/10\/1-1-6.jpg","keywords":["AMAIA MONTERO","CANTANTE","GRUPO MUSICAL","LA OREJA DE VAN GOGH","M\u00daSICA"],"articleSection":["ENTRETENIMIENTO"],"inLanguage":"en-US","potentialAction":[{"@type":"CommentAction","name":"Comment","target":["https:\/\/lagnoticias.com\/2025\/10\/15\/confirmado-amaia-montero-regresa-como-vocalista-de-la-oreja-de-van-gogh\/#respond"]}]},{"@type":"WebPage","@id":"https:\/\/lagnoticias.com\/2025\/10\/15\/confirmado-amaia-montero-regresa-como-vocalista-de-la-oreja-de-van-gogh\/","url":"https:\/\/lagnoticias.com\/2025\/10\/15\/confirmado-amaia-montero-regresa-como-vocalista-de-la-oreja-de-van-gogh\/","name":"Confirmado: Amaia Montero regresa como vocalista de La Oreja de Van Gogh - La G Noticias","isPartOf":{"@id":"https:\/\/lagnoticias.com\/#website"},"primaryImageOfPage":{"@id":"https:\/\/lagnoticias.com\/2025\/10\/15\/confirmado-amaia-montero-regresa-como-vocalista-de-la-oreja-de-van-gogh\/#primaryimage"},"image":{"@id":"https:\/\/lagnoticias.com\/2025\/10\/15\/confirmado-amaia-montero-regresa-como-vocalista-de-la-oreja-de-van-gogh\/#primaryimage"},"thumbnailUrl":"https:\/\/lagnoticias.com\/wp-content\/uploads\/2025\/10\/1-1-6.jpg","datePublished":"2025-10-15T19:37:40+00:00","dateModified":"2025-10-15T19:42:06+00:00","author":{"@id":"https:\/\/lagnoticias.com\/#\/schema\/person\/cb9bfe13f8de05d2c55270be25c6a550"},"breadcrumb":{"@id":"https:\/\/lagnoticias.com\/2025\/10\/15\/confirmado-amaia-montero-regresa-como-vocalista-de-la-oreja-de-van-gogh\/#breadcrumb"},"inLanguage":"en-US","potentialAction":[{"@type":"ReadAction","target":["https:\/\/lagnoticias.com\/2025\/10\/15\/confirmado-amaia-montero-regresa-como-vocalista-de-la-oreja-de-van-gogh\/"]}]},{"@type":"ImageObject","inLanguage":"en-US","@id":"https:\/\/lagnoticias.com\/2025\/10\/15\/confirmado-amaia-montero-regresa-como-vocalista-de-la-oreja-de-van-gogh\/#primaryimage","url":"https:\/\/lagnoticias.com\/wp-content\/uploads\/2025\/10\/1-1-6.jpg","contentUrl":"https:\/\/lagnoticias.com\/wp-content\/uploads\/2025\/10\/1-1-6.jpg","width":800,"height":1200},{"@type":"BreadcrumbList","@id":"https:\/\/lagnoticias.com\/2025\/10\/15\/confirmado-amaia-montero-regresa-como-vocalista-de-la-oreja-de-van-gogh\/#breadcrumb","itemListElement":[{"@type":"ListItem","position":1,"name":"Portada","item":"https:\/\/lagnoticias.com\/"},{"@type":"ListItem","position":2,"name":"Confirmado: Amaia Montero regresa como vocalista de La Oreja de Van Gogh"}]},{"@type":"WebSite","@id":"https:\/\/lagnoticias.com\/#website","url":"https:\/\/lagnoticias.com\/","name":"La G Noticias","description":"Noticias Positivas","potentialAction":[{"@type":"SearchAction","target":{"@type":"EntryPoint","urlTemplate":"https:\/\/lagnoticias.com\/?s={search_term_string}"},"query-input":{"@type":"PropertyValueSpecification","valueRequired":true,"valueName":"search_term_string"}}],"inLanguage":"en-US"},{"@type":"Person","@id":"https:\/\/lagnoticias.com\/#\/schema\/person\/cb9bfe13f8de05d2c55270be25c6a550","name":"Oscar","image":{"@type":"ImageObject","inLanguage":"en-US","@id":"https:\/\/secure.gravatar.com\/avatar\/45c195718f652dc7ffdd591dc1f2678956ab7fdadcd359a635edc61304a8c757?s=96&d=mm&r=g","url":"https:\/\/secure.gravatar.com\/avatar\/45c195718f652dc7ffdd591dc1f2678956ab7fdadcd359a635edc61304a8c757?s=96&d=mm&r=g","contentUrl":"https:\/\/secure.gravatar.com\/avatar\/45c195718f652dc7ffdd591dc1f2678956ab7fdadcd359a635edc61304a8c757?s=96&d=mm&r=g","caption":"Oscar"},"url":"https:\/\/lagnoticias.com\/en\/author\/oscar\/"}]}},"_links":{"self":[{"href":"https:\/\/lagnoticias.com\/en\/wp-json\/wp\/v2\/posts\/5917","targetHints":{"allow":["GET"]}}],"collection":[{"href":"https:\/\/lagnoticias.com\/en\/wp-json\/wp\/v2\/posts"}],"about":[{"href":"https:\/\/lagnoticias.com\/en\/wp-json\/wp\/v2\/types\/post"}],"author":[{"embeddable":true,"href":"https:\/\/lagnoticias.com\/en\/wp-json\/wp\/v2\/users\/2"}],"replies":[{"embeddable":true,"href":"https:\/\/lagnoticias.com\/en\/wp-json\/wp\/v2\/comments?post=5917"}],"version-history":[{"count":1,"href":"https:\/\/lagnoticias.com\/en\/wp-json\/wp\/v2\/posts\/5917\/revisions"}],"predecessor-version":[{"id":5921,"href":"https:\/\/lagnoticias.com\/en\/wp-json\/wp\/v2\/posts\/5917\/revisions\/5921"}],"wp:featuredmedia":[{"embeddable":true,"href":"https:\/\/lagnoticias.com\/en\/wp-json\/wp\/v2\/media\/5922"}],"wp:attachment":[{"href":"https:\/\/lagnoticias.com\/en\/wp-json\/wp\/v2\/media?parent=5917"}],"wp:term":[{"taxonomy":"category","embeddable":true,"href":"https:\/\/lagnoticias.com\/en\/wp-json\/wp\/v2\/categories?post=5917"},{"taxonomy":"post_tag","embeddable":true,"href":"https:\/\/lagnoticias.com\/en\/wp-json\/wp\/v2\/tags?post=5917"}],"curies":[{"name":"wp","href":"https:\/\/api.w.org\/{rel}","templated":true}]}}