{"id":5912,"date":"2025-10-15T11:32:30","date_gmt":"2025-10-15T17:32:30","guid":{"rendered":"https:\/\/lagnoticias.com\/?p=5912"},"modified":"2025-10-16T09:49:06","modified_gmt":"2025-10-16T15:49:06","slug":"mattel-lanza-una-barbie-del-dia-de-muertos-inspirada-en-la-llorona","status":"publish","type":"post","link":"https:\/\/lagnoticias.com\/en\/2025\/10\/15\/mattel-lanza-una-barbie-del-dia-de-muertos-inspirada-en-la-llorona\/","title":{"rendered":"Mattel lanza una Barbie del D\u00eda de Muertos inspirada en La Llorona"},"content":{"rendered":"<p>Por ahora no est\u00e1 de venta al p\u00fablico, los primeros en poder adquirirla son los miembros de&nbsp;Barbie Club 59, es decir, aquellos que tienen la anualidad y que les permite gozar de venta exclusiva de estos productos.<\/p>\n\n\n\n<figure class=\"wp-block-image aligncenter size-large\"><img loading=\"lazy\" decoding=\"async\" width=\"1024\" height=\"895\" src=\"https:\/\/lagnoticias.com\/wp-content\/uploads\/2025\/10\/5.1-1024x895.jpg\" alt=\"\" class=\"wp-image-5913\" srcset=\"https:\/\/lagnoticias.com\/wp-content\/uploads\/2025\/10\/5.1-980x857.jpg 980w, https:\/\/lagnoticias.com\/wp-content\/uploads\/2025\/10\/5.1-480x420.jpg 480w\" sizes=\"(min-width: 0px) and (max-width: 480px) 480px, (min-width: 481px) and (max-width: 980px) 980px, (min-width: 981px) 1024px, 100vw\" \/><\/figure>\n\n\n\n<p>La mu\u00f1eca luce un vestido en encaje blanco con fondo azul, tiene manga larga para cubrir sus manos cuyo dise\u00f1o esquel\u00e9tico sostiene una vela.<\/p>\n\n\n\n<h2 class=\"wp-block-heading\">Maquillaje tradicional<\/h2>\n\n\n\n<p>En el rostro luce el&nbsp;maquillaje tradicional de catrina&nbsp;en tonos&nbsp;morados, blanco y azul, con l\u00e1grimas pintadas que evocan la leyenda de La Llorona.<\/p>\n\n\n\n<p>Como toque final, lleva una&nbsp;corona con un tocado de rosas negras&nbsp;y un&nbsp;velo de encaje&nbsp;que cae sobre su&nbsp;larga y oscura cabellera, completando as\u00ed una pieza que une el arte, la cultura y la tradici\u00f3n mexicana.<\/p>\n\n\n\n<figure class=\"wp-block-image aligncenter size-large\"><img loading=\"lazy\" decoding=\"async\" width=\"821\" height=\"1024\" src=\"https:\/\/lagnoticias.com\/wp-content\/uploads\/2025\/10\/5-3-2-821x1024.jpg\" alt=\"\" class=\"wp-image-5914\"\/><\/figure>","protected":false},"excerpt":{"rendered":"<p>Barbie se une de nuevo a las celebraciones del D\u00eda de Muertos. La marca Mattel celebra la legendaria figura con ra\u00edces en el folclore mexicano con La Llorona.<\/p>","protected":false},"author":2,"featured_media":5915,"comment_status":"open","ping_status":"open","sticky":false,"template":"","format":"standard","meta":{"_et_pb_use_builder":"off","_et_pb_old_content":"","_et_gb_content_width":"","footnotes":""},"categories":[249],"tags":[1305,1308,1306,1307,1304],"class_list":["post-5912","post","type-post","status-publish","format-standard","has-post-thumbnail","hentry","category-entretenimiento","tag-barbie","tag-barbie-club-59","tag-dia-de-muertos","tag-la-llorona","tag-mattel"],"yoast_head":"<!-- This site is optimized with the Yoast SEO plugin v27.4 - https:\/\/yoast.com\/product\/yoast-seo-wordpress\/ -->\n<title>Mattel lanza una Barbie del D\u00eda de Muertos inspirada en La Llorona - La G Noticias<\/title>\n<meta name=\"robots\" content=\"index, follow, max-snippet:-1, max-image-preview:large, max-video-preview:-1\" \/>\n<link rel=\"canonical\" href=\"https:\/\/lagnoticias.com\/en\/2025\/10\/15\/mattel-lanza-una-barbie-del-dia-de-muertos-inspirada-en-la-llorona\/\" \/>\n<meta property=\"og:locale\" content=\"en_US\" \/>\n<meta property=\"og:type\" content=\"article\" \/>\n<meta property=\"og:title\" content=\"Mattel lanza una Barbie del D\u00eda de Muertos inspirada en La Llorona - La G Noticias\" \/>\n<meta property=\"og:description\" content=\"Barbie se une de nuevo a las celebraciones del D\u00eda de Muertos. La marca Mattel celebra la legendaria figura con ra\u00edces en el folclore mexicano con La Llorona.\" \/>\n<meta property=\"og:url\" content=\"https:\/\/lagnoticias.com\/en\/2025\/10\/15\/mattel-lanza-una-barbie-del-dia-de-muertos-inspirada-en-la-llorona\/\" \/>\n<meta property=\"og:site_name\" content=\"La G Noticias\" \/>\n<meta property=\"article:publisher\" content=\"https:\/\/www.facebook.com\/LaGNoticias\" \/>\n<meta property=\"article:published_time\" content=\"2025-10-15T17:32:30+00:00\" \/>\n<meta property=\"article:modified_time\" content=\"2025-10-16T15:49:06+00:00\" \/>\n<meta property=\"og:image\" content=\"https:\/\/lagnoticias.com\/wp-content\/uploads\/2025\/10\/5-2-5.jpg\" \/>\n\t<meta property=\"og:image:width\" content=\"1200\" \/>\n\t<meta property=\"og:image:height\" content=\"1496\" \/>\n\t<meta property=\"og:image:type\" content=\"image\/jpeg\" \/>\n<meta name=\"author\" content=\"Oscar\" \/>\n<meta name=\"twitter:card\" content=\"summary_large_image\" \/>\n<meta name=\"twitter:creator\" content=\"@lagnoticias\" \/>\n<meta name=\"twitter:site\" content=\"@lagnoticias\" \/>\n<meta name=\"twitter:label1\" content=\"Written by\" \/>\n\t<meta name=\"twitter:data1\" content=\"Oscar\" \/>\n\t<meta name=\"twitter:label2\" content=\"Est. reading time\" \/>\n\t<meta name=\"twitter:data2\" content=\"2 minutes\" \/>\n<script type=\"application\/ld+json\" class=\"yoast-schema-graph\">{\"@context\":\"https:\\\/\\\/schema.org\",\"@graph\":[{\"@type\":\"Article\",\"@id\":\"https:\\\/\\\/lagnoticias.com\\\/2025\\\/10\\\/15\\\/mattel-lanza-una-barbie-del-dia-de-muertos-inspirada-en-la-llorona\\\/#article\",\"isPartOf\":{\"@id\":\"https:\\\/\\\/lagnoticias.com\\\/2025\\\/10\\\/15\\\/mattel-lanza-una-barbie-del-dia-de-muertos-inspirada-en-la-llorona\\\/\"},\"author\":{\"name\":\"Oscar\",\"@id\":\"https:\\\/\\\/lagnoticias.com\\\/#\\\/schema\\\/person\\\/cb9bfe13f8de05d2c55270be25c6a550\"},\"headline\":\"Mattel lanza una Barbie del D\u00eda de Muertos inspirada en La Llorona\",\"datePublished\":\"2025-10-15T17:32:30+00:00\",\"dateModified\":\"2025-10-16T15:49:06+00:00\",\"mainEntityOfPage\":{\"@id\":\"https:\\\/\\\/lagnoticias.com\\\/2025\\\/10\\\/15\\\/mattel-lanza-una-barbie-del-dia-de-muertos-inspirada-en-la-llorona\\\/\"},\"wordCount\":155,\"commentCount\":0,\"image\":{\"@id\":\"https:\\\/\\\/lagnoticias.com\\\/2025\\\/10\\\/15\\\/mattel-lanza-una-barbie-del-dia-de-muertos-inspirada-en-la-llorona\\\/#primaryimage\"},\"thumbnailUrl\":\"https:\\\/\\\/lagnoticias.com\\\/wp-content\\\/uploads\\\/2025\\\/10\\\/5-2-5.jpg\",\"keywords\":[\"BARBIE\",\"BARBIE CLUB 59\",\"D\u00cdA DE MUERTOS\",\"LA LLORONA\",\"MATTEL\"],\"articleSection\":[\"ENTRETENIMIENTO\"],\"inLanguage\":\"en-US\",\"potentialAction\":[{\"@type\":\"CommentAction\",\"name\":\"Comment\",\"target\":[\"https:\\\/\\\/lagnoticias.com\\\/2025\\\/10\\\/15\\\/mattel-lanza-una-barbie-del-dia-de-muertos-inspirada-en-la-llorona\\\/#respond\"]}]},{\"@type\":\"WebPage\",\"@id\":\"https:\\\/\\\/lagnoticias.com\\\/2025\\\/10\\\/15\\\/mattel-lanza-una-barbie-del-dia-de-muertos-inspirada-en-la-llorona\\\/\",\"url\":\"https:\\\/\\\/lagnoticias.com\\\/2025\\\/10\\\/15\\\/mattel-lanza-una-barbie-del-dia-de-muertos-inspirada-en-la-llorona\\\/\",\"name\":\"Mattel lanza una Barbie del D\u00eda de Muertos inspirada en La Llorona - La G Noticias\",\"isPartOf\":{\"@id\":\"https:\\\/\\\/lagnoticias.com\\\/#website\"},\"primaryImageOfPage\":{\"@id\":\"https:\\\/\\\/lagnoticias.com\\\/2025\\\/10\\\/15\\\/mattel-lanza-una-barbie-del-dia-de-muertos-inspirada-en-la-llorona\\\/#primaryimage\"},\"image\":{\"@id\":\"https:\\\/\\\/lagnoticias.com\\\/2025\\\/10\\\/15\\\/mattel-lanza-una-barbie-del-dia-de-muertos-inspirada-en-la-llorona\\\/#primaryimage\"},\"thumbnailUrl\":\"https:\\\/\\\/lagnoticias.com\\\/wp-content\\\/uploads\\\/2025\\\/10\\\/5-2-5.jpg\",\"datePublished\":\"2025-10-15T17:32:30+00:00\",\"dateModified\":\"2025-10-16T15:49:06+00:00\",\"author\":{\"@id\":\"https:\\\/\\\/lagnoticias.com\\\/#\\\/schema\\\/person\\\/cb9bfe13f8de05d2c55270be25c6a550\"},\"breadcrumb\":{\"@id\":\"https:\\\/\\\/lagnoticias.com\\\/2025\\\/10\\\/15\\\/mattel-lanza-una-barbie-del-dia-de-muertos-inspirada-en-la-llorona\\\/#breadcrumb\"},\"inLanguage\":\"en-US\",\"potentialAction\":[{\"@type\":\"ReadAction\",\"target\":[\"https:\\\/\\\/lagnoticias.com\\\/2025\\\/10\\\/15\\\/mattel-lanza-una-barbie-del-dia-de-muertos-inspirada-en-la-llorona\\\/\"]}]},{\"@type\":\"ImageObject\",\"inLanguage\":\"en-US\",\"@id\":\"https:\\\/\\\/lagnoticias.com\\\/2025\\\/10\\\/15\\\/mattel-lanza-una-barbie-del-dia-de-muertos-inspirada-en-la-llorona\\\/#primaryimage\",\"url\":\"https:\\\/\\\/lagnoticias.com\\\/wp-content\\\/uploads\\\/2025\\\/10\\\/5-2-5.jpg\",\"contentUrl\":\"https:\\\/\\\/lagnoticias.com\\\/wp-content\\\/uploads\\\/2025\\\/10\\\/5-2-5.jpg\",\"width\":1200,\"height\":1496},{\"@type\":\"BreadcrumbList\",\"@id\":\"https:\\\/\\\/lagnoticias.com\\\/2025\\\/10\\\/15\\\/mattel-lanza-una-barbie-del-dia-de-muertos-inspirada-en-la-llorona\\\/#breadcrumb\",\"itemListElement\":[{\"@type\":\"ListItem\",\"position\":1,\"name\":\"Portada\",\"item\":\"https:\\\/\\\/lagnoticias.com\\\/\"},{\"@type\":\"ListItem\",\"position\":2,\"name\":\"Mattel lanza una Barbie del D\u00eda de Muertos inspirada en La Llorona\"}]},{\"@type\":\"WebSite\",\"@id\":\"https:\\\/\\\/lagnoticias.com\\\/#website\",\"url\":\"https:\\\/\\\/lagnoticias.com\\\/\",\"name\":\"La G Noticias\",\"description\":\"Noticias Positivas\",\"potentialAction\":[{\"@type\":\"SearchAction\",\"target\":{\"@type\":\"EntryPoint\",\"urlTemplate\":\"https:\\\/\\\/lagnoticias.com\\\/?s={search_term_string}\"},\"query-input\":{\"@type\":\"PropertyValueSpecification\",\"valueRequired\":true,\"valueName\":\"search_term_string\"}}],\"inLanguage\":\"en-US\"},{\"@type\":\"Person\",\"@id\":\"https:\\\/\\\/lagnoticias.com\\\/#\\\/schema\\\/person\\\/cb9bfe13f8de05d2c55270be25c6a550\",\"name\":\"Oscar\",\"image\":{\"@type\":\"ImageObject\",\"inLanguage\":\"en-US\",\"@id\":\"https:\\\/\\\/secure.gravatar.com\\\/avatar\\\/45c195718f652dc7ffdd591dc1f2678956ab7fdadcd359a635edc61304a8c757?s=96&d=mm&r=g\",\"url\":\"https:\\\/\\\/secure.gravatar.com\\\/avatar\\\/45c195718f652dc7ffdd591dc1f2678956ab7fdadcd359a635edc61304a8c757?s=96&d=mm&r=g\",\"contentUrl\":\"https:\\\/\\\/secure.gravatar.com\\\/avatar\\\/45c195718f652dc7ffdd591dc1f2678956ab7fdadcd359a635edc61304a8c757?s=96&d=mm&r=g\",\"caption\":\"Oscar\"},\"url\":\"https:\\\/\\\/lagnoticias.com\\\/en\\\/author\\\/oscar\\\/\"}]}<\/script>\n<!-- \/ Yoast SEO plugin. -->","yoast_head_json":{"title":"Mattel lanza una Barbie del D\u00eda de Muertos inspirada en La Llorona - La G Noticias","robots":{"index":"index","follow":"follow","max-snippet":"max-snippet:-1","max-image-preview":"max-image-preview:large","max-video-preview":"max-video-preview:-1"},"canonical":"https:\/\/lagnoticias.com\/en\/2025\/10\/15\/mattel-lanza-una-barbie-del-dia-de-muertos-inspirada-en-la-llorona\/","og_locale":"en_US","og_type":"article","og_title":"Mattel lanza una Barbie del D\u00eda de Muertos inspirada en La Llorona - La G Noticias","og_description":"Barbie se une de nuevo a las celebraciones del D\u00eda de Muertos. La marca Mattel celebra la legendaria figura con ra\u00edces en el folclore mexicano con La Llorona.","og_url":"https:\/\/lagnoticias.com\/en\/2025\/10\/15\/mattel-lanza-una-barbie-del-dia-de-muertos-inspirada-en-la-llorona\/","og_site_name":"La G Noticias","article_publisher":"https:\/\/www.facebook.com\/LaGNoticias","article_published_time":"2025-10-15T17:32:30+00:00","article_modified_time":"2025-10-16T15:49:06+00:00","og_image":[{"width":1200,"height":1496,"url":"https:\/\/lagnoticias.com\/wp-content\/uploads\/2025\/10\/5-2-5.jpg","type":"image\/jpeg"}],"author":"Oscar","twitter_card":"summary_large_image","twitter_creator":"@lagnoticias","twitter_site":"@lagnoticias","twitter_misc":{"Written by":"Oscar","Est. reading time":"2 minutes"},"schema":{"@context":"https:\/\/schema.org","@graph":[{"@type":"Article","@id":"https:\/\/lagnoticias.com\/2025\/10\/15\/mattel-lanza-una-barbie-del-dia-de-muertos-inspirada-en-la-llorona\/#article","isPartOf":{"@id":"https:\/\/lagnoticias.com\/2025\/10\/15\/mattel-lanza-una-barbie-del-dia-de-muertos-inspirada-en-la-llorona\/"},"author":{"name":"Oscar","@id":"https:\/\/lagnoticias.com\/#\/schema\/person\/cb9bfe13f8de05d2c55270be25c6a550"},"headline":"Mattel lanza una Barbie del D\u00eda de Muertos inspirada en La Llorona","datePublished":"2025-10-15T17:32:30+00:00","dateModified":"2025-10-16T15:49:06+00:00","mainEntityOfPage":{"@id":"https:\/\/lagnoticias.com\/2025\/10\/15\/mattel-lanza-una-barbie-del-dia-de-muertos-inspirada-en-la-llorona\/"},"wordCount":155,"commentCount":0,"image":{"@id":"https:\/\/lagnoticias.com\/2025\/10\/15\/mattel-lanza-una-barbie-del-dia-de-muertos-inspirada-en-la-llorona\/#primaryimage"},"thumbnailUrl":"https:\/\/lagnoticias.com\/wp-content\/uploads\/2025\/10\/5-2-5.jpg","keywords":["BARBIE","BARBIE CLUB 59","D\u00cdA DE MUERTOS","LA LLORONA","MATTEL"],"articleSection":["ENTRETENIMIENTO"],"inLanguage":"en-US","potentialAction":[{"@type":"CommentAction","name":"Comment","target":["https:\/\/lagnoticias.com\/2025\/10\/15\/mattel-lanza-una-barbie-del-dia-de-muertos-inspirada-en-la-llorona\/#respond"]}]},{"@type":"WebPage","@id":"https:\/\/lagnoticias.com\/2025\/10\/15\/mattel-lanza-una-barbie-del-dia-de-muertos-inspirada-en-la-llorona\/","url":"https:\/\/lagnoticias.com\/2025\/10\/15\/mattel-lanza-una-barbie-del-dia-de-muertos-inspirada-en-la-llorona\/","name":"Mattel lanza una Barbie del D\u00eda de Muertos inspirada en La Llorona - La G Noticias","isPartOf":{"@id":"https:\/\/lagnoticias.com\/#website"},"primaryImageOfPage":{"@id":"https:\/\/lagnoticias.com\/2025\/10\/15\/mattel-lanza-una-barbie-del-dia-de-muertos-inspirada-en-la-llorona\/#primaryimage"},"image":{"@id":"https:\/\/lagnoticias.com\/2025\/10\/15\/mattel-lanza-una-barbie-del-dia-de-muertos-inspirada-en-la-llorona\/#primaryimage"},"thumbnailUrl":"https:\/\/lagnoticias.com\/wp-content\/uploads\/2025\/10\/5-2-5.jpg","datePublished":"2025-10-15T17:32:30+00:00","dateModified":"2025-10-16T15:49:06+00:00","author":{"@id":"https:\/\/lagnoticias.com\/#\/schema\/person\/cb9bfe13f8de05d2c55270be25c6a550"},"breadcrumb":{"@id":"https:\/\/lagnoticias.com\/2025\/10\/15\/mattel-lanza-una-barbie-del-dia-de-muertos-inspirada-en-la-llorona\/#breadcrumb"},"inLanguage":"en-US","potentialAction":[{"@type":"ReadAction","target":["https:\/\/lagnoticias.com\/2025\/10\/15\/mattel-lanza-una-barbie-del-dia-de-muertos-inspirada-en-la-llorona\/"]}]},{"@type":"ImageObject","inLanguage":"en-US","@id":"https:\/\/lagnoticias.com\/2025\/10\/15\/mattel-lanza-una-barbie-del-dia-de-muertos-inspirada-en-la-llorona\/#primaryimage","url":"https:\/\/lagnoticias.com\/wp-content\/uploads\/2025\/10\/5-2-5.jpg","contentUrl":"https:\/\/lagnoticias.com\/wp-content\/uploads\/2025\/10\/5-2-5.jpg","width":1200,"height":1496},{"@type":"BreadcrumbList","@id":"https:\/\/lagnoticias.com\/2025\/10\/15\/mattel-lanza-una-barbie-del-dia-de-muertos-inspirada-en-la-llorona\/#breadcrumb","itemListElement":[{"@type":"ListItem","position":1,"name":"Portada","item":"https:\/\/lagnoticias.com\/"},{"@type":"ListItem","position":2,"name":"Mattel lanza una Barbie del D\u00eda de Muertos inspirada en La Llorona"}]},{"@type":"WebSite","@id":"https:\/\/lagnoticias.com\/#website","url":"https:\/\/lagnoticias.com\/","name":"La G Noticias","description":"Noticias Positivas","potentialAction":[{"@type":"SearchAction","target":{"@type":"EntryPoint","urlTemplate":"https:\/\/lagnoticias.com\/?s={search_term_string}"},"query-input":{"@type":"PropertyValueSpecification","valueRequired":true,"valueName":"search_term_string"}}],"inLanguage":"en-US"},{"@type":"Person","@id":"https:\/\/lagnoticias.com\/#\/schema\/person\/cb9bfe13f8de05d2c55270be25c6a550","name":"Oscar","image":{"@type":"ImageObject","inLanguage":"en-US","@id":"https:\/\/secure.gravatar.com\/avatar\/45c195718f652dc7ffdd591dc1f2678956ab7fdadcd359a635edc61304a8c757?s=96&d=mm&r=g","url":"https:\/\/secure.gravatar.com\/avatar\/45c195718f652dc7ffdd591dc1f2678956ab7fdadcd359a635edc61304a8c757?s=96&d=mm&r=g","contentUrl":"https:\/\/secure.gravatar.com\/avatar\/45c195718f652dc7ffdd591dc1f2678956ab7fdadcd359a635edc61304a8c757?s=96&d=mm&r=g","caption":"Oscar"},"url":"https:\/\/lagnoticias.com\/en\/author\/oscar\/"}]}},"_links":{"self":[{"href":"https:\/\/lagnoticias.com\/en\/wp-json\/wp\/v2\/posts\/5912","targetHints":{"allow":["GET"]}}],"collection":[{"href":"https:\/\/lagnoticias.com\/en\/wp-json\/wp\/v2\/posts"}],"about":[{"href":"https:\/\/lagnoticias.com\/en\/wp-json\/wp\/v2\/types\/post"}],"author":[{"embeddable":true,"href":"https:\/\/lagnoticias.com\/en\/wp-json\/wp\/v2\/users\/2"}],"replies":[{"embeddable":true,"href":"https:\/\/lagnoticias.com\/en\/wp-json\/wp\/v2\/comments?post=5912"}],"version-history":[{"count":1,"href":"https:\/\/lagnoticias.com\/en\/wp-json\/wp\/v2\/posts\/5912\/revisions"}],"predecessor-version":[{"id":5916,"href":"https:\/\/lagnoticias.com\/en\/wp-json\/wp\/v2\/posts\/5912\/revisions\/5916"}],"wp:featuredmedia":[{"embeddable":true,"href":"https:\/\/lagnoticias.com\/en\/wp-json\/wp\/v2\/media\/5915"}],"wp:attachment":[{"href":"https:\/\/lagnoticias.com\/en\/wp-json\/wp\/v2\/media?parent=5912"}],"wp:term":[{"taxonomy":"category","embeddable":true,"href":"https:\/\/lagnoticias.com\/en\/wp-json\/wp\/v2\/categories?post=5912"},{"taxonomy":"post_tag","embeddable":true,"href":"https:\/\/lagnoticias.com\/en\/wp-json\/wp\/v2\/tags?post=5912"}],"curies":[{"name":"wp","href":"https:\/\/api.w.org\/{rel}","templated":true}]}}