{"id":5908,"date":"2025-10-15T11:11:54","date_gmt":"2025-10-15T17:11:54","guid":{"rendered":"https:\/\/lagnoticias.com\/?p=5908"},"modified":"2025-10-16T09:48:58","modified_gmt":"2025-10-16T15:48:58","slug":"apple-revela-detalles-de-la-proxima-macbook-pro-con-chip-m5-las-4-claves-mas-importantes","status":"publish","type":"post","link":"https:\/\/lagnoticias.com\/en\/2025\/10\/15\/apple-revela-detalles-de-la-proxima-macbook-pro-con-chip-m5-las-4-claves-mas-importantes\/","title":{"rendered":"Apple revela detalles de la pr\u00f3xima MacBook Pro con chip M5: las 4 claves m\u00e1s importantes"},"content":{"rendered":"<p>El reciente&nbsp;anuncio de&nbsp;Apple&nbsp;sobre la pr\u00f3xima&nbsp;MacBook Pro con chip M5&nbsp;ha generado una ola de expectativas y especulaciones.&nbsp;Aunque el tuit de Greg Joswiak, vicepresidente de marketing de la compa\u00f1\u00eda, fue breve, est\u00e1&nbsp;lleno de mensajes ocultos que delinean la estrategia de Apple&nbsp;para los pr\u00f3ximos dos a\u00f1os.<\/p>\n\n\n\n<figure class=\"wp-block-image aligncenter size-full\"><img loading=\"lazy\" decoding=\"async\" width=\"768\" height=\"432\" src=\"https:\/\/lagnoticias.com\/wp-content\/uploads\/2025\/10\/4-1-5.jpg\" alt=\"\" class=\"wp-image-5910\" srcset=\"https:\/\/lagnoticias.com\/wp-content\/uploads\/2025\/10\/4-1-5.jpg 768w, https:\/\/lagnoticias.com\/wp-content\/uploads\/2025\/10\/4-1-5-480x270.jpg 480w\" sizes=\"(min-width: 0px) and (max-width: 480px) 480px, (min-width: 481px) 768px, 100vw\" \/><\/figure>\n\n\n\n<h2 class=\"wp-block-heading\">Un teaser lleno de simbolismo<\/h2>\n\n\n\n<p>El mensaje de Joswiak no fue casual.&nbsp;Desde el uso de la palabra \u201cMmmmm\u201d con cinco letras \u201cM\u201d hasta la forma en \u201cV\u201d que aparece en el video&nbsp;(referencia al n\u00famero romano cinco),&nbsp;Apple dej\u00f3 pistas claras sobre la llegada del chipM5. Adem\u00e1s, la insinuaci\u00f3n de un&nbsp;nuevo color \u201cazul cielo\u201d&nbsp;apunta a ligeros cambios est\u00e9ticos que acompa\u00f1ar\u00e1n el lanzamiento. El teaser, como es habitual en la marca, busca crear conversaci\u00f3n sin revelar demasiado.<\/p>\n\n\n\n<h2 class=\"wp-block-heading\">Lanzamiento escalonado y estrategia comercial<\/h2>\n\n\n\n<p>Una de las sorpresas m\u00e1s notables es que&nbsp;no todas las versiones de la MacBook Pro M5 llegar\u00e1n al mismo tiempo. En esta&nbsp;primera etapa, solo se lanzar\u00e1 el modelo base de 14 pulgadas, mientras que las versiones con chips&nbsp;M5 Pro&nbsp;y&nbsp;M5 Max se reservar\u00e1n hasta principios de 2026. Con esto,&nbsp;Apple prolonga el ciclo de ventas y mantiene la atenci\u00f3n&nbsp;del p\u00fablico por m\u00e1s tiempo, aunque obliga a los usuarios profesionales a esperar por los modelos m\u00e1s potentes.<\/p>\n\n\n\n<h2 class=\"wp-block-heading\">Potencia mejorada, pero sin redise\u00f1o<\/h2>\n\n\n\n<p>El chip&nbsp;M5promete un aumento significativo en rendimiento, alrededor de&nbsp;12% en tareas de un solo n\u00facleo y 15% en multin\u00facleo respecto al M4, gracias a una&nbsp;arquitectura optimizada de 3 nan\u00f3metros y una mejor eficiencia t\u00e9rmica.&nbsp;Sin embargo, la apariencia externa del dispositivo permanecer\u00e1 igual. Apple apuesta por una actualizaci\u00f3n interna \u201cspec-bump\u201d sin modificar el chasis ni el dise\u00f1o general, priorizando la evoluci\u00f3n del rendimiento sobre la est\u00e9tica.<\/p>\n\n\n\n<h2 class=\"wp-block-heading\">La verdadera revoluci\u00f3n llegar\u00e1 en 2026<\/h2>\n\n\n\n<p>Los rumores m\u00e1s ambiciosos, pantallas OLED, panel t\u00e1ctil y un dise\u00f1o m\u00e1s delgado, apuntan a los modelos M6,&nbsp;programados para 2026, a\u00f1o que coincidir\u00e1 con el 20\u00ba aniversario de la MacBook Pro. Todo indica que Apple est\u00e1 preparando una renovaci\u00f3n total para esa fecha, reservando la gran transformaci\u00f3n para celebrar el legado de su port\u00e1til profesional.<\/p>\n\n\n\n<p>Al final, el anuncio del chip M5 marca una transici\u00f3n estrat\u00e9gica para Apple:&nbsp;una mejora potente a corto plazo y una revoluci\u00f3n de dise\u00f1o en el horizonte.&nbsp;Los usuarios deber\u00e1n decidir si apuestan por la&nbsp;potencia inmediata&nbsp;del modelo M5 o si prefieren&nbsp;esperar al redise\u00f1o hist\u00f3rico de 2026, cuando la MacBook Pro podr\u00eda reinventarse por completo.<\/p>","protected":false},"excerpt":{"rendered":"<p>El nuevo chip M5 marca un salto de potencia, pero la verdadera revoluci\u00f3n de la MacBook Pro llegar\u00e1 con el redise\u00f1o del modelo M6.<\/p>","protected":false},"author":2,"featured_media":5909,"comment_status":"open","ping_status":"open","sticky":false,"template":"","format":"standard","meta":{"_et_pb_use_builder":"off","_et_pb_old_content":"","_et_gb_content_width":"","footnotes":""},"categories":[247],"tags":[487,1300,1301,1302,1298,1299],"class_list":["post-5908","post","type-post","status-publish","format-standard","has-post-thumbnail","hentry","category-tecnologia","tag-apple","tag-chip-m5","tag-computadora","tag-laptop","tag-macbook","tag-macbook-pro"],"yoast_head":"<!-- This site is optimized with the Yoast SEO plugin v27.4 - https:\/\/yoast.com\/product\/yoast-seo-wordpress\/ -->\n<title>Apple revela detalles de la pr\u00f3xima MacBook Pro con chip M5: las 4 claves m\u00e1s importantes - La G Noticias<\/title>\n<meta name=\"robots\" content=\"index, follow, max-snippet:-1, max-image-preview:large, max-video-preview:-1\" \/>\n<link rel=\"canonical\" href=\"https:\/\/lagnoticias.com\/en\/2025\/10\/15\/apple-revela-detalles-de-la-proxima-macbook-pro-con-chip-m5-las-4-claves-mas-importantes\/\" \/>\n<meta property=\"og:locale\" content=\"en_US\" \/>\n<meta property=\"og:type\" content=\"article\" \/>\n<meta property=\"og:title\" content=\"Apple revela detalles de la pr\u00f3xima MacBook Pro con chip M5: las 4 claves m\u00e1s importantes - La G Noticias\" \/>\n<meta property=\"og:description\" content=\"El nuevo chip M5 marca un salto de potencia, pero la verdadera revoluci\u00f3n de la MacBook Pro llegar\u00e1 con el redise\u00f1o del modelo M6.\" \/>\n<meta property=\"og:url\" content=\"https:\/\/lagnoticias.com\/en\/2025\/10\/15\/apple-revela-detalles-de-la-proxima-macbook-pro-con-chip-m5-las-4-claves-mas-importantes\/\" \/>\n<meta property=\"og:site_name\" content=\"La G Noticias\" \/>\n<meta property=\"article:publisher\" content=\"https:\/\/www.facebook.com\/LaGNoticias\" \/>\n<meta property=\"article:published_time\" content=\"2025-10-15T17:11:54+00:00\" \/>\n<meta property=\"article:modified_time\" content=\"2025-10-16T15:48:58+00:00\" \/>\n<meta property=\"og:image\" content=\"https:\/\/lagnoticias.com\/wp-content\/uploads\/2025\/10\/4.2.jpg\" \/>\n\t<meta property=\"og:image:width\" content=\"2000\" \/>\n\t<meta property=\"og:image:height\" content=\"1000\" \/>\n\t<meta property=\"og:image:type\" content=\"image\/jpeg\" \/>\n<meta name=\"author\" content=\"Oscar\" \/>\n<meta name=\"twitter:card\" content=\"summary_large_image\" \/>\n<meta name=\"twitter:creator\" content=\"@lagnoticias\" \/>\n<meta name=\"twitter:site\" content=\"@lagnoticias\" \/>\n<meta name=\"twitter:label1\" content=\"Written by\" \/>\n\t<meta name=\"twitter:data1\" content=\"Oscar\" \/>\n\t<meta name=\"twitter:label2\" content=\"Est. reading time\" \/>\n\t<meta name=\"twitter:data2\" content=\"3 minutes\" \/>\n<script type=\"application\/ld+json\" class=\"yoast-schema-graph\">{\"@context\":\"https:\\\/\\\/schema.org\",\"@graph\":[{\"@type\":\"Article\",\"@id\":\"https:\\\/\\\/lagnoticias.com\\\/2025\\\/10\\\/15\\\/apple-revela-detalles-de-la-proxima-macbook-pro-con-chip-m5-las-4-claves-mas-importantes\\\/#article\",\"isPartOf\":{\"@id\":\"https:\\\/\\\/lagnoticias.com\\\/2025\\\/10\\\/15\\\/apple-revela-detalles-de-la-proxima-macbook-pro-con-chip-m5-las-4-claves-mas-importantes\\\/\"},\"author\":{\"name\":\"Oscar\",\"@id\":\"https:\\\/\\\/lagnoticias.com\\\/#\\\/schema\\\/person\\\/cb9bfe13f8de05d2c55270be25c6a550\"},\"headline\":\"Apple revela detalles de la pr\u00f3xima MacBook Pro con chip M5: las 4 claves m\u00e1s importantes\",\"datePublished\":\"2025-10-15T17:11:54+00:00\",\"dateModified\":\"2025-10-16T15:48:58+00:00\",\"mainEntityOfPage\":{\"@id\":\"https:\\\/\\\/lagnoticias.com\\\/2025\\\/10\\\/15\\\/apple-revela-detalles-de-la-proxima-macbook-pro-con-chip-m5-las-4-claves-mas-importantes\\\/\"},\"wordCount\":492,\"commentCount\":0,\"image\":{\"@id\":\"https:\\\/\\\/lagnoticias.com\\\/2025\\\/10\\\/15\\\/apple-revela-detalles-de-la-proxima-macbook-pro-con-chip-m5-las-4-claves-mas-importantes\\\/#primaryimage\"},\"thumbnailUrl\":\"https:\\\/\\\/lagnoticias.com\\\/wp-content\\\/uploads\\\/2025\\\/10\\\/4.2.jpg\",\"keywords\":[\"APPLE\",\"CHIP M5\",\"COMPUTADORA\",\"LAPTOP\",\"MACBOOK\",\"MACBOOK PRO\"],\"articleSection\":[\"TECNOLOG\u00cdA\"],\"inLanguage\":\"en-US\",\"potentialAction\":[{\"@type\":\"CommentAction\",\"name\":\"Comment\",\"target\":[\"https:\\\/\\\/lagnoticias.com\\\/2025\\\/10\\\/15\\\/apple-revela-detalles-de-la-proxima-macbook-pro-con-chip-m5-las-4-claves-mas-importantes\\\/#respond\"]}]},{\"@type\":\"WebPage\",\"@id\":\"https:\\\/\\\/lagnoticias.com\\\/2025\\\/10\\\/15\\\/apple-revela-detalles-de-la-proxima-macbook-pro-con-chip-m5-las-4-claves-mas-importantes\\\/\",\"url\":\"https:\\\/\\\/lagnoticias.com\\\/2025\\\/10\\\/15\\\/apple-revela-detalles-de-la-proxima-macbook-pro-con-chip-m5-las-4-claves-mas-importantes\\\/\",\"name\":\"Apple revela detalles de la pr\u00f3xima MacBook Pro con chip M5: las 4 claves m\u00e1s importantes - La G Noticias\",\"isPartOf\":{\"@id\":\"https:\\\/\\\/lagnoticias.com\\\/#website\"},\"primaryImageOfPage\":{\"@id\":\"https:\\\/\\\/lagnoticias.com\\\/2025\\\/10\\\/15\\\/apple-revela-detalles-de-la-proxima-macbook-pro-con-chip-m5-las-4-claves-mas-importantes\\\/#primaryimage\"},\"image\":{\"@id\":\"https:\\\/\\\/lagnoticias.com\\\/2025\\\/10\\\/15\\\/apple-revela-detalles-de-la-proxima-macbook-pro-con-chip-m5-las-4-claves-mas-importantes\\\/#primaryimage\"},\"thumbnailUrl\":\"https:\\\/\\\/lagnoticias.com\\\/wp-content\\\/uploads\\\/2025\\\/10\\\/4.2.jpg\",\"datePublished\":\"2025-10-15T17:11:54+00:00\",\"dateModified\":\"2025-10-16T15:48:58+00:00\",\"author\":{\"@id\":\"https:\\\/\\\/lagnoticias.com\\\/#\\\/schema\\\/person\\\/cb9bfe13f8de05d2c55270be25c6a550\"},\"breadcrumb\":{\"@id\":\"https:\\\/\\\/lagnoticias.com\\\/2025\\\/10\\\/15\\\/apple-revela-detalles-de-la-proxima-macbook-pro-con-chip-m5-las-4-claves-mas-importantes\\\/#breadcrumb\"},\"inLanguage\":\"en-US\",\"potentialAction\":[{\"@type\":\"ReadAction\",\"target\":[\"https:\\\/\\\/lagnoticias.com\\\/2025\\\/10\\\/15\\\/apple-revela-detalles-de-la-proxima-macbook-pro-con-chip-m5-las-4-claves-mas-importantes\\\/\"]}]},{\"@type\":\"ImageObject\",\"inLanguage\":\"en-US\",\"@id\":\"https:\\\/\\\/lagnoticias.com\\\/2025\\\/10\\\/15\\\/apple-revela-detalles-de-la-proxima-macbook-pro-con-chip-m5-las-4-claves-mas-importantes\\\/#primaryimage\",\"url\":\"https:\\\/\\\/lagnoticias.com\\\/wp-content\\\/uploads\\\/2025\\\/10\\\/4.2.jpg\",\"contentUrl\":\"https:\\\/\\\/lagnoticias.com\\\/wp-content\\\/uploads\\\/2025\\\/10\\\/4.2.jpg\",\"width\":2000,\"height\":1000},{\"@type\":\"BreadcrumbList\",\"@id\":\"https:\\\/\\\/lagnoticias.com\\\/2025\\\/10\\\/15\\\/apple-revela-detalles-de-la-proxima-macbook-pro-con-chip-m5-las-4-claves-mas-importantes\\\/#breadcrumb\",\"itemListElement\":[{\"@type\":\"ListItem\",\"position\":1,\"name\":\"Portada\",\"item\":\"https:\\\/\\\/lagnoticias.com\\\/\"},{\"@type\":\"ListItem\",\"position\":2,\"name\":\"Apple revela detalles de la pr\u00f3xima MacBook Pro con chip M5: las 4 claves m\u00e1s importantes\"}]},{\"@type\":\"WebSite\",\"@id\":\"https:\\\/\\\/lagnoticias.com\\\/#website\",\"url\":\"https:\\\/\\\/lagnoticias.com\\\/\",\"name\":\"La G Noticias\",\"description\":\"Noticias Positivas\",\"potentialAction\":[{\"@type\":\"SearchAction\",\"target\":{\"@type\":\"EntryPoint\",\"urlTemplate\":\"https:\\\/\\\/lagnoticias.com\\\/?s={search_term_string}\"},\"query-input\":{\"@type\":\"PropertyValueSpecification\",\"valueRequired\":true,\"valueName\":\"search_term_string\"}}],\"inLanguage\":\"en-US\"},{\"@type\":\"Person\",\"@id\":\"https:\\\/\\\/lagnoticias.com\\\/#\\\/schema\\\/person\\\/cb9bfe13f8de05d2c55270be25c6a550\",\"name\":\"Oscar\",\"image\":{\"@type\":\"ImageObject\",\"inLanguage\":\"en-US\",\"@id\":\"https:\\\/\\\/secure.gravatar.com\\\/avatar\\\/45c195718f652dc7ffdd591dc1f2678956ab7fdadcd359a635edc61304a8c757?s=96&d=mm&r=g\",\"url\":\"https:\\\/\\\/secure.gravatar.com\\\/avatar\\\/45c195718f652dc7ffdd591dc1f2678956ab7fdadcd359a635edc61304a8c757?s=96&d=mm&r=g\",\"contentUrl\":\"https:\\\/\\\/secure.gravatar.com\\\/avatar\\\/45c195718f652dc7ffdd591dc1f2678956ab7fdadcd359a635edc61304a8c757?s=96&d=mm&r=g\",\"caption\":\"Oscar\"},\"url\":\"https:\\\/\\\/lagnoticias.com\\\/en\\\/author\\\/oscar\\\/\"}]}<\/script>\n<!-- \/ Yoast SEO plugin. -->","yoast_head_json":{"title":"Apple revela detalles de la pr\u00f3xima MacBook Pro con chip M5: las 4 claves m\u00e1s importantes - La G Noticias","robots":{"index":"index","follow":"follow","max-snippet":"max-snippet:-1","max-image-preview":"max-image-preview:large","max-video-preview":"max-video-preview:-1"},"canonical":"https:\/\/lagnoticias.com\/en\/2025\/10\/15\/apple-revela-detalles-de-la-proxima-macbook-pro-con-chip-m5-las-4-claves-mas-importantes\/","og_locale":"en_US","og_type":"article","og_title":"Apple revela detalles de la pr\u00f3xima MacBook Pro con chip M5: las 4 claves m\u00e1s importantes - La G Noticias","og_description":"El nuevo chip M5 marca un salto de potencia, pero la verdadera revoluci\u00f3n de la MacBook Pro llegar\u00e1 con el redise\u00f1o del modelo M6.","og_url":"https:\/\/lagnoticias.com\/en\/2025\/10\/15\/apple-revela-detalles-de-la-proxima-macbook-pro-con-chip-m5-las-4-claves-mas-importantes\/","og_site_name":"La G Noticias","article_publisher":"https:\/\/www.facebook.com\/LaGNoticias","article_published_time":"2025-10-15T17:11:54+00:00","article_modified_time":"2025-10-16T15:48:58+00:00","og_image":[{"width":2000,"height":1000,"url":"https:\/\/lagnoticias.com\/wp-content\/uploads\/2025\/10\/4.2.jpg","type":"image\/jpeg"}],"author":"Oscar","twitter_card":"summary_large_image","twitter_creator":"@lagnoticias","twitter_site":"@lagnoticias","twitter_misc":{"Written by":"Oscar","Est. reading time":"3 minutes"},"schema":{"@context":"https:\/\/schema.org","@graph":[{"@type":"Article","@id":"https:\/\/lagnoticias.com\/2025\/10\/15\/apple-revela-detalles-de-la-proxima-macbook-pro-con-chip-m5-las-4-claves-mas-importantes\/#article","isPartOf":{"@id":"https:\/\/lagnoticias.com\/2025\/10\/15\/apple-revela-detalles-de-la-proxima-macbook-pro-con-chip-m5-las-4-claves-mas-importantes\/"},"author":{"name":"Oscar","@id":"https:\/\/lagnoticias.com\/#\/schema\/person\/cb9bfe13f8de05d2c55270be25c6a550"},"headline":"Apple revela detalles de la pr\u00f3xima MacBook Pro con chip M5: las 4 claves m\u00e1s importantes","datePublished":"2025-10-15T17:11:54+00:00","dateModified":"2025-10-16T15:48:58+00:00","mainEntityOfPage":{"@id":"https:\/\/lagnoticias.com\/2025\/10\/15\/apple-revela-detalles-de-la-proxima-macbook-pro-con-chip-m5-las-4-claves-mas-importantes\/"},"wordCount":492,"commentCount":0,"image":{"@id":"https:\/\/lagnoticias.com\/2025\/10\/15\/apple-revela-detalles-de-la-proxima-macbook-pro-con-chip-m5-las-4-claves-mas-importantes\/#primaryimage"},"thumbnailUrl":"https:\/\/lagnoticias.com\/wp-content\/uploads\/2025\/10\/4.2.jpg","keywords":["APPLE","CHIP M5","COMPUTADORA","LAPTOP","MACBOOK","MACBOOK PRO"],"articleSection":["TECNOLOG\u00cdA"],"inLanguage":"en-US","potentialAction":[{"@type":"CommentAction","name":"Comment","target":["https:\/\/lagnoticias.com\/2025\/10\/15\/apple-revela-detalles-de-la-proxima-macbook-pro-con-chip-m5-las-4-claves-mas-importantes\/#respond"]}]},{"@type":"WebPage","@id":"https:\/\/lagnoticias.com\/2025\/10\/15\/apple-revela-detalles-de-la-proxima-macbook-pro-con-chip-m5-las-4-claves-mas-importantes\/","url":"https:\/\/lagnoticias.com\/2025\/10\/15\/apple-revela-detalles-de-la-proxima-macbook-pro-con-chip-m5-las-4-claves-mas-importantes\/","name":"Apple revela detalles de la pr\u00f3xima MacBook Pro con chip M5: las 4 claves m\u00e1s importantes - La G Noticias","isPartOf":{"@id":"https:\/\/lagnoticias.com\/#website"},"primaryImageOfPage":{"@id":"https:\/\/lagnoticias.com\/2025\/10\/15\/apple-revela-detalles-de-la-proxima-macbook-pro-con-chip-m5-las-4-claves-mas-importantes\/#primaryimage"},"image":{"@id":"https:\/\/lagnoticias.com\/2025\/10\/15\/apple-revela-detalles-de-la-proxima-macbook-pro-con-chip-m5-las-4-claves-mas-importantes\/#primaryimage"},"thumbnailUrl":"https:\/\/lagnoticias.com\/wp-content\/uploads\/2025\/10\/4.2.jpg","datePublished":"2025-10-15T17:11:54+00:00","dateModified":"2025-10-16T15:48:58+00:00","author":{"@id":"https:\/\/lagnoticias.com\/#\/schema\/person\/cb9bfe13f8de05d2c55270be25c6a550"},"breadcrumb":{"@id":"https:\/\/lagnoticias.com\/2025\/10\/15\/apple-revela-detalles-de-la-proxima-macbook-pro-con-chip-m5-las-4-claves-mas-importantes\/#breadcrumb"},"inLanguage":"en-US","potentialAction":[{"@type":"ReadAction","target":["https:\/\/lagnoticias.com\/2025\/10\/15\/apple-revela-detalles-de-la-proxima-macbook-pro-con-chip-m5-las-4-claves-mas-importantes\/"]}]},{"@type":"ImageObject","inLanguage":"en-US","@id":"https:\/\/lagnoticias.com\/2025\/10\/15\/apple-revela-detalles-de-la-proxima-macbook-pro-con-chip-m5-las-4-claves-mas-importantes\/#primaryimage","url":"https:\/\/lagnoticias.com\/wp-content\/uploads\/2025\/10\/4.2.jpg","contentUrl":"https:\/\/lagnoticias.com\/wp-content\/uploads\/2025\/10\/4.2.jpg","width":2000,"height":1000},{"@type":"BreadcrumbList","@id":"https:\/\/lagnoticias.com\/2025\/10\/15\/apple-revela-detalles-de-la-proxima-macbook-pro-con-chip-m5-las-4-claves-mas-importantes\/#breadcrumb","itemListElement":[{"@type":"ListItem","position":1,"name":"Portada","item":"https:\/\/lagnoticias.com\/"},{"@type":"ListItem","position":2,"name":"Apple revela detalles de la pr\u00f3xima MacBook Pro con chip M5: las 4 claves m\u00e1s importantes"}]},{"@type":"WebSite","@id":"https:\/\/lagnoticias.com\/#website","url":"https:\/\/lagnoticias.com\/","name":"La G Noticias","description":"Noticias Positivas","potentialAction":[{"@type":"SearchAction","target":{"@type":"EntryPoint","urlTemplate":"https:\/\/lagnoticias.com\/?s={search_term_string}"},"query-input":{"@type":"PropertyValueSpecification","valueRequired":true,"valueName":"search_term_string"}}],"inLanguage":"en-US"},{"@type":"Person","@id":"https:\/\/lagnoticias.com\/#\/schema\/person\/cb9bfe13f8de05d2c55270be25c6a550","name":"Oscar","image":{"@type":"ImageObject","inLanguage":"en-US","@id":"https:\/\/secure.gravatar.com\/avatar\/45c195718f652dc7ffdd591dc1f2678956ab7fdadcd359a635edc61304a8c757?s=96&d=mm&r=g","url":"https:\/\/secure.gravatar.com\/avatar\/45c195718f652dc7ffdd591dc1f2678956ab7fdadcd359a635edc61304a8c757?s=96&d=mm&r=g","contentUrl":"https:\/\/secure.gravatar.com\/avatar\/45c195718f652dc7ffdd591dc1f2678956ab7fdadcd359a635edc61304a8c757?s=96&d=mm&r=g","caption":"Oscar"},"url":"https:\/\/lagnoticias.com\/en\/author\/oscar\/"}]}},"_links":{"self":[{"href":"https:\/\/lagnoticias.com\/en\/wp-json\/wp\/v2\/posts\/5908","targetHints":{"allow":["GET"]}}],"collection":[{"href":"https:\/\/lagnoticias.com\/en\/wp-json\/wp\/v2\/posts"}],"about":[{"href":"https:\/\/lagnoticias.com\/en\/wp-json\/wp\/v2\/types\/post"}],"author":[{"embeddable":true,"href":"https:\/\/lagnoticias.com\/en\/wp-json\/wp\/v2\/users\/2"}],"replies":[{"embeddable":true,"href":"https:\/\/lagnoticias.com\/en\/wp-json\/wp\/v2\/comments?post=5908"}],"version-history":[{"count":1,"href":"https:\/\/lagnoticias.com\/en\/wp-json\/wp\/v2\/posts\/5908\/revisions"}],"predecessor-version":[{"id":5911,"href":"https:\/\/lagnoticias.com\/en\/wp-json\/wp\/v2\/posts\/5908\/revisions\/5911"}],"wp:featuredmedia":[{"embeddable":true,"href":"https:\/\/lagnoticias.com\/en\/wp-json\/wp\/v2\/media\/5909"}],"wp:attachment":[{"href":"https:\/\/lagnoticias.com\/en\/wp-json\/wp\/v2\/media?parent=5908"}],"wp:term":[{"taxonomy":"category","embeddable":true,"href":"https:\/\/lagnoticias.com\/en\/wp-json\/wp\/v2\/categories?post=5908"},{"taxonomy":"post_tag","embeddable":true,"href":"https:\/\/lagnoticias.com\/en\/wp-json\/wp\/v2\/tags?post=5908"}],"curies":[{"name":"wp","href":"https:\/\/api.w.org\/{rel}","templated":true}]}}