{"id":5903,"date":"2025-10-15T10:57:18","date_gmt":"2025-10-15T16:57:18","guid":{"rendered":"https:\/\/lagnoticias.com\/?p=5903"},"modified":"2025-10-16T09:48:51","modified_gmt":"2025-10-16T15:48:51","slug":"gobierno-de-el-salvador-mantiene-monitoreo-nacional-para-atender-emergencias-que-puedan-derivarse-por-las-lluvias","status":"publish","type":"post","link":"https:\/\/lagnoticias.com\/en\/2025\/10\/15\/gobierno-de-el-salvador-mantiene-monitoreo-nacional-para-atender-emergencias-que-puedan-derivarse-por-las-lluvias\/","title":{"rendered":"Gobierno de El Salvador mantiene monitoreo nacional para atender emergencias que puedan derivarse por las lluvias"},"content":{"rendered":"<p>Ante la persistencia de las precipitaciones tipo temporal, ayer, las autoridades elevaron la alerta a naranja, a escala nacional. Esta medida permite reforzar las acciones de vigilancia y respuesta, sobre todo en las zonas m\u00e1s vulnerables a deslizamientos, inundaciones y crecidas repentinas de r\u00edos y quebradas.<\/p>\n\n\n\n<p>\u201cEn las \u00faltimas 24 horas, hemos tenido lluvias muy fuertes en la zona del r\u00edo Goascor\u00e1n, 156 mil\u00edmetros acumulados, en Concepci\u00f3n de Oriente, al norte de La Uni\u00f3n; Perqu\u00edn (Moraz\u00e1n), tambi\u00e9n al norte de Chalatenango; en la estaci\u00f3n El Camalote 75 mil\u00edmetros, estaci\u00f3n de Panchimalco 63 mil\u00edmetros, 85 en Apaneca y 57 en el lago de G\u00fcija, en Santa Ana\u201d, inform\u00f3 el titular del Ministerio de Medio Ambiente, Fernando L\u00f3pez.<\/p>\n\n\n\n<figure class=\"wp-block-image aligncenter size-large\"><img loading=\"lazy\" decoding=\"async\" width=\"1024\" height=\"768\" src=\"https:\/\/lagnoticias.com\/wp-content\/uploads\/2025\/10\/NWDJTFO2RS6WZQDZC5JSG6GPTQ-1024x768.avif\" alt=\"\" class=\"wp-image-5905\" srcset=\"https:\/\/lagnoticias.com\/wp-content\/uploads\/2025\/10\/NWDJTFO2RS6WZQDZC5JSG6GPTQ-1024x768.avif 1024w, https:\/\/lagnoticias.com\/wp-content\/uploads\/2025\/10\/NWDJTFO2RS6WZQDZC5JSG6GPTQ-300x225.avif 300w, https:\/\/lagnoticias.com\/wp-content\/uploads\/2025\/10\/NWDJTFO2RS6WZQDZC5JSG6GPTQ-1536x1152.avif 1536w, https:\/\/lagnoticias.com\/wp-content\/uploads\/2025\/10\/NWDJTFO2RS6WZQDZC5JSG6GPTQ-16x12.avif 16w, https:\/\/lagnoticias.com\/wp-content\/uploads\/2025\/10\/NWDJTFO2RS6WZQDZC5JSG6GPTQ-510x382.avif 510w, https:\/\/lagnoticias.com\/wp-content\/uploads\/2025\/10\/NWDJTFO2RS6WZQDZC5JSG6GPTQ-1080x810.avif 1080w, https:\/\/lagnoticias.com\/wp-content\/uploads\/2025\/10\/NWDJTFO2RS6WZQDZC5JSG6GPTQ-1280x960.avif 1280w, https:\/\/lagnoticias.com\/wp-content\/uploads\/2025\/10\/NWDJTFO2RS6WZQDZC5JSG6GPTQ-980x735.avif 980w, https:\/\/lagnoticias.com\/wp-content\/uploads\/2025\/10\/NWDJTFO2RS6WZQDZC5JSG6GPTQ-480x360.avif 480w, https:\/\/lagnoticias.com\/wp-content\/uploads\/2025\/10\/NWDJTFO2RS6WZQDZC5JSG6GPTQ.avif 1960w\" sizes=\"(max-width: 1024px) 100vw, 1024px\" \/><\/figure>\n\n\n\n<p>Asimismo, inform\u00f3 que octubre ya acumula el 81 % del promedio de lluvias que usualmente se registra en este mes, lo que demuestra la intensidad del actual sistema de lluvias. Adem\u00e1s, explic\u00f3 que en estos d\u00edas El Salvador est\u00e1 bajo la influencia directa de la Zona de Convergencia Intertropical y del paso continuo de ondas tropicales, fen\u00f3menos que est\u00e1n generando lluvias, principalmente en horas de la tarde y noche.<\/p>\n\n\n\n<p>Estas condiciones se mantendr\u00e1n durante toda la semana, por lo que se recomienda a la poblaci\u00f3n atender las indicaciones oficiales y evitar exponerse en zonas de riesgo.<\/p>\n\n\n\n<p>En tanto, el director general de Protecci\u00f3n Civil, Luis Alonso Amaya, detall\u00f3 que desde el jueves de la semana hasta las 8:00 de la ma\u00f1ana de este martes se contabiliza un promedio de 25 a 30 \u00e1rboles ca\u00eddos; as\u00ed como el fallecimiento de dos personas, en San Vicente y La Paz, a causa de las lluvias.<\/p>\n\n\n\n<figure class=\"wp-block-image aligncenter size-full\"><img loading=\"lazy\" decoding=\"async\" width=\"800\" height=\"445\" src=\"https:\/\/lagnoticias.com\/wp-content\/uploads\/2025\/10\/3-4-1.jpg\" alt=\"\" class=\"wp-image-5906\" srcset=\"https:\/\/lagnoticias.com\/wp-content\/uploads\/2025\/10\/3-4-1.jpg 800w, https:\/\/lagnoticias.com\/wp-content\/uploads\/2025\/10\/3-4-1-480x267.jpg 480w\" sizes=\"(min-width: 0px) and (max-width: 480px) 480px, (min-width: 481px) 800px, 100vw\" \/><\/figure>\n\n\n\n<p>\u201cDesde la Direcci\u00f3n de Protecci\u00f3n Civil de El Salvador, estamos con todo el despliegue, operativizando todo el componente de preparaci\u00f3n y respuesta del plan de contingencia para tener la listeza operacional, los equipos desplegados de b\u00fasqueda y rescate en inundaciones y lo relativo a b\u00fasqueda, rescate y evacuaci\u00f3n de personas\u201d, a\u00f1adi\u00f3.<\/p>\n\n\n\n<p>El Gobierno salvadore\u00f1o reafirma su compromiso con la seguridad de los salvadore\u00f1os, fortaleciendo las acciones preventivas y de respuesta ante las condiciones adversas, generadas por los fen\u00f3menos naturales.<\/p>","protected":false},"excerpt":{"rendered":"<p>El Gobierno de El Salvador mantiene un monitoreo de los diferentes fen\u00f3menos hidrometeorol\u00f3gicos que inciden en las condiciones del clima en el pa\u00eds, con el objetivo de anticiparse a los posibles efectos y tomar decisiones oportunas que protejan la vida de la poblaci\u00f3n. <\/p>","protected":false},"author":2,"featured_media":5904,"comment_status":"open","ping_status":"open","sticky":false,"template":"","format":"standard","meta":{"_et_pb_use_builder":"off","_et_pb_old_content":"","_et_gb_content_width":"","footnotes":""},"categories":[244],"tags":[1212,268,452,1297,408],"class_list":["post-5903","post","type-post","status-publish","format-standard","has-post-thumbnail","hentry","category-nacionales","tag-alerta-naranja","tag-gobierno-de-el-salvador","tag-lluvias","tag-monitoreo","tag-proteccion-civil"],"yoast_head":"<!-- This site is optimized with the Yoast SEO plugin v27.4 - https:\/\/yoast.com\/product\/yoast-seo-wordpress\/ -->\n<title>Gobierno de El Salvador mantiene monitoreo nacional para atender emergencias que puedan derivarse por las lluvias - La G Noticias<\/title>\n<meta name=\"robots\" content=\"index, follow, max-snippet:-1, max-image-preview:large, max-video-preview:-1\" \/>\n<link rel=\"canonical\" href=\"https:\/\/lagnoticias.com\/en\/2025\/10\/15\/gobierno-de-el-salvador-mantiene-monitoreo-nacional-para-atender-emergencias-que-puedan-derivarse-por-las-lluvias\/\" \/>\n<meta property=\"og:locale\" content=\"en_US\" \/>\n<meta property=\"og:type\" content=\"article\" \/>\n<meta property=\"og:title\" content=\"Gobierno de El Salvador mantiene monitoreo nacional para atender emergencias que puedan derivarse por las lluvias - La G Noticias\" \/>\n<meta property=\"og:description\" content=\"El Gobierno de El Salvador mantiene un monitoreo de los diferentes fen\u00f3menos hidrometeorol\u00f3gicos que inciden en las condiciones del clima en el pa\u00eds, con el objetivo de anticiparse a los posibles efectos y tomar decisiones oportunas que protejan la vida de la poblaci\u00f3n.\" \/>\n<meta property=\"og:url\" content=\"https:\/\/lagnoticias.com\/en\/2025\/10\/15\/gobierno-de-el-salvador-mantiene-monitoreo-nacional-para-atender-emergencias-que-puedan-derivarse-por-las-lluvias\/\" \/>\n<meta property=\"og:site_name\" content=\"La G Noticias\" \/>\n<meta property=\"article:publisher\" content=\"https:\/\/www.facebook.com\/LaGNoticias\" \/>\n<meta property=\"article:published_time\" content=\"2025-10-15T16:57:18+00:00\" \/>\n<meta property=\"article:modified_time\" content=\"2025-10-16T15:48:51+00:00\" \/>\n<meta property=\"og:image\" content=\"https:\/\/lagnoticias.com\/wp-content\/uploads\/2025\/10\/3-3-2.jpg\" \/>\n\t<meta property=\"og:image:width\" content=\"1200\" \/>\n\t<meta property=\"og:image:height\" content=\"1200\" \/>\n\t<meta property=\"og:image:type\" content=\"image\/jpeg\" \/>\n<meta name=\"author\" content=\"Oscar\" \/>\n<meta name=\"twitter:card\" content=\"summary_large_image\" \/>\n<meta name=\"twitter:creator\" content=\"@lagnoticias\" \/>\n<meta name=\"twitter:site\" content=\"@lagnoticias\" \/>\n<meta name=\"twitter:label1\" content=\"Written by\" \/>\n\t<meta name=\"twitter:data1\" content=\"Oscar\" \/>\n\t<meta name=\"twitter:label2\" content=\"Est. reading time\" \/>\n\t<meta name=\"twitter:data2\" content=\"3 minutes\" \/>\n<script type=\"application\/ld+json\" class=\"yoast-schema-graph\">{\"@context\":\"https:\\\/\\\/schema.org\",\"@graph\":[{\"@type\":\"Article\",\"@id\":\"https:\\\/\\\/lagnoticias.com\\\/2025\\\/10\\\/15\\\/gobierno-de-el-salvador-mantiene-monitoreo-nacional-para-atender-emergencias-que-puedan-derivarse-por-las-lluvias\\\/#article\",\"isPartOf\":{\"@id\":\"https:\\\/\\\/lagnoticias.com\\\/2025\\\/10\\\/15\\\/gobierno-de-el-salvador-mantiene-monitoreo-nacional-para-atender-emergencias-que-puedan-derivarse-por-las-lluvias\\\/\"},\"author\":{\"name\":\"Oscar\",\"@id\":\"https:\\\/\\\/lagnoticias.com\\\/#\\\/schema\\\/person\\\/cb9bfe13f8de05d2c55270be25c6a550\"},\"headline\":\"Gobierno de El Salvador mantiene monitoreo nacional para atender emergencias que puedan derivarse por las lluvias\",\"datePublished\":\"2025-10-15T16:57:18+00:00\",\"dateModified\":\"2025-10-16T15:48:51+00:00\",\"mainEntityOfPage\":{\"@id\":\"https:\\\/\\\/lagnoticias.com\\\/2025\\\/10\\\/15\\\/gobierno-de-el-salvador-mantiene-monitoreo-nacional-para-atender-emergencias-que-puedan-derivarse-por-las-lluvias\\\/\"},\"wordCount\":387,\"commentCount\":0,\"image\":{\"@id\":\"https:\\\/\\\/lagnoticias.com\\\/2025\\\/10\\\/15\\\/gobierno-de-el-salvador-mantiene-monitoreo-nacional-para-atender-emergencias-que-puedan-derivarse-por-las-lluvias\\\/#primaryimage\"},\"thumbnailUrl\":\"https:\\\/\\\/lagnoticias.com\\\/wp-content\\\/uploads\\\/2025\\\/10\\\/3-3-2.jpg\",\"keywords\":[\"ALERTA NARANJA\",\"GOBIERNO DE EL SALVADOR\",\"LLUVIAS\",\"MONITOREO\",\"PROTECCI\u00d3N CIVIL\"],\"articleSection\":[\"NACIONALES\"],\"inLanguage\":\"en-US\",\"potentialAction\":[{\"@type\":\"CommentAction\",\"name\":\"Comment\",\"target\":[\"https:\\\/\\\/lagnoticias.com\\\/2025\\\/10\\\/15\\\/gobierno-de-el-salvador-mantiene-monitoreo-nacional-para-atender-emergencias-que-puedan-derivarse-por-las-lluvias\\\/#respond\"]}]},{\"@type\":\"WebPage\",\"@id\":\"https:\\\/\\\/lagnoticias.com\\\/2025\\\/10\\\/15\\\/gobierno-de-el-salvador-mantiene-monitoreo-nacional-para-atender-emergencias-que-puedan-derivarse-por-las-lluvias\\\/\",\"url\":\"https:\\\/\\\/lagnoticias.com\\\/2025\\\/10\\\/15\\\/gobierno-de-el-salvador-mantiene-monitoreo-nacional-para-atender-emergencias-que-puedan-derivarse-por-las-lluvias\\\/\",\"name\":\"Gobierno de El Salvador mantiene monitoreo nacional para atender emergencias que puedan derivarse por las lluvias - La G Noticias\",\"isPartOf\":{\"@id\":\"https:\\\/\\\/lagnoticias.com\\\/#website\"},\"primaryImageOfPage\":{\"@id\":\"https:\\\/\\\/lagnoticias.com\\\/2025\\\/10\\\/15\\\/gobierno-de-el-salvador-mantiene-monitoreo-nacional-para-atender-emergencias-que-puedan-derivarse-por-las-lluvias\\\/#primaryimage\"},\"image\":{\"@id\":\"https:\\\/\\\/lagnoticias.com\\\/2025\\\/10\\\/15\\\/gobierno-de-el-salvador-mantiene-monitoreo-nacional-para-atender-emergencias-que-puedan-derivarse-por-las-lluvias\\\/#primaryimage\"},\"thumbnailUrl\":\"https:\\\/\\\/lagnoticias.com\\\/wp-content\\\/uploads\\\/2025\\\/10\\\/3-3-2.jpg\",\"datePublished\":\"2025-10-15T16:57:18+00:00\",\"dateModified\":\"2025-10-16T15:48:51+00:00\",\"author\":{\"@id\":\"https:\\\/\\\/lagnoticias.com\\\/#\\\/schema\\\/person\\\/cb9bfe13f8de05d2c55270be25c6a550\"},\"breadcrumb\":{\"@id\":\"https:\\\/\\\/lagnoticias.com\\\/2025\\\/10\\\/15\\\/gobierno-de-el-salvador-mantiene-monitoreo-nacional-para-atender-emergencias-que-puedan-derivarse-por-las-lluvias\\\/#breadcrumb\"},\"inLanguage\":\"en-US\",\"potentialAction\":[{\"@type\":\"ReadAction\",\"target\":[\"https:\\\/\\\/lagnoticias.com\\\/2025\\\/10\\\/15\\\/gobierno-de-el-salvador-mantiene-monitoreo-nacional-para-atender-emergencias-que-puedan-derivarse-por-las-lluvias\\\/\"]}]},{\"@type\":\"ImageObject\",\"inLanguage\":\"en-US\",\"@id\":\"https:\\\/\\\/lagnoticias.com\\\/2025\\\/10\\\/15\\\/gobierno-de-el-salvador-mantiene-monitoreo-nacional-para-atender-emergencias-que-puedan-derivarse-por-las-lluvias\\\/#primaryimage\",\"url\":\"https:\\\/\\\/lagnoticias.com\\\/wp-content\\\/uploads\\\/2025\\\/10\\\/3-3-2.jpg\",\"contentUrl\":\"https:\\\/\\\/lagnoticias.com\\\/wp-content\\\/uploads\\\/2025\\\/10\\\/3-3-2.jpg\",\"width\":1200,\"height\":1200},{\"@type\":\"BreadcrumbList\",\"@id\":\"https:\\\/\\\/lagnoticias.com\\\/2025\\\/10\\\/15\\\/gobierno-de-el-salvador-mantiene-monitoreo-nacional-para-atender-emergencias-que-puedan-derivarse-por-las-lluvias\\\/#breadcrumb\",\"itemListElement\":[{\"@type\":\"ListItem\",\"position\":1,\"name\":\"Portada\",\"item\":\"https:\\\/\\\/lagnoticias.com\\\/\"},{\"@type\":\"ListItem\",\"position\":2,\"name\":\"Gobierno de El Salvador mantiene monitoreo nacional para atender emergencias que puedan derivarse por las lluvias\"}]},{\"@type\":\"WebSite\",\"@id\":\"https:\\\/\\\/lagnoticias.com\\\/#website\",\"url\":\"https:\\\/\\\/lagnoticias.com\\\/\",\"name\":\"La G Noticias\",\"description\":\"Noticias Positivas\",\"potentialAction\":[{\"@type\":\"SearchAction\",\"target\":{\"@type\":\"EntryPoint\",\"urlTemplate\":\"https:\\\/\\\/lagnoticias.com\\\/?s={search_term_string}\"},\"query-input\":{\"@type\":\"PropertyValueSpecification\",\"valueRequired\":true,\"valueName\":\"search_term_string\"}}],\"inLanguage\":\"en-US\"},{\"@type\":\"Person\",\"@id\":\"https:\\\/\\\/lagnoticias.com\\\/#\\\/schema\\\/person\\\/cb9bfe13f8de05d2c55270be25c6a550\",\"name\":\"Oscar\",\"image\":{\"@type\":\"ImageObject\",\"inLanguage\":\"en-US\",\"@id\":\"https:\\\/\\\/secure.gravatar.com\\\/avatar\\\/45c195718f652dc7ffdd591dc1f2678956ab7fdadcd359a635edc61304a8c757?s=96&d=mm&r=g\",\"url\":\"https:\\\/\\\/secure.gravatar.com\\\/avatar\\\/45c195718f652dc7ffdd591dc1f2678956ab7fdadcd359a635edc61304a8c757?s=96&d=mm&r=g\",\"contentUrl\":\"https:\\\/\\\/secure.gravatar.com\\\/avatar\\\/45c195718f652dc7ffdd591dc1f2678956ab7fdadcd359a635edc61304a8c757?s=96&d=mm&r=g\",\"caption\":\"Oscar\"},\"url\":\"https:\\\/\\\/lagnoticias.com\\\/en\\\/author\\\/oscar\\\/\"}]}<\/script>\n<!-- \/ Yoast SEO plugin. -->","yoast_head_json":{"title":"Gobierno de El Salvador mantiene monitoreo nacional para atender emergencias que puedan derivarse por las lluvias - La G Noticias","robots":{"index":"index","follow":"follow","max-snippet":"max-snippet:-1","max-image-preview":"max-image-preview:large","max-video-preview":"max-video-preview:-1"},"canonical":"https:\/\/lagnoticias.com\/en\/2025\/10\/15\/gobierno-de-el-salvador-mantiene-monitoreo-nacional-para-atender-emergencias-que-puedan-derivarse-por-las-lluvias\/","og_locale":"en_US","og_type":"article","og_title":"Gobierno de El Salvador mantiene monitoreo nacional para atender emergencias que puedan derivarse por las lluvias - La G Noticias","og_description":"El Gobierno de El Salvador mantiene un monitoreo de los diferentes fen\u00f3menos hidrometeorol\u00f3gicos que inciden en las condiciones del clima en el pa\u00eds, con el objetivo de anticiparse a los posibles efectos y tomar decisiones oportunas que protejan la vida de la poblaci\u00f3n.","og_url":"https:\/\/lagnoticias.com\/en\/2025\/10\/15\/gobierno-de-el-salvador-mantiene-monitoreo-nacional-para-atender-emergencias-que-puedan-derivarse-por-las-lluvias\/","og_site_name":"La G Noticias","article_publisher":"https:\/\/www.facebook.com\/LaGNoticias","article_published_time":"2025-10-15T16:57:18+00:00","article_modified_time":"2025-10-16T15:48:51+00:00","og_image":[{"width":1200,"height":1200,"url":"https:\/\/lagnoticias.com\/wp-content\/uploads\/2025\/10\/3-3-2.jpg","type":"image\/jpeg"}],"author":"Oscar","twitter_card":"summary_large_image","twitter_creator":"@lagnoticias","twitter_site":"@lagnoticias","twitter_misc":{"Written by":"Oscar","Est. reading time":"3 minutes"},"schema":{"@context":"https:\/\/schema.org","@graph":[{"@type":"Article","@id":"https:\/\/lagnoticias.com\/2025\/10\/15\/gobierno-de-el-salvador-mantiene-monitoreo-nacional-para-atender-emergencias-que-puedan-derivarse-por-las-lluvias\/#article","isPartOf":{"@id":"https:\/\/lagnoticias.com\/2025\/10\/15\/gobierno-de-el-salvador-mantiene-monitoreo-nacional-para-atender-emergencias-que-puedan-derivarse-por-las-lluvias\/"},"author":{"name":"Oscar","@id":"https:\/\/lagnoticias.com\/#\/schema\/person\/cb9bfe13f8de05d2c55270be25c6a550"},"headline":"Gobierno de El Salvador mantiene monitoreo nacional para atender emergencias que puedan derivarse por las lluvias","datePublished":"2025-10-15T16:57:18+00:00","dateModified":"2025-10-16T15:48:51+00:00","mainEntityOfPage":{"@id":"https:\/\/lagnoticias.com\/2025\/10\/15\/gobierno-de-el-salvador-mantiene-monitoreo-nacional-para-atender-emergencias-que-puedan-derivarse-por-las-lluvias\/"},"wordCount":387,"commentCount":0,"image":{"@id":"https:\/\/lagnoticias.com\/2025\/10\/15\/gobierno-de-el-salvador-mantiene-monitoreo-nacional-para-atender-emergencias-que-puedan-derivarse-por-las-lluvias\/#primaryimage"},"thumbnailUrl":"https:\/\/lagnoticias.com\/wp-content\/uploads\/2025\/10\/3-3-2.jpg","keywords":["ALERTA NARANJA","GOBIERNO DE EL SALVADOR","LLUVIAS","MONITOREO","PROTECCI\u00d3N CIVIL"],"articleSection":["NACIONALES"],"inLanguage":"en-US","potentialAction":[{"@type":"CommentAction","name":"Comment","target":["https:\/\/lagnoticias.com\/2025\/10\/15\/gobierno-de-el-salvador-mantiene-monitoreo-nacional-para-atender-emergencias-que-puedan-derivarse-por-las-lluvias\/#respond"]}]},{"@type":"WebPage","@id":"https:\/\/lagnoticias.com\/2025\/10\/15\/gobierno-de-el-salvador-mantiene-monitoreo-nacional-para-atender-emergencias-que-puedan-derivarse-por-las-lluvias\/","url":"https:\/\/lagnoticias.com\/2025\/10\/15\/gobierno-de-el-salvador-mantiene-monitoreo-nacional-para-atender-emergencias-que-puedan-derivarse-por-las-lluvias\/","name":"Gobierno de El Salvador mantiene monitoreo nacional para atender emergencias que puedan derivarse por las lluvias - La G Noticias","isPartOf":{"@id":"https:\/\/lagnoticias.com\/#website"},"primaryImageOfPage":{"@id":"https:\/\/lagnoticias.com\/2025\/10\/15\/gobierno-de-el-salvador-mantiene-monitoreo-nacional-para-atender-emergencias-que-puedan-derivarse-por-las-lluvias\/#primaryimage"},"image":{"@id":"https:\/\/lagnoticias.com\/2025\/10\/15\/gobierno-de-el-salvador-mantiene-monitoreo-nacional-para-atender-emergencias-que-puedan-derivarse-por-las-lluvias\/#primaryimage"},"thumbnailUrl":"https:\/\/lagnoticias.com\/wp-content\/uploads\/2025\/10\/3-3-2.jpg","datePublished":"2025-10-15T16:57:18+00:00","dateModified":"2025-10-16T15:48:51+00:00","author":{"@id":"https:\/\/lagnoticias.com\/#\/schema\/person\/cb9bfe13f8de05d2c55270be25c6a550"},"breadcrumb":{"@id":"https:\/\/lagnoticias.com\/2025\/10\/15\/gobierno-de-el-salvador-mantiene-monitoreo-nacional-para-atender-emergencias-que-puedan-derivarse-por-las-lluvias\/#breadcrumb"},"inLanguage":"en-US","potentialAction":[{"@type":"ReadAction","target":["https:\/\/lagnoticias.com\/2025\/10\/15\/gobierno-de-el-salvador-mantiene-monitoreo-nacional-para-atender-emergencias-que-puedan-derivarse-por-las-lluvias\/"]}]},{"@type":"ImageObject","inLanguage":"en-US","@id":"https:\/\/lagnoticias.com\/2025\/10\/15\/gobierno-de-el-salvador-mantiene-monitoreo-nacional-para-atender-emergencias-que-puedan-derivarse-por-las-lluvias\/#primaryimage","url":"https:\/\/lagnoticias.com\/wp-content\/uploads\/2025\/10\/3-3-2.jpg","contentUrl":"https:\/\/lagnoticias.com\/wp-content\/uploads\/2025\/10\/3-3-2.jpg","width":1200,"height":1200},{"@type":"BreadcrumbList","@id":"https:\/\/lagnoticias.com\/2025\/10\/15\/gobierno-de-el-salvador-mantiene-monitoreo-nacional-para-atender-emergencias-que-puedan-derivarse-por-las-lluvias\/#breadcrumb","itemListElement":[{"@type":"ListItem","position":1,"name":"Portada","item":"https:\/\/lagnoticias.com\/"},{"@type":"ListItem","position":2,"name":"Gobierno de El Salvador mantiene monitoreo nacional para atender emergencias que puedan derivarse por las lluvias"}]},{"@type":"WebSite","@id":"https:\/\/lagnoticias.com\/#website","url":"https:\/\/lagnoticias.com\/","name":"La G Noticias","description":"Noticias Positivas","potentialAction":[{"@type":"SearchAction","target":{"@type":"EntryPoint","urlTemplate":"https:\/\/lagnoticias.com\/?s={search_term_string}"},"query-input":{"@type":"PropertyValueSpecification","valueRequired":true,"valueName":"search_term_string"}}],"inLanguage":"en-US"},{"@type":"Person","@id":"https:\/\/lagnoticias.com\/#\/schema\/person\/cb9bfe13f8de05d2c55270be25c6a550","name":"Oscar","image":{"@type":"ImageObject","inLanguage":"en-US","@id":"https:\/\/secure.gravatar.com\/avatar\/45c195718f652dc7ffdd591dc1f2678956ab7fdadcd359a635edc61304a8c757?s=96&d=mm&r=g","url":"https:\/\/secure.gravatar.com\/avatar\/45c195718f652dc7ffdd591dc1f2678956ab7fdadcd359a635edc61304a8c757?s=96&d=mm&r=g","contentUrl":"https:\/\/secure.gravatar.com\/avatar\/45c195718f652dc7ffdd591dc1f2678956ab7fdadcd359a635edc61304a8c757?s=96&d=mm&r=g","caption":"Oscar"},"url":"https:\/\/lagnoticias.com\/en\/author\/oscar\/"}]}},"_links":{"self":[{"href":"https:\/\/lagnoticias.com\/en\/wp-json\/wp\/v2\/posts\/5903","targetHints":{"allow":["GET"]}}],"collection":[{"href":"https:\/\/lagnoticias.com\/en\/wp-json\/wp\/v2\/posts"}],"about":[{"href":"https:\/\/lagnoticias.com\/en\/wp-json\/wp\/v2\/types\/post"}],"author":[{"embeddable":true,"href":"https:\/\/lagnoticias.com\/en\/wp-json\/wp\/v2\/users\/2"}],"replies":[{"embeddable":true,"href":"https:\/\/lagnoticias.com\/en\/wp-json\/wp\/v2\/comments?post=5903"}],"version-history":[{"count":1,"href":"https:\/\/lagnoticias.com\/en\/wp-json\/wp\/v2\/posts\/5903\/revisions"}],"predecessor-version":[{"id":5907,"href":"https:\/\/lagnoticias.com\/en\/wp-json\/wp\/v2\/posts\/5903\/revisions\/5907"}],"wp:featuredmedia":[{"embeddable":true,"href":"https:\/\/lagnoticias.com\/en\/wp-json\/wp\/v2\/media\/5904"}],"wp:attachment":[{"href":"https:\/\/lagnoticias.com\/en\/wp-json\/wp\/v2\/media?parent=5903"}],"wp:term":[{"taxonomy":"category","embeddable":true,"href":"https:\/\/lagnoticias.com\/en\/wp-json\/wp\/v2\/categories?post=5903"},{"taxonomy":"post_tag","embeddable":true,"href":"https:\/\/lagnoticias.com\/en\/wp-json\/wp\/v2\/tags?post=5903"}],"curies":[{"name":"wp","href":"https:\/\/api.w.org\/{rel}","templated":true}]}}