{"id":5898,"date":"2025-10-15T10:34:30","date_gmt":"2025-10-15T16:34:30","guid":{"rendered":"https:\/\/lagnoticias.com\/?p=5898"},"modified":"2025-10-16T09:48:44","modified_gmt":"2025-10-16T15:48:44","slug":"diplomaticos-senalan-que-la-cumbre-sobre-gaza-se-centro-mas-en-trump-que-en-la-diplomacia","status":"publish","type":"post","link":"https:\/\/lagnoticias.com\/en\/2025\/10\/15\/diplomaticos-senalan-que-la-cumbre-sobre-gaza-se-centro-mas-en-trump-que-en-la-diplomacia\/","title":{"rendered":"Diplom\u00e1ticos se\u00f1alan que la cumbre sobre Gaza se centr\u00f3 m\u00e1s en Trump que en la diplomacia"},"content":{"rendered":"<p>De acuerdo a lo publicado por AFP, la cumbre celebrada en Egipto para consolidar el alto el fuego entre&nbsp;Israel&nbsp;y&nbsp;Ham\u00e1s&nbsp;termin\u00f3 centrada en la figura de&nbsp;Donald Trump, seg\u00fan diplom\u00e1ticos que la calificaron como \u201cun gran espect\u00e1culo\u201d m\u00e1s que una negociaci\u00f3n pol\u00edtica.<\/p>\n\n\n\n<figure class=\"wp-block-image size-full\"><img loading=\"lazy\" decoding=\"async\" width=\"2560\" height=\"1280\" src=\"https:\/\/lagnoticias.com\/wp-content\/uploads\/2025\/10\/2-2-5-scaled.jpg\" alt=\"\" class=\"wp-image-5900\" srcset=\"https:\/\/lagnoticias.com\/wp-content\/uploads\/2025\/10\/2-2-5-scaled.jpg 2560w, https:\/\/lagnoticias.com\/wp-content\/uploads\/2025\/10\/2-2-5-1280x640.jpg 1280w, https:\/\/lagnoticias.com\/wp-content\/uploads\/2025\/10\/2-2-5-980x490.jpg 980w, https:\/\/lagnoticias.com\/wp-content\/uploads\/2025\/10\/2-2-5-480x240.jpg 480w\" sizes=\"(min-width: 0px) and (max-width: 480px) 480px, (min-width: 481px) and (max-width: 980px) 980px, (min-width: 981px) and (max-width: 1280px) 1280px, (min-width: 1281px) 2560px, 100vw\" \/><\/figure>\n\n\n\n<h2 class=\"wp-block-heading\">Una cumbre para la paz que termin\u00f3 como espect\u00e1culo pol\u00edtico<\/h2>\n\n\n\n<p>La&nbsp;cumbre sobre Gaza, realizada en&nbsp;Sharm el Sheij, Egipto, buscaba consolidar el&nbsp;alto el fuego entre Israel y Ham\u00e1s, pero termin\u00f3 convertida en un acto de protagonismo para el&nbsp;presidente de&nbsp;Estados Unidos,&nbsp;Donald Trump, seg\u00fan afirmaron varios diplom\u00e1ticos. De acuerdo con las fuentes, el evento fue \u201cuna celebraci\u00f3n de la renovada imagen de Trump como pacificador&nbsp;m\u00e1s que una negociaci\u00f3n pol\u00edtica\u201d.<\/p>\n\n\n\n<p>Durante la reuni\u00f3n,&nbsp;Trump&nbsp;y los l\u00edderes de&nbsp;Egipto, Catar y Turqu\u00eda, garantes del acuerdo entre las partes, firmaron un documento que un diplom\u00e1tico describi\u00f3 como \u201cm\u00e1s una declaraci\u00f3n de intenciones que otra cosa\u201d. Aunque el&nbsp;alto el fuego se mantiene en la Franja de Gaza, la mayor\u00eda de los&nbsp;20 puntos del plan de paz propuesto por Trump&nbsp;a\u00fan no se han concretado.<\/p>\n\n\n\n<p>El plan impulsado por&nbsp;Washington&nbsp;incluye temas a\u00fan sin resolver, como:<\/p>\n\n\n\n<ul class=\"wp-block-list\">\n<li>El\u00a0desarme del movimiento islamista Ham\u00e1s,<\/li>\n\n\n\n<li>La\u00a0futura gobernanza\u00a0del territorio palestino, y<\/li>\n\n\n\n<li>El papel de una\u00a0\u201cJunta de Paz\u201d\u00a0encargada de supervisar el proceso.<\/li>\n<\/ul>\n\n\n\n<p>Mientras tanto,&nbsp;Trump&nbsp;realizaba una especie de&nbsp;\u201cvuelta ol\u00edmpica\u201d en el Parlamento israel\u00ed, mientras m\u00e1s de dos decenas de dirigentes mundiales, entre ellos&nbsp;Keir Starmer,&nbsp;Friedrich Merz,&nbsp;Emmanuel Macron&nbsp;y&nbsp;Ant\u00f3nio Guterres, esperaban su llegada al balneario egipcio.<\/p>\n\n\n\n<h2 class=\"wp-block-heading\">Desfile en la alfombra roja y escenas ins\u00f3litas<\/h2>\n\n\n\n<p>Cuando&nbsp;Trump&nbsp;arrib\u00f3 con&nbsp;cuatro horas de retraso, los l\u00edderes formaron una fila para saludarlo&nbsp;bajo un cartel gigante que dec\u00eda \u201cPAZ 2025\u201d.<\/p>\n\n\n\n<p>\u201cFue un d\u00eda muy extra\u00f1o, el espect\u00e1culo, el discurso con todos estos l\u00edderes en fila, fue una locura\u201d, declar\u00f3 a&nbsp;AFP&nbsp;un diplom\u00e1tico bajo anonimato. \u201cNunca hab\u00eda visto algo as\u00ed, y creo que muchas personas tampoco\u201d.<\/p>\n\n\n\n<p>El momento m\u00e1s comentado fue cuando&nbsp;Macron acompa\u00f1\u00f3 a Ab\u00e1s al escenario&nbsp;para un&nbsp;apret\u00f3n de manos no planificado con Trump, que se prolong\u00f3 m\u00e1s de lo esperado y se volvi\u00f3 viral.<\/p>\n\n\n\n<h2 class=\"wp-block-heading\">Egipto convierte la cumbre en un homenaje a Trump<\/h2>\n\n\n\n<p>El&nbsp;presidente egipcio Al Sisi&nbsp;aprovech\u00f3 el evento para&nbsp;alabar a Trump, a quien llam\u00f3 el&nbsp;\u201c\u00fanico l\u00edder capaz de traer la paz a la regi\u00f3n\u201d. La ciudad de&nbsp;Sharm el Sheij&nbsp;se llen\u00f3 de&nbsp;carteles con los rostros de ambos mandatarios&nbsp;y esl\u00f3ganes por la paz.<\/p>\n\n\n\n<p>Cuando el&nbsp;Air Force One&nbsp;entr\u00f3 en el espacio a\u00e9reo egipcio, fue&nbsp;escoltado por cazas F-16 estadounidenses, lo que llev\u00f3 a Trump a bromear: \u201cPagaron mucho dinero, pero hicieron un buen negocio\u201d.<\/p>\n\n\n\n<p>M\u00e1s tarde,&nbsp;Al Sisi condecor\u00f3 a Trump con la Orden del Nilo, la&nbsp;m\u00e1xima distinci\u00f3n civil de Egipto, poco despu\u00e9s de que el mandatario recibiera&nbsp;una medalla equivalente en Israel. Una fuente egipcia explic\u00f3 que el documento firmado \u201csimplemente conmemoraba los esfuerzos de paz atribuidos a Trump\u201d, aunque la inclinaci\u00f3n del presidente estadounidense al&nbsp;espect\u00e1culo&nbsp;casi&nbsp;descarril\u00f3 la ceremonia.<\/p>\n\n\n\n<figure class=\"wp-block-image aligncenter size-full\"><img loading=\"lazy\" decoding=\"async\" width=\"480\" height=\"270\" src=\"https:\/\/lagnoticias.com\/wp-content\/uploads\/2025\/10\/2-3-2.jpg\" alt=\"\" class=\"wp-image-5899\" srcset=\"https:\/\/lagnoticias.com\/wp-content\/uploads\/2025\/10\/2-3-2.jpg 480w, https:\/\/lagnoticias.com\/wp-content\/uploads\/2025\/10\/2-3-2-300x169.jpg 300w, https:\/\/lagnoticias.com\/wp-content\/uploads\/2025\/10\/2-3-2-18x10.jpg 18w\" sizes=\"(max-width: 480px) 100vw, 480px\" \/><\/figure>\n\n\n\n<h2 class=\"wp-block-heading\">Tensi\u00f3n por la invitaci\u00f3n a Netanyahu<\/h2>\n\n\n\n<p>En una llamada sorpresa,&nbsp;Trump presion\u00f3 a Al Sisi&nbsp;para que invitara al&nbsp;primer ministro israel\u00ed Benjamin Netanyahu&nbsp;a la cumbre, provocando&nbsp;incomodidad entre varios gobiernos \u00e1rabes.<\/p>\n\n\n\n<p>Seg\u00fan una fuente diplom\u00e1tica, Al Sisi solo accedi\u00f3 para quedar como \u201cel alumno estrella\u201d.<\/p>\n\n\n\n<p>El gesto gener\u00f3 rechazo entre varios asistentes, dado que&nbsp;Netanyahu enfrenta una orden de detenci\u00f3n de la CPI por cr\u00edmenes de guerra y contra la humanidad. El&nbsp;presidente turco Recep Tayyip Erdogan&nbsp;incluso&nbsp;dio dos vueltas con su avi\u00f3n antes de aterrizar&nbsp;y&nbsp;se neg\u00f3 a descender&nbsp;al enterarse de la invitaci\u00f3n, informaron medios turcos.<\/p>\n\n\n\n<p>Ante la confusi\u00f3n,&nbsp;Netanyahu&nbsp;finalmente&nbsp;anunci\u00f3 que no asistir\u00eda, lo que permiti\u00f3 continuar la cumbre. Sin embargo, algunos l\u00edderes europeos, como los de&nbsp;Alemania, Italia y Pa\u00edses Bajos, tuvieron que salir del \u00e1rea restringida para hablar con la prensa.<\/p>\n\n\n\n<p>\u201cFue un d\u00eda rid\u00edculo\u201d, dijo otro diplom\u00e1tico a AFP\u201d. Pero, en \u00faltima instancia, hoy estamos mejor que ayer. La pregunta es si Trump va a seguir impulsando esto y mantener esa l\u00ednea firme con Netanyahu\u201d, agreg\u00f3.<\/p>","protected":false},"excerpt":{"rendered":"<p>Diplom\u00e1ticos califican la cumbre sobre Gaza como \u201cun espect\u00e1culo\u201d centrado en Donald Trump<\/p>","protected":false},"author":2,"featured_media":5901,"comment_status":"open","ping_status":"open","sticky":false,"template":"","format":"standard","meta":{"_et_pb_use_builder":"off","_et_pb_old_content":"","_et_gb_content_width":"","footnotes":""},"categories":[245],"tags":[1294,1295,448,1008,1296,1293],"class_list":["post-5898","post","type-post","status-publish","format-standard","has-post-thumbnail","hentry","category-internacionales","tag-diplomacia","tag-egipto","tag-gaza","tag-israel","tag-netanyahu","tag-trump"],"yoast_head":"<!-- This site is optimized with the Yoast SEO plugin v27.4 - https:\/\/yoast.com\/product\/yoast-seo-wordpress\/ -->\n<title>Diplom\u00e1ticos se\u00f1alan que la cumbre sobre Gaza se centr\u00f3 m\u00e1s en Trump que en la diplomacia - La G Noticias<\/title>\n<meta name=\"robots\" content=\"index, follow, max-snippet:-1, max-image-preview:large, max-video-preview:-1\" \/>\n<link rel=\"canonical\" href=\"https:\/\/lagnoticias.com\/en\/2025\/10\/15\/diplomaticos-senalan-que-la-cumbre-sobre-gaza-se-centro-mas-en-trump-que-en-la-diplomacia\/\" \/>\n<meta property=\"og:locale\" content=\"en_US\" \/>\n<meta property=\"og:type\" content=\"article\" \/>\n<meta property=\"og:title\" content=\"Diplom\u00e1ticos se\u00f1alan que la cumbre sobre Gaza se centr\u00f3 m\u00e1s en Trump que en la diplomacia - La G Noticias\" \/>\n<meta property=\"og:description\" content=\"Diplom\u00e1ticos califican la cumbre sobre Gaza como \u201cun espect\u00e1culo\u201d centrado en Donald Trump\" \/>\n<meta property=\"og:url\" content=\"https:\/\/lagnoticias.com\/en\/2025\/10\/15\/diplomaticos-senalan-que-la-cumbre-sobre-gaza-se-centro-mas-en-trump-que-en-la-diplomacia\/\" \/>\n<meta property=\"og:site_name\" content=\"La G Noticias\" \/>\n<meta property=\"article:publisher\" content=\"https:\/\/www.facebook.com\/LaGNoticias\" \/>\n<meta property=\"article:published_time\" content=\"2025-10-15T16:34:30+00:00\" \/>\n<meta property=\"article:modified_time\" content=\"2025-10-16T15:48:44+00:00\" \/>\n<meta property=\"og:image\" content=\"https:\/\/lagnoticias.com\/wp-content\/uploads\/2025\/10\/2-1-4.jpg\" \/>\n\t<meta property=\"og:image:width\" content=\"1200\" \/>\n\t<meta property=\"og:image:height\" content=\"754\" \/>\n\t<meta property=\"og:image:type\" content=\"image\/jpeg\" \/>\n<meta name=\"author\" content=\"Oscar\" \/>\n<meta name=\"twitter:card\" content=\"summary_large_image\" \/>\n<meta name=\"twitter:creator\" content=\"@lagnoticias\" \/>\n<meta name=\"twitter:site\" content=\"@lagnoticias\" \/>\n<meta name=\"twitter:label1\" content=\"Written by\" \/>\n\t<meta name=\"twitter:data1\" content=\"Oscar\" \/>\n\t<meta name=\"twitter:label2\" content=\"Est. reading time\" \/>\n\t<meta name=\"twitter:data2\" content=\"4 minutes\" \/>\n<script type=\"application\/ld+json\" class=\"yoast-schema-graph\">{\"@context\":\"https:\\\/\\\/schema.org\",\"@graph\":[{\"@type\":\"Article\",\"@id\":\"https:\\\/\\\/lagnoticias.com\\\/2025\\\/10\\\/15\\\/diplomaticos-senalan-que-la-cumbre-sobre-gaza-se-centro-mas-en-trump-que-en-la-diplomacia\\\/#article\",\"isPartOf\":{\"@id\":\"https:\\\/\\\/lagnoticias.com\\\/2025\\\/10\\\/15\\\/diplomaticos-senalan-que-la-cumbre-sobre-gaza-se-centro-mas-en-trump-que-en-la-diplomacia\\\/\"},\"author\":{\"name\":\"Oscar\",\"@id\":\"https:\\\/\\\/lagnoticias.com\\\/#\\\/schema\\\/person\\\/cb9bfe13f8de05d2c55270be25c6a550\"},\"headline\":\"Diplom\u00e1ticos se\u00f1alan que la cumbre sobre Gaza se centr\u00f3 m\u00e1s en Trump que en la diplomacia\",\"datePublished\":\"2025-10-15T16:34:30+00:00\",\"dateModified\":\"2025-10-16T15:48:44+00:00\",\"mainEntityOfPage\":{\"@id\":\"https:\\\/\\\/lagnoticias.com\\\/2025\\\/10\\\/15\\\/diplomaticos-senalan-que-la-cumbre-sobre-gaza-se-centro-mas-en-trump-que-en-la-diplomacia\\\/\"},\"wordCount\":833,\"commentCount\":0,\"image\":{\"@id\":\"https:\\\/\\\/lagnoticias.com\\\/2025\\\/10\\\/15\\\/diplomaticos-senalan-que-la-cumbre-sobre-gaza-se-centro-mas-en-trump-que-en-la-diplomacia\\\/#primaryimage\"},\"thumbnailUrl\":\"https:\\\/\\\/lagnoticias.com\\\/wp-content\\\/uploads\\\/2025\\\/10\\\/2-1-4.jpg\",\"keywords\":[\"DIPLOMACIA\",\"EGIPTO\",\"GAZA\",\"ISRAEL\",\"NETANYAHU\",\"TRUMP\"],\"articleSection\":[\"INTERNACIONALES\"],\"inLanguage\":\"en-US\",\"potentialAction\":[{\"@type\":\"CommentAction\",\"name\":\"Comment\",\"target\":[\"https:\\\/\\\/lagnoticias.com\\\/2025\\\/10\\\/15\\\/diplomaticos-senalan-que-la-cumbre-sobre-gaza-se-centro-mas-en-trump-que-en-la-diplomacia\\\/#respond\"]}]},{\"@type\":\"WebPage\",\"@id\":\"https:\\\/\\\/lagnoticias.com\\\/2025\\\/10\\\/15\\\/diplomaticos-senalan-que-la-cumbre-sobre-gaza-se-centro-mas-en-trump-que-en-la-diplomacia\\\/\",\"url\":\"https:\\\/\\\/lagnoticias.com\\\/2025\\\/10\\\/15\\\/diplomaticos-senalan-que-la-cumbre-sobre-gaza-se-centro-mas-en-trump-que-en-la-diplomacia\\\/\",\"name\":\"Diplom\u00e1ticos se\u00f1alan que la cumbre sobre Gaza se centr\u00f3 m\u00e1s en Trump que en la diplomacia - La G Noticias\",\"isPartOf\":{\"@id\":\"https:\\\/\\\/lagnoticias.com\\\/#website\"},\"primaryImageOfPage\":{\"@id\":\"https:\\\/\\\/lagnoticias.com\\\/2025\\\/10\\\/15\\\/diplomaticos-senalan-que-la-cumbre-sobre-gaza-se-centro-mas-en-trump-que-en-la-diplomacia\\\/#primaryimage\"},\"image\":{\"@id\":\"https:\\\/\\\/lagnoticias.com\\\/2025\\\/10\\\/15\\\/diplomaticos-senalan-que-la-cumbre-sobre-gaza-se-centro-mas-en-trump-que-en-la-diplomacia\\\/#primaryimage\"},\"thumbnailUrl\":\"https:\\\/\\\/lagnoticias.com\\\/wp-content\\\/uploads\\\/2025\\\/10\\\/2-1-4.jpg\",\"datePublished\":\"2025-10-15T16:34:30+00:00\",\"dateModified\":\"2025-10-16T15:48:44+00:00\",\"author\":{\"@id\":\"https:\\\/\\\/lagnoticias.com\\\/#\\\/schema\\\/person\\\/cb9bfe13f8de05d2c55270be25c6a550\"},\"breadcrumb\":{\"@id\":\"https:\\\/\\\/lagnoticias.com\\\/2025\\\/10\\\/15\\\/diplomaticos-senalan-que-la-cumbre-sobre-gaza-se-centro-mas-en-trump-que-en-la-diplomacia\\\/#breadcrumb\"},\"inLanguage\":\"en-US\",\"potentialAction\":[{\"@type\":\"ReadAction\",\"target\":[\"https:\\\/\\\/lagnoticias.com\\\/2025\\\/10\\\/15\\\/diplomaticos-senalan-que-la-cumbre-sobre-gaza-se-centro-mas-en-trump-que-en-la-diplomacia\\\/\"]}]},{\"@type\":\"ImageObject\",\"inLanguage\":\"en-US\",\"@id\":\"https:\\\/\\\/lagnoticias.com\\\/2025\\\/10\\\/15\\\/diplomaticos-senalan-que-la-cumbre-sobre-gaza-se-centro-mas-en-trump-que-en-la-diplomacia\\\/#primaryimage\",\"url\":\"https:\\\/\\\/lagnoticias.com\\\/wp-content\\\/uploads\\\/2025\\\/10\\\/2-1-4.jpg\",\"contentUrl\":\"https:\\\/\\\/lagnoticias.com\\\/wp-content\\\/uploads\\\/2025\\\/10\\\/2-1-4.jpg\",\"width\":1200,\"height\":754},{\"@type\":\"BreadcrumbList\",\"@id\":\"https:\\\/\\\/lagnoticias.com\\\/2025\\\/10\\\/15\\\/diplomaticos-senalan-que-la-cumbre-sobre-gaza-se-centro-mas-en-trump-que-en-la-diplomacia\\\/#breadcrumb\",\"itemListElement\":[{\"@type\":\"ListItem\",\"position\":1,\"name\":\"Portada\",\"item\":\"https:\\\/\\\/lagnoticias.com\\\/\"},{\"@type\":\"ListItem\",\"position\":2,\"name\":\"Diplom\u00e1ticos se\u00f1alan que la cumbre sobre Gaza se centr\u00f3 m\u00e1s en Trump que en la diplomacia\"}]},{\"@type\":\"WebSite\",\"@id\":\"https:\\\/\\\/lagnoticias.com\\\/#website\",\"url\":\"https:\\\/\\\/lagnoticias.com\\\/\",\"name\":\"La G Noticias\",\"description\":\"Noticias Positivas\",\"potentialAction\":[{\"@type\":\"SearchAction\",\"target\":{\"@type\":\"EntryPoint\",\"urlTemplate\":\"https:\\\/\\\/lagnoticias.com\\\/?s={search_term_string}\"},\"query-input\":{\"@type\":\"PropertyValueSpecification\",\"valueRequired\":true,\"valueName\":\"search_term_string\"}}],\"inLanguage\":\"en-US\"},{\"@type\":\"Person\",\"@id\":\"https:\\\/\\\/lagnoticias.com\\\/#\\\/schema\\\/person\\\/cb9bfe13f8de05d2c55270be25c6a550\",\"name\":\"Oscar\",\"image\":{\"@type\":\"ImageObject\",\"inLanguage\":\"en-US\",\"@id\":\"https:\\\/\\\/secure.gravatar.com\\\/avatar\\\/45c195718f652dc7ffdd591dc1f2678956ab7fdadcd359a635edc61304a8c757?s=96&d=mm&r=g\",\"url\":\"https:\\\/\\\/secure.gravatar.com\\\/avatar\\\/45c195718f652dc7ffdd591dc1f2678956ab7fdadcd359a635edc61304a8c757?s=96&d=mm&r=g\",\"contentUrl\":\"https:\\\/\\\/secure.gravatar.com\\\/avatar\\\/45c195718f652dc7ffdd591dc1f2678956ab7fdadcd359a635edc61304a8c757?s=96&d=mm&r=g\",\"caption\":\"Oscar\"},\"url\":\"https:\\\/\\\/lagnoticias.com\\\/en\\\/author\\\/oscar\\\/\"}]}<\/script>\n<!-- \/ Yoast SEO plugin. -->","yoast_head_json":{"title":"Diplom\u00e1ticos se\u00f1alan que la cumbre sobre Gaza se centr\u00f3 m\u00e1s en Trump que en la diplomacia - La G Noticias","robots":{"index":"index","follow":"follow","max-snippet":"max-snippet:-1","max-image-preview":"max-image-preview:large","max-video-preview":"max-video-preview:-1"},"canonical":"https:\/\/lagnoticias.com\/en\/2025\/10\/15\/diplomaticos-senalan-que-la-cumbre-sobre-gaza-se-centro-mas-en-trump-que-en-la-diplomacia\/","og_locale":"en_US","og_type":"article","og_title":"Diplom\u00e1ticos se\u00f1alan que la cumbre sobre Gaza se centr\u00f3 m\u00e1s en Trump que en la diplomacia - La G Noticias","og_description":"Diplom\u00e1ticos califican la cumbre sobre Gaza como \u201cun espect\u00e1culo\u201d centrado en Donald Trump","og_url":"https:\/\/lagnoticias.com\/en\/2025\/10\/15\/diplomaticos-senalan-que-la-cumbre-sobre-gaza-se-centro-mas-en-trump-que-en-la-diplomacia\/","og_site_name":"La G Noticias","article_publisher":"https:\/\/www.facebook.com\/LaGNoticias","article_published_time":"2025-10-15T16:34:30+00:00","article_modified_time":"2025-10-16T15:48:44+00:00","og_image":[{"width":1200,"height":754,"url":"https:\/\/lagnoticias.com\/wp-content\/uploads\/2025\/10\/2-1-4.jpg","type":"image\/jpeg"}],"author":"Oscar","twitter_card":"summary_large_image","twitter_creator":"@lagnoticias","twitter_site":"@lagnoticias","twitter_misc":{"Written by":"Oscar","Est. reading time":"4 minutes"},"schema":{"@context":"https:\/\/schema.org","@graph":[{"@type":"Article","@id":"https:\/\/lagnoticias.com\/2025\/10\/15\/diplomaticos-senalan-que-la-cumbre-sobre-gaza-se-centro-mas-en-trump-que-en-la-diplomacia\/#article","isPartOf":{"@id":"https:\/\/lagnoticias.com\/2025\/10\/15\/diplomaticos-senalan-que-la-cumbre-sobre-gaza-se-centro-mas-en-trump-que-en-la-diplomacia\/"},"author":{"name":"Oscar","@id":"https:\/\/lagnoticias.com\/#\/schema\/person\/cb9bfe13f8de05d2c55270be25c6a550"},"headline":"Diplom\u00e1ticos se\u00f1alan que la cumbre sobre Gaza se centr\u00f3 m\u00e1s en Trump que en la diplomacia","datePublished":"2025-10-15T16:34:30+00:00","dateModified":"2025-10-16T15:48:44+00:00","mainEntityOfPage":{"@id":"https:\/\/lagnoticias.com\/2025\/10\/15\/diplomaticos-senalan-que-la-cumbre-sobre-gaza-se-centro-mas-en-trump-que-en-la-diplomacia\/"},"wordCount":833,"commentCount":0,"image":{"@id":"https:\/\/lagnoticias.com\/2025\/10\/15\/diplomaticos-senalan-que-la-cumbre-sobre-gaza-se-centro-mas-en-trump-que-en-la-diplomacia\/#primaryimage"},"thumbnailUrl":"https:\/\/lagnoticias.com\/wp-content\/uploads\/2025\/10\/2-1-4.jpg","keywords":["DIPLOMACIA","EGIPTO","GAZA","ISRAEL","NETANYAHU","TRUMP"],"articleSection":["INTERNACIONALES"],"inLanguage":"en-US","potentialAction":[{"@type":"CommentAction","name":"Comment","target":["https:\/\/lagnoticias.com\/2025\/10\/15\/diplomaticos-senalan-que-la-cumbre-sobre-gaza-se-centro-mas-en-trump-que-en-la-diplomacia\/#respond"]}]},{"@type":"WebPage","@id":"https:\/\/lagnoticias.com\/2025\/10\/15\/diplomaticos-senalan-que-la-cumbre-sobre-gaza-se-centro-mas-en-trump-que-en-la-diplomacia\/","url":"https:\/\/lagnoticias.com\/2025\/10\/15\/diplomaticos-senalan-que-la-cumbre-sobre-gaza-se-centro-mas-en-trump-que-en-la-diplomacia\/","name":"Diplom\u00e1ticos se\u00f1alan que la cumbre sobre Gaza se centr\u00f3 m\u00e1s en Trump que en la diplomacia - La G Noticias","isPartOf":{"@id":"https:\/\/lagnoticias.com\/#website"},"primaryImageOfPage":{"@id":"https:\/\/lagnoticias.com\/2025\/10\/15\/diplomaticos-senalan-que-la-cumbre-sobre-gaza-se-centro-mas-en-trump-que-en-la-diplomacia\/#primaryimage"},"image":{"@id":"https:\/\/lagnoticias.com\/2025\/10\/15\/diplomaticos-senalan-que-la-cumbre-sobre-gaza-se-centro-mas-en-trump-que-en-la-diplomacia\/#primaryimage"},"thumbnailUrl":"https:\/\/lagnoticias.com\/wp-content\/uploads\/2025\/10\/2-1-4.jpg","datePublished":"2025-10-15T16:34:30+00:00","dateModified":"2025-10-16T15:48:44+00:00","author":{"@id":"https:\/\/lagnoticias.com\/#\/schema\/person\/cb9bfe13f8de05d2c55270be25c6a550"},"breadcrumb":{"@id":"https:\/\/lagnoticias.com\/2025\/10\/15\/diplomaticos-senalan-que-la-cumbre-sobre-gaza-se-centro-mas-en-trump-que-en-la-diplomacia\/#breadcrumb"},"inLanguage":"en-US","potentialAction":[{"@type":"ReadAction","target":["https:\/\/lagnoticias.com\/2025\/10\/15\/diplomaticos-senalan-que-la-cumbre-sobre-gaza-se-centro-mas-en-trump-que-en-la-diplomacia\/"]}]},{"@type":"ImageObject","inLanguage":"en-US","@id":"https:\/\/lagnoticias.com\/2025\/10\/15\/diplomaticos-senalan-que-la-cumbre-sobre-gaza-se-centro-mas-en-trump-que-en-la-diplomacia\/#primaryimage","url":"https:\/\/lagnoticias.com\/wp-content\/uploads\/2025\/10\/2-1-4.jpg","contentUrl":"https:\/\/lagnoticias.com\/wp-content\/uploads\/2025\/10\/2-1-4.jpg","width":1200,"height":754},{"@type":"BreadcrumbList","@id":"https:\/\/lagnoticias.com\/2025\/10\/15\/diplomaticos-senalan-que-la-cumbre-sobre-gaza-se-centro-mas-en-trump-que-en-la-diplomacia\/#breadcrumb","itemListElement":[{"@type":"ListItem","position":1,"name":"Portada","item":"https:\/\/lagnoticias.com\/"},{"@type":"ListItem","position":2,"name":"Diplom\u00e1ticos se\u00f1alan que la cumbre sobre Gaza se centr\u00f3 m\u00e1s en Trump que en la diplomacia"}]},{"@type":"WebSite","@id":"https:\/\/lagnoticias.com\/#website","url":"https:\/\/lagnoticias.com\/","name":"La G Noticias","description":"Noticias Positivas","potentialAction":[{"@type":"SearchAction","target":{"@type":"EntryPoint","urlTemplate":"https:\/\/lagnoticias.com\/?s={search_term_string}"},"query-input":{"@type":"PropertyValueSpecification","valueRequired":true,"valueName":"search_term_string"}}],"inLanguage":"en-US"},{"@type":"Person","@id":"https:\/\/lagnoticias.com\/#\/schema\/person\/cb9bfe13f8de05d2c55270be25c6a550","name":"Oscar","image":{"@type":"ImageObject","inLanguage":"en-US","@id":"https:\/\/secure.gravatar.com\/avatar\/45c195718f652dc7ffdd591dc1f2678956ab7fdadcd359a635edc61304a8c757?s=96&d=mm&r=g","url":"https:\/\/secure.gravatar.com\/avatar\/45c195718f652dc7ffdd591dc1f2678956ab7fdadcd359a635edc61304a8c757?s=96&d=mm&r=g","contentUrl":"https:\/\/secure.gravatar.com\/avatar\/45c195718f652dc7ffdd591dc1f2678956ab7fdadcd359a635edc61304a8c757?s=96&d=mm&r=g","caption":"Oscar"},"url":"https:\/\/lagnoticias.com\/en\/author\/oscar\/"}]}},"_links":{"self":[{"href":"https:\/\/lagnoticias.com\/en\/wp-json\/wp\/v2\/posts\/5898","targetHints":{"allow":["GET"]}}],"collection":[{"href":"https:\/\/lagnoticias.com\/en\/wp-json\/wp\/v2\/posts"}],"about":[{"href":"https:\/\/lagnoticias.com\/en\/wp-json\/wp\/v2\/types\/post"}],"author":[{"embeddable":true,"href":"https:\/\/lagnoticias.com\/en\/wp-json\/wp\/v2\/users\/2"}],"replies":[{"embeddable":true,"href":"https:\/\/lagnoticias.com\/en\/wp-json\/wp\/v2\/comments?post=5898"}],"version-history":[{"count":1,"href":"https:\/\/lagnoticias.com\/en\/wp-json\/wp\/v2\/posts\/5898\/revisions"}],"predecessor-version":[{"id":5902,"href":"https:\/\/lagnoticias.com\/en\/wp-json\/wp\/v2\/posts\/5898\/revisions\/5902"}],"wp:featuredmedia":[{"embeddable":true,"href":"https:\/\/lagnoticias.com\/en\/wp-json\/wp\/v2\/media\/5901"}],"wp:attachment":[{"href":"https:\/\/lagnoticias.com\/en\/wp-json\/wp\/v2\/media?parent=5898"}],"wp:term":[{"taxonomy":"category","embeddable":true,"href":"https:\/\/lagnoticias.com\/en\/wp-json\/wp\/v2\/categories?post=5898"},{"taxonomy":"post_tag","embeddable":true,"href":"https:\/\/lagnoticias.com\/en\/wp-json\/wp\/v2\/tags?post=5898"}],"curies":[{"name":"wp","href":"https:\/\/api.w.org\/{rel}","templated":true}]}}