{"id":5893,"date":"2025-10-15T09:32:18","date_gmt":"2025-10-15T15:32:18","guid":{"rendered":"https:\/\/lagnoticias.com\/?p=5893"},"modified":"2025-10-16T09:48:37","modified_gmt":"2025-10-16T15:48:37","slug":"la-galaxia-del-triangulo-iluminara-el-cielo-durante-la-noche-del-15-de-octubre","status":"publish","type":"post","link":"https:\/\/lagnoticias.com\/en\/2025\/10\/15\/la-galaxia-del-triangulo-iluminara-el-cielo-durante-la-noche-del-15-de-octubre\/","title":{"rendered":"La Galaxia del Tri\u00e1ngulo iluminar\u00e1 el cielo durante la noche del 15 de octubre"},"content":{"rendered":"<p>Este pr\u00f3ximo&nbsp;15 de octubre, los&nbsp;amantes del cielo nocturno&nbsp;podr\u00e1n observar un fen\u00f3meno especial:&nbsp;la Galaxia del Tri\u00e1ngulo&nbsp;(Messier 33 o M33) alcanzar\u00e1 una posici\u00f3n elevada en el cielo, facilitando su visibilidad en condiciones favorables.<\/p>\n\n\n\n<h2 class=\"wp-block-heading\">\u00bfQu\u00e9 significa \u201celevarse\u201d la galaxia?<\/h2>\n\n\n\n<p>Que una galaxia \u201cse eleve\u201d en el cielo significa que, desde nuestra perspectiva terrestre, alcanza una posici\u00f3n m\u00e1s alta sobre el horizonte, lo que la hace m\u00e1s f\u00e1cil de observar (menor interferencia atmosf\u00e9rica, menos obst\u00e1culos visuales). En otras palabras: ser\u00e1 m\u00e1s prominente esa noche.<\/p>\n\n\n\n<h2 class=\"wp-block-heading\">\u00bfQu\u00e9 se sabe de la Galaxia del Tri\u00e1ngulo?<\/h2>\n\n\n\n<p>Es una galaxia espiral localizada en la constelaci\u00f3n&nbsp;Triangulum, tambi\u00e9n llamada&nbsp;M33&nbsp;o&nbsp;NGC 598.<\/p>\n\n\n\n<p>Est\u00e1 a unos&nbsp;2.7 a 3 millones de a\u00f1os luz&nbsp;de la Tierra. Es considerada la&nbsp;tercera galaxia m\u00e1s grande del Grupo Local, despu\u00e9s de la V\u00eda L\u00e1ctea y Andr\u00f3meda.<\/p>\n\n\n\n<p>En su estructura destacan regiones de formaci\u00f3n estelar activa, como&nbsp;NGC 604&nbsp;(una de las m\u00e1s grandes conocidas).<\/p>\n\n\n\n<figure class=\"wp-block-image aligncenter size-large\"><img loading=\"lazy\" decoding=\"async\" width=\"1024\" height=\"620\" src=\"https:\/\/lagnoticias.com\/wp-content\/uploads\/2025\/10\/1-3-4-1024x620.jpg\" alt=\"\" class=\"wp-image-5894\" srcset=\"https:\/\/lagnoticias.com\/wp-content\/uploads\/2025\/10\/1-3-4-1024x620.jpg 1024w, https:\/\/lagnoticias.com\/wp-content\/uploads\/2025\/10\/1-3-4-980x593.jpg 980w, https:\/\/lagnoticias.com\/wp-content\/uploads\/2025\/10\/1-3-4-480x291.jpg 480w\" sizes=\"(min-width: 0px) and (max-width: 480px) 480px, (min-width: 481px) and (max-width: 980px) 980px, (min-width: 981px) 1024px, 100vw\" \/><\/figure>\n\n\n\n<h2 class=\"wp-block-heading\">Consideraciones<\/h2>\n\n\n\n<p>Que la galaxia \u201cse eleve\u201d no implica un cambio f\u00edsico en ella: sigue estando a millones de a\u00f1os luz de distancia. Las condiciones locales (clima, humedad, contaminaci\u00f3n lum\u00ednica) influir\u00e1n en lo bien que se pueda ver.<\/p>\n\n\n\n<p>No es algo \u00fanico del 15 de octubre: M33 es observable en otras fechas del a\u00f1o, pero este d\u00eda su posici\u00f3n es m\u00e1s favorable.<\/p>\n\n\n\n<h2 class=\"wp-block-heading\">\u00bfC\u00f3mo aprovechar la noche del 15 de octubre?<\/h2>\n\n\n\n<figure class=\"wp-block-image aligncenter size-full\"><img loading=\"lazy\" decoding=\"async\" width=\"450\" height=\"300\" src=\"https:\/\/lagnoticias.com\/wp-content\/uploads\/2025\/10\/1-2-3.jpg\" alt=\"\" class=\"wp-image-5895\" srcset=\"https:\/\/lagnoticias.com\/wp-content\/uploads\/2025\/10\/1-2-3.jpg 450w, https:\/\/lagnoticias.com\/wp-content\/uploads\/2025\/10\/1-2-3-300x200.jpg 300w, https:\/\/lagnoticias.com\/wp-content\/uploads\/2025\/10\/1-2-3-18x12.jpg 18w\" sizes=\"(max-width: 450px) 100vw, 450px\" \/><\/figure>\n\n\n\n<p>Para observar M33 esa noche, considera lo siguiente:<\/p>\n\n\n\n<figure class=\"wp-block-table\"><table class=\"has-fixed-layout\"><thead><tr><td><strong>Recomendaci\u00f3n<\/strong><\/td><td><strong>Motivo<\/strong><\/td><\/tr><\/thead><tbody><tr><td>Escoger un sitio con cielo oscuro, alejado de luces de ciudad<\/td><td>Reducir contaminaci\u00f3n lum\u00ednica ayuda much\u00edsimo<\/td><\/tr><tr><td>Usar binoculares o mejor a\u00fan, un telescopio<\/td><td>La galaxia es tenue; el equipo \u00f3ptico ayuda a distinguir sus brazos espirales<\/td><\/tr><tr><td>Observar cuando est\u00e9 m\u00e1s alta en el cielo<\/td><td>Evita que la atm\u00f3sfera la deforme o aten\u00fae demasiado<\/td><\/tr><tr><td>Tener paciencia y adaptarse a la oscuridad<\/td><td>Los ojos humanos requieren varios minutos para adaptarse y captar objetos d\u00e9biles<\/td><\/tr><\/tbody><\/table><\/figure>","protected":false},"excerpt":{"rendered":"<p>Es visible con binoculares o peque\u00f1os telescopios en cielos oscuros.<\/p>","protected":false},"author":2,"featured_media":5896,"comment_status":"open","ping_status":"open","sticky":false,"template":"","format":"standard","meta":{"_et_pb_use_builder":"off","_et_pb_old_content":"","_et_gb_content_width":"","footnotes":""},"categories":[929],"tags":[1289,1291,1288,1290,1292],"class_list":["post-5893","post","type-post","status-publish","format-standard","has-post-thumbnail","hentry","category-vida","tag-15-de-octubre","tag-espacio","tag-galaxia","tag-galaxia-del-triangulo","tag-universo"],"yoast_head":"<!-- This site is optimized with the Yoast SEO plugin v27.4 - https:\/\/yoast.com\/product\/yoast-seo-wordpress\/ -->\n<title>La Galaxia del Tri\u00e1ngulo iluminar\u00e1 el cielo durante la noche del 15 de octubre - La G Noticias<\/title>\n<meta name=\"robots\" content=\"index, follow, max-snippet:-1, max-image-preview:large, max-video-preview:-1\" \/>\n<link rel=\"canonical\" href=\"https:\/\/lagnoticias.com\/en\/2025\/10\/15\/la-galaxia-del-triangulo-iluminara-el-cielo-durante-la-noche-del-15-de-octubre\/\" \/>\n<meta property=\"og:locale\" content=\"en_US\" \/>\n<meta property=\"og:type\" content=\"article\" \/>\n<meta property=\"og:title\" content=\"La Galaxia del Tri\u00e1ngulo iluminar\u00e1 el cielo durante la noche del 15 de octubre - La G Noticias\" \/>\n<meta property=\"og:description\" content=\"Es visible con binoculares o peque\u00f1os telescopios en cielos oscuros.\" \/>\n<meta property=\"og:url\" content=\"https:\/\/lagnoticias.com\/en\/2025\/10\/15\/la-galaxia-del-triangulo-iluminara-el-cielo-durante-la-noche-del-15-de-octubre\/\" \/>\n<meta property=\"og:site_name\" content=\"La G Noticias\" \/>\n<meta property=\"article:publisher\" content=\"https:\/\/www.facebook.com\/LaGNoticias\" \/>\n<meta property=\"article:published_time\" content=\"2025-10-15T15:32:18+00:00\" \/>\n<meta property=\"article:modified_time\" content=\"2025-10-16T15:48:37+00:00\" \/>\n<meta property=\"og:image\" content=\"https:\/\/lagnoticias.com\/wp-content\/uploads\/2025\/10\/1-1-4-1024x798.jpg\" \/>\n\t<meta property=\"og:image:width\" content=\"1024\" \/>\n\t<meta property=\"og:image:height\" content=\"798\" \/>\n\t<meta property=\"og:image:type\" content=\"image\/jpeg\" \/>\n<meta name=\"author\" content=\"Oscar\" \/>\n<meta name=\"twitter:card\" content=\"summary_large_image\" \/>\n<meta name=\"twitter:creator\" content=\"@lagnoticias\" \/>\n<meta name=\"twitter:site\" content=\"@lagnoticias\" \/>\n<meta name=\"twitter:label1\" content=\"Written by\" \/>\n\t<meta name=\"twitter:data1\" content=\"Oscar\" \/>\n\t<meta name=\"twitter:label2\" content=\"Est. reading time\" \/>\n\t<meta name=\"twitter:data2\" content=\"3 minutes\" \/>\n<script type=\"application\/ld+json\" class=\"yoast-schema-graph\">{\"@context\":\"https:\\\/\\\/schema.org\",\"@graph\":[{\"@type\":\"Article\",\"@id\":\"https:\\\/\\\/lagnoticias.com\\\/2025\\\/10\\\/15\\\/la-galaxia-del-triangulo-iluminara-el-cielo-durante-la-noche-del-15-de-octubre\\\/#article\",\"isPartOf\":{\"@id\":\"https:\\\/\\\/lagnoticias.com\\\/2025\\\/10\\\/15\\\/la-galaxia-del-triangulo-iluminara-el-cielo-durante-la-noche-del-15-de-octubre\\\/\"},\"author\":{\"name\":\"Oscar\",\"@id\":\"https:\\\/\\\/lagnoticias.com\\\/#\\\/schema\\\/person\\\/cb9bfe13f8de05d2c55270be25c6a550\"},\"headline\":\"La Galaxia del Tri\u00e1ngulo iluminar\u00e1 el cielo durante la noche del 15 de octubre\",\"datePublished\":\"2025-10-15T15:32:18+00:00\",\"dateModified\":\"2025-10-16T15:48:37+00:00\",\"mainEntityOfPage\":{\"@id\":\"https:\\\/\\\/lagnoticias.com\\\/2025\\\/10\\\/15\\\/la-galaxia-del-triangulo-iluminara-el-cielo-durante-la-noche-del-15-de-octubre\\\/\"},\"wordCount\":369,\"commentCount\":0,\"image\":{\"@id\":\"https:\\\/\\\/lagnoticias.com\\\/2025\\\/10\\\/15\\\/la-galaxia-del-triangulo-iluminara-el-cielo-durante-la-noche-del-15-de-octubre\\\/#primaryimage\"},\"thumbnailUrl\":\"https:\\\/\\\/lagnoticias.com\\\/wp-content\\\/uploads\\\/2025\\\/10\\\/1-1-4.jpg\",\"keywords\":[\"15 DE OCTUBRE\",\"ESPACIO\",\"GALAXIA\",\"GALAXIA DEL TRI\u00c1NGULO\",\"UNIVERSO\"],\"articleSection\":[\"VIDA\"],\"inLanguage\":\"en-US\",\"potentialAction\":[{\"@type\":\"CommentAction\",\"name\":\"Comment\",\"target\":[\"https:\\\/\\\/lagnoticias.com\\\/2025\\\/10\\\/15\\\/la-galaxia-del-triangulo-iluminara-el-cielo-durante-la-noche-del-15-de-octubre\\\/#respond\"]}]},{\"@type\":\"WebPage\",\"@id\":\"https:\\\/\\\/lagnoticias.com\\\/2025\\\/10\\\/15\\\/la-galaxia-del-triangulo-iluminara-el-cielo-durante-la-noche-del-15-de-octubre\\\/\",\"url\":\"https:\\\/\\\/lagnoticias.com\\\/2025\\\/10\\\/15\\\/la-galaxia-del-triangulo-iluminara-el-cielo-durante-la-noche-del-15-de-octubre\\\/\",\"name\":\"La Galaxia del Tri\u00e1ngulo iluminar\u00e1 el cielo durante la noche del 15 de octubre - La G Noticias\",\"isPartOf\":{\"@id\":\"https:\\\/\\\/lagnoticias.com\\\/#website\"},\"primaryImageOfPage\":{\"@id\":\"https:\\\/\\\/lagnoticias.com\\\/2025\\\/10\\\/15\\\/la-galaxia-del-triangulo-iluminara-el-cielo-durante-la-noche-del-15-de-octubre\\\/#primaryimage\"},\"image\":{\"@id\":\"https:\\\/\\\/lagnoticias.com\\\/2025\\\/10\\\/15\\\/la-galaxia-del-triangulo-iluminara-el-cielo-durante-la-noche-del-15-de-octubre\\\/#primaryimage\"},\"thumbnailUrl\":\"https:\\\/\\\/lagnoticias.com\\\/wp-content\\\/uploads\\\/2025\\\/10\\\/1-1-4.jpg\",\"datePublished\":\"2025-10-15T15:32:18+00:00\",\"dateModified\":\"2025-10-16T15:48:37+00:00\",\"author\":{\"@id\":\"https:\\\/\\\/lagnoticias.com\\\/#\\\/schema\\\/person\\\/cb9bfe13f8de05d2c55270be25c6a550\"},\"breadcrumb\":{\"@id\":\"https:\\\/\\\/lagnoticias.com\\\/2025\\\/10\\\/15\\\/la-galaxia-del-triangulo-iluminara-el-cielo-durante-la-noche-del-15-de-octubre\\\/#breadcrumb\"},\"inLanguage\":\"en-US\",\"potentialAction\":[{\"@type\":\"ReadAction\",\"target\":[\"https:\\\/\\\/lagnoticias.com\\\/2025\\\/10\\\/15\\\/la-galaxia-del-triangulo-iluminara-el-cielo-durante-la-noche-del-15-de-octubre\\\/\"]}]},{\"@type\":\"ImageObject\",\"inLanguage\":\"en-US\",\"@id\":\"https:\\\/\\\/lagnoticias.com\\\/2025\\\/10\\\/15\\\/la-galaxia-del-triangulo-iluminara-el-cielo-durante-la-noche-del-15-de-octubre\\\/#primaryimage\",\"url\":\"https:\\\/\\\/lagnoticias.com\\\/wp-content\\\/uploads\\\/2025\\\/10\\\/1-1-4.jpg\",\"contentUrl\":\"https:\\\/\\\/lagnoticias.com\\\/wp-content\\\/uploads\\\/2025\\\/10\\\/1-1-4.jpg\",\"width\":1824,\"height\":1421},{\"@type\":\"BreadcrumbList\",\"@id\":\"https:\\\/\\\/lagnoticias.com\\\/2025\\\/10\\\/15\\\/la-galaxia-del-triangulo-iluminara-el-cielo-durante-la-noche-del-15-de-octubre\\\/#breadcrumb\",\"itemListElement\":[{\"@type\":\"ListItem\",\"position\":1,\"name\":\"Portada\",\"item\":\"https:\\\/\\\/lagnoticias.com\\\/\"},{\"@type\":\"ListItem\",\"position\":2,\"name\":\"La Galaxia del Tri\u00e1ngulo iluminar\u00e1 el cielo durante la noche del 15 de octubre\"}]},{\"@type\":\"WebSite\",\"@id\":\"https:\\\/\\\/lagnoticias.com\\\/#website\",\"url\":\"https:\\\/\\\/lagnoticias.com\\\/\",\"name\":\"La G Noticias\",\"description\":\"Noticias Positivas\",\"potentialAction\":[{\"@type\":\"SearchAction\",\"target\":{\"@type\":\"EntryPoint\",\"urlTemplate\":\"https:\\\/\\\/lagnoticias.com\\\/?s={search_term_string}\"},\"query-input\":{\"@type\":\"PropertyValueSpecification\",\"valueRequired\":true,\"valueName\":\"search_term_string\"}}],\"inLanguage\":\"en-US\"},{\"@type\":\"Person\",\"@id\":\"https:\\\/\\\/lagnoticias.com\\\/#\\\/schema\\\/person\\\/cb9bfe13f8de05d2c55270be25c6a550\",\"name\":\"Oscar\",\"image\":{\"@type\":\"ImageObject\",\"inLanguage\":\"en-US\",\"@id\":\"https:\\\/\\\/secure.gravatar.com\\\/avatar\\\/45c195718f652dc7ffdd591dc1f2678956ab7fdadcd359a635edc61304a8c757?s=96&d=mm&r=g\",\"url\":\"https:\\\/\\\/secure.gravatar.com\\\/avatar\\\/45c195718f652dc7ffdd591dc1f2678956ab7fdadcd359a635edc61304a8c757?s=96&d=mm&r=g\",\"contentUrl\":\"https:\\\/\\\/secure.gravatar.com\\\/avatar\\\/45c195718f652dc7ffdd591dc1f2678956ab7fdadcd359a635edc61304a8c757?s=96&d=mm&r=g\",\"caption\":\"Oscar\"},\"url\":\"https:\\\/\\\/lagnoticias.com\\\/en\\\/author\\\/oscar\\\/\"}]}<\/script>\n<!-- \/ Yoast SEO plugin. -->","yoast_head_json":{"title":"La Galaxia del Tri\u00e1ngulo iluminar\u00e1 el cielo durante la noche del 15 de octubre - La G Noticias","robots":{"index":"index","follow":"follow","max-snippet":"max-snippet:-1","max-image-preview":"max-image-preview:large","max-video-preview":"max-video-preview:-1"},"canonical":"https:\/\/lagnoticias.com\/en\/2025\/10\/15\/la-galaxia-del-triangulo-iluminara-el-cielo-durante-la-noche-del-15-de-octubre\/","og_locale":"en_US","og_type":"article","og_title":"La Galaxia del Tri\u00e1ngulo iluminar\u00e1 el cielo durante la noche del 15 de octubre - La G Noticias","og_description":"Es visible con binoculares o peque\u00f1os telescopios en cielos oscuros.","og_url":"https:\/\/lagnoticias.com\/en\/2025\/10\/15\/la-galaxia-del-triangulo-iluminara-el-cielo-durante-la-noche-del-15-de-octubre\/","og_site_name":"La G Noticias","article_publisher":"https:\/\/www.facebook.com\/LaGNoticias","article_published_time":"2025-10-15T15:32:18+00:00","article_modified_time":"2025-10-16T15:48:37+00:00","og_image":[{"width":1024,"height":798,"url":"https:\/\/lagnoticias.com\/wp-content\/uploads\/2025\/10\/1-1-4-1024x798.jpg","type":"image\/jpeg"}],"author":"Oscar","twitter_card":"summary_large_image","twitter_creator":"@lagnoticias","twitter_site":"@lagnoticias","twitter_misc":{"Written by":"Oscar","Est. reading time":"3 minutes"},"schema":{"@context":"https:\/\/schema.org","@graph":[{"@type":"Article","@id":"https:\/\/lagnoticias.com\/2025\/10\/15\/la-galaxia-del-triangulo-iluminara-el-cielo-durante-la-noche-del-15-de-octubre\/#article","isPartOf":{"@id":"https:\/\/lagnoticias.com\/2025\/10\/15\/la-galaxia-del-triangulo-iluminara-el-cielo-durante-la-noche-del-15-de-octubre\/"},"author":{"name":"Oscar","@id":"https:\/\/lagnoticias.com\/#\/schema\/person\/cb9bfe13f8de05d2c55270be25c6a550"},"headline":"La Galaxia del Tri\u00e1ngulo iluminar\u00e1 el cielo durante la noche del 15 de octubre","datePublished":"2025-10-15T15:32:18+00:00","dateModified":"2025-10-16T15:48:37+00:00","mainEntityOfPage":{"@id":"https:\/\/lagnoticias.com\/2025\/10\/15\/la-galaxia-del-triangulo-iluminara-el-cielo-durante-la-noche-del-15-de-octubre\/"},"wordCount":369,"commentCount":0,"image":{"@id":"https:\/\/lagnoticias.com\/2025\/10\/15\/la-galaxia-del-triangulo-iluminara-el-cielo-durante-la-noche-del-15-de-octubre\/#primaryimage"},"thumbnailUrl":"https:\/\/lagnoticias.com\/wp-content\/uploads\/2025\/10\/1-1-4.jpg","keywords":["15 DE OCTUBRE","ESPACIO","GALAXIA","GALAXIA DEL TRI\u00c1NGULO","UNIVERSO"],"articleSection":["VIDA"],"inLanguage":"en-US","potentialAction":[{"@type":"CommentAction","name":"Comment","target":["https:\/\/lagnoticias.com\/2025\/10\/15\/la-galaxia-del-triangulo-iluminara-el-cielo-durante-la-noche-del-15-de-octubre\/#respond"]}]},{"@type":"WebPage","@id":"https:\/\/lagnoticias.com\/2025\/10\/15\/la-galaxia-del-triangulo-iluminara-el-cielo-durante-la-noche-del-15-de-octubre\/","url":"https:\/\/lagnoticias.com\/2025\/10\/15\/la-galaxia-del-triangulo-iluminara-el-cielo-durante-la-noche-del-15-de-octubre\/","name":"La Galaxia del Tri\u00e1ngulo iluminar\u00e1 el cielo durante la noche del 15 de octubre - La G Noticias","isPartOf":{"@id":"https:\/\/lagnoticias.com\/#website"},"primaryImageOfPage":{"@id":"https:\/\/lagnoticias.com\/2025\/10\/15\/la-galaxia-del-triangulo-iluminara-el-cielo-durante-la-noche-del-15-de-octubre\/#primaryimage"},"image":{"@id":"https:\/\/lagnoticias.com\/2025\/10\/15\/la-galaxia-del-triangulo-iluminara-el-cielo-durante-la-noche-del-15-de-octubre\/#primaryimage"},"thumbnailUrl":"https:\/\/lagnoticias.com\/wp-content\/uploads\/2025\/10\/1-1-4.jpg","datePublished":"2025-10-15T15:32:18+00:00","dateModified":"2025-10-16T15:48:37+00:00","author":{"@id":"https:\/\/lagnoticias.com\/#\/schema\/person\/cb9bfe13f8de05d2c55270be25c6a550"},"breadcrumb":{"@id":"https:\/\/lagnoticias.com\/2025\/10\/15\/la-galaxia-del-triangulo-iluminara-el-cielo-durante-la-noche-del-15-de-octubre\/#breadcrumb"},"inLanguage":"en-US","potentialAction":[{"@type":"ReadAction","target":["https:\/\/lagnoticias.com\/2025\/10\/15\/la-galaxia-del-triangulo-iluminara-el-cielo-durante-la-noche-del-15-de-octubre\/"]}]},{"@type":"ImageObject","inLanguage":"en-US","@id":"https:\/\/lagnoticias.com\/2025\/10\/15\/la-galaxia-del-triangulo-iluminara-el-cielo-durante-la-noche-del-15-de-octubre\/#primaryimage","url":"https:\/\/lagnoticias.com\/wp-content\/uploads\/2025\/10\/1-1-4.jpg","contentUrl":"https:\/\/lagnoticias.com\/wp-content\/uploads\/2025\/10\/1-1-4.jpg","width":1824,"height":1421},{"@type":"BreadcrumbList","@id":"https:\/\/lagnoticias.com\/2025\/10\/15\/la-galaxia-del-triangulo-iluminara-el-cielo-durante-la-noche-del-15-de-octubre\/#breadcrumb","itemListElement":[{"@type":"ListItem","position":1,"name":"Portada","item":"https:\/\/lagnoticias.com\/"},{"@type":"ListItem","position":2,"name":"La Galaxia del Tri\u00e1ngulo iluminar\u00e1 el cielo durante la noche del 15 de octubre"}]},{"@type":"WebSite","@id":"https:\/\/lagnoticias.com\/#website","url":"https:\/\/lagnoticias.com\/","name":"La G Noticias","description":"Noticias Positivas","potentialAction":[{"@type":"SearchAction","target":{"@type":"EntryPoint","urlTemplate":"https:\/\/lagnoticias.com\/?s={search_term_string}"},"query-input":{"@type":"PropertyValueSpecification","valueRequired":true,"valueName":"search_term_string"}}],"inLanguage":"en-US"},{"@type":"Person","@id":"https:\/\/lagnoticias.com\/#\/schema\/person\/cb9bfe13f8de05d2c55270be25c6a550","name":"Oscar","image":{"@type":"ImageObject","inLanguage":"en-US","@id":"https:\/\/secure.gravatar.com\/avatar\/45c195718f652dc7ffdd591dc1f2678956ab7fdadcd359a635edc61304a8c757?s=96&d=mm&r=g","url":"https:\/\/secure.gravatar.com\/avatar\/45c195718f652dc7ffdd591dc1f2678956ab7fdadcd359a635edc61304a8c757?s=96&d=mm&r=g","contentUrl":"https:\/\/secure.gravatar.com\/avatar\/45c195718f652dc7ffdd591dc1f2678956ab7fdadcd359a635edc61304a8c757?s=96&d=mm&r=g","caption":"Oscar"},"url":"https:\/\/lagnoticias.com\/en\/author\/oscar\/"}]}},"_links":{"self":[{"href":"https:\/\/lagnoticias.com\/en\/wp-json\/wp\/v2\/posts\/5893","targetHints":{"allow":["GET"]}}],"collection":[{"href":"https:\/\/lagnoticias.com\/en\/wp-json\/wp\/v2\/posts"}],"about":[{"href":"https:\/\/lagnoticias.com\/en\/wp-json\/wp\/v2\/types\/post"}],"author":[{"embeddable":true,"href":"https:\/\/lagnoticias.com\/en\/wp-json\/wp\/v2\/users\/2"}],"replies":[{"embeddable":true,"href":"https:\/\/lagnoticias.com\/en\/wp-json\/wp\/v2\/comments?post=5893"}],"version-history":[{"count":1,"href":"https:\/\/lagnoticias.com\/en\/wp-json\/wp\/v2\/posts\/5893\/revisions"}],"predecessor-version":[{"id":5897,"href":"https:\/\/lagnoticias.com\/en\/wp-json\/wp\/v2\/posts\/5893\/revisions\/5897"}],"wp:featuredmedia":[{"embeddable":true,"href":"https:\/\/lagnoticias.com\/en\/wp-json\/wp\/v2\/media\/5896"}],"wp:attachment":[{"href":"https:\/\/lagnoticias.com\/en\/wp-json\/wp\/v2\/media?parent=5893"}],"wp:term":[{"taxonomy":"category","embeddable":true,"href":"https:\/\/lagnoticias.com\/en\/wp-json\/wp\/v2\/categories?post=5893"},{"taxonomy":"post_tag","embeddable":true,"href":"https:\/\/lagnoticias.com\/en\/wp-json\/wp\/v2\/tags?post=5893"}],"curies":[{"name":"wp","href":"https:\/\/api.w.org\/{rel}","templated":true}]}}