{"id":5709,"date":"2025-10-09T09:36:54","date_gmt":"2025-10-09T15:36:54","guid":{"rendered":"https:\/\/lagnoticias.com\/?p=5709"},"modified":"2025-10-10T10:57:10","modified_gmt":"2025-10-10T16:57:10","slug":"proteccion-civil-trabaja-en-la-atencion-y-prevencion-de-emergencias-ocasionadas-por-lluvias","status":"publish","type":"post","link":"https:\/\/lagnoticias.com\/en\/2025\/10\/09\/proteccion-civil-trabaja-en-la-atencion-y-prevencion-de-emergencias-ocasionadas-por-lluvias\/","title":{"rendered":"Protecci\u00f3n Civil trabaja en la atenci\u00f3n y prevenci\u00f3n de emergencias ocasionadas por lluvias"},"content":{"rendered":"<p>El Sistema Nacional de Protecci\u00f3n Civil de El Salvador est\u00e1 desplegado a escala nacional para dar cumplimiento a este compromiso con la ciudadan\u00eda, ante la incidencia por lluvias.<\/p>\n\n\n\n<p>El titular del Viceministerio de Transporte VMT, Nelson Reyes, asegur\u00f3 que todas las instituciones est\u00e1n coordinadas, desde sus funciones, dando cumplimiento al compromiso de proteger la vida de los salvadore\u00f1os.<\/p>\n\n\n\n<p>\u201cDesde el Viceministerio de Transporte estamos monitoreando las principales carreteras del pa\u00eds. Nuestros equipos siempre est\u00e1n pendientes de las emergencias que se puedan suscitar, el principal objetivo es siempre cuidar la vida de los salvadore\u00f1os y rehabilitar lo m\u00e1s pronto posible el flujo vehicular en las carreteras\u201d, coment\u00f3 Reyes.<\/p>\n\n\n\n<p>El funcionario destac\u00f3 la importancia de que la poblaci\u00f3n cumpla con la normativa de tr\u00e1nsito, principalmente en los momentos de lluvia, debido a que el exceso de velocidad o cualquier distractor puede ser un detonante para siniestros viales.<\/p>\n\n\n\n<p>\u201cEs incluso m\u00e1s importante que tomemos en cuenta las recomendaciones sobre respetar el l\u00edmite de velocidad, si estamos hablando de un momento donde est\u00e1 lloviendo\u201d, explic\u00f3 el titular del VMT.<\/p>\n\n\n\n<p>Desde el 1 de enero a la fecha, el Viceministerio de Transporte registra una disminuci\u00f3n del 8 % de los fallecidos.<\/p>","protected":false},"excerpt":{"rendered":"<p>El Sistema Nacional de Protecci\u00f3n Civil de El Salvador est\u00e1 desplegado a escala nacional para dar cumplimiento a este compromiso con la ciudadan\u00eda, ante la incidencia por lluvias. El titular del Viceministerio de Transporte VMT, Nelson Reyes, asegur\u00f3 que todas las instituciones est\u00e1n coordinadas, desde sus funciones, dando cumplimiento al compromiso de proteger la vida [&hellip;]<\/p>","protected":false},"author":2,"featured_media":5710,"comment_status":"open","ping_status":"open","sticky":false,"template":"","format":"standard","meta":{"_et_pb_use_builder":"","_et_pb_old_content":"","_et_gb_content_width":"","footnotes":""},"categories":[244],"tags":[267,572,268,452,408],"class_list":["post-5709","post","type-post","status-publish","format-standard","has-post-thumbnail","hentry","category-nacionales","tag-el-salvador","tag-emergencias","tag-gobierno-de-el-salvador","tag-lluvias","tag-proteccion-civil"],"yoast_head":"<!-- This site is optimized with the Yoast SEO plugin v27.4 - https:\/\/yoast.com\/product\/yoast-seo-wordpress\/ -->\n<title>Protecci\u00f3n Civil trabaja en la atenci\u00f3n y prevenci\u00f3n de emergencias ocasionadas por lluvias - La G Noticias<\/title>\n<meta name=\"robots\" content=\"index, follow, max-snippet:-1, max-image-preview:large, max-video-preview:-1\" \/>\n<link rel=\"canonical\" href=\"https:\/\/lagnoticias.com\/en\/2025\/10\/09\/proteccion-civil-trabaja-en-la-atencion-y-prevencion-de-emergencias-ocasionadas-por-lluvias\/\" \/>\n<meta property=\"og:locale\" content=\"en_US\" \/>\n<meta property=\"og:type\" content=\"article\" \/>\n<meta property=\"og:title\" content=\"Protecci\u00f3n Civil trabaja en la atenci\u00f3n y prevenci\u00f3n de emergencias ocasionadas por lluvias - La G Noticias\" \/>\n<meta property=\"og:description\" content=\"El Sistema Nacional de Protecci\u00f3n Civil de El Salvador est\u00e1 desplegado a escala nacional para dar cumplimiento a este compromiso con la ciudadan\u00eda, ante la incidencia por lluvias. El titular del Viceministerio de Transporte VMT, Nelson Reyes, asegur\u00f3 que todas las instituciones est\u00e1n coordinadas, desde sus funciones, dando cumplimiento al compromiso de proteger la vida [&hellip;]\" \/>\n<meta property=\"og:url\" content=\"https:\/\/lagnoticias.com\/en\/2025\/10\/09\/proteccion-civil-trabaja-en-la-atencion-y-prevencion-de-emergencias-ocasionadas-por-lluvias\/\" \/>\n<meta property=\"og:site_name\" content=\"La G Noticias\" \/>\n<meta property=\"article:publisher\" content=\"https:\/\/www.facebook.com\/LaGNoticias\" \/>\n<meta property=\"article:published_time\" content=\"2025-10-09T15:36:54+00:00\" \/>\n<meta property=\"article:modified_time\" content=\"2025-10-10T16:57:10+00:00\" \/>\n<meta property=\"og:image\" content=\"https:\/\/lagnoticias.com\/wp-content\/uploads\/2025\/10\/1-7.jpg\" \/>\n\t<meta property=\"og:image:width\" content=\"810\" \/>\n\t<meta property=\"og:image:height\" content=\"540\" \/>\n\t<meta property=\"og:image:type\" content=\"image\/jpeg\" \/>\n<meta name=\"author\" content=\"Oscar\" \/>\n<meta name=\"twitter:card\" content=\"summary_large_image\" \/>\n<meta name=\"twitter:creator\" content=\"@lagnoticias\" \/>\n<meta name=\"twitter:site\" content=\"@lagnoticias\" \/>\n<meta name=\"twitter:label1\" content=\"Written by\" \/>\n\t<meta name=\"twitter:data1\" content=\"Oscar\" \/>\n\t<meta name=\"twitter:label2\" content=\"Est. reading time\" \/>\n\t<meta name=\"twitter:data2\" content=\"2 minutes\" \/>\n<script type=\"application\/ld+json\" class=\"yoast-schema-graph\">{\"@context\":\"https:\\\/\\\/schema.org\",\"@graph\":[{\"@type\":\"Article\",\"@id\":\"https:\\\/\\\/lagnoticias.com\\\/2025\\\/10\\\/09\\\/proteccion-civil-trabaja-en-la-atencion-y-prevencion-de-emergencias-ocasionadas-por-lluvias\\\/#article\",\"isPartOf\":{\"@id\":\"https:\\\/\\\/lagnoticias.com\\\/2025\\\/10\\\/09\\\/proteccion-civil-trabaja-en-la-atencion-y-prevencion-de-emergencias-ocasionadas-por-lluvias\\\/\"},\"author\":{\"name\":\"Oscar\",\"@id\":\"https:\\\/\\\/lagnoticias.com\\\/#\\\/schema\\\/person\\\/cb9bfe13f8de05d2c55270be25c6a550\"},\"headline\":\"Protecci\u00f3n Civil trabaja en la atenci\u00f3n y prevenci\u00f3n de emergencias ocasionadas por lluvias\",\"datePublished\":\"2025-10-09T15:36:54+00:00\",\"dateModified\":\"2025-10-10T16:57:10+00:00\",\"mainEntityOfPage\":{\"@id\":\"https:\\\/\\\/lagnoticias.com\\\/2025\\\/10\\\/09\\\/proteccion-civil-trabaja-en-la-atencion-y-prevencion-de-emergencias-ocasionadas-por-lluvias\\\/\"},\"wordCount\":222,\"commentCount\":0,\"image\":{\"@id\":\"https:\\\/\\\/lagnoticias.com\\\/2025\\\/10\\\/09\\\/proteccion-civil-trabaja-en-la-atencion-y-prevencion-de-emergencias-ocasionadas-por-lluvias\\\/#primaryimage\"},\"thumbnailUrl\":\"https:\\\/\\\/lagnoticias.com\\\/wp-content\\\/uploads\\\/2025\\\/10\\\/1-7.jpg\",\"keywords\":[\"EL SALVADOR\",\"EMERGENCIAS\",\"GOBIERNO DE EL SALVADOR\",\"LLUVIAS\",\"PROTECCI\u00d3N CIVIL\"],\"articleSection\":[\"NACIONALES\"],\"inLanguage\":\"en-US\",\"potentialAction\":[{\"@type\":\"CommentAction\",\"name\":\"Comment\",\"target\":[\"https:\\\/\\\/lagnoticias.com\\\/2025\\\/10\\\/09\\\/proteccion-civil-trabaja-en-la-atencion-y-prevencion-de-emergencias-ocasionadas-por-lluvias\\\/#respond\"]}]},{\"@type\":\"WebPage\",\"@id\":\"https:\\\/\\\/lagnoticias.com\\\/2025\\\/10\\\/09\\\/proteccion-civil-trabaja-en-la-atencion-y-prevencion-de-emergencias-ocasionadas-por-lluvias\\\/\",\"url\":\"https:\\\/\\\/lagnoticias.com\\\/2025\\\/10\\\/09\\\/proteccion-civil-trabaja-en-la-atencion-y-prevencion-de-emergencias-ocasionadas-por-lluvias\\\/\",\"name\":\"Protecci\u00f3n Civil trabaja en la atenci\u00f3n y prevenci\u00f3n de emergencias ocasionadas por lluvias - La G Noticias\",\"isPartOf\":{\"@id\":\"https:\\\/\\\/lagnoticias.com\\\/#website\"},\"primaryImageOfPage\":{\"@id\":\"https:\\\/\\\/lagnoticias.com\\\/2025\\\/10\\\/09\\\/proteccion-civil-trabaja-en-la-atencion-y-prevencion-de-emergencias-ocasionadas-por-lluvias\\\/#primaryimage\"},\"image\":{\"@id\":\"https:\\\/\\\/lagnoticias.com\\\/2025\\\/10\\\/09\\\/proteccion-civil-trabaja-en-la-atencion-y-prevencion-de-emergencias-ocasionadas-por-lluvias\\\/#primaryimage\"},\"thumbnailUrl\":\"https:\\\/\\\/lagnoticias.com\\\/wp-content\\\/uploads\\\/2025\\\/10\\\/1-7.jpg\",\"datePublished\":\"2025-10-09T15:36:54+00:00\",\"dateModified\":\"2025-10-10T16:57:10+00:00\",\"author\":{\"@id\":\"https:\\\/\\\/lagnoticias.com\\\/#\\\/schema\\\/person\\\/cb9bfe13f8de05d2c55270be25c6a550\"},\"breadcrumb\":{\"@id\":\"https:\\\/\\\/lagnoticias.com\\\/2025\\\/10\\\/09\\\/proteccion-civil-trabaja-en-la-atencion-y-prevencion-de-emergencias-ocasionadas-por-lluvias\\\/#breadcrumb\"},\"inLanguage\":\"en-US\",\"potentialAction\":[{\"@type\":\"ReadAction\",\"target\":[\"https:\\\/\\\/lagnoticias.com\\\/2025\\\/10\\\/09\\\/proteccion-civil-trabaja-en-la-atencion-y-prevencion-de-emergencias-ocasionadas-por-lluvias\\\/\"]}]},{\"@type\":\"ImageObject\",\"inLanguage\":\"en-US\",\"@id\":\"https:\\\/\\\/lagnoticias.com\\\/2025\\\/10\\\/09\\\/proteccion-civil-trabaja-en-la-atencion-y-prevencion-de-emergencias-ocasionadas-por-lluvias\\\/#primaryimage\",\"url\":\"https:\\\/\\\/lagnoticias.com\\\/wp-content\\\/uploads\\\/2025\\\/10\\\/1-7.jpg\",\"contentUrl\":\"https:\\\/\\\/lagnoticias.com\\\/wp-content\\\/uploads\\\/2025\\\/10\\\/1-7.jpg\",\"width\":810,\"height\":540},{\"@type\":\"BreadcrumbList\",\"@id\":\"https:\\\/\\\/lagnoticias.com\\\/2025\\\/10\\\/09\\\/proteccion-civil-trabaja-en-la-atencion-y-prevencion-de-emergencias-ocasionadas-por-lluvias\\\/#breadcrumb\",\"itemListElement\":[{\"@type\":\"ListItem\",\"position\":1,\"name\":\"Portada\",\"item\":\"https:\\\/\\\/lagnoticias.com\\\/\"},{\"@type\":\"ListItem\",\"position\":2,\"name\":\"Protecci\u00f3n Civil trabaja en la atenci\u00f3n y prevenci\u00f3n de emergencias ocasionadas por lluvias\"}]},{\"@type\":\"WebSite\",\"@id\":\"https:\\\/\\\/lagnoticias.com\\\/#website\",\"url\":\"https:\\\/\\\/lagnoticias.com\\\/\",\"name\":\"La G Noticias\",\"description\":\"Noticias Positivas\",\"potentialAction\":[{\"@type\":\"SearchAction\",\"target\":{\"@type\":\"EntryPoint\",\"urlTemplate\":\"https:\\\/\\\/lagnoticias.com\\\/?s={search_term_string}\"},\"query-input\":{\"@type\":\"PropertyValueSpecification\",\"valueRequired\":true,\"valueName\":\"search_term_string\"}}],\"inLanguage\":\"en-US\"},{\"@type\":\"Person\",\"@id\":\"https:\\\/\\\/lagnoticias.com\\\/#\\\/schema\\\/person\\\/cb9bfe13f8de05d2c55270be25c6a550\",\"name\":\"Oscar\",\"image\":{\"@type\":\"ImageObject\",\"inLanguage\":\"en-US\",\"@id\":\"https:\\\/\\\/secure.gravatar.com\\\/avatar\\\/45c195718f652dc7ffdd591dc1f2678956ab7fdadcd359a635edc61304a8c757?s=96&d=mm&r=g\",\"url\":\"https:\\\/\\\/secure.gravatar.com\\\/avatar\\\/45c195718f652dc7ffdd591dc1f2678956ab7fdadcd359a635edc61304a8c757?s=96&d=mm&r=g\",\"contentUrl\":\"https:\\\/\\\/secure.gravatar.com\\\/avatar\\\/45c195718f652dc7ffdd591dc1f2678956ab7fdadcd359a635edc61304a8c757?s=96&d=mm&r=g\",\"caption\":\"Oscar\"},\"url\":\"https:\\\/\\\/lagnoticias.com\\\/en\\\/author\\\/oscar\\\/\"}]}<\/script>\n<!-- \/ Yoast SEO plugin. -->","yoast_head_json":{"title":"Protecci\u00f3n Civil trabaja en la atenci\u00f3n y prevenci\u00f3n de emergencias ocasionadas por lluvias - La G Noticias","robots":{"index":"index","follow":"follow","max-snippet":"max-snippet:-1","max-image-preview":"max-image-preview:large","max-video-preview":"max-video-preview:-1"},"canonical":"https:\/\/lagnoticias.com\/en\/2025\/10\/09\/proteccion-civil-trabaja-en-la-atencion-y-prevencion-de-emergencias-ocasionadas-por-lluvias\/","og_locale":"en_US","og_type":"article","og_title":"Protecci\u00f3n Civil trabaja en la atenci\u00f3n y prevenci\u00f3n de emergencias ocasionadas por lluvias - La G Noticias","og_description":"El Sistema Nacional de Protecci\u00f3n Civil de El Salvador est\u00e1 desplegado a escala nacional para dar cumplimiento a este compromiso con la ciudadan\u00eda, ante la incidencia por lluvias. El titular del Viceministerio de Transporte VMT, Nelson Reyes, asegur\u00f3 que todas las instituciones est\u00e1n coordinadas, desde sus funciones, dando cumplimiento al compromiso de proteger la vida [&hellip;]","og_url":"https:\/\/lagnoticias.com\/en\/2025\/10\/09\/proteccion-civil-trabaja-en-la-atencion-y-prevencion-de-emergencias-ocasionadas-por-lluvias\/","og_site_name":"La G Noticias","article_publisher":"https:\/\/www.facebook.com\/LaGNoticias","article_published_time":"2025-10-09T15:36:54+00:00","article_modified_time":"2025-10-10T16:57:10+00:00","og_image":[{"width":810,"height":540,"url":"https:\/\/lagnoticias.com\/wp-content\/uploads\/2025\/10\/1-7.jpg","type":"image\/jpeg"}],"author":"Oscar","twitter_card":"summary_large_image","twitter_creator":"@lagnoticias","twitter_site":"@lagnoticias","twitter_misc":{"Written by":"Oscar","Est. reading time":"2 minutes"},"schema":{"@context":"https:\/\/schema.org","@graph":[{"@type":"Article","@id":"https:\/\/lagnoticias.com\/2025\/10\/09\/proteccion-civil-trabaja-en-la-atencion-y-prevencion-de-emergencias-ocasionadas-por-lluvias\/#article","isPartOf":{"@id":"https:\/\/lagnoticias.com\/2025\/10\/09\/proteccion-civil-trabaja-en-la-atencion-y-prevencion-de-emergencias-ocasionadas-por-lluvias\/"},"author":{"name":"Oscar","@id":"https:\/\/lagnoticias.com\/#\/schema\/person\/cb9bfe13f8de05d2c55270be25c6a550"},"headline":"Protecci\u00f3n Civil trabaja en la atenci\u00f3n y prevenci\u00f3n de emergencias ocasionadas por lluvias","datePublished":"2025-10-09T15:36:54+00:00","dateModified":"2025-10-10T16:57:10+00:00","mainEntityOfPage":{"@id":"https:\/\/lagnoticias.com\/2025\/10\/09\/proteccion-civil-trabaja-en-la-atencion-y-prevencion-de-emergencias-ocasionadas-por-lluvias\/"},"wordCount":222,"commentCount":0,"image":{"@id":"https:\/\/lagnoticias.com\/2025\/10\/09\/proteccion-civil-trabaja-en-la-atencion-y-prevencion-de-emergencias-ocasionadas-por-lluvias\/#primaryimage"},"thumbnailUrl":"https:\/\/lagnoticias.com\/wp-content\/uploads\/2025\/10\/1-7.jpg","keywords":["EL SALVADOR","EMERGENCIAS","GOBIERNO DE EL SALVADOR","LLUVIAS","PROTECCI\u00d3N CIVIL"],"articleSection":["NACIONALES"],"inLanguage":"en-US","potentialAction":[{"@type":"CommentAction","name":"Comment","target":["https:\/\/lagnoticias.com\/2025\/10\/09\/proteccion-civil-trabaja-en-la-atencion-y-prevencion-de-emergencias-ocasionadas-por-lluvias\/#respond"]}]},{"@type":"WebPage","@id":"https:\/\/lagnoticias.com\/2025\/10\/09\/proteccion-civil-trabaja-en-la-atencion-y-prevencion-de-emergencias-ocasionadas-por-lluvias\/","url":"https:\/\/lagnoticias.com\/2025\/10\/09\/proteccion-civil-trabaja-en-la-atencion-y-prevencion-de-emergencias-ocasionadas-por-lluvias\/","name":"Protecci\u00f3n Civil trabaja en la atenci\u00f3n y prevenci\u00f3n de emergencias ocasionadas por lluvias - La G Noticias","isPartOf":{"@id":"https:\/\/lagnoticias.com\/#website"},"primaryImageOfPage":{"@id":"https:\/\/lagnoticias.com\/2025\/10\/09\/proteccion-civil-trabaja-en-la-atencion-y-prevencion-de-emergencias-ocasionadas-por-lluvias\/#primaryimage"},"image":{"@id":"https:\/\/lagnoticias.com\/2025\/10\/09\/proteccion-civil-trabaja-en-la-atencion-y-prevencion-de-emergencias-ocasionadas-por-lluvias\/#primaryimage"},"thumbnailUrl":"https:\/\/lagnoticias.com\/wp-content\/uploads\/2025\/10\/1-7.jpg","datePublished":"2025-10-09T15:36:54+00:00","dateModified":"2025-10-10T16:57:10+00:00","author":{"@id":"https:\/\/lagnoticias.com\/#\/schema\/person\/cb9bfe13f8de05d2c55270be25c6a550"},"breadcrumb":{"@id":"https:\/\/lagnoticias.com\/2025\/10\/09\/proteccion-civil-trabaja-en-la-atencion-y-prevencion-de-emergencias-ocasionadas-por-lluvias\/#breadcrumb"},"inLanguage":"en-US","potentialAction":[{"@type":"ReadAction","target":["https:\/\/lagnoticias.com\/2025\/10\/09\/proteccion-civil-trabaja-en-la-atencion-y-prevencion-de-emergencias-ocasionadas-por-lluvias\/"]}]},{"@type":"ImageObject","inLanguage":"en-US","@id":"https:\/\/lagnoticias.com\/2025\/10\/09\/proteccion-civil-trabaja-en-la-atencion-y-prevencion-de-emergencias-ocasionadas-por-lluvias\/#primaryimage","url":"https:\/\/lagnoticias.com\/wp-content\/uploads\/2025\/10\/1-7.jpg","contentUrl":"https:\/\/lagnoticias.com\/wp-content\/uploads\/2025\/10\/1-7.jpg","width":810,"height":540},{"@type":"BreadcrumbList","@id":"https:\/\/lagnoticias.com\/2025\/10\/09\/proteccion-civil-trabaja-en-la-atencion-y-prevencion-de-emergencias-ocasionadas-por-lluvias\/#breadcrumb","itemListElement":[{"@type":"ListItem","position":1,"name":"Portada","item":"https:\/\/lagnoticias.com\/"},{"@type":"ListItem","position":2,"name":"Protecci\u00f3n Civil trabaja en la atenci\u00f3n y prevenci\u00f3n de emergencias ocasionadas por lluvias"}]},{"@type":"WebSite","@id":"https:\/\/lagnoticias.com\/#website","url":"https:\/\/lagnoticias.com\/","name":"La G Noticias","description":"Noticias Positivas","potentialAction":[{"@type":"SearchAction","target":{"@type":"EntryPoint","urlTemplate":"https:\/\/lagnoticias.com\/?s={search_term_string}"},"query-input":{"@type":"PropertyValueSpecification","valueRequired":true,"valueName":"search_term_string"}}],"inLanguage":"en-US"},{"@type":"Person","@id":"https:\/\/lagnoticias.com\/#\/schema\/person\/cb9bfe13f8de05d2c55270be25c6a550","name":"Oscar","image":{"@type":"ImageObject","inLanguage":"en-US","@id":"https:\/\/secure.gravatar.com\/avatar\/45c195718f652dc7ffdd591dc1f2678956ab7fdadcd359a635edc61304a8c757?s=96&d=mm&r=g","url":"https:\/\/secure.gravatar.com\/avatar\/45c195718f652dc7ffdd591dc1f2678956ab7fdadcd359a635edc61304a8c757?s=96&d=mm&r=g","contentUrl":"https:\/\/secure.gravatar.com\/avatar\/45c195718f652dc7ffdd591dc1f2678956ab7fdadcd359a635edc61304a8c757?s=96&d=mm&r=g","caption":"Oscar"},"url":"https:\/\/lagnoticias.com\/en\/author\/oscar\/"}]}},"_links":{"self":[{"href":"https:\/\/lagnoticias.com\/en\/wp-json\/wp\/v2\/posts\/5709","targetHints":{"allow":["GET"]}}],"collection":[{"href":"https:\/\/lagnoticias.com\/en\/wp-json\/wp\/v2\/posts"}],"about":[{"href":"https:\/\/lagnoticias.com\/en\/wp-json\/wp\/v2\/types\/post"}],"author":[{"embeddable":true,"href":"https:\/\/lagnoticias.com\/en\/wp-json\/wp\/v2\/users\/2"}],"replies":[{"embeddable":true,"href":"https:\/\/lagnoticias.com\/en\/wp-json\/wp\/v2\/comments?post=5709"}],"version-history":[{"count":1,"href":"https:\/\/lagnoticias.com\/en\/wp-json\/wp\/v2\/posts\/5709\/revisions"}],"predecessor-version":[{"id":5711,"href":"https:\/\/lagnoticias.com\/en\/wp-json\/wp\/v2\/posts\/5709\/revisions\/5711"}],"wp:featuredmedia":[{"embeddable":true,"href":"https:\/\/lagnoticias.com\/en\/wp-json\/wp\/v2\/media\/5710"}],"wp:attachment":[{"href":"https:\/\/lagnoticias.com\/en\/wp-json\/wp\/v2\/media?parent=5709"}],"wp:term":[{"taxonomy":"category","embeddable":true,"href":"https:\/\/lagnoticias.com\/en\/wp-json\/wp\/v2\/categories?post=5709"},{"taxonomy":"post_tag","embeddable":true,"href":"https:\/\/lagnoticias.com\/en\/wp-json\/wp\/v2\/tags?post=5709"}],"curies":[{"name":"wp","href":"https:\/\/api.w.org\/{rel}","templated":true}]}}