{"id":5706,"date":"2025-10-08T14:00:30","date_gmt":"2025-10-08T20:00:30","guid":{"rendered":"https:\/\/lagnoticias.com\/?p=5706"},"modified":"2025-10-08T14:00:30","modified_gmt":"2025-10-08T20:00:30","slug":"melatonina-que-es-y-para-que-sirve","status":"publish","type":"post","link":"https:\/\/lagnoticias.com\/en\/2025\/10\/08\/melatonina-que-es-y-para-que-sirve\/","title":{"rendered":"Melatonina: qu\u00e9 es y para qu\u00e9 sirve"},"content":{"rendered":"<p>Con frecuencia, muchas personas consultan a los proveedores de salud&nbsp;para qu\u00e9 sirve la melatonina. Es importante aclarar que se trata de una hormona que el cuerpo humano produce de forma natural y no \u00fanicamente de un suplemento disponible en farmacias.<\/p>\n\n\n\n<p>\u201cLa melatonina es una hormona que nuestro cuerpo produce de manera natural, principalmente durante la noche. Su funci\u00f3n principal es regular el&nbsp;ciclo del sue\u00f1o&nbsp;y la vigilia, ayud\u00e1ndonos a conciliar y mantener un sue\u00f1o reparador\u201d, comenta la psic\u00f3loga Daniella Feterman.<\/p>\n\n\n\n<p>Seg\u00fan la revista m\u00e9dica&nbsp;Elsevier, la melatonina es f\u00e1cil de sintetizar, lo que ha motivado el inter\u00e9s en utilizarla como suplemento para tratar el insomnio. Esta fuente a\u00f1ade que su producci\u00f3n&nbsp;disminuye con la edad, en una relaci\u00f3n inversamente proporcional a la frecuencia del sue\u00f1o de mala calidad.<\/p>\n\n\n\n<p>Sin embargo, la publicaci\u00f3n especializada destaca que&nbsp;la evidencia cient\u00edfica reciente sobre los beneficios de los suplementos de melatonina es limitada.&nbsp;A continuaci\u00f3n, explicamos c\u00f3mo funciona esta hormona y cu\u00e1l es la importancia de su producci\u00f3n natural.<\/p>\n\n\n\n<h2 class=\"wp-block-heading\">\u00bfPara qu\u00e9 sirve la melatonina y cu\u00e1l es su funci\u00f3n?<\/h2>\n\n\n\n<p>La melatonina regula el ciclo del sue\u00f1o. Al respecto, Feterman se\u00f1ala que&nbsp;al descansar bien se equilibran las emociones, los niveles de energ\u00eda, la concentraci\u00f3n y el estado de \u00e1nimo.&nbsp;Por esta raz\u00f3n, la especialista afirma que, hasta cierto punto, esta hormona tambi\u00e9n contribuye a estabilizar el estado emocional.<\/p>\n\n\n\n<p>\u201cEsta sustancia es secretada por la gl\u00e1ndula pineal y se considera un cronotr\u00f3pico natural, es decir,&nbsp;permite calibrar nuestro reloj biol\u00f3gico&nbsp;con el ciclo luz-oscuridad, d\u00eda-noche, vigilia-sue\u00f1o\u201d, enfatiza el doctor Juan Pablo Pineda, neur\u00f3logo del Instituto Guatemalteco de Seguridad Social (IGSS).<\/p>\n\n\n\n<p>Pineda a\u00f1ade que tambi\u00e9n act\u00faa como un regulador del sistema inmunol\u00f3gico. \u00abEn general, tiene efectos que nos ayudan a recuperarnos f\u00edsicamente durante el sue\u00f1o profundo con efectos antioxidantes y emocionalmente, colabora con&nbsp;la sensaci\u00f3n de relajaci\u00f3n y mejor calidad de sue\u00f1o\u00bb, puntualiza la psic\u00f3loga Andrea Castillo.<\/p>\n\n\n\n<p>Asimismo, la psic\u00f3loga Mar\u00eda Ren\u00e9e Ord\u00f3\u00f1ez comenta que la melatonina reduce la irritabilidad y favorecen con la gesti\u00f3n del estr\u00e9s, por lo cual es una aliada para el bienestar personal.<\/p>\n\n\n\n<h2 class=\"wp-block-heading\">Suplementaci\u00f3n de melatonina y su producci\u00f3n de forma natural<\/h2>\n\n\n\n<p>La melatonina en forma de suplemento debe ser recetada \u00fanicamente por un m\u00e9dico, subrayan Feterman y Pineda. Seg\u00fan el neur\u00f3logo, algunos profesionales la utilizan para tratar el insomnio, aunque no es su indicaci\u00f3n principal. Adem\u00e1s, el especialista menciona su uso en casos de&nbsp;jet lag&nbsp;o \u201cjet lag social\u201d. Por otro lado, la melatonina puede estimularse de forma natural mediante h\u00e1bitos sencillos y saludables.<\/p>\n\n\n\n<p>Castillo, Feterman, Ord\u00f3\u00f1ez y Pineda enumeran algunas recomendaciones:<\/p>\n\n\n\n<ul class=\"wp-block-list\">\n<li>Aprovechar la exposici\u00f3n al sol durante las ma\u00f1anas, con precauci\u00f3n frente a los rayos solares.<\/li>\n\n\n\n<li>Ord\u00f3\u00f1ez aconseja que las siestas sean cortas, as\u00ed como ejercitarse para regular las hormonas.<\/li>\n\n\n\n<li>No consumir cafe\u00edna, alcohol ni tabaco a partir de la tarde. Es preferible no ingerir bebidas irritantes, dice Castillo.<\/li>\n\n\n\n<li>Evitar pantallas y luces azules\u00a0al menos una hora antes de dormir (tambi\u00e9n las luces blancas o c\u00e1lidas; lo ideal son tonos rojizos). Limitar el uso de pantallas es recomendable para mejorar la calidad de sue\u00f1o.<\/li>\n\n\n\n<li>\u201cCrear una rutina nocturna relajante que te prepare para descansar, como leer, meditar o tomar una infusi\u00f3n caliente, manteniendo horarios regulares para dormir y despertar, incluso los fines de semana\u201d, comenta Feterman.<\/li>\n\n\n\n<li>Pineda recomienda mantener horarios regulares tanto de sue\u00f1o como de alimentaci\u00f3n, as\u00ed como dormir en un ambiente fresco y silencioso.<\/li>\n\n\n\n<li>Incluir en la dieta alimentos ricos en tript\u00f3fano, como pl\u00e1tano, avena, cereza, nueces y leche, siempre que no est\u00e9n contraindicados.<\/li>\n\n\n\n<li>En general, dar al descanso la importancia que merece, indica Feterman. \u201cEscuchar las se\u00f1ales del cuerpo, permitirte pausar y entender que dormir bien es una necesidad b\u00e1sica\u201d, concluye.<\/li>\n<\/ul>\n\n\n\n<p>\u00abSeguir una rutina antes de dormir por la mayor cantidad de d\u00edas seguidos posibles nos permitir\u00e1 regular mejor nuestro ritmo circadiano, por ende, descansar mejor y tener una recuperaci\u00f3n \u00f3ptima que nos permita seguir siendo productivos y disfrutar de las actividades diarias\u00bb, destaca la psic\u00f3loga Castillo.<\/p>\n\n\n\n<p>Si necesita m\u00e1s informaci\u00f3n sobre la funci\u00f3n de la melatonina o la suplementaci\u00f3n de esta hormona, consulte con su m\u00e9dico de cabecera.<\/p>\n\n\n\n<p><\/p>\n\n\n\n<p><\/p>\n\n\n\n<p><\/p>\n\n\n\n<p>(PL)<\/p>","protected":false},"excerpt":{"rendered":"<p>Con frecuencia, muchas personas consultan a los proveedores de salud&nbsp;para qu\u00e9 sirve la melatonina. Es importante aclarar que se trata de una hormona que el cuerpo humano produce de forma natural y no \u00fanicamente de un suplemento disponible en farmacias. \u201cLa melatonina es una hormona que nuestro cuerpo produce de manera natural, principalmente durante la [&hellip;]<\/p>","protected":false},"author":2,"featured_media":5707,"comment_status":"open","ping_status":"open","sticky":false,"template":"","format":"standard","meta":{"_et_pb_use_builder":"off","_et_pb_old_content":"","_et_gb_content_width":"","footnotes":""},"categories":[929],"tags":[1011,1217,294],"class_list":["post-5706","post","type-post","status-publish","format-standard","has-post-thumbnail","hentry","category-vida","tag-beneficios","tag-melatonina","tag-salud"],"yoast_head":"<!-- This site is optimized with the Yoast SEO plugin v27.4 - https:\/\/yoast.com\/product\/yoast-seo-wordpress\/ -->\n<title>Melatonina: qu\u00e9 es y para qu\u00e9 sirve - La G Noticias<\/title>\n<meta name=\"robots\" content=\"index, follow, max-snippet:-1, max-image-preview:large, max-video-preview:-1\" \/>\n<link rel=\"canonical\" href=\"https:\/\/lagnoticias.com\/en\/2025\/10\/08\/melatonina-que-es-y-para-que-sirve\/\" \/>\n<meta property=\"og:locale\" content=\"en_US\" \/>\n<meta property=\"og:type\" content=\"article\" \/>\n<meta property=\"og:title\" content=\"Melatonina: qu\u00e9 es y para qu\u00e9 sirve - La G Noticias\" \/>\n<meta property=\"og:description\" content=\"Con frecuencia, muchas personas consultan a los proveedores de salud&nbsp;para qu\u00e9 sirve la melatonina. Es importante aclarar que se trata de una hormona que el cuerpo humano produce de forma natural y no \u00fanicamente de un suplemento disponible en farmacias. \u201cLa melatonina es una hormona que nuestro cuerpo produce de manera natural, principalmente durante la [&hellip;]\" \/>\n<meta property=\"og:url\" content=\"https:\/\/lagnoticias.com\/en\/2025\/10\/08\/melatonina-que-es-y-para-que-sirve\/\" \/>\n<meta property=\"og:site_name\" content=\"La G Noticias\" \/>\n<meta property=\"article:publisher\" content=\"https:\/\/www.facebook.com\/LaGNoticias\" \/>\n<meta property=\"article:published_time\" content=\"2025-10-08T20:00:30+00:00\" \/>\n<meta property=\"og:image\" content=\"https:\/\/lagnoticias.com\/wp-content\/uploads\/2025\/10\/77-scaled.jpg\" \/>\n\t<meta property=\"og:image:width\" content=\"2560\" \/>\n\t<meta property=\"og:image:height\" content=\"1444\" \/>\n\t<meta property=\"og:image:type\" content=\"image\/jpeg\" \/>\n<meta name=\"author\" content=\"Oscar\" \/>\n<meta name=\"twitter:card\" content=\"summary_large_image\" \/>\n<meta name=\"twitter:creator\" content=\"@lagnoticias\" \/>\n<meta name=\"twitter:site\" content=\"@lagnoticias\" \/>\n<meta name=\"twitter:label1\" content=\"Written by\" \/>\n\t<meta name=\"twitter:data1\" content=\"Oscar\" \/>\n\t<meta name=\"twitter:label2\" content=\"Est. reading time\" \/>\n\t<meta name=\"twitter:data2\" content=\"4 minutes\" \/>\n<script type=\"application\/ld+json\" class=\"yoast-schema-graph\">{\"@context\":\"https:\\\/\\\/schema.org\",\"@graph\":[{\"@type\":\"Article\",\"@id\":\"https:\\\/\\\/lagnoticias.com\\\/2025\\\/10\\\/08\\\/melatonina-que-es-y-para-que-sirve\\\/#article\",\"isPartOf\":{\"@id\":\"https:\\\/\\\/lagnoticias.com\\\/2025\\\/10\\\/08\\\/melatonina-que-es-y-para-que-sirve\\\/\"},\"author\":{\"name\":\"Oscar\",\"@id\":\"https:\\\/\\\/lagnoticias.com\\\/#\\\/schema\\\/person\\\/cb9bfe13f8de05d2c55270be25c6a550\"},\"headline\":\"Melatonina: qu\u00e9 es y para qu\u00e9 sirve\",\"datePublished\":\"2025-10-08T20:00:30+00:00\",\"mainEntityOfPage\":{\"@id\":\"https:\\\/\\\/lagnoticias.com\\\/2025\\\/10\\\/08\\\/melatonina-que-es-y-para-que-sirve\\\/\"},\"wordCount\":780,\"commentCount\":0,\"image\":{\"@id\":\"https:\\\/\\\/lagnoticias.com\\\/2025\\\/10\\\/08\\\/melatonina-que-es-y-para-que-sirve\\\/#primaryimage\"},\"thumbnailUrl\":\"https:\\\/\\\/lagnoticias.com\\\/wp-content\\\/uploads\\\/2025\\\/10\\\/77-scaled.jpg\",\"keywords\":[\"BENEFICIOS\",\"MELATONINA\",\"SALUD\"],\"articleSection\":[\"VIDA\"],\"inLanguage\":\"en-US\",\"potentialAction\":[{\"@type\":\"CommentAction\",\"name\":\"Comment\",\"target\":[\"https:\\\/\\\/lagnoticias.com\\\/2025\\\/10\\\/08\\\/melatonina-que-es-y-para-que-sirve\\\/#respond\"]}]},{\"@type\":\"WebPage\",\"@id\":\"https:\\\/\\\/lagnoticias.com\\\/2025\\\/10\\\/08\\\/melatonina-que-es-y-para-que-sirve\\\/\",\"url\":\"https:\\\/\\\/lagnoticias.com\\\/2025\\\/10\\\/08\\\/melatonina-que-es-y-para-que-sirve\\\/\",\"name\":\"Melatonina: qu\u00e9 es y para qu\u00e9 sirve - La G Noticias\",\"isPartOf\":{\"@id\":\"https:\\\/\\\/lagnoticias.com\\\/#website\"},\"primaryImageOfPage\":{\"@id\":\"https:\\\/\\\/lagnoticias.com\\\/2025\\\/10\\\/08\\\/melatonina-que-es-y-para-que-sirve\\\/#primaryimage\"},\"image\":{\"@id\":\"https:\\\/\\\/lagnoticias.com\\\/2025\\\/10\\\/08\\\/melatonina-que-es-y-para-que-sirve\\\/#primaryimage\"},\"thumbnailUrl\":\"https:\\\/\\\/lagnoticias.com\\\/wp-content\\\/uploads\\\/2025\\\/10\\\/77-scaled.jpg\",\"datePublished\":\"2025-10-08T20:00:30+00:00\",\"author\":{\"@id\":\"https:\\\/\\\/lagnoticias.com\\\/#\\\/schema\\\/person\\\/cb9bfe13f8de05d2c55270be25c6a550\"},\"breadcrumb\":{\"@id\":\"https:\\\/\\\/lagnoticias.com\\\/2025\\\/10\\\/08\\\/melatonina-que-es-y-para-que-sirve\\\/#breadcrumb\"},\"inLanguage\":\"en-US\",\"potentialAction\":[{\"@type\":\"ReadAction\",\"target\":[\"https:\\\/\\\/lagnoticias.com\\\/2025\\\/10\\\/08\\\/melatonina-que-es-y-para-que-sirve\\\/\"]}]},{\"@type\":\"ImageObject\",\"inLanguage\":\"en-US\",\"@id\":\"https:\\\/\\\/lagnoticias.com\\\/2025\\\/10\\\/08\\\/melatonina-que-es-y-para-que-sirve\\\/#primaryimage\",\"url\":\"https:\\\/\\\/lagnoticias.com\\\/wp-content\\\/uploads\\\/2025\\\/10\\\/77-scaled.jpg\",\"contentUrl\":\"https:\\\/\\\/lagnoticias.com\\\/wp-content\\\/uploads\\\/2025\\\/10\\\/77-scaled.jpg\",\"width\":2560,\"height\":1444},{\"@type\":\"BreadcrumbList\",\"@id\":\"https:\\\/\\\/lagnoticias.com\\\/2025\\\/10\\\/08\\\/melatonina-que-es-y-para-que-sirve\\\/#breadcrumb\",\"itemListElement\":[{\"@type\":\"ListItem\",\"position\":1,\"name\":\"Portada\",\"item\":\"https:\\\/\\\/lagnoticias.com\\\/\"},{\"@type\":\"ListItem\",\"position\":2,\"name\":\"Melatonina: qu\u00e9 es y para qu\u00e9 sirve\"}]},{\"@type\":\"WebSite\",\"@id\":\"https:\\\/\\\/lagnoticias.com\\\/#website\",\"url\":\"https:\\\/\\\/lagnoticias.com\\\/\",\"name\":\"La G Noticias\",\"description\":\"Noticias Positivas\",\"potentialAction\":[{\"@type\":\"SearchAction\",\"target\":{\"@type\":\"EntryPoint\",\"urlTemplate\":\"https:\\\/\\\/lagnoticias.com\\\/?s={search_term_string}\"},\"query-input\":{\"@type\":\"PropertyValueSpecification\",\"valueRequired\":true,\"valueName\":\"search_term_string\"}}],\"inLanguage\":\"en-US\"},{\"@type\":\"Person\",\"@id\":\"https:\\\/\\\/lagnoticias.com\\\/#\\\/schema\\\/person\\\/cb9bfe13f8de05d2c55270be25c6a550\",\"name\":\"Oscar\",\"image\":{\"@type\":\"ImageObject\",\"inLanguage\":\"en-US\",\"@id\":\"https:\\\/\\\/secure.gravatar.com\\\/avatar\\\/45c195718f652dc7ffdd591dc1f2678956ab7fdadcd359a635edc61304a8c757?s=96&d=mm&r=g\",\"url\":\"https:\\\/\\\/secure.gravatar.com\\\/avatar\\\/45c195718f652dc7ffdd591dc1f2678956ab7fdadcd359a635edc61304a8c757?s=96&d=mm&r=g\",\"contentUrl\":\"https:\\\/\\\/secure.gravatar.com\\\/avatar\\\/45c195718f652dc7ffdd591dc1f2678956ab7fdadcd359a635edc61304a8c757?s=96&d=mm&r=g\",\"caption\":\"Oscar\"},\"url\":\"https:\\\/\\\/lagnoticias.com\\\/en\\\/author\\\/oscar\\\/\"}]}<\/script>\n<!-- \/ Yoast SEO plugin. -->","yoast_head_json":{"title":"Melatonina: qu\u00e9 es y para qu\u00e9 sirve - La G Noticias","robots":{"index":"index","follow":"follow","max-snippet":"max-snippet:-1","max-image-preview":"max-image-preview:large","max-video-preview":"max-video-preview:-1"},"canonical":"https:\/\/lagnoticias.com\/en\/2025\/10\/08\/melatonina-que-es-y-para-que-sirve\/","og_locale":"en_US","og_type":"article","og_title":"Melatonina: qu\u00e9 es y para qu\u00e9 sirve - La G Noticias","og_description":"Con frecuencia, muchas personas consultan a los proveedores de salud&nbsp;para qu\u00e9 sirve la melatonina. Es importante aclarar que se trata de una hormona que el cuerpo humano produce de forma natural y no \u00fanicamente de un suplemento disponible en farmacias. \u201cLa melatonina es una hormona que nuestro cuerpo produce de manera natural, principalmente durante la [&hellip;]","og_url":"https:\/\/lagnoticias.com\/en\/2025\/10\/08\/melatonina-que-es-y-para-que-sirve\/","og_site_name":"La G Noticias","article_publisher":"https:\/\/www.facebook.com\/LaGNoticias","article_published_time":"2025-10-08T20:00:30+00:00","og_image":[{"width":2560,"height":1444,"url":"https:\/\/lagnoticias.com\/wp-content\/uploads\/2025\/10\/77-scaled.jpg","type":"image\/jpeg"}],"author":"Oscar","twitter_card":"summary_large_image","twitter_creator":"@lagnoticias","twitter_site":"@lagnoticias","twitter_misc":{"Written by":"Oscar","Est. reading time":"4 minutes"},"schema":{"@context":"https:\/\/schema.org","@graph":[{"@type":"Article","@id":"https:\/\/lagnoticias.com\/2025\/10\/08\/melatonina-que-es-y-para-que-sirve\/#article","isPartOf":{"@id":"https:\/\/lagnoticias.com\/2025\/10\/08\/melatonina-que-es-y-para-que-sirve\/"},"author":{"name":"Oscar","@id":"https:\/\/lagnoticias.com\/#\/schema\/person\/cb9bfe13f8de05d2c55270be25c6a550"},"headline":"Melatonina: qu\u00e9 es y para qu\u00e9 sirve","datePublished":"2025-10-08T20:00:30+00:00","mainEntityOfPage":{"@id":"https:\/\/lagnoticias.com\/2025\/10\/08\/melatonina-que-es-y-para-que-sirve\/"},"wordCount":780,"commentCount":0,"image":{"@id":"https:\/\/lagnoticias.com\/2025\/10\/08\/melatonina-que-es-y-para-que-sirve\/#primaryimage"},"thumbnailUrl":"https:\/\/lagnoticias.com\/wp-content\/uploads\/2025\/10\/77-scaled.jpg","keywords":["BENEFICIOS","MELATONINA","SALUD"],"articleSection":["VIDA"],"inLanguage":"en-US","potentialAction":[{"@type":"CommentAction","name":"Comment","target":["https:\/\/lagnoticias.com\/2025\/10\/08\/melatonina-que-es-y-para-que-sirve\/#respond"]}]},{"@type":"WebPage","@id":"https:\/\/lagnoticias.com\/2025\/10\/08\/melatonina-que-es-y-para-que-sirve\/","url":"https:\/\/lagnoticias.com\/2025\/10\/08\/melatonina-que-es-y-para-que-sirve\/","name":"Melatonina: qu\u00e9 es y para qu\u00e9 sirve - La G Noticias","isPartOf":{"@id":"https:\/\/lagnoticias.com\/#website"},"primaryImageOfPage":{"@id":"https:\/\/lagnoticias.com\/2025\/10\/08\/melatonina-que-es-y-para-que-sirve\/#primaryimage"},"image":{"@id":"https:\/\/lagnoticias.com\/2025\/10\/08\/melatonina-que-es-y-para-que-sirve\/#primaryimage"},"thumbnailUrl":"https:\/\/lagnoticias.com\/wp-content\/uploads\/2025\/10\/77-scaled.jpg","datePublished":"2025-10-08T20:00:30+00:00","author":{"@id":"https:\/\/lagnoticias.com\/#\/schema\/person\/cb9bfe13f8de05d2c55270be25c6a550"},"breadcrumb":{"@id":"https:\/\/lagnoticias.com\/2025\/10\/08\/melatonina-que-es-y-para-que-sirve\/#breadcrumb"},"inLanguage":"en-US","potentialAction":[{"@type":"ReadAction","target":["https:\/\/lagnoticias.com\/2025\/10\/08\/melatonina-que-es-y-para-que-sirve\/"]}]},{"@type":"ImageObject","inLanguage":"en-US","@id":"https:\/\/lagnoticias.com\/2025\/10\/08\/melatonina-que-es-y-para-que-sirve\/#primaryimage","url":"https:\/\/lagnoticias.com\/wp-content\/uploads\/2025\/10\/77-scaled.jpg","contentUrl":"https:\/\/lagnoticias.com\/wp-content\/uploads\/2025\/10\/77-scaled.jpg","width":2560,"height":1444},{"@type":"BreadcrumbList","@id":"https:\/\/lagnoticias.com\/2025\/10\/08\/melatonina-que-es-y-para-que-sirve\/#breadcrumb","itemListElement":[{"@type":"ListItem","position":1,"name":"Portada","item":"https:\/\/lagnoticias.com\/"},{"@type":"ListItem","position":2,"name":"Melatonina: qu\u00e9 es y para qu\u00e9 sirve"}]},{"@type":"WebSite","@id":"https:\/\/lagnoticias.com\/#website","url":"https:\/\/lagnoticias.com\/","name":"La G Noticias","description":"Noticias Positivas","potentialAction":[{"@type":"SearchAction","target":{"@type":"EntryPoint","urlTemplate":"https:\/\/lagnoticias.com\/?s={search_term_string}"},"query-input":{"@type":"PropertyValueSpecification","valueRequired":true,"valueName":"search_term_string"}}],"inLanguage":"en-US"},{"@type":"Person","@id":"https:\/\/lagnoticias.com\/#\/schema\/person\/cb9bfe13f8de05d2c55270be25c6a550","name":"Oscar","image":{"@type":"ImageObject","inLanguage":"en-US","@id":"https:\/\/secure.gravatar.com\/avatar\/45c195718f652dc7ffdd591dc1f2678956ab7fdadcd359a635edc61304a8c757?s=96&d=mm&r=g","url":"https:\/\/secure.gravatar.com\/avatar\/45c195718f652dc7ffdd591dc1f2678956ab7fdadcd359a635edc61304a8c757?s=96&d=mm&r=g","contentUrl":"https:\/\/secure.gravatar.com\/avatar\/45c195718f652dc7ffdd591dc1f2678956ab7fdadcd359a635edc61304a8c757?s=96&d=mm&r=g","caption":"Oscar"},"url":"https:\/\/lagnoticias.com\/en\/author\/oscar\/"}]}},"_links":{"self":[{"href":"https:\/\/lagnoticias.com\/en\/wp-json\/wp\/v2\/posts\/5706","targetHints":{"allow":["GET"]}}],"collection":[{"href":"https:\/\/lagnoticias.com\/en\/wp-json\/wp\/v2\/posts"}],"about":[{"href":"https:\/\/lagnoticias.com\/en\/wp-json\/wp\/v2\/types\/post"}],"author":[{"embeddable":true,"href":"https:\/\/lagnoticias.com\/en\/wp-json\/wp\/v2\/users\/2"}],"replies":[{"embeddable":true,"href":"https:\/\/lagnoticias.com\/en\/wp-json\/wp\/v2\/comments?post=5706"}],"version-history":[{"count":1,"href":"https:\/\/lagnoticias.com\/en\/wp-json\/wp\/v2\/posts\/5706\/revisions"}],"predecessor-version":[{"id":5708,"href":"https:\/\/lagnoticias.com\/en\/wp-json\/wp\/v2\/posts\/5706\/revisions\/5708"}],"wp:featuredmedia":[{"embeddable":true,"href":"https:\/\/lagnoticias.com\/en\/wp-json\/wp\/v2\/media\/5707"}],"wp:attachment":[{"href":"https:\/\/lagnoticias.com\/en\/wp-json\/wp\/v2\/media?parent=5706"}],"wp:term":[{"taxonomy":"category","embeddable":true,"href":"https:\/\/lagnoticias.com\/en\/wp-json\/wp\/v2\/categories?post=5706"},{"taxonomy":"post_tag","embeddable":true,"href":"https:\/\/lagnoticias.com\/en\/wp-json\/wp\/v2\/tags?post=5706"}],"curies":[{"name":"wp","href":"https:\/\/api.w.org\/{rel}","templated":true}]}}