{"id":5697,"date":"2025-10-08T11:39:40","date_gmt":"2025-10-08T17:39:40","guid":{"rendered":"https:\/\/lagnoticias.com\/?p=5697"},"modified":"2025-10-08T11:39:41","modified_gmt":"2025-10-08T17:39:41","slug":"mitur-potencia-el-sector-turistico-con-la-formacion-de-talento-en-el-centro-especializado-en-hoteleria-y-turismo-en-malaga","status":"publish","type":"post","link":"https:\/\/lagnoticias.com\/en\/2025\/10\/08\/mitur-potencia-el-sector-turistico-con-la-formacion-de-talento-en-el-centro-especializado-en-hoteleria-y-turismo-en-malaga\/","title":{"rendered":"Mitur potencia el sector tur\u00edstico con la formaci\u00f3n de talento en el centro especializado en hoteler\u00eda y turismo en M\u00e1laga"},"content":{"rendered":"<p>El Salvador ha tenido una transformaci\u00f3n sin precedentes en el sector tur\u00edstico, posicion\u00e1ndose como un destino atractivo para visitantes de todas partes del mundo.&nbsp;<\/p>\n\n\n\n<p>Al convertirse en la naci\u00f3n m\u00e1s segura del hemisferio occidental, El Salvador ha despertado un creciente inter\u00e9s en viajeros internacionales. Como parte de este proceso de dinamizaci\u00f3n, el Ministerio de Turismo acompa\u00f1a al sector privado para potenciar su crecimiento, impulsando alianzas y programas que fortalezcan la competitividad del pa\u00eds en el mercado internacional.&nbsp;<\/p>\n\n\n\n<p>En ese contexto, la ministra de Turismo, Morena Valdez, acompa\u00f1\u00f3 recientemente una misi\u00f3n oficial a Espa\u00f1a, organizada por el Ministerio de Relaciones Exteriores, con la participaci\u00f3n de la C\u00e1mara Salvadore\u00f1a de Turismo (Casatur).<\/p>\n\n\n\n<p>Esta visita tuvo como uno de sus principales resultados el anuncio de la implementaci\u00f3n de un centro especializado en hoteler\u00eda y turismo en M\u00e1laga, que permitir\u00e1 la formaci\u00f3n y capacitaci\u00f3n de profesionales en el rubro tur\u00edstico.<\/p>\n\n\n\n<p>\u00abHemos hecho el acompa\u00f1amiento a la C\u00e1mara Salvadore\u00f1a de Turismo (Casatur) porque estar\u00e1n implementado a partir de noviembre de este a\u00f1o, un centro especializado en hosteler\u00eda y turismo, en M\u00e1laga, Espa\u00f1a. Toda esta zona es de las m\u00e1s tur\u00edsticas de Espa\u00f1a, que es una de las potencias del mundo en el sector tur\u00edstico.<\/p>\n\n\n\n<p>Una de las cosas que el sector empresarial, sobre todo restaurantes, hoteles, y empresas de ocio y recreaci\u00f3n, nos est\u00e1n pidiendo es fortalecer la capacitaci\u00f3n y el recurso humano\u201d, subray\u00f3.<\/p>\n\n\n\n<h2 class=\"wp-block-heading\">Iberojet iniciar\u00e1 operaciones en El Salvador<\/h2>\n\n\n\n<p>En paralelo, el Gobierno de El Salvador contin\u00faa gestionando la llegada de m\u00e1s aerol\u00edneas que conecten a El Salvador con distintos destinos del mundo, robusteciendo la conectividad a\u00e9rea como eje fundamental para el incremento del turismo y la inversi\u00f3n extranjera.<\/p>\n\n\n\n<p>En esa l\u00ednea, Iberojet anunci\u00f3, durante un seminario virtual, que iniciar\u00e1 un vuelo directo entre Madrid y San Salvador.<\/p>\n\n\n\n<p>\u201cSeguimos trabajando para que vengan m\u00e1s l\u00edneas a\u00e9reas, Iberojet viene el pr\u00f3ximo a\u00f1o, estamos consolidando tambi\u00e9n esa relaci\u00f3n, tratando que vengan m\u00e1s l\u00edneas a\u00e9reas de los otros pa\u00edses de Europa para incrementar el ingreso de divisas de El Salvador, a trav\u00e9s de los turistas internacionales\u00bb, acot\u00f3.<\/p>","protected":false},"excerpt":{"rendered":"<p>El Salvador ha tenido una transformaci\u00f3n sin precedentes en el sector tur\u00edstico, posicion\u00e1ndose como un destino atractivo para visitantes de todas partes del mundo.&nbsp; Al convertirse en la naci\u00f3n m\u00e1s segura del hemisferio occidental, El Salvador ha despertado un creciente inter\u00e9s en viajeros internacionales. Como parte de este proceso de dinamizaci\u00f3n, el Ministerio de Turismo [&hellip;]<\/p>","protected":false},"author":2,"featured_media":5700,"comment_status":"open","ping_status":"open","sticky":false,"template":"","format":"standard","meta":{"_et_pb_use_builder":"","_et_pb_old_content":"","_et_gb_content_width":"","footnotes":""},"categories":[244],"tags":[267,807,268,314,270],"class_list":["post-5697","post","type-post","status-publish","format-standard","has-post-thumbnail","hentry","category-nacionales","tag-el-salvador","tag-espana","tag-gobierno-de-el-salvador","tag-mitur","tag-turismo"],"yoast_head":"<!-- This site is optimized with the Yoast SEO plugin v27.4 - https:\/\/yoast.com\/product\/yoast-seo-wordpress\/ -->\n<title>Mitur potencia el sector tur\u00edstico con la formaci\u00f3n de talento en el centro especializado en hoteler\u00eda y turismo en M\u00e1laga - La G Noticias<\/title>\n<meta name=\"robots\" content=\"index, follow, max-snippet:-1, max-image-preview:large, max-video-preview:-1\" \/>\n<link rel=\"canonical\" href=\"https:\/\/lagnoticias.com\/en\/2025\/10\/08\/mitur-potencia-el-sector-turistico-con-la-formacion-de-talento-en-el-centro-especializado-en-hoteleria-y-turismo-en-malaga\/\" \/>\n<meta property=\"og:locale\" content=\"en_US\" \/>\n<meta property=\"og:type\" content=\"article\" \/>\n<meta property=\"og:title\" content=\"Mitur potencia el sector tur\u00edstico con la formaci\u00f3n de talento en el centro especializado en hoteler\u00eda y turismo en M\u00e1laga - La G Noticias\" \/>\n<meta property=\"og:description\" content=\"El Salvador ha tenido una transformaci\u00f3n sin precedentes en el sector tur\u00edstico, posicion\u00e1ndose como un destino atractivo para visitantes de todas partes del mundo.&nbsp; Al convertirse en la naci\u00f3n m\u00e1s segura del hemisferio occidental, El Salvador ha despertado un creciente inter\u00e9s en viajeros internacionales. Como parte de este proceso de dinamizaci\u00f3n, el Ministerio de Turismo [&hellip;]\" \/>\n<meta property=\"og:url\" content=\"https:\/\/lagnoticias.com\/en\/2025\/10\/08\/mitur-potencia-el-sector-turistico-con-la-formacion-de-talento-en-el-centro-especializado-en-hoteleria-y-turismo-en-malaga\/\" \/>\n<meta property=\"og:site_name\" content=\"La G Noticias\" \/>\n<meta property=\"article:publisher\" content=\"https:\/\/www.facebook.com\/LaGNoticias\" \/>\n<meta property=\"article:published_time\" content=\"2025-10-08T17:39:40+00:00\" \/>\n<meta property=\"article:modified_time\" content=\"2025-10-08T17:39:41+00:00\" \/>\n<meta property=\"og:image\" content=\"https:\/\/lagnoticias.com\/wp-content\/uploads\/2025\/10\/3-9-scaled.jpg\" \/>\n\t<meta property=\"og:image:width\" content=\"2560\" \/>\n\t<meta property=\"og:image:height\" content=\"1721\" \/>\n\t<meta property=\"og:image:type\" content=\"image\/jpeg\" \/>\n<meta name=\"author\" content=\"Oscar\" \/>\n<meta name=\"twitter:card\" content=\"summary_large_image\" \/>\n<meta name=\"twitter:creator\" content=\"@lagnoticias\" \/>\n<meta name=\"twitter:site\" content=\"@lagnoticias\" \/>\n<meta name=\"twitter:label1\" content=\"Written by\" \/>\n\t<meta name=\"twitter:data1\" content=\"Oscar\" \/>\n\t<meta name=\"twitter:label2\" content=\"Est. reading time\" \/>\n\t<meta name=\"twitter:data2\" content=\"2 minutes\" \/>\n<script type=\"application\/ld+json\" class=\"yoast-schema-graph\">{\"@context\":\"https:\\\/\\\/schema.org\",\"@graph\":[{\"@type\":\"Article\",\"@id\":\"https:\\\/\\\/lagnoticias.com\\\/2025\\\/10\\\/08\\\/mitur-potencia-el-sector-turistico-con-la-formacion-de-talento-en-el-centro-especializado-en-hoteleria-y-turismo-en-malaga\\\/#article\",\"isPartOf\":{\"@id\":\"https:\\\/\\\/lagnoticias.com\\\/2025\\\/10\\\/08\\\/mitur-potencia-el-sector-turistico-con-la-formacion-de-talento-en-el-centro-especializado-en-hoteleria-y-turismo-en-malaga\\\/\"},\"author\":{\"name\":\"Oscar\",\"@id\":\"https:\\\/\\\/lagnoticias.com\\\/#\\\/schema\\\/person\\\/cb9bfe13f8de05d2c55270be25c6a550\"},\"headline\":\"Mitur potencia el sector tur\u00edstico con la formaci\u00f3n de talento en el centro especializado en hoteler\u00eda y turismo en M\u00e1laga\",\"datePublished\":\"2025-10-08T17:39:40+00:00\",\"dateModified\":\"2025-10-08T17:39:41+00:00\",\"mainEntityOfPage\":{\"@id\":\"https:\\\/\\\/lagnoticias.com\\\/2025\\\/10\\\/08\\\/mitur-potencia-el-sector-turistico-con-la-formacion-de-talento-en-el-centro-especializado-en-hoteleria-y-turismo-en-malaga\\\/\"},\"wordCount\":419,\"commentCount\":0,\"image\":{\"@id\":\"https:\\\/\\\/lagnoticias.com\\\/2025\\\/10\\\/08\\\/mitur-potencia-el-sector-turistico-con-la-formacion-de-talento-en-el-centro-especializado-en-hoteleria-y-turismo-en-malaga\\\/#primaryimage\"},\"thumbnailUrl\":\"https:\\\/\\\/lagnoticias.com\\\/wp-content\\\/uploads\\\/2025\\\/10\\\/3-9-scaled.jpg\",\"keywords\":[\"EL SALVADOR\",\"ESPA\u00d1A\",\"GOBIERNO DE EL SALVADOR\",\"MITUR\",\"TURISMO\"],\"articleSection\":[\"NACIONALES\"],\"inLanguage\":\"en-US\",\"potentialAction\":[{\"@type\":\"CommentAction\",\"name\":\"Comment\",\"target\":[\"https:\\\/\\\/lagnoticias.com\\\/2025\\\/10\\\/08\\\/mitur-potencia-el-sector-turistico-con-la-formacion-de-talento-en-el-centro-especializado-en-hoteleria-y-turismo-en-malaga\\\/#respond\"]}]},{\"@type\":\"WebPage\",\"@id\":\"https:\\\/\\\/lagnoticias.com\\\/2025\\\/10\\\/08\\\/mitur-potencia-el-sector-turistico-con-la-formacion-de-talento-en-el-centro-especializado-en-hoteleria-y-turismo-en-malaga\\\/\",\"url\":\"https:\\\/\\\/lagnoticias.com\\\/2025\\\/10\\\/08\\\/mitur-potencia-el-sector-turistico-con-la-formacion-de-talento-en-el-centro-especializado-en-hoteleria-y-turismo-en-malaga\\\/\",\"name\":\"Mitur potencia el sector tur\u00edstico con la formaci\u00f3n de talento en el centro especializado en hoteler\u00eda y turismo en M\u00e1laga - La G Noticias\",\"isPartOf\":{\"@id\":\"https:\\\/\\\/lagnoticias.com\\\/#website\"},\"primaryImageOfPage\":{\"@id\":\"https:\\\/\\\/lagnoticias.com\\\/2025\\\/10\\\/08\\\/mitur-potencia-el-sector-turistico-con-la-formacion-de-talento-en-el-centro-especializado-en-hoteleria-y-turismo-en-malaga\\\/#primaryimage\"},\"image\":{\"@id\":\"https:\\\/\\\/lagnoticias.com\\\/2025\\\/10\\\/08\\\/mitur-potencia-el-sector-turistico-con-la-formacion-de-talento-en-el-centro-especializado-en-hoteleria-y-turismo-en-malaga\\\/#primaryimage\"},\"thumbnailUrl\":\"https:\\\/\\\/lagnoticias.com\\\/wp-content\\\/uploads\\\/2025\\\/10\\\/3-9-scaled.jpg\",\"datePublished\":\"2025-10-08T17:39:40+00:00\",\"dateModified\":\"2025-10-08T17:39:41+00:00\",\"author\":{\"@id\":\"https:\\\/\\\/lagnoticias.com\\\/#\\\/schema\\\/person\\\/cb9bfe13f8de05d2c55270be25c6a550\"},\"breadcrumb\":{\"@id\":\"https:\\\/\\\/lagnoticias.com\\\/2025\\\/10\\\/08\\\/mitur-potencia-el-sector-turistico-con-la-formacion-de-talento-en-el-centro-especializado-en-hoteleria-y-turismo-en-malaga\\\/#breadcrumb\"},\"inLanguage\":\"en-US\",\"potentialAction\":[{\"@type\":\"ReadAction\",\"target\":[\"https:\\\/\\\/lagnoticias.com\\\/2025\\\/10\\\/08\\\/mitur-potencia-el-sector-turistico-con-la-formacion-de-talento-en-el-centro-especializado-en-hoteleria-y-turismo-en-malaga\\\/\"]}]},{\"@type\":\"ImageObject\",\"inLanguage\":\"en-US\",\"@id\":\"https:\\\/\\\/lagnoticias.com\\\/2025\\\/10\\\/08\\\/mitur-potencia-el-sector-turistico-con-la-formacion-de-talento-en-el-centro-especializado-en-hoteleria-y-turismo-en-malaga\\\/#primaryimage\",\"url\":\"https:\\\/\\\/lagnoticias.com\\\/wp-content\\\/uploads\\\/2025\\\/10\\\/3-9-scaled.jpg\",\"contentUrl\":\"https:\\\/\\\/lagnoticias.com\\\/wp-content\\\/uploads\\\/2025\\\/10\\\/3-9-scaled.jpg\",\"width\":2560,\"height\":1721},{\"@type\":\"BreadcrumbList\",\"@id\":\"https:\\\/\\\/lagnoticias.com\\\/2025\\\/10\\\/08\\\/mitur-potencia-el-sector-turistico-con-la-formacion-de-talento-en-el-centro-especializado-en-hoteleria-y-turismo-en-malaga\\\/#breadcrumb\",\"itemListElement\":[{\"@type\":\"ListItem\",\"position\":1,\"name\":\"Portada\",\"item\":\"https:\\\/\\\/lagnoticias.com\\\/\"},{\"@type\":\"ListItem\",\"position\":2,\"name\":\"Mitur potencia el sector tur\u00edstico con la formaci\u00f3n de talento en el centro especializado en hoteler\u00eda y turismo en M\u00e1laga\"}]},{\"@type\":\"WebSite\",\"@id\":\"https:\\\/\\\/lagnoticias.com\\\/#website\",\"url\":\"https:\\\/\\\/lagnoticias.com\\\/\",\"name\":\"La G Noticias\",\"description\":\"Noticias Positivas\",\"potentialAction\":[{\"@type\":\"SearchAction\",\"target\":{\"@type\":\"EntryPoint\",\"urlTemplate\":\"https:\\\/\\\/lagnoticias.com\\\/?s={search_term_string}\"},\"query-input\":{\"@type\":\"PropertyValueSpecification\",\"valueRequired\":true,\"valueName\":\"search_term_string\"}}],\"inLanguage\":\"en-US\"},{\"@type\":\"Person\",\"@id\":\"https:\\\/\\\/lagnoticias.com\\\/#\\\/schema\\\/person\\\/cb9bfe13f8de05d2c55270be25c6a550\",\"name\":\"Oscar\",\"image\":{\"@type\":\"ImageObject\",\"inLanguage\":\"en-US\",\"@id\":\"https:\\\/\\\/secure.gravatar.com\\\/avatar\\\/45c195718f652dc7ffdd591dc1f2678956ab7fdadcd359a635edc61304a8c757?s=96&d=mm&r=g\",\"url\":\"https:\\\/\\\/secure.gravatar.com\\\/avatar\\\/45c195718f652dc7ffdd591dc1f2678956ab7fdadcd359a635edc61304a8c757?s=96&d=mm&r=g\",\"contentUrl\":\"https:\\\/\\\/secure.gravatar.com\\\/avatar\\\/45c195718f652dc7ffdd591dc1f2678956ab7fdadcd359a635edc61304a8c757?s=96&d=mm&r=g\",\"caption\":\"Oscar\"},\"url\":\"https:\\\/\\\/lagnoticias.com\\\/en\\\/author\\\/oscar\\\/\"}]}<\/script>\n<!-- \/ Yoast SEO plugin. -->","yoast_head_json":{"title":"Mitur potencia el sector tur\u00edstico con la formaci\u00f3n de talento en el centro especializado en hoteler\u00eda y turismo en M\u00e1laga - La G Noticias","robots":{"index":"index","follow":"follow","max-snippet":"max-snippet:-1","max-image-preview":"max-image-preview:large","max-video-preview":"max-video-preview:-1"},"canonical":"https:\/\/lagnoticias.com\/en\/2025\/10\/08\/mitur-potencia-el-sector-turistico-con-la-formacion-de-talento-en-el-centro-especializado-en-hoteleria-y-turismo-en-malaga\/","og_locale":"en_US","og_type":"article","og_title":"Mitur potencia el sector tur\u00edstico con la formaci\u00f3n de talento en el centro especializado en hoteler\u00eda y turismo en M\u00e1laga - La G Noticias","og_description":"El Salvador ha tenido una transformaci\u00f3n sin precedentes en el sector tur\u00edstico, posicion\u00e1ndose como un destino atractivo para visitantes de todas partes del mundo.&nbsp; Al convertirse en la naci\u00f3n m\u00e1s segura del hemisferio occidental, El Salvador ha despertado un creciente inter\u00e9s en viajeros internacionales. Como parte de este proceso de dinamizaci\u00f3n, el Ministerio de Turismo [&hellip;]","og_url":"https:\/\/lagnoticias.com\/en\/2025\/10\/08\/mitur-potencia-el-sector-turistico-con-la-formacion-de-talento-en-el-centro-especializado-en-hoteleria-y-turismo-en-malaga\/","og_site_name":"La G Noticias","article_publisher":"https:\/\/www.facebook.com\/LaGNoticias","article_published_time":"2025-10-08T17:39:40+00:00","article_modified_time":"2025-10-08T17:39:41+00:00","og_image":[{"width":2560,"height":1721,"url":"https:\/\/lagnoticias.com\/wp-content\/uploads\/2025\/10\/3-9-scaled.jpg","type":"image\/jpeg"}],"author":"Oscar","twitter_card":"summary_large_image","twitter_creator":"@lagnoticias","twitter_site":"@lagnoticias","twitter_misc":{"Written by":"Oscar","Est. reading time":"2 minutes"},"schema":{"@context":"https:\/\/schema.org","@graph":[{"@type":"Article","@id":"https:\/\/lagnoticias.com\/2025\/10\/08\/mitur-potencia-el-sector-turistico-con-la-formacion-de-talento-en-el-centro-especializado-en-hoteleria-y-turismo-en-malaga\/#article","isPartOf":{"@id":"https:\/\/lagnoticias.com\/2025\/10\/08\/mitur-potencia-el-sector-turistico-con-la-formacion-de-talento-en-el-centro-especializado-en-hoteleria-y-turismo-en-malaga\/"},"author":{"name":"Oscar","@id":"https:\/\/lagnoticias.com\/#\/schema\/person\/cb9bfe13f8de05d2c55270be25c6a550"},"headline":"Mitur potencia el sector tur\u00edstico con la formaci\u00f3n de talento en el centro especializado en hoteler\u00eda y turismo en M\u00e1laga","datePublished":"2025-10-08T17:39:40+00:00","dateModified":"2025-10-08T17:39:41+00:00","mainEntityOfPage":{"@id":"https:\/\/lagnoticias.com\/2025\/10\/08\/mitur-potencia-el-sector-turistico-con-la-formacion-de-talento-en-el-centro-especializado-en-hoteleria-y-turismo-en-malaga\/"},"wordCount":419,"commentCount":0,"image":{"@id":"https:\/\/lagnoticias.com\/2025\/10\/08\/mitur-potencia-el-sector-turistico-con-la-formacion-de-talento-en-el-centro-especializado-en-hoteleria-y-turismo-en-malaga\/#primaryimage"},"thumbnailUrl":"https:\/\/lagnoticias.com\/wp-content\/uploads\/2025\/10\/3-9-scaled.jpg","keywords":["EL SALVADOR","ESPA\u00d1A","GOBIERNO DE EL SALVADOR","MITUR","TURISMO"],"articleSection":["NACIONALES"],"inLanguage":"en-US","potentialAction":[{"@type":"CommentAction","name":"Comment","target":["https:\/\/lagnoticias.com\/2025\/10\/08\/mitur-potencia-el-sector-turistico-con-la-formacion-de-talento-en-el-centro-especializado-en-hoteleria-y-turismo-en-malaga\/#respond"]}]},{"@type":"WebPage","@id":"https:\/\/lagnoticias.com\/2025\/10\/08\/mitur-potencia-el-sector-turistico-con-la-formacion-de-talento-en-el-centro-especializado-en-hoteleria-y-turismo-en-malaga\/","url":"https:\/\/lagnoticias.com\/2025\/10\/08\/mitur-potencia-el-sector-turistico-con-la-formacion-de-talento-en-el-centro-especializado-en-hoteleria-y-turismo-en-malaga\/","name":"Mitur potencia el sector tur\u00edstico con la formaci\u00f3n de talento en el centro especializado en hoteler\u00eda y turismo en M\u00e1laga - La G Noticias","isPartOf":{"@id":"https:\/\/lagnoticias.com\/#website"},"primaryImageOfPage":{"@id":"https:\/\/lagnoticias.com\/2025\/10\/08\/mitur-potencia-el-sector-turistico-con-la-formacion-de-talento-en-el-centro-especializado-en-hoteleria-y-turismo-en-malaga\/#primaryimage"},"image":{"@id":"https:\/\/lagnoticias.com\/2025\/10\/08\/mitur-potencia-el-sector-turistico-con-la-formacion-de-talento-en-el-centro-especializado-en-hoteleria-y-turismo-en-malaga\/#primaryimage"},"thumbnailUrl":"https:\/\/lagnoticias.com\/wp-content\/uploads\/2025\/10\/3-9-scaled.jpg","datePublished":"2025-10-08T17:39:40+00:00","dateModified":"2025-10-08T17:39:41+00:00","author":{"@id":"https:\/\/lagnoticias.com\/#\/schema\/person\/cb9bfe13f8de05d2c55270be25c6a550"},"breadcrumb":{"@id":"https:\/\/lagnoticias.com\/2025\/10\/08\/mitur-potencia-el-sector-turistico-con-la-formacion-de-talento-en-el-centro-especializado-en-hoteleria-y-turismo-en-malaga\/#breadcrumb"},"inLanguage":"en-US","potentialAction":[{"@type":"ReadAction","target":["https:\/\/lagnoticias.com\/2025\/10\/08\/mitur-potencia-el-sector-turistico-con-la-formacion-de-talento-en-el-centro-especializado-en-hoteleria-y-turismo-en-malaga\/"]}]},{"@type":"ImageObject","inLanguage":"en-US","@id":"https:\/\/lagnoticias.com\/2025\/10\/08\/mitur-potencia-el-sector-turistico-con-la-formacion-de-talento-en-el-centro-especializado-en-hoteleria-y-turismo-en-malaga\/#primaryimage","url":"https:\/\/lagnoticias.com\/wp-content\/uploads\/2025\/10\/3-9-scaled.jpg","contentUrl":"https:\/\/lagnoticias.com\/wp-content\/uploads\/2025\/10\/3-9-scaled.jpg","width":2560,"height":1721},{"@type":"BreadcrumbList","@id":"https:\/\/lagnoticias.com\/2025\/10\/08\/mitur-potencia-el-sector-turistico-con-la-formacion-de-talento-en-el-centro-especializado-en-hoteleria-y-turismo-en-malaga\/#breadcrumb","itemListElement":[{"@type":"ListItem","position":1,"name":"Portada","item":"https:\/\/lagnoticias.com\/"},{"@type":"ListItem","position":2,"name":"Mitur potencia el sector tur\u00edstico con la formaci\u00f3n de talento en el centro especializado en hoteler\u00eda y turismo en M\u00e1laga"}]},{"@type":"WebSite","@id":"https:\/\/lagnoticias.com\/#website","url":"https:\/\/lagnoticias.com\/","name":"La G Noticias","description":"Noticias Positivas","potentialAction":[{"@type":"SearchAction","target":{"@type":"EntryPoint","urlTemplate":"https:\/\/lagnoticias.com\/?s={search_term_string}"},"query-input":{"@type":"PropertyValueSpecification","valueRequired":true,"valueName":"search_term_string"}}],"inLanguage":"en-US"},{"@type":"Person","@id":"https:\/\/lagnoticias.com\/#\/schema\/person\/cb9bfe13f8de05d2c55270be25c6a550","name":"Oscar","image":{"@type":"ImageObject","inLanguage":"en-US","@id":"https:\/\/secure.gravatar.com\/avatar\/45c195718f652dc7ffdd591dc1f2678956ab7fdadcd359a635edc61304a8c757?s=96&d=mm&r=g","url":"https:\/\/secure.gravatar.com\/avatar\/45c195718f652dc7ffdd591dc1f2678956ab7fdadcd359a635edc61304a8c757?s=96&d=mm&r=g","contentUrl":"https:\/\/secure.gravatar.com\/avatar\/45c195718f652dc7ffdd591dc1f2678956ab7fdadcd359a635edc61304a8c757?s=96&d=mm&r=g","caption":"Oscar"},"url":"https:\/\/lagnoticias.com\/en\/author\/oscar\/"}]}},"_links":{"self":[{"href":"https:\/\/lagnoticias.com\/en\/wp-json\/wp\/v2\/posts\/5697","targetHints":{"allow":["GET"]}}],"collection":[{"href":"https:\/\/lagnoticias.com\/en\/wp-json\/wp\/v2\/posts"}],"about":[{"href":"https:\/\/lagnoticias.com\/en\/wp-json\/wp\/v2\/types\/post"}],"author":[{"embeddable":true,"href":"https:\/\/lagnoticias.com\/en\/wp-json\/wp\/v2\/users\/2"}],"replies":[{"embeddable":true,"href":"https:\/\/lagnoticias.com\/en\/wp-json\/wp\/v2\/comments?post=5697"}],"version-history":[{"count":1,"href":"https:\/\/lagnoticias.com\/en\/wp-json\/wp\/v2\/posts\/5697\/revisions"}],"predecessor-version":[{"id":5701,"href":"https:\/\/lagnoticias.com\/en\/wp-json\/wp\/v2\/posts\/5697\/revisions\/5701"}],"wp:featuredmedia":[{"embeddable":true,"href":"https:\/\/lagnoticias.com\/en\/wp-json\/wp\/v2\/media\/5700"}],"wp:attachment":[{"href":"https:\/\/lagnoticias.com\/en\/wp-json\/wp\/v2\/media?parent=5697"}],"wp:term":[{"taxonomy":"category","embeddable":true,"href":"https:\/\/lagnoticias.com\/en\/wp-json\/wp\/v2\/categories?post=5697"},{"taxonomy":"post_tag","embeddable":true,"href":"https:\/\/lagnoticias.com\/en\/wp-json\/wp\/v2\/tags?post=5697"}],"curies":[{"name":"wp","href":"https:\/\/api.w.org\/{rel}","templated":true}]}}