{"id":5683,"date":"2025-10-08T09:09:52","date_gmt":"2025-10-08T15:09:52","guid":{"rendered":"https:\/\/lagnoticias.com\/?p=5683"},"modified":"2025-10-09T09:15:56","modified_gmt":"2025-10-09T15:15:56","slug":"avanza-el-proyecto-de-cableado-subterraneo-en-el-centro-historico-de-san-salvador","status":"publish","type":"post","link":"https:\/\/lagnoticias.com\/en\/2025\/10\/08\/avanza-el-proyecto-de-cableado-subterraneo-en-el-centro-historico-de-san-salvador\/","title":{"rendered":"Avanza el proyecto de cableado subterr\u00e1neo en el Centro Hist\u00f3rico de San Salvador\u00a0"},"content":{"rendered":"<p>Avanza la revitalizaci\u00f3n del Centro Hist\u00f3rico de San Salvador un proyecto estrat\u00e9gico que recupera la arquitectura y esencia de la capital, consolida nuevos capitales privados para potenciar la econom\u00eda, y adem\u00e1s atrae visitantes nacionales como internacionales.\u00a0<\/p>\n\n\n\n<p>El ministro de Obras P\u00fablicas, Romeo Rodr\u00edguez, inform\u00f3 que de los 13 kil\u00f3metros adicionales de cable subterr\u00e1neo que se trabajan en la zona, se est\u00e1 por concluir 4.1 kil\u00f3metros. <\/p>\n\n\n\n<p>El funcionario anunci\u00f3 que tambi\u00e9n se intervendr\u00e1 un kil\u00f3metro de cableado subterr\u00e1neo del Cine Libertad, espacio que est\u00e1 siendo renovado. Por ello, comunic\u00f3 que se iniciar\u00e1n labores en cuatro arterias: 4.\u00aa calle Poniente, 6.\u00aa calle Poniente, 6.\u00aa avenida Sur y la 8.\u00aa avenida Sur.\u00a0<\/p>\n\n\n\n<p>\u201cVamos a desarrollar varias obras, tenemos que hacer excavaciones, colocar ducter\u00eda, tanto para telefon\u00eda como para el cableado el\u00e9ctrico. Tenemos que colocar pozos, tambi\u00e9n, que ya los estamos prefabricando en los planteles y en varios puntos. <\/p>\n\n\n\n<p>Esperamos que los primeros d\u00edas de diciembre ya est\u00e9 terminado el cableado subterr\u00e1neo tanto en los alrededores del Cine Libertad como los 4.1 kil\u00f3metros en el Centro Hist\u00f3rico de San Salvador\u201d, explic\u00f3.<\/p>\n\n\n\n<p><\/p>\n\n\n\n<figure class=\"wp-block-image aligncenter size-large\"><img loading=\"lazy\" decoding=\"async\" width=\"1024\" height=\"768\" src=\"https:\/\/lagnoticias.com\/wp-content\/uploads\/2025\/10\/7-6-1024x768.jpg\" alt=\"\" class=\"wp-image-5685\" srcset=\"https:\/\/lagnoticias.com\/wp-content\/uploads\/2025\/10\/7-6-980x735.jpg 980w, https:\/\/lagnoticias.com\/wp-content\/uploads\/2025\/10\/7-6-480x360.jpg 480w\" sizes=\"(min-width: 0px) and (max-width: 480px) 480px, (min-width: 481px) and (max-width: 980px) 980px, (min-width: 981px) 1024px, 100vw\" \/><\/figure>\n\n\n\n<p><\/p>\n\n\n\n<p>Mientras se ejecutan las obras en el sector del Cine Libertad, se han dispuesto cambios, a partir de ayer, en los recorridos de algunas rutas de autobuses y microbuses del transporte colectivo, en sus trayectos de norte a sur, en el Centro Hist\u00f3rico de San Salvador. <\/p>\n\n\n\n<p>Estas son: AB 1, AB 2-B1, AB 2-B2, AB 10, AB 11, AB 22, AB 26, AB 38-A, AB 38-B, AB 5, y las rutas de microbuses MB 5, MB 11, MB 11-B, MB 11-C y MB 26. <\/p>\n\n\n\n<p>Las calles alternas habilitadas para los trayectos son:\u00a03.\u00aa calle Oriente, 8.\u00aa avenida Norte, l2.\u00aa calle Oriente, avenida Cervantes, calle Delgado, 18.\u00aa avenida Sur, 4.\u00aa calle Oriente, y bulevar Venezuela.\u00a0<\/p>\n\n\n\n<p>\u00abSe implementar\u00e1n cambios para mejorar la circulaci\u00f3n, la fluidez de los conductores, con aras de que las obras se puedan realizar, y que las afectaciones sean las menores posibles. Son 21 rutas las que se estar\u00edan modificando y que se est\u00e1 haciendo un nuevo recorrido\u00bb, se\u00f1al\u00f3 el titular del Viceministerio de Transporte, Nelson Reyes.<\/p>\n\n\n\n<p>El Centro Hist\u00f3rico de San Salvador sigue siendo uno de los destinos m\u00e1s visitados y se ha convertido en una zona con gran riqueza cultural que aporta al desarrollo econ\u00f3mico del pa\u00eds.&nbsp;<\/p>","protected":false},"excerpt":{"rendered":"<p>Avanza la revitalizaci\u00f3n del Centro Hist\u00f3rico de San Salvador un proyecto estrat\u00e9gico que recupera la arquitectura y esencia de la capital, consolida nuevos capitales privados para potenciar la econom\u00eda, y adem\u00e1s atrae visitantes nacionales como internacionales.\u00a0 El ministro de Obras P\u00fablicas, Romeo Rodr\u00edguez, inform\u00f3 que de los 13 kil\u00f3metros adicionales de cable subterr\u00e1neo que se [&hellip;]<\/p>","protected":false},"author":2,"featured_media":5684,"comment_status":"open","ping_status":"open","sticky":false,"template":"","format":"standard","meta":{"_et_pb_use_builder":"on","_et_pb_old_content":"","_et_gb_content_width":"","footnotes":""},"categories":[244],"tags":[269,267,470],"class_list":["post-5683","post","type-post","status-publish","format-standard","has-post-thumbnail","hentry","category-nacionales","tag-centro-historico","tag-el-salvador","tag-mop"],"yoast_head":"<!-- This site is optimized with the Yoast SEO plugin v27.4 - https:\/\/yoast.com\/product\/yoast-seo-wordpress\/ -->\n<title>Avanza el proyecto de cableado subterr\u00e1neo en el Centro Hist\u00f3rico de San Salvador\u00a0 - La G Noticias<\/title>\n<meta name=\"robots\" content=\"index, follow, max-snippet:-1, max-image-preview:large, max-video-preview:-1\" \/>\n<link rel=\"canonical\" href=\"https:\/\/lagnoticias.com\/en\/2025\/10\/08\/avanza-el-proyecto-de-cableado-subterraneo-en-el-centro-historico-de-san-salvador\/\" \/>\n<meta property=\"og:locale\" content=\"en_US\" \/>\n<meta property=\"og:type\" content=\"article\" \/>\n<meta property=\"og:title\" content=\"Avanza el proyecto de cableado subterr\u00e1neo en el Centro Hist\u00f3rico de San Salvador\u00a0 - La G Noticias\" \/>\n<meta property=\"og:description\" content=\"Avanza la revitalizaci\u00f3n del Centro Hist\u00f3rico de San Salvador un proyecto estrat\u00e9gico que recupera la arquitectura y esencia de la capital, consolida nuevos capitales privados para potenciar la econom\u00eda, y adem\u00e1s atrae visitantes nacionales como internacionales.\u00a0 El ministro de Obras P\u00fablicas, Romeo Rodr\u00edguez, inform\u00f3 que de los 13 kil\u00f3metros adicionales de cable subterr\u00e1neo que se [&hellip;]\" \/>\n<meta property=\"og:url\" content=\"https:\/\/lagnoticias.com\/en\/2025\/10\/08\/avanza-el-proyecto-de-cableado-subterraneo-en-el-centro-historico-de-san-salvador\/\" \/>\n<meta property=\"og:site_name\" content=\"La G Noticias\" \/>\n<meta property=\"article:publisher\" content=\"https:\/\/www.facebook.com\/LaGNoticias\" \/>\n<meta property=\"article:published_time\" content=\"2025-10-08T15:09:52+00:00\" \/>\n<meta property=\"article:modified_time\" content=\"2025-10-09T15:15:56+00:00\" \/>\n<meta property=\"og:image\" content=\"https:\/\/lagnoticias.com\/wp-content\/uploads\/2025\/10\/2-3-scaled.jpg\" \/>\n\t<meta property=\"og:image:width\" content=\"2560\" \/>\n\t<meta property=\"og:image:height\" content=\"1707\" \/>\n\t<meta property=\"og:image:type\" content=\"image\/jpeg\" \/>\n<meta name=\"author\" content=\"Oscar\" \/>\n<meta name=\"twitter:card\" content=\"summary_large_image\" \/>\n<meta name=\"twitter:creator\" content=\"@lagnoticias\" \/>\n<meta name=\"twitter:site\" content=\"@lagnoticias\" \/>\n<meta name=\"twitter:label1\" content=\"Written by\" \/>\n\t<meta name=\"twitter:data1\" content=\"Oscar\" \/>\n\t<meta name=\"twitter:label2\" content=\"Est. reading time\" \/>\n\t<meta name=\"twitter:data2\" content=\"3 minutes\" \/>\n<script type=\"application\/ld+json\" class=\"yoast-schema-graph\">{\"@context\":\"https:\\\/\\\/schema.org\",\"@graph\":[{\"@type\":\"Article\",\"@id\":\"https:\\\/\\\/lagnoticias.com\\\/2025\\\/10\\\/08\\\/avanza-el-proyecto-de-cableado-subterraneo-en-el-centro-historico-de-san-salvador\\\/#article\",\"isPartOf\":{\"@id\":\"https:\\\/\\\/lagnoticias.com\\\/2025\\\/10\\\/08\\\/avanza-el-proyecto-de-cableado-subterraneo-en-el-centro-historico-de-san-salvador\\\/\"},\"author\":{\"name\":\"Oscar\",\"@id\":\"https:\\\/\\\/lagnoticias.com\\\/#\\\/schema\\\/person\\\/cb9bfe13f8de05d2c55270be25c6a550\"},\"headline\":\"Avanza el proyecto de cableado subterr\u00e1neo en el Centro Hist\u00f3rico de San Salvador\u00a0\",\"datePublished\":\"2025-10-08T15:09:52+00:00\",\"dateModified\":\"2025-10-09T15:15:56+00:00\",\"mainEntityOfPage\":{\"@id\":\"https:\\\/\\\/lagnoticias.com\\\/2025\\\/10\\\/08\\\/avanza-el-proyecto-de-cableado-subterraneo-en-el-centro-historico-de-san-salvador\\\/\"},\"wordCount\":403,\"commentCount\":0,\"image\":{\"@id\":\"https:\\\/\\\/lagnoticias.com\\\/2025\\\/10\\\/08\\\/avanza-el-proyecto-de-cableado-subterraneo-en-el-centro-historico-de-san-salvador\\\/#primaryimage\"},\"thumbnailUrl\":\"https:\\\/\\\/lagnoticias.com\\\/wp-content\\\/uploads\\\/2025\\\/10\\\/2-3-scaled.jpg\",\"keywords\":[\"CENTRO HIST\u00d3RICO\",\"EL SALVADOR\",\"MOP\"],\"articleSection\":[\"NACIONALES\"],\"inLanguage\":\"en-US\",\"potentialAction\":[{\"@type\":\"CommentAction\",\"name\":\"Comment\",\"target\":[\"https:\\\/\\\/lagnoticias.com\\\/2025\\\/10\\\/08\\\/avanza-el-proyecto-de-cableado-subterraneo-en-el-centro-historico-de-san-salvador\\\/#respond\"]}]},{\"@type\":\"WebPage\",\"@id\":\"https:\\\/\\\/lagnoticias.com\\\/2025\\\/10\\\/08\\\/avanza-el-proyecto-de-cableado-subterraneo-en-el-centro-historico-de-san-salvador\\\/\",\"url\":\"https:\\\/\\\/lagnoticias.com\\\/2025\\\/10\\\/08\\\/avanza-el-proyecto-de-cableado-subterraneo-en-el-centro-historico-de-san-salvador\\\/\",\"name\":\"Avanza el proyecto de cableado subterr\u00e1neo en el Centro Hist\u00f3rico de San Salvador\u00a0 - La G Noticias\",\"isPartOf\":{\"@id\":\"https:\\\/\\\/lagnoticias.com\\\/#website\"},\"primaryImageOfPage\":{\"@id\":\"https:\\\/\\\/lagnoticias.com\\\/2025\\\/10\\\/08\\\/avanza-el-proyecto-de-cableado-subterraneo-en-el-centro-historico-de-san-salvador\\\/#primaryimage\"},\"image\":{\"@id\":\"https:\\\/\\\/lagnoticias.com\\\/2025\\\/10\\\/08\\\/avanza-el-proyecto-de-cableado-subterraneo-en-el-centro-historico-de-san-salvador\\\/#primaryimage\"},\"thumbnailUrl\":\"https:\\\/\\\/lagnoticias.com\\\/wp-content\\\/uploads\\\/2025\\\/10\\\/2-3-scaled.jpg\",\"datePublished\":\"2025-10-08T15:09:52+00:00\",\"dateModified\":\"2025-10-09T15:15:56+00:00\",\"author\":{\"@id\":\"https:\\\/\\\/lagnoticias.com\\\/#\\\/schema\\\/person\\\/cb9bfe13f8de05d2c55270be25c6a550\"},\"breadcrumb\":{\"@id\":\"https:\\\/\\\/lagnoticias.com\\\/2025\\\/10\\\/08\\\/avanza-el-proyecto-de-cableado-subterraneo-en-el-centro-historico-de-san-salvador\\\/#breadcrumb\"},\"inLanguage\":\"en-US\",\"potentialAction\":[{\"@type\":\"ReadAction\",\"target\":[\"https:\\\/\\\/lagnoticias.com\\\/2025\\\/10\\\/08\\\/avanza-el-proyecto-de-cableado-subterraneo-en-el-centro-historico-de-san-salvador\\\/\"]}]},{\"@type\":\"ImageObject\",\"inLanguage\":\"en-US\",\"@id\":\"https:\\\/\\\/lagnoticias.com\\\/2025\\\/10\\\/08\\\/avanza-el-proyecto-de-cableado-subterraneo-en-el-centro-historico-de-san-salvador\\\/#primaryimage\",\"url\":\"https:\\\/\\\/lagnoticias.com\\\/wp-content\\\/uploads\\\/2025\\\/10\\\/2-3-scaled.jpg\",\"contentUrl\":\"https:\\\/\\\/lagnoticias.com\\\/wp-content\\\/uploads\\\/2025\\\/10\\\/2-3-scaled.jpg\",\"width\":2560,\"height\":1707},{\"@type\":\"BreadcrumbList\",\"@id\":\"https:\\\/\\\/lagnoticias.com\\\/2025\\\/10\\\/08\\\/avanza-el-proyecto-de-cableado-subterraneo-en-el-centro-historico-de-san-salvador\\\/#breadcrumb\",\"itemListElement\":[{\"@type\":\"ListItem\",\"position\":1,\"name\":\"Portada\",\"item\":\"https:\\\/\\\/lagnoticias.com\\\/\"},{\"@type\":\"ListItem\",\"position\":2,\"name\":\"Avanza el proyecto de cableado subterr\u00e1neo en el Centro Hist\u00f3rico de San Salvador\u00a0\"}]},{\"@type\":\"WebSite\",\"@id\":\"https:\\\/\\\/lagnoticias.com\\\/#website\",\"url\":\"https:\\\/\\\/lagnoticias.com\\\/\",\"name\":\"La G Noticias\",\"description\":\"Noticias Positivas\",\"potentialAction\":[{\"@type\":\"SearchAction\",\"target\":{\"@type\":\"EntryPoint\",\"urlTemplate\":\"https:\\\/\\\/lagnoticias.com\\\/?s={search_term_string}\"},\"query-input\":{\"@type\":\"PropertyValueSpecification\",\"valueRequired\":true,\"valueName\":\"search_term_string\"}}],\"inLanguage\":\"en-US\"},{\"@type\":\"Person\",\"@id\":\"https:\\\/\\\/lagnoticias.com\\\/#\\\/schema\\\/person\\\/cb9bfe13f8de05d2c55270be25c6a550\",\"name\":\"Oscar\",\"image\":{\"@type\":\"ImageObject\",\"inLanguage\":\"en-US\",\"@id\":\"https:\\\/\\\/secure.gravatar.com\\\/avatar\\\/45c195718f652dc7ffdd591dc1f2678956ab7fdadcd359a635edc61304a8c757?s=96&d=mm&r=g\",\"url\":\"https:\\\/\\\/secure.gravatar.com\\\/avatar\\\/45c195718f652dc7ffdd591dc1f2678956ab7fdadcd359a635edc61304a8c757?s=96&d=mm&r=g\",\"contentUrl\":\"https:\\\/\\\/secure.gravatar.com\\\/avatar\\\/45c195718f652dc7ffdd591dc1f2678956ab7fdadcd359a635edc61304a8c757?s=96&d=mm&r=g\",\"caption\":\"Oscar\"},\"url\":\"https:\\\/\\\/lagnoticias.com\\\/en\\\/author\\\/oscar\\\/\"}]}<\/script>\n<!-- \/ Yoast SEO plugin. -->","yoast_head_json":{"title":"Avanza el proyecto de cableado subterr\u00e1neo en el Centro Hist\u00f3rico de San Salvador\u00a0 - La G Noticias","robots":{"index":"index","follow":"follow","max-snippet":"max-snippet:-1","max-image-preview":"max-image-preview:large","max-video-preview":"max-video-preview:-1"},"canonical":"https:\/\/lagnoticias.com\/en\/2025\/10\/08\/avanza-el-proyecto-de-cableado-subterraneo-en-el-centro-historico-de-san-salvador\/","og_locale":"en_US","og_type":"article","og_title":"Avanza el proyecto de cableado subterr\u00e1neo en el Centro Hist\u00f3rico de San Salvador\u00a0 - La G Noticias","og_description":"Avanza la revitalizaci\u00f3n del Centro Hist\u00f3rico de San Salvador un proyecto estrat\u00e9gico que recupera la arquitectura y esencia de la capital, consolida nuevos capitales privados para potenciar la econom\u00eda, y adem\u00e1s atrae visitantes nacionales como internacionales.\u00a0 El ministro de Obras P\u00fablicas, Romeo Rodr\u00edguez, inform\u00f3 que de los 13 kil\u00f3metros adicionales de cable subterr\u00e1neo que se [&hellip;]","og_url":"https:\/\/lagnoticias.com\/en\/2025\/10\/08\/avanza-el-proyecto-de-cableado-subterraneo-en-el-centro-historico-de-san-salvador\/","og_site_name":"La G Noticias","article_publisher":"https:\/\/www.facebook.com\/LaGNoticias","article_published_time":"2025-10-08T15:09:52+00:00","article_modified_time":"2025-10-09T15:15:56+00:00","og_image":[{"width":2560,"height":1707,"url":"https:\/\/lagnoticias.com\/wp-content\/uploads\/2025\/10\/2-3-scaled.jpg","type":"image\/jpeg"}],"author":"Oscar","twitter_card":"summary_large_image","twitter_creator":"@lagnoticias","twitter_site":"@lagnoticias","twitter_misc":{"Written by":"Oscar","Est. reading time":"3 minutes"},"schema":{"@context":"https:\/\/schema.org","@graph":[{"@type":"Article","@id":"https:\/\/lagnoticias.com\/2025\/10\/08\/avanza-el-proyecto-de-cableado-subterraneo-en-el-centro-historico-de-san-salvador\/#article","isPartOf":{"@id":"https:\/\/lagnoticias.com\/2025\/10\/08\/avanza-el-proyecto-de-cableado-subterraneo-en-el-centro-historico-de-san-salvador\/"},"author":{"name":"Oscar","@id":"https:\/\/lagnoticias.com\/#\/schema\/person\/cb9bfe13f8de05d2c55270be25c6a550"},"headline":"Avanza el proyecto de cableado subterr\u00e1neo en el Centro Hist\u00f3rico de San Salvador\u00a0","datePublished":"2025-10-08T15:09:52+00:00","dateModified":"2025-10-09T15:15:56+00:00","mainEntityOfPage":{"@id":"https:\/\/lagnoticias.com\/2025\/10\/08\/avanza-el-proyecto-de-cableado-subterraneo-en-el-centro-historico-de-san-salvador\/"},"wordCount":403,"commentCount":0,"image":{"@id":"https:\/\/lagnoticias.com\/2025\/10\/08\/avanza-el-proyecto-de-cableado-subterraneo-en-el-centro-historico-de-san-salvador\/#primaryimage"},"thumbnailUrl":"https:\/\/lagnoticias.com\/wp-content\/uploads\/2025\/10\/2-3-scaled.jpg","keywords":["CENTRO HIST\u00d3RICO","EL SALVADOR","MOP"],"articleSection":["NACIONALES"],"inLanguage":"en-US","potentialAction":[{"@type":"CommentAction","name":"Comment","target":["https:\/\/lagnoticias.com\/2025\/10\/08\/avanza-el-proyecto-de-cableado-subterraneo-en-el-centro-historico-de-san-salvador\/#respond"]}]},{"@type":"WebPage","@id":"https:\/\/lagnoticias.com\/2025\/10\/08\/avanza-el-proyecto-de-cableado-subterraneo-en-el-centro-historico-de-san-salvador\/","url":"https:\/\/lagnoticias.com\/2025\/10\/08\/avanza-el-proyecto-de-cableado-subterraneo-en-el-centro-historico-de-san-salvador\/","name":"Avanza el proyecto de cableado subterr\u00e1neo en el Centro Hist\u00f3rico de San Salvador\u00a0 - La G Noticias","isPartOf":{"@id":"https:\/\/lagnoticias.com\/#website"},"primaryImageOfPage":{"@id":"https:\/\/lagnoticias.com\/2025\/10\/08\/avanza-el-proyecto-de-cableado-subterraneo-en-el-centro-historico-de-san-salvador\/#primaryimage"},"image":{"@id":"https:\/\/lagnoticias.com\/2025\/10\/08\/avanza-el-proyecto-de-cableado-subterraneo-en-el-centro-historico-de-san-salvador\/#primaryimage"},"thumbnailUrl":"https:\/\/lagnoticias.com\/wp-content\/uploads\/2025\/10\/2-3-scaled.jpg","datePublished":"2025-10-08T15:09:52+00:00","dateModified":"2025-10-09T15:15:56+00:00","author":{"@id":"https:\/\/lagnoticias.com\/#\/schema\/person\/cb9bfe13f8de05d2c55270be25c6a550"},"breadcrumb":{"@id":"https:\/\/lagnoticias.com\/2025\/10\/08\/avanza-el-proyecto-de-cableado-subterraneo-en-el-centro-historico-de-san-salvador\/#breadcrumb"},"inLanguage":"en-US","potentialAction":[{"@type":"ReadAction","target":["https:\/\/lagnoticias.com\/2025\/10\/08\/avanza-el-proyecto-de-cableado-subterraneo-en-el-centro-historico-de-san-salvador\/"]}]},{"@type":"ImageObject","inLanguage":"en-US","@id":"https:\/\/lagnoticias.com\/2025\/10\/08\/avanza-el-proyecto-de-cableado-subterraneo-en-el-centro-historico-de-san-salvador\/#primaryimage","url":"https:\/\/lagnoticias.com\/wp-content\/uploads\/2025\/10\/2-3-scaled.jpg","contentUrl":"https:\/\/lagnoticias.com\/wp-content\/uploads\/2025\/10\/2-3-scaled.jpg","width":2560,"height":1707},{"@type":"BreadcrumbList","@id":"https:\/\/lagnoticias.com\/2025\/10\/08\/avanza-el-proyecto-de-cableado-subterraneo-en-el-centro-historico-de-san-salvador\/#breadcrumb","itemListElement":[{"@type":"ListItem","position":1,"name":"Portada","item":"https:\/\/lagnoticias.com\/"},{"@type":"ListItem","position":2,"name":"Avanza el proyecto de cableado subterr\u00e1neo en el Centro Hist\u00f3rico de San Salvador\u00a0"}]},{"@type":"WebSite","@id":"https:\/\/lagnoticias.com\/#website","url":"https:\/\/lagnoticias.com\/","name":"La G Noticias","description":"Noticias Positivas","potentialAction":[{"@type":"SearchAction","target":{"@type":"EntryPoint","urlTemplate":"https:\/\/lagnoticias.com\/?s={search_term_string}"},"query-input":{"@type":"PropertyValueSpecification","valueRequired":true,"valueName":"search_term_string"}}],"inLanguage":"en-US"},{"@type":"Person","@id":"https:\/\/lagnoticias.com\/#\/schema\/person\/cb9bfe13f8de05d2c55270be25c6a550","name":"Oscar","image":{"@type":"ImageObject","inLanguage":"en-US","@id":"https:\/\/secure.gravatar.com\/avatar\/45c195718f652dc7ffdd591dc1f2678956ab7fdadcd359a635edc61304a8c757?s=96&d=mm&r=g","url":"https:\/\/secure.gravatar.com\/avatar\/45c195718f652dc7ffdd591dc1f2678956ab7fdadcd359a635edc61304a8c757?s=96&d=mm&r=g","contentUrl":"https:\/\/secure.gravatar.com\/avatar\/45c195718f652dc7ffdd591dc1f2678956ab7fdadcd359a635edc61304a8c757?s=96&d=mm&r=g","caption":"Oscar"},"url":"https:\/\/lagnoticias.com\/en\/author\/oscar\/"}]}},"_links":{"self":[{"href":"https:\/\/lagnoticias.com\/en\/wp-json\/wp\/v2\/posts\/5683","targetHints":{"allow":["GET"]}}],"collection":[{"href":"https:\/\/lagnoticias.com\/en\/wp-json\/wp\/v2\/posts"}],"about":[{"href":"https:\/\/lagnoticias.com\/en\/wp-json\/wp\/v2\/types\/post"}],"author":[{"embeddable":true,"href":"https:\/\/lagnoticias.com\/en\/wp-json\/wp\/v2\/users\/2"}],"replies":[{"embeddable":true,"href":"https:\/\/lagnoticias.com\/en\/wp-json\/wp\/v2\/comments?post=5683"}],"version-history":[{"count":1,"href":"https:\/\/lagnoticias.com\/en\/wp-json\/wp\/v2\/posts\/5683\/revisions"}],"predecessor-version":[{"id":5686,"href":"https:\/\/lagnoticias.com\/en\/wp-json\/wp\/v2\/posts\/5683\/revisions\/5686"}],"wp:featuredmedia":[{"embeddable":true,"href":"https:\/\/lagnoticias.com\/en\/wp-json\/wp\/v2\/media\/5684"}],"wp:attachment":[{"href":"https:\/\/lagnoticias.com\/en\/wp-json\/wp\/v2\/media?parent=5683"}],"wp:term":[{"taxonomy":"category","embeddable":true,"href":"https:\/\/lagnoticias.com\/en\/wp-json\/wp\/v2\/categories?post=5683"},{"taxonomy":"post_tag","embeddable":true,"href":"https:\/\/lagnoticias.com\/en\/wp-json\/wp\/v2\/tags?post=5683"}],"curies":[{"name":"wp","href":"https:\/\/api.w.org\/{rel}","templated":true}]}}