{"id":5680,"date":"2025-10-08T08:56:46","date_gmt":"2025-10-08T14:56:46","guid":{"rendered":"https:\/\/lagnoticias.com\/?p=5680"},"modified":"2025-10-09T09:16:07","modified_gmt":"2025-10-09T15:16:07","slug":"colapso-en-carretera-entre-guatemala-y-el-salvador-afecta-el-comercio-regional","status":"publish","type":"post","link":"https:\/\/lagnoticias.com\/en\/2025\/10\/08\/colapso-en-carretera-entre-guatemala-y-el-salvador-afecta-el-comercio-regional\/","title":{"rendered":"Colapso en carretera entre Guatemala y El Salvador afecta el comercio regional"},"content":{"rendered":"<p>El tr\u00e1nsito comercial entre Guatemala y El Salvador&nbsp;contin\u00faa paralizado tras m\u00e1s de 24 horas de cierre en el kil\u00f3metro 24.6 de la carretera a El Salvador, una de las principales rutas del comercio centroamericano. El derrumbe mantiene varados a cientos de transportistas y ha frenado la distribuci\u00f3n de productos esenciales, generando p\u00e9rdidas para empresas exportadoras e importadoras.<\/p>\n\n\n\n<p>Las c\u00e1maras empresariales y asociaciones de transporte regional advirtieron que la interrupci\u00f3n afecta la log\u00edstica de exportaciones hacia Honduras, Nicaragua y Costa Rica, ya que esta v\u00eda es considerada un corredor clave para el intercambio comercial del istmo. En promedio, m\u00e1s de 3.000 camiones cruzan diariamente por esta ruta, seg\u00fan datos de transporte terrestre.<\/p>\n\n\n\n<p>El Instituto Nacional de Sismolog\u00eda, Vulcanolog\u00eda, Meteorolog\u00eda e Hidrolog\u00eda (Insivumeh) inform\u00f3 que&nbsp;las lluvias extremas registradas en los \u00faltimos d\u00edas fueron un factor decisivo en el colapso del terreno. Sin embargo, las autoridades confirmaron que la causa principal fue una obra ejecutada sin licencia, que debilit\u00f3 la base del cerro afectado.<\/p>\n\n\n\n<p>El presidente Bernardo Ar\u00e9valo explic\u00f3 que los trabajos se realizaban&nbsp;\u201csin permisos, sin estudios t\u00e9cnicos y sin evaluar el impacto en caso de lluvias\u201d. Enfatiz\u00f3 que este tipo de construcciones irregulares representan un riesgo grave en zonas vulnerables del pa\u00eds y que se investigar\u00e1 a los responsables.<\/p>\n\n\n\n<p>Mientras tanto, la Coordinadora Nacional para la Reducci\u00f3n de Desastres (Conred) descubri\u00f3 un socav\u00f3n en el kil\u00f3metro 25, a pocos metros del punto del derrumbe.&nbsp;Seg\u00fan sus t\u00e9cnicos, el agujero se form\u00f3 por filtraciones de aguas residuales provenientes de viviendas cercanas&nbsp;y podr\u00eda convertirse en una amenaza estructural en los pr\u00f3ximos meses si no se ejecutan obras de mitigaci\u00f3n.<\/p>\n\n\n\n<p>Las brigadas han retirado m\u00e1s de 200 camiones de material y mantienen la zona bajo vigilancia ante el riesgo de nuevos deslizamientos. Las autoridades recomendaron a los transportistas y viajeros utilizar rutas alternas y mantenerse informados a trav\u00e9s de canales oficiales.<\/p>\n\n\n\n<p>Ar\u00e9valo descart\u00f3 declarar estado de calamidad, aunque reconoci\u00f3 que la combinaci\u00f3n de lluvias intensas y obras ilegales seguir\u00e1 siendo un desaf\u00edo para la seguridad vial y el comercio en la regi\u00f3n.<\/p>\n\n\n\n<p><\/p>\n\n\n\n<p><\/p>\n\n\n\n<p>(CA 360)<\/p>","protected":false},"excerpt":{"rendered":"<p>El cierre de la principal v\u00eda entre Guatemala y El Salvador ya impacta las exportaciones e importaciones regionales<\/p>","protected":false},"author":2,"featured_media":5681,"comment_status":"open","ping_status":"open","sticky":false,"template":"","format":"standard","meta":{"_et_pb_use_builder":"off","_et_pb_old_content":"","_et_gb_content_width":"","footnotes":""},"categories":[245],"tags":[263,591,267,536],"class_list":["post-5680","post","type-post","status-publish","format-standard","has-post-thumbnail","hentry","category-internacionales","tag-centroamerica","tag-derrumbe","tag-el-salvador","tag-guatemala"],"yoast_head":"<!-- This site is optimized with the Yoast SEO plugin v27.4 - https:\/\/yoast.com\/product\/yoast-seo-wordpress\/ -->\n<title>Colapso en carretera entre Guatemala y El Salvador afecta el comercio regional - La G Noticias<\/title>\n<meta name=\"robots\" content=\"index, follow, max-snippet:-1, max-image-preview:large, max-video-preview:-1\" \/>\n<link rel=\"canonical\" href=\"https:\/\/lagnoticias.com\/en\/2025\/10\/08\/colapso-en-carretera-entre-guatemala-y-el-salvador-afecta-el-comercio-regional\/\" \/>\n<meta property=\"og:locale\" content=\"en_US\" \/>\n<meta property=\"og:type\" content=\"article\" \/>\n<meta property=\"og:title\" content=\"Colapso en carretera entre Guatemala y El Salvador afecta el comercio regional - La G Noticias\" \/>\n<meta property=\"og:description\" content=\"El cierre de la principal v\u00eda entre Guatemala y El Salvador ya impacta las exportaciones e importaciones regionales\" \/>\n<meta property=\"og:url\" content=\"https:\/\/lagnoticias.com\/en\/2025\/10\/08\/colapso-en-carretera-entre-guatemala-y-el-salvador-afecta-el-comercio-regional\/\" \/>\n<meta property=\"og:site_name\" content=\"La G Noticias\" \/>\n<meta property=\"article:publisher\" content=\"https:\/\/www.facebook.com\/LaGNoticias\" \/>\n<meta property=\"article:published_time\" content=\"2025-10-08T14:56:46+00:00\" \/>\n<meta property=\"article:modified_time\" content=\"2025-10-09T15:16:07+00:00\" \/>\n<meta property=\"og:image\" content=\"https:\/\/lagnoticias.com\/wp-content\/uploads\/2025\/10\/1-6-scaled.jpg\" \/>\n\t<meta property=\"og:image:width\" content=\"2560\" \/>\n\t<meta property=\"og:image:height\" content=\"1707\" \/>\n\t<meta property=\"og:image:type\" content=\"image\/jpeg\" \/>\n<meta name=\"author\" content=\"Oscar\" \/>\n<meta name=\"twitter:card\" content=\"summary_large_image\" \/>\n<meta name=\"twitter:creator\" content=\"@lagnoticias\" \/>\n<meta name=\"twitter:site\" content=\"@lagnoticias\" \/>\n<meta name=\"twitter:label1\" content=\"Written by\" \/>\n\t<meta name=\"twitter:data1\" content=\"Oscar\" \/>\n\t<meta name=\"twitter:label2\" content=\"Est. reading time\" \/>\n\t<meta name=\"twitter:data2\" content=\"2 minutes\" \/>\n<script type=\"application\/ld+json\" class=\"yoast-schema-graph\">{\"@context\":\"https:\\\/\\\/schema.org\",\"@graph\":[{\"@type\":\"Article\",\"@id\":\"https:\\\/\\\/lagnoticias.com\\\/2025\\\/10\\\/08\\\/colapso-en-carretera-entre-guatemala-y-el-salvador-afecta-el-comercio-regional\\\/#article\",\"isPartOf\":{\"@id\":\"https:\\\/\\\/lagnoticias.com\\\/2025\\\/10\\\/08\\\/colapso-en-carretera-entre-guatemala-y-el-salvador-afecta-el-comercio-regional\\\/\"},\"author\":{\"name\":\"Oscar\",\"@id\":\"https:\\\/\\\/lagnoticias.com\\\/#\\\/schema\\\/person\\\/cb9bfe13f8de05d2c55270be25c6a550\"},\"headline\":\"Colapso en carretera entre Guatemala y El Salvador afecta el comercio regional\",\"datePublished\":\"2025-10-08T14:56:46+00:00\",\"dateModified\":\"2025-10-09T15:16:07+00:00\",\"mainEntityOfPage\":{\"@id\":\"https:\\\/\\\/lagnoticias.com\\\/2025\\\/10\\\/08\\\/colapso-en-carretera-entre-guatemala-y-el-salvador-afecta-el-comercio-regional\\\/\"},\"wordCount\":388,\"commentCount\":0,\"image\":{\"@id\":\"https:\\\/\\\/lagnoticias.com\\\/2025\\\/10\\\/08\\\/colapso-en-carretera-entre-guatemala-y-el-salvador-afecta-el-comercio-regional\\\/#primaryimage\"},\"thumbnailUrl\":\"https:\\\/\\\/lagnoticias.com\\\/wp-content\\\/uploads\\\/2025\\\/10\\\/1-6-scaled.jpg\",\"keywords\":[\"CENTROAM\u00c9RICA\",\"DERRUMBE\",\"EL SALVADOR\",\"GUATEMALA\"],\"articleSection\":[\"INTERNACIONALES\"],\"inLanguage\":\"en-US\",\"potentialAction\":[{\"@type\":\"CommentAction\",\"name\":\"Comment\",\"target\":[\"https:\\\/\\\/lagnoticias.com\\\/2025\\\/10\\\/08\\\/colapso-en-carretera-entre-guatemala-y-el-salvador-afecta-el-comercio-regional\\\/#respond\"]}]},{\"@type\":\"WebPage\",\"@id\":\"https:\\\/\\\/lagnoticias.com\\\/2025\\\/10\\\/08\\\/colapso-en-carretera-entre-guatemala-y-el-salvador-afecta-el-comercio-regional\\\/\",\"url\":\"https:\\\/\\\/lagnoticias.com\\\/2025\\\/10\\\/08\\\/colapso-en-carretera-entre-guatemala-y-el-salvador-afecta-el-comercio-regional\\\/\",\"name\":\"Colapso en carretera entre Guatemala y El Salvador afecta el comercio regional - La G Noticias\",\"isPartOf\":{\"@id\":\"https:\\\/\\\/lagnoticias.com\\\/#website\"},\"primaryImageOfPage\":{\"@id\":\"https:\\\/\\\/lagnoticias.com\\\/2025\\\/10\\\/08\\\/colapso-en-carretera-entre-guatemala-y-el-salvador-afecta-el-comercio-regional\\\/#primaryimage\"},\"image\":{\"@id\":\"https:\\\/\\\/lagnoticias.com\\\/2025\\\/10\\\/08\\\/colapso-en-carretera-entre-guatemala-y-el-salvador-afecta-el-comercio-regional\\\/#primaryimage\"},\"thumbnailUrl\":\"https:\\\/\\\/lagnoticias.com\\\/wp-content\\\/uploads\\\/2025\\\/10\\\/1-6-scaled.jpg\",\"datePublished\":\"2025-10-08T14:56:46+00:00\",\"dateModified\":\"2025-10-09T15:16:07+00:00\",\"author\":{\"@id\":\"https:\\\/\\\/lagnoticias.com\\\/#\\\/schema\\\/person\\\/cb9bfe13f8de05d2c55270be25c6a550\"},\"breadcrumb\":{\"@id\":\"https:\\\/\\\/lagnoticias.com\\\/2025\\\/10\\\/08\\\/colapso-en-carretera-entre-guatemala-y-el-salvador-afecta-el-comercio-regional\\\/#breadcrumb\"},\"inLanguage\":\"en-US\",\"potentialAction\":[{\"@type\":\"ReadAction\",\"target\":[\"https:\\\/\\\/lagnoticias.com\\\/2025\\\/10\\\/08\\\/colapso-en-carretera-entre-guatemala-y-el-salvador-afecta-el-comercio-regional\\\/\"]}]},{\"@type\":\"ImageObject\",\"inLanguage\":\"en-US\",\"@id\":\"https:\\\/\\\/lagnoticias.com\\\/2025\\\/10\\\/08\\\/colapso-en-carretera-entre-guatemala-y-el-salvador-afecta-el-comercio-regional\\\/#primaryimage\",\"url\":\"https:\\\/\\\/lagnoticias.com\\\/wp-content\\\/uploads\\\/2025\\\/10\\\/1-6-scaled.jpg\",\"contentUrl\":\"https:\\\/\\\/lagnoticias.com\\\/wp-content\\\/uploads\\\/2025\\\/10\\\/1-6-scaled.jpg\",\"width\":2560,\"height\":1707},{\"@type\":\"BreadcrumbList\",\"@id\":\"https:\\\/\\\/lagnoticias.com\\\/2025\\\/10\\\/08\\\/colapso-en-carretera-entre-guatemala-y-el-salvador-afecta-el-comercio-regional\\\/#breadcrumb\",\"itemListElement\":[{\"@type\":\"ListItem\",\"position\":1,\"name\":\"Portada\",\"item\":\"https:\\\/\\\/lagnoticias.com\\\/\"},{\"@type\":\"ListItem\",\"position\":2,\"name\":\"Colapso en carretera entre Guatemala y El Salvador afecta el comercio regional\"}]},{\"@type\":\"WebSite\",\"@id\":\"https:\\\/\\\/lagnoticias.com\\\/#website\",\"url\":\"https:\\\/\\\/lagnoticias.com\\\/\",\"name\":\"La G Noticias\",\"description\":\"Noticias Positivas\",\"potentialAction\":[{\"@type\":\"SearchAction\",\"target\":{\"@type\":\"EntryPoint\",\"urlTemplate\":\"https:\\\/\\\/lagnoticias.com\\\/?s={search_term_string}\"},\"query-input\":{\"@type\":\"PropertyValueSpecification\",\"valueRequired\":true,\"valueName\":\"search_term_string\"}}],\"inLanguage\":\"en-US\"},{\"@type\":\"Person\",\"@id\":\"https:\\\/\\\/lagnoticias.com\\\/#\\\/schema\\\/person\\\/cb9bfe13f8de05d2c55270be25c6a550\",\"name\":\"Oscar\",\"image\":{\"@type\":\"ImageObject\",\"inLanguage\":\"en-US\",\"@id\":\"https:\\\/\\\/secure.gravatar.com\\\/avatar\\\/45c195718f652dc7ffdd591dc1f2678956ab7fdadcd359a635edc61304a8c757?s=96&d=mm&r=g\",\"url\":\"https:\\\/\\\/secure.gravatar.com\\\/avatar\\\/45c195718f652dc7ffdd591dc1f2678956ab7fdadcd359a635edc61304a8c757?s=96&d=mm&r=g\",\"contentUrl\":\"https:\\\/\\\/secure.gravatar.com\\\/avatar\\\/45c195718f652dc7ffdd591dc1f2678956ab7fdadcd359a635edc61304a8c757?s=96&d=mm&r=g\",\"caption\":\"Oscar\"},\"url\":\"https:\\\/\\\/lagnoticias.com\\\/en\\\/author\\\/oscar\\\/\"}]}<\/script>\n<!-- \/ Yoast SEO plugin. -->","yoast_head_json":{"title":"Colapso en carretera entre Guatemala y El Salvador afecta el comercio regional - La G Noticias","robots":{"index":"index","follow":"follow","max-snippet":"max-snippet:-1","max-image-preview":"max-image-preview:large","max-video-preview":"max-video-preview:-1"},"canonical":"https:\/\/lagnoticias.com\/en\/2025\/10\/08\/colapso-en-carretera-entre-guatemala-y-el-salvador-afecta-el-comercio-regional\/","og_locale":"en_US","og_type":"article","og_title":"Colapso en carretera entre Guatemala y El Salvador afecta el comercio regional - La G Noticias","og_description":"El cierre de la principal v\u00eda entre Guatemala y El Salvador ya impacta las exportaciones e importaciones regionales","og_url":"https:\/\/lagnoticias.com\/en\/2025\/10\/08\/colapso-en-carretera-entre-guatemala-y-el-salvador-afecta-el-comercio-regional\/","og_site_name":"La G Noticias","article_publisher":"https:\/\/www.facebook.com\/LaGNoticias","article_published_time":"2025-10-08T14:56:46+00:00","article_modified_time":"2025-10-09T15:16:07+00:00","og_image":[{"width":2560,"height":1707,"url":"https:\/\/lagnoticias.com\/wp-content\/uploads\/2025\/10\/1-6-scaled.jpg","type":"image\/jpeg"}],"author":"Oscar","twitter_card":"summary_large_image","twitter_creator":"@lagnoticias","twitter_site":"@lagnoticias","twitter_misc":{"Written by":"Oscar","Est. reading time":"2 minutes"},"schema":{"@context":"https:\/\/schema.org","@graph":[{"@type":"Article","@id":"https:\/\/lagnoticias.com\/2025\/10\/08\/colapso-en-carretera-entre-guatemala-y-el-salvador-afecta-el-comercio-regional\/#article","isPartOf":{"@id":"https:\/\/lagnoticias.com\/2025\/10\/08\/colapso-en-carretera-entre-guatemala-y-el-salvador-afecta-el-comercio-regional\/"},"author":{"name":"Oscar","@id":"https:\/\/lagnoticias.com\/#\/schema\/person\/cb9bfe13f8de05d2c55270be25c6a550"},"headline":"Colapso en carretera entre Guatemala y El Salvador afecta el comercio regional","datePublished":"2025-10-08T14:56:46+00:00","dateModified":"2025-10-09T15:16:07+00:00","mainEntityOfPage":{"@id":"https:\/\/lagnoticias.com\/2025\/10\/08\/colapso-en-carretera-entre-guatemala-y-el-salvador-afecta-el-comercio-regional\/"},"wordCount":388,"commentCount":0,"image":{"@id":"https:\/\/lagnoticias.com\/2025\/10\/08\/colapso-en-carretera-entre-guatemala-y-el-salvador-afecta-el-comercio-regional\/#primaryimage"},"thumbnailUrl":"https:\/\/lagnoticias.com\/wp-content\/uploads\/2025\/10\/1-6-scaled.jpg","keywords":["CENTROAM\u00c9RICA","DERRUMBE","EL SALVADOR","GUATEMALA"],"articleSection":["INTERNACIONALES"],"inLanguage":"en-US","potentialAction":[{"@type":"CommentAction","name":"Comment","target":["https:\/\/lagnoticias.com\/2025\/10\/08\/colapso-en-carretera-entre-guatemala-y-el-salvador-afecta-el-comercio-regional\/#respond"]}]},{"@type":"WebPage","@id":"https:\/\/lagnoticias.com\/2025\/10\/08\/colapso-en-carretera-entre-guatemala-y-el-salvador-afecta-el-comercio-regional\/","url":"https:\/\/lagnoticias.com\/2025\/10\/08\/colapso-en-carretera-entre-guatemala-y-el-salvador-afecta-el-comercio-regional\/","name":"Colapso en carretera entre Guatemala y El Salvador afecta el comercio regional - La G Noticias","isPartOf":{"@id":"https:\/\/lagnoticias.com\/#website"},"primaryImageOfPage":{"@id":"https:\/\/lagnoticias.com\/2025\/10\/08\/colapso-en-carretera-entre-guatemala-y-el-salvador-afecta-el-comercio-regional\/#primaryimage"},"image":{"@id":"https:\/\/lagnoticias.com\/2025\/10\/08\/colapso-en-carretera-entre-guatemala-y-el-salvador-afecta-el-comercio-regional\/#primaryimage"},"thumbnailUrl":"https:\/\/lagnoticias.com\/wp-content\/uploads\/2025\/10\/1-6-scaled.jpg","datePublished":"2025-10-08T14:56:46+00:00","dateModified":"2025-10-09T15:16:07+00:00","author":{"@id":"https:\/\/lagnoticias.com\/#\/schema\/person\/cb9bfe13f8de05d2c55270be25c6a550"},"breadcrumb":{"@id":"https:\/\/lagnoticias.com\/2025\/10\/08\/colapso-en-carretera-entre-guatemala-y-el-salvador-afecta-el-comercio-regional\/#breadcrumb"},"inLanguage":"en-US","potentialAction":[{"@type":"ReadAction","target":["https:\/\/lagnoticias.com\/2025\/10\/08\/colapso-en-carretera-entre-guatemala-y-el-salvador-afecta-el-comercio-regional\/"]}]},{"@type":"ImageObject","inLanguage":"en-US","@id":"https:\/\/lagnoticias.com\/2025\/10\/08\/colapso-en-carretera-entre-guatemala-y-el-salvador-afecta-el-comercio-regional\/#primaryimage","url":"https:\/\/lagnoticias.com\/wp-content\/uploads\/2025\/10\/1-6-scaled.jpg","contentUrl":"https:\/\/lagnoticias.com\/wp-content\/uploads\/2025\/10\/1-6-scaled.jpg","width":2560,"height":1707},{"@type":"BreadcrumbList","@id":"https:\/\/lagnoticias.com\/2025\/10\/08\/colapso-en-carretera-entre-guatemala-y-el-salvador-afecta-el-comercio-regional\/#breadcrumb","itemListElement":[{"@type":"ListItem","position":1,"name":"Portada","item":"https:\/\/lagnoticias.com\/"},{"@type":"ListItem","position":2,"name":"Colapso en carretera entre Guatemala y El Salvador afecta el comercio regional"}]},{"@type":"WebSite","@id":"https:\/\/lagnoticias.com\/#website","url":"https:\/\/lagnoticias.com\/","name":"La G Noticias","description":"Noticias Positivas","potentialAction":[{"@type":"SearchAction","target":{"@type":"EntryPoint","urlTemplate":"https:\/\/lagnoticias.com\/?s={search_term_string}"},"query-input":{"@type":"PropertyValueSpecification","valueRequired":true,"valueName":"search_term_string"}}],"inLanguage":"en-US"},{"@type":"Person","@id":"https:\/\/lagnoticias.com\/#\/schema\/person\/cb9bfe13f8de05d2c55270be25c6a550","name":"Oscar","image":{"@type":"ImageObject","inLanguage":"en-US","@id":"https:\/\/secure.gravatar.com\/avatar\/45c195718f652dc7ffdd591dc1f2678956ab7fdadcd359a635edc61304a8c757?s=96&d=mm&r=g","url":"https:\/\/secure.gravatar.com\/avatar\/45c195718f652dc7ffdd591dc1f2678956ab7fdadcd359a635edc61304a8c757?s=96&d=mm&r=g","contentUrl":"https:\/\/secure.gravatar.com\/avatar\/45c195718f652dc7ffdd591dc1f2678956ab7fdadcd359a635edc61304a8c757?s=96&d=mm&r=g","caption":"Oscar"},"url":"https:\/\/lagnoticias.com\/en\/author\/oscar\/"}]}},"_links":{"self":[{"href":"https:\/\/lagnoticias.com\/en\/wp-json\/wp\/v2\/posts\/5680","targetHints":{"allow":["GET"]}}],"collection":[{"href":"https:\/\/lagnoticias.com\/en\/wp-json\/wp\/v2\/posts"}],"about":[{"href":"https:\/\/lagnoticias.com\/en\/wp-json\/wp\/v2\/types\/post"}],"author":[{"embeddable":true,"href":"https:\/\/lagnoticias.com\/en\/wp-json\/wp\/v2\/users\/2"}],"replies":[{"embeddable":true,"href":"https:\/\/lagnoticias.com\/en\/wp-json\/wp\/v2\/comments?post=5680"}],"version-history":[{"count":1,"href":"https:\/\/lagnoticias.com\/en\/wp-json\/wp\/v2\/posts\/5680\/revisions"}],"predecessor-version":[{"id":5682,"href":"https:\/\/lagnoticias.com\/en\/wp-json\/wp\/v2\/posts\/5680\/revisions\/5682"}],"wp:featuredmedia":[{"embeddable":true,"href":"https:\/\/lagnoticias.com\/en\/wp-json\/wp\/v2\/media\/5681"}],"wp:attachment":[{"href":"https:\/\/lagnoticias.com\/en\/wp-json\/wp\/v2\/media?parent=5680"}],"wp:term":[{"taxonomy":"category","embeddable":true,"href":"https:\/\/lagnoticias.com\/en\/wp-json\/wp\/v2\/categories?post=5680"},{"taxonomy":"post_tag","embeddable":true,"href":"https:\/\/lagnoticias.com\/en\/wp-json\/wp\/v2\/tags?post=5680"}],"curies":[{"name":"wp","href":"https:\/\/api.w.org\/{rel}","templated":true}]}}