{"id":5673,"date":"2025-10-07T13:54:11","date_gmt":"2025-10-07T19:54:11","guid":{"rendered":"https:\/\/lagnoticias.com\/?p=5673"},"modified":"2025-10-07T13:54:12","modified_gmt":"2025-10-07T19:54:12","slug":"libano-y-turquia-primeros-destinos-al-extranjero-del-papa","status":"publish","type":"post","link":"https:\/\/lagnoticias.com\/en\/2025\/10\/07\/libano-y-turquia-primeros-destinos-al-extranjero-del-papa\/","title":{"rendered":"L\u00edbano y Turqu\u00eda, primeros destinos al extranjero del Papa"},"content":{"rendered":"<p>La Santa Sede anunci\u00f3 que el primer viaje como sumo pont\u00edfice de&nbsp;Le\u00f3n XIV&nbsp;ser\u00e1 a&nbsp;Turqu\u00eda&nbsp;y&nbsp;L\u00edbano.&nbsp;<\/p>\n\n\n\n<p>La visita a Turqu\u00eda se realizar\u00e1 del 27 al 30 de noviembre e \u00abincluir\u00e1 una peregrinaci\u00f3n a Iznik con motivo de los 1.700 a\u00f1os del Primer Concilio de Nicea\u00bb, mientras que la de L\u00edbano se llevar\u00e1 a cabo del 30 de noviembre al 2 de diciembre, inform\u00f3 el&nbsp;Vaticano.<\/p>\n\n\n\n<p>El programa detallado de la gira de seis d\u00edas se dar\u00e1 a conocer \u00aba su debido tiempo\u00bb, precis\u00f3 Matteo Bruni, director del servicio de prensa de la Santa Sede.<\/p>\n\n\n\n<p>Aniversario del Concilio de Nicea<\/p>\n\n\n\n<p>El propio papa hab\u00eda confirm\u00f3 en julio su intenci\u00f3n de visitar Turqu\u00eda para participar en el aniversario del Concilio de Nicea, que fij\u00f3 varias de las principales creencias del cristianismo.<\/p>\n\n\n\n<p>En el L\u00edbano, la visita de Le\u00f3n XIV deber\u00eda centrarse en la paz en ese pa\u00eds multiconfesional, que se ha comprometido a desarmar a los grupos no estatales, en particular al movimiento chiita proiran\u00ed Hezbol\u00e1.<\/p>\n\n\n\n<p><\/p>\n\n\n\n<p><\/p>\n\n\n\n<p><\/p>\n\n\n\n<p>(DW)<\/p>","protected":false},"excerpt":{"rendered":"<p>Entre el 27 y el 30 de noviembre, el Papa estar\u00e1 en Turqu\u00eda, mientras que del 30 de noviembre al 2 de diciembre visitar\u00e1 L\u00edbano.<\/p>","protected":false},"author":2,"featured_media":5674,"comment_status":"open","ping_status":"open","sticky":false,"template":"","format":"standard","meta":{"_et_pb_use_builder":"off","_et_pb_old_content":"","_et_gb_content_width":"","footnotes":""},"categories":[245],"tags":[1213,289,1214,436],"class_list":["post-5673","post","type-post","status-publish","format-standard","has-post-thumbnail","hentry","category-internacionales","tag-libano","tag-papa-leon-xiv","tag-santa-sede","tag-turquia"],"yoast_head":"<!-- This site is optimized with the Yoast SEO plugin v27.4 - https:\/\/yoast.com\/product\/yoast-seo-wordpress\/ -->\n<title>L\u00edbano y Turqu\u00eda, primeros destinos al extranjero del Papa - La G Noticias<\/title>\n<meta name=\"robots\" content=\"index, follow, max-snippet:-1, max-image-preview:large, max-video-preview:-1\" \/>\n<link rel=\"canonical\" href=\"https:\/\/lagnoticias.com\/en\/2025\/10\/07\/libano-y-turquia-primeros-destinos-al-extranjero-del-papa\/\" \/>\n<meta property=\"og:locale\" content=\"en_US\" \/>\n<meta property=\"og:type\" content=\"article\" \/>\n<meta property=\"og:title\" content=\"L\u00edbano y Turqu\u00eda, primeros destinos al extranjero del Papa - La G Noticias\" \/>\n<meta property=\"og:description\" content=\"Entre el 27 y el 30 de noviembre, el Papa estar\u00e1 en Turqu\u00eda, mientras que del 30 de noviembre al 2 de diciembre visitar\u00e1 L\u00edbano.\" \/>\n<meta property=\"og:url\" content=\"https:\/\/lagnoticias.com\/en\/2025\/10\/07\/libano-y-turquia-primeros-destinos-al-extranjero-del-papa\/\" \/>\n<meta property=\"og:site_name\" content=\"La G Noticias\" \/>\n<meta property=\"article:publisher\" content=\"https:\/\/www.facebook.com\/LaGNoticias\" \/>\n<meta property=\"article:published_time\" content=\"2025-10-07T19:54:11+00:00\" \/>\n<meta property=\"article:modified_time\" content=\"2025-10-07T19:54:12+00:00\" \/>\n<meta property=\"og:image\" content=\"https:\/\/lagnoticias.com\/wp-content\/uploads\/2025\/10\/48.jpg\" \/>\n\t<meta property=\"og:image:width\" content=\"600\" \/>\n\t<meta property=\"og:image:height\" content=\"315\" \/>\n\t<meta property=\"og:image:type\" content=\"image\/jpeg\" \/>\n<meta name=\"author\" content=\"Oscar\" \/>\n<meta name=\"twitter:card\" content=\"summary_large_image\" \/>\n<meta name=\"twitter:creator\" content=\"@lagnoticias\" \/>\n<meta name=\"twitter:site\" content=\"@lagnoticias\" \/>\n<meta name=\"twitter:label1\" content=\"Written by\" \/>\n\t<meta name=\"twitter:data1\" content=\"Oscar\" \/>\n\t<meta name=\"twitter:label2\" content=\"Est. reading time\" \/>\n\t<meta name=\"twitter:data2\" content=\"1 minute\" \/>\n<script type=\"application\/ld+json\" class=\"yoast-schema-graph\">{\"@context\":\"https:\\\/\\\/schema.org\",\"@graph\":[{\"@type\":\"Article\",\"@id\":\"https:\\\/\\\/lagnoticias.com\\\/2025\\\/10\\\/07\\\/libano-y-turquia-primeros-destinos-al-extranjero-del-papa\\\/#article\",\"isPartOf\":{\"@id\":\"https:\\\/\\\/lagnoticias.com\\\/2025\\\/10\\\/07\\\/libano-y-turquia-primeros-destinos-al-extranjero-del-papa\\\/\"},\"author\":{\"name\":\"Oscar\",\"@id\":\"https:\\\/\\\/lagnoticias.com\\\/#\\\/schema\\\/person\\\/cb9bfe13f8de05d2c55270be25c6a550\"},\"headline\":\"L\u00edbano y Turqu\u00eda, primeros destinos al extranjero del Papa\",\"datePublished\":\"2025-10-07T19:54:11+00:00\",\"dateModified\":\"2025-10-07T19:54:12+00:00\",\"mainEntityOfPage\":{\"@id\":\"https:\\\/\\\/lagnoticias.com\\\/2025\\\/10\\\/07\\\/libano-y-turquia-primeros-destinos-al-extranjero-del-papa\\\/\"},\"wordCount\":197,\"commentCount\":0,\"image\":{\"@id\":\"https:\\\/\\\/lagnoticias.com\\\/2025\\\/10\\\/07\\\/libano-y-turquia-primeros-destinos-al-extranjero-del-papa\\\/#primaryimage\"},\"thumbnailUrl\":\"https:\\\/\\\/lagnoticias.com\\\/wp-content\\\/uploads\\\/2025\\\/10\\\/48.jpg\",\"keywords\":[\"L\u00cdBANO\",\"PAPA LE\u00d3N XIV\",\"SANTA SEDE\",\"TURQU\u00cdA\"],\"articleSection\":[\"INTERNACIONALES\"],\"inLanguage\":\"en-US\",\"potentialAction\":[{\"@type\":\"CommentAction\",\"name\":\"Comment\",\"target\":[\"https:\\\/\\\/lagnoticias.com\\\/2025\\\/10\\\/07\\\/libano-y-turquia-primeros-destinos-al-extranjero-del-papa\\\/#respond\"]}]},{\"@type\":\"WebPage\",\"@id\":\"https:\\\/\\\/lagnoticias.com\\\/2025\\\/10\\\/07\\\/libano-y-turquia-primeros-destinos-al-extranjero-del-papa\\\/\",\"url\":\"https:\\\/\\\/lagnoticias.com\\\/2025\\\/10\\\/07\\\/libano-y-turquia-primeros-destinos-al-extranjero-del-papa\\\/\",\"name\":\"L\u00edbano y Turqu\u00eda, primeros destinos al extranjero del Papa - La G Noticias\",\"isPartOf\":{\"@id\":\"https:\\\/\\\/lagnoticias.com\\\/#website\"},\"primaryImageOfPage\":{\"@id\":\"https:\\\/\\\/lagnoticias.com\\\/2025\\\/10\\\/07\\\/libano-y-turquia-primeros-destinos-al-extranjero-del-papa\\\/#primaryimage\"},\"image\":{\"@id\":\"https:\\\/\\\/lagnoticias.com\\\/2025\\\/10\\\/07\\\/libano-y-turquia-primeros-destinos-al-extranjero-del-papa\\\/#primaryimage\"},\"thumbnailUrl\":\"https:\\\/\\\/lagnoticias.com\\\/wp-content\\\/uploads\\\/2025\\\/10\\\/48.jpg\",\"datePublished\":\"2025-10-07T19:54:11+00:00\",\"dateModified\":\"2025-10-07T19:54:12+00:00\",\"author\":{\"@id\":\"https:\\\/\\\/lagnoticias.com\\\/#\\\/schema\\\/person\\\/cb9bfe13f8de05d2c55270be25c6a550\"},\"breadcrumb\":{\"@id\":\"https:\\\/\\\/lagnoticias.com\\\/2025\\\/10\\\/07\\\/libano-y-turquia-primeros-destinos-al-extranjero-del-papa\\\/#breadcrumb\"},\"inLanguage\":\"en-US\",\"potentialAction\":[{\"@type\":\"ReadAction\",\"target\":[\"https:\\\/\\\/lagnoticias.com\\\/2025\\\/10\\\/07\\\/libano-y-turquia-primeros-destinos-al-extranjero-del-papa\\\/\"]}]},{\"@type\":\"ImageObject\",\"inLanguage\":\"en-US\",\"@id\":\"https:\\\/\\\/lagnoticias.com\\\/2025\\\/10\\\/07\\\/libano-y-turquia-primeros-destinos-al-extranjero-del-papa\\\/#primaryimage\",\"url\":\"https:\\\/\\\/lagnoticias.com\\\/wp-content\\\/uploads\\\/2025\\\/10\\\/48.jpg\",\"contentUrl\":\"https:\\\/\\\/lagnoticias.com\\\/wp-content\\\/uploads\\\/2025\\\/10\\\/48.jpg\",\"width\":600,\"height\":315},{\"@type\":\"BreadcrumbList\",\"@id\":\"https:\\\/\\\/lagnoticias.com\\\/2025\\\/10\\\/07\\\/libano-y-turquia-primeros-destinos-al-extranjero-del-papa\\\/#breadcrumb\",\"itemListElement\":[{\"@type\":\"ListItem\",\"position\":1,\"name\":\"Portada\",\"item\":\"https:\\\/\\\/lagnoticias.com\\\/\"},{\"@type\":\"ListItem\",\"position\":2,\"name\":\"L\u00edbano y Turqu\u00eda, primeros destinos al extranjero del Papa\"}]},{\"@type\":\"WebSite\",\"@id\":\"https:\\\/\\\/lagnoticias.com\\\/#website\",\"url\":\"https:\\\/\\\/lagnoticias.com\\\/\",\"name\":\"La G Noticias\",\"description\":\"Noticias Positivas\",\"potentialAction\":[{\"@type\":\"SearchAction\",\"target\":{\"@type\":\"EntryPoint\",\"urlTemplate\":\"https:\\\/\\\/lagnoticias.com\\\/?s={search_term_string}\"},\"query-input\":{\"@type\":\"PropertyValueSpecification\",\"valueRequired\":true,\"valueName\":\"search_term_string\"}}],\"inLanguage\":\"en-US\"},{\"@type\":\"Person\",\"@id\":\"https:\\\/\\\/lagnoticias.com\\\/#\\\/schema\\\/person\\\/cb9bfe13f8de05d2c55270be25c6a550\",\"name\":\"Oscar\",\"image\":{\"@type\":\"ImageObject\",\"inLanguage\":\"en-US\",\"@id\":\"https:\\\/\\\/secure.gravatar.com\\\/avatar\\\/45c195718f652dc7ffdd591dc1f2678956ab7fdadcd359a635edc61304a8c757?s=96&d=mm&r=g\",\"url\":\"https:\\\/\\\/secure.gravatar.com\\\/avatar\\\/45c195718f652dc7ffdd591dc1f2678956ab7fdadcd359a635edc61304a8c757?s=96&d=mm&r=g\",\"contentUrl\":\"https:\\\/\\\/secure.gravatar.com\\\/avatar\\\/45c195718f652dc7ffdd591dc1f2678956ab7fdadcd359a635edc61304a8c757?s=96&d=mm&r=g\",\"caption\":\"Oscar\"},\"url\":\"https:\\\/\\\/lagnoticias.com\\\/en\\\/author\\\/oscar\\\/\"}]}<\/script>\n<!-- \/ Yoast SEO plugin. -->","yoast_head_json":{"title":"L\u00edbano y Turqu\u00eda, primeros destinos al extranjero del Papa - La G Noticias","robots":{"index":"index","follow":"follow","max-snippet":"max-snippet:-1","max-image-preview":"max-image-preview:large","max-video-preview":"max-video-preview:-1"},"canonical":"https:\/\/lagnoticias.com\/en\/2025\/10\/07\/libano-y-turquia-primeros-destinos-al-extranjero-del-papa\/","og_locale":"en_US","og_type":"article","og_title":"L\u00edbano y Turqu\u00eda, primeros destinos al extranjero del Papa - La G Noticias","og_description":"Entre el 27 y el 30 de noviembre, el Papa estar\u00e1 en Turqu\u00eda, mientras que del 30 de noviembre al 2 de diciembre visitar\u00e1 L\u00edbano.","og_url":"https:\/\/lagnoticias.com\/en\/2025\/10\/07\/libano-y-turquia-primeros-destinos-al-extranjero-del-papa\/","og_site_name":"La G Noticias","article_publisher":"https:\/\/www.facebook.com\/LaGNoticias","article_published_time":"2025-10-07T19:54:11+00:00","article_modified_time":"2025-10-07T19:54:12+00:00","og_image":[{"width":600,"height":315,"url":"https:\/\/lagnoticias.com\/wp-content\/uploads\/2025\/10\/48.jpg","type":"image\/jpeg"}],"author":"Oscar","twitter_card":"summary_large_image","twitter_creator":"@lagnoticias","twitter_site":"@lagnoticias","twitter_misc":{"Written by":"Oscar","Est. reading time":"1 minute"},"schema":{"@context":"https:\/\/schema.org","@graph":[{"@type":"Article","@id":"https:\/\/lagnoticias.com\/2025\/10\/07\/libano-y-turquia-primeros-destinos-al-extranjero-del-papa\/#article","isPartOf":{"@id":"https:\/\/lagnoticias.com\/2025\/10\/07\/libano-y-turquia-primeros-destinos-al-extranjero-del-papa\/"},"author":{"name":"Oscar","@id":"https:\/\/lagnoticias.com\/#\/schema\/person\/cb9bfe13f8de05d2c55270be25c6a550"},"headline":"L\u00edbano y Turqu\u00eda, primeros destinos al extranjero del Papa","datePublished":"2025-10-07T19:54:11+00:00","dateModified":"2025-10-07T19:54:12+00:00","mainEntityOfPage":{"@id":"https:\/\/lagnoticias.com\/2025\/10\/07\/libano-y-turquia-primeros-destinos-al-extranjero-del-papa\/"},"wordCount":197,"commentCount":0,"image":{"@id":"https:\/\/lagnoticias.com\/2025\/10\/07\/libano-y-turquia-primeros-destinos-al-extranjero-del-papa\/#primaryimage"},"thumbnailUrl":"https:\/\/lagnoticias.com\/wp-content\/uploads\/2025\/10\/48.jpg","keywords":["L\u00cdBANO","PAPA LE\u00d3N XIV","SANTA SEDE","TURQU\u00cdA"],"articleSection":["INTERNACIONALES"],"inLanguage":"en-US","potentialAction":[{"@type":"CommentAction","name":"Comment","target":["https:\/\/lagnoticias.com\/2025\/10\/07\/libano-y-turquia-primeros-destinos-al-extranjero-del-papa\/#respond"]}]},{"@type":"WebPage","@id":"https:\/\/lagnoticias.com\/2025\/10\/07\/libano-y-turquia-primeros-destinos-al-extranjero-del-papa\/","url":"https:\/\/lagnoticias.com\/2025\/10\/07\/libano-y-turquia-primeros-destinos-al-extranjero-del-papa\/","name":"L\u00edbano y Turqu\u00eda, primeros destinos al extranjero del Papa - La G Noticias","isPartOf":{"@id":"https:\/\/lagnoticias.com\/#website"},"primaryImageOfPage":{"@id":"https:\/\/lagnoticias.com\/2025\/10\/07\/libano-y-turquia-primeros-destinos-al-extranjero-del-papa\/#primaryimage"},"image":{"@id":"https:\/\/lagnoticias.com\/2025\/10\/07\/libano-y-turquia-primeros-destinos-al-extranjero-del-papa\/#primaryimage"},"thumbnailUrl":"https:\/\/lagnoticias.com\/wp-content\/uploads\/2025\/10\/48.jpg","datePublished":"2025-10-07T19:54:11+00:00","dateModified":"2025-10-07T19:54:12+00:00","author":{"@id":"https:\/\/lagnoticias.com\/#\/schema\/person\/cb9bfe13f8de05d2c55270be25c6a550"},"breadcrumb":{"@id":"https:\/\/lagnoticias.com\/2025\/10\/07\/libano-y-turquia-primeros-destinos-al-extranjero-del-papa\/#breadcrumb"},"inLanguage":"en-US","potentialAction":[{"@type":"ReadAction","target":["https:\/\/lagnoticias.com\/2025\/10\/07\/libano-y-turquia-primeros-destinos-al-extranjero-del-papa\/"]}]},{"@type":"ImageObject","inLanguage":"en-US","@id":"https:\/\/lagnoticias.com\/2025\/10\/07\/libano-y-turquia-primeros-destinos-al-extranjero-del-papa\/#primaryimage","url":"https:\/\/lagnoticias.com\/wp-content\/uploads\/2025\/10\/48.jpg","contentUrl":"https:\/\/lagnoticias.com\/wp-content\/uploads\/2025\/10\/48.jpg","width":600,"height":315},{"@type":"BreadcrumbList","@id":"https:\/\/lagnoticias.com\/2025\/10\/07\/libano-y-turquia-primeros-destinos-al-extranjero-del-papa\/#breadcrumb","itemListElement":[{"@type":"ListItem","position":1,"name":"Portada","item":"https:\/\/lagnoticias.com\/"},{"@type":"ListItem","position":2,"name":"L\u00edbano y Turqu\u00eda, primeros destinos al extranjero del Papa"}]},{"@type":"WebSite","@id":"https:\/\/lagnoticias.com\/#website","url":"https:\/\/lagnoticias.com\/","name":"La G Noticias","description":"Noticias Positivas","potentialAction":[{"@type":"SearchAction","target":{"@type":"EntryPoint","urlTemplate":"https:\/\/lagnoticias.com\/?s={search_term_string}"},"query-input":{"@type":"PropertyValueSpecification","valueRequired":true,"valueName":"search_term_string"}}],"inLanguage":"en-US"},{"@type":"Person","@id":"https:\/\/lagnoticias.com\/#\/schema\/person\/cb9bfe13f8de05d2c55270be25c6a550","name":"Oscar","image":{"@type":"ImageObject","inLanguage":"en-US","@id":"https:\/\/secure.gravatar.com\/avatar\/45c195718f652dc7ffdd591dc1f2678956ab7fdadcd359a635edc61304a8c757?s=96&d=mm&r=g","url":"https:\/\/secure.gravatar.com\/avatar\/45c195718f652dc7ffdd591dc1f2678956ab7fdadcd359a635edc61304a8c757?s=96&d=mm&r=g","contentUrl":"https:\/\/secure.gravatar.com\/avatar\/45c195718f652dc7ffdd591dc1f2678956ab7fdadcd359a635edc61304a8c757?s=96&d=mm&r=g","caption":"Oscar"},"url":"https:\/\/lagnoticias.com\/en\/author\/oscar\/"}]}},"_links":{"self":[{"href":"https:\/\/lagnoticias.com\/en\/wp-json\/wp\/v2\/posts\/5673","targetHints":{"allow":["GET"]}}],"collection":[{"href":"https:\/\/lagnoticias.com\/en\/wp-json\/wp\/v2\/posts"}],"about":[{"href":"https:\/\/lagnoticias.com\/en\/wp-json\/wp\/v2\/types\/post"}],"author":[{"embeddable":true,"href":"https:\/\/lagnoticias.com\/en\/wp-json\/wp\/v2\/users\/2"}],"replies":[{"embeddable":true,"href":"https:\/\/lagnoticias.com\/en\/wp-json\/wp\/v2\/comments?post=5673"}],"version-history":[{"count":1,"href":"https:\/\/lagnoticias.com\/en\/wp-json\/wp\/v2\/posts\/5673\/revisions"}],"predecessor-version":[{"id":5675,"href":"https:\/\/lagnoticias.com\/en\/wp-json\/wp\/v2\/posts\/5673\/revisions\/5675"}],"wp:featuredmedia":[{"embeddable":true,"href":"https:\/\/lagnoticias.com\/en\/wp-json\/wp\/v2\/media\/5674"}],"wp:attachment":[{"href":"https:\/\/lagnoticias.com\/en\/wp-json\/wp\/v2\/media?parent=5673"}],"wp:term":[{"taxonomy":"category","embeddable":true,"href":"https:\/\/lagnoticias.com\/en\/wp-json\/wp\/v2\/categories?post=5673"},{"taxonomy":"post_tag","embeddable":true,"href":"https:\/\/lagnoticias.com\/en\/wp-json\/wp\/v2\/tags?post=5673"}],"curies":[{"name":"wp","href":"https:\/\/api.w.org\/{rel}","templated":true}]}}