{"id":5671,"date":"2025-10-07T13:46:49","date_gmt":"2025-10-07T19:46:49","guid":{"rendered":"https:\/\/lagnoticias.com\/?p=5671"},"modified":"2025-10-07T13:46:50","modified_gmt":"2025-10-07T19:46:50","slug":"proteccion-civil-emite-alerta-naranja-y-amarilla-en-el-pais-a-causa-de-baja-presion","status":"publish","type":"post","link":"https:\/\/lagnoticias.com\/en\/2025\/10\/07\/proteccion-civil-emite-alerta-naranja-y-amarilla-en-el-pais-a-causa-de-baja-presion\/","title":{"rendered":"Protecci\u00f3n Civil emite alerta naranja y amarilla en el pa\u00eds a causa de baja presi\u00f3n"},"content":{"rendered":"<p>La Direcci\u00f3n General de Protecci\u00f3n Civil decret\u00f3 este martes una alerta estratificada a nivel nacional, debido al acercamiento de la Zona de Convergencia Intertropical (ZCIT) y una amplia \u00e1rea de baja presi\u00f3n ubicada en el oc\u00e9ano Pac\u00edfico, frente a las costas de M\u00e9xico y Guatemala.<\/p>\n\n\n\n<p>La medida establece alerta naranja en los 13 municipios de la franja costera y alerta amarilla para el resto del pa\u00eds, por el alto nivel de saturaci\u00f3n del suelo, que podr\u00eda superar los umbrales de estabilidad y provocar deslizamientos o inundaciones.<\/p>\n\n\n\n<p>Las autoridades advirtieron que, debido a las lluvias acumuladas en los \u00faltimos d\u00edas, el pa\u00eds enfrenta una amenaza generalizada de deslizamientos, especialmente en zonas monta\u00f1osas.<\/p>\n\n\n\n<p>\u201cDurante los \u00faltimos seis d\u00edas, las condiciones clim\u00e1ticas por lluvias han provocado diferentes tipos de incidentes: ca\u00edda de \u00e1rboles, deslizamientos de peque\u00f1a y mediana magnitud, viviendas afectadas\u201d, detall\u00f3 Luis Alonso Amaya, director de Protecci\u00f3n Civil.<\/p>\n\n\n\n<p>El ministro de Medio Ambiente, Fernando L\u00f3pez, explic\u00f3 que la humedad del suelo ya ha alcanzado niveles cr\u00edticos, especialmente en la zona norte del pa\u00eds.<\/p>\n\n\n\n<p>\u201cDurante la noche y madrugada hemos tenido lluvias en diferentes zonas del pa\u00eds. Esto se debe a varios factores propios de la recta final de la temporada, por lo que es importante seguir acatando las recomendaciones\u201d, expres\u00f3.<\/p>\n\n\n\n<p>\u201cTenemos una amenaza moderada en todos los lugares con topograf\u00eda irregular; en todo el territorio hay amenaza de deslizamientos por la humedad del suelo\u201d, a\u00f1adi\u00f3 el ministro.<\/p>\n\n\n\n<p>Con la alerta activada, todas las comisiones t\u00e9cnicas del Sistema Nacional de Protecci\u00f3n Civil deben activar sus salas de situaci\u00f3n, establecer turnos operativos de 12 horas y coordinar con el Centro de Operaciones de Emergencia (COE) Nacional.<\/p>\n\n\n\n<p>Protecci\u00f3n Civil llam\u00f3 a la ciudadan\u00eda a mantenerse informada y tomar medidas preventivas como evitar cruzar r\u00edos, quebradas o corrientes de agua durante y despu\u00e9s de las lluvias, tener precauci\u00f3n en carreteras por posible ca\u00edda de \u00e1rboles o derrumbes y no caminar por zonas abiertas durante tormentas el\u00e9ctricas.<\/p>\n\n\n\n<p><\/p>\n\n\n\n<figure class=\"wp-block-embed is-type-rich is-provider-twitter wp-block-embed-twitter\"><div class=\"wp-block-embed__wrapper\">\nhttps:\/\/twitter.com\/PROCIVILSV\/status\/1975628806015832175\n<\/div><\/figure>\n\n\n\n<p><\/p>\n\n\n\n<p><\/p>\n\n\n\n<p><\/p>\n\n\n\n<p><\/p>\n\n\n\n<p><\/p>\n\n\n\n<p><\/p>\n\n\n\n<p><\/p>\n\n\n\n<p>(CA 360)<\/p>","protected":false},"excerpt":{"rendered":"<p>La franja costera se encuentra bajo alerta naranja y bajo alerta amarilla el resto del pa\u00eds.<\/p>","protected":false},"author":2,"featured_media":5630,"comment_status":"open","ping_status":"open","sticky":false,"template":"","format":"standard","meta":{"_et_pb_use_builder":"off","_et_pb_old_content":"","_et_gb_content_width":"","footnotes":""},"categories":[244],"tags":[1151,1212,267,452,497,408],"class_list":["post-5671","post","type-post","status-publish","format-standard","has-post-thumbnail","hentry","category-nacionales","tag-alerta-amarilla","tag-alerta-naranja","tag-el-salvador","tag-lluvias","tag-marn","tag-proteccion-civil"],"yoast_head":"<!-- This site is optimized with the Yoast SEO plugin v27.4 - https:\/\/yoast.com\/product\/yoast-seo-wordpress\/ -->\n<title>Protecci\u00f3n Civil emite alerta naranja y amarilla en el pa\u00eds a causa de baja presi\u00f3n - La G Noticias<\/title>\n<meta name=\"robots\" content=\"index, follow, max-snippet:-1, max-image-preview:large, max-video-preview:-1\" \/>\n<link rel=\"canonical\" href=\"https:\/\/lagnoticias.com\/en\/2025\/10\/07\/proteccion-civil-emite-alerta-naranja-y-amarilla-en-el-pais-a-causa-de-baja-presion\/\" \/>\n<meta property=\"og:locale\" content=\"en_US\" \/>\n<meta property=\"og:type\" content=\"article\" \/>\n<meta property=\"og:title\" content=\"Protecci\u00f3n Civil emite alerta naranja y amarilla en el pa\u00eds a causa de baja presi\u00f3n - La G Noticias\" \/>\n<meta property=\"og:description\" content=\"La franja costera se encuentra bajo alerta naranja y bajo alerta amarilla el resto del pa\u00eds.\" \/>\n<meta property=\"og:url\" content=\"https:\/\/lagnoticias.com\/en\/2025\/10\/07\/proteccion-civil-emite-alerta-naranja-y-amarilla-en-el-pais-a-causa-de-baja-presion\/\" \/>\n<meta property=\"og:site_name\" content=\"La G Noticias\" \/>\n<meta property=\"article:publisher\" content=\"https:\/\/www.facebook.com\/LaGNoticias\" \/>\n<meta property=\"article:published_time\" content=\"2025-10-07T19:46:49+00:00\" \/>\n<meta property=\"article:modified_time\" content=\"2025-10-07T19:46:50+00:00\" \/>\n<meta property=\"og:image\" content=\"https:\/\/lagnoticias.com\/wp-content\/uploads\/2025\/10\/88.jpg\" \/>\n\t<meta property=\"og:image:width\" content=\"1600\" \/>\n\t<meta property=\"og:image:height\" content=\"1066\" \/>\n\t<meta property=\"og:image:type\" content=\"image\/jpeg\" \/>\n<meta name=\"author\" content=\"Oscar\" \/>\n<meta name=\"twitter:card\" content=\"summary_large_image\" \/>\n<meta name=\"twitter:creator\" content=\"@lagnoticias\" \/>\n<meta name=\"twitter:site\" content=\"@lagnoticias\" \/>\n<meta name=\"twitter:label1\" content=\"Written by\" \/>\n\t<meta name=\"twitter:data1\" content=\"Oscar\" \/>\n\t<meta name=\"twitter:label2\" content=\"Est. reading time\" \/>\n\t<meta name=\"twitter:data2\" content=\"2 minutes\" \/>\n<script type=\"application\/ld+json\" class=\"yoast-schema-graph\">{\"@context\":\"https:\\\/\\\/schema.org\",\"@graph\":[{\"@type\":\"Article\",\"@id\":\"https:\\\/\\\/lagnoticias.com\\\/2025\\\/10\\\/07\\\/proteccion-civil-emite-alerta-naranja-y-amarilla-en-el-pais-a-causa-de-baja-presion\\\/#article\",\"isPartOf\":{\"@id\":\"https:\\\/\\\/lagnoticias.com\\\/2025\\\/10\\\/07\\\/proteccion-civil-emite-alerta-naranja-y-amarilla-en-el-pais-a-causa-de-baja-presion\\\/\"},\"author\":{\"name\":\"Oscar\",\"@id\":\"https:\\\/\\\/lagnoticias.com\\\/#\\\/schema\\\/person\\\/cb9bfe13f8de05d2c55270be25c6a550\"},\"headline\":\"Protecci\u00f3n Civil emite alerta naranja y amarilla en el pa\u00eds a causa de baja presi\u00f3n\",\"datePublished\":\"2025-10-07T19:46:49+00:00\",\"dateModified\":\"2025-10-07T19:46:50+00:00\",\"mainEntityOfPage\":{\"@id\":\"https:\\\/\\\/lagnoticias.com\\\/2025\\\/10\\\/07\\\/proteccion-civil-emite-alerta-naranja-y-amarilla-en-el-pais-a-causa-de-baja-presion\\\/\"},\"wordCount\":375,\"commentCount\":0,\"image\":{\"@id\":\"https:\\\/\\\/lagnoticias.com\\\/2025\\\/10\\\/07\\\/proteccion-civil-emite-alerta-naranja-y-amarilla-en-el-pais-a-causa-de-baja-presion\\\/#primaryimage\"},\"thumbnailUrl\":\"https:\\\/\\\/lagnoticias.com\\\/wp-content\\\/uploads\\\/2025\\\/10\\\/88.jpg\",\"keywords\":[\"ALERTA AMARILLA\",\"ALERTA NARANJA\",\"EL SALVADOR\",\"LLUVIAS\",\"MARN\",\"PROTECCI\u00d3N CIVIL\"],\"articleSection\":[\"NACIONALES\"],\"inLanguage\":\"en-US\",\"potentialAction\":[{\"@type\":\"CommentAction\",\"name\":\"Comment\",\"target\":[\"https:\\\/\\\/lagnoticias.com\\\/2025\\\/10\\\/07\\\/proteccion-civil-emite-alerta-naranja-y-amarilla-en-el-pais-a-causa-de-baja-presion\\\/#respond\"]}]},{\"@type\":\"WebPage\",\"@id\":\"https:\\\/\\\/lagnoticias.com\\\/2025\\\/10\\\/07\\\/proteccion-civil-emite-alerta-naranja-y-amarilla-en-el-pais-a-causa-de-baja-presion\\\/\",\"url\":\"https:\\\/\\\/lagnoticias.com\\\/2025\\\/10\\\/07\\\/proteccion-civil-emite-alerta-naranja-y-amarilla-en-el-pais-a-causa-de-baja-presion\\\/\",\"name\":\"Protecci\u00f3n Civil emite alerta naranja y amarilla en el pa\u00eds a causa de baja presi\u00f3n - La G Noticias\",\"isPartOf\":{\"@id\":\"https:\\\/\\\/lagnoticias.com\\\/#website\"},\"primaryImageOfPage\":{\"@id\":\"https:\\\/\\\/lagnoticias.com\\\/2025\\\/10\\\/07\\\/proteccion-civil-emite-alerta-naranja-y-amarilla-en-el-pais-a-causa-de-baja-presion\\\/#primaryimage\"},\"image\":{\"@id\":\"https:\\\/\\\/lagnoticias.com\\\/2025\\\/10\\\/07\\\/proteccion-civil-emite-alerta-naranja-y-amarilla-en-el-pais-a-causa-de-baja-presion\\\/#primaryimage\"},\"thumbnailUrl\":\"https:\\\/\\\/lagnoticias.com\\\/wp-content\\\/uploads\\\/2025\\\/10\\\/88.jpg\",\"datePublished\":\"2025-10-07T19:46:49+00:00\",\"dateModified\":\"2025-10-07T19:46:50+00:00\",\"author\":{\"@id\":\"https:\\\/\\\/lagnoticias.com\\\/#\\\/schema\\\/person\\\/cb9bfe13f8de05d2c55270be25c6a550\"},\"breadcrumb\":{\"@id\":\"https:\\\/\\\/lagnoticias.com\\\/2025\\\/10\\\/07\\\/proteccion-civil-emite-alerta-naranja-y-amarilla-en-el-pais-a-causa-de-baja-presion\\\/#breadcrumb\"},\"inLanguage\":\"en-US\",\"potentialAction\":[{\"@type\":\"ReadAction\",\"target\":[\"https:\\\/\\\/lagnoticias.com\\\/2025\\\/10\\\/07\\\/proteccion-civil-emite-alerta-naranja-y-amarilla-en-el-pais-a-causa-de-baja-presion\\\/\"]}]},{\"@type\":\"ImageObject\",\"inLanguage\":\"en-US\",\"@id\":\"https:\\\/\\\/lagnoticias.com\\\/2025\\\/10\\\/07\\\/proteccion-civil-emite-alerta-naranja-y-amarilla-en-el-pais-a-causa-de-baja-presion\\\/#primaryimage\",\"url\":\"https:\\\/\\\/lagnoticias.com\\\/wp-content\\\/uploads\\\/2025\\\/10\\\/88.jpg\",\"contentUrl\":\"https:\\\/\\\/lagnoticias.com\\\/wp-content\\\/uploads\\\/2025\\\/10\\\/88.jpg\",\"width\":1600,\"height\":1066},{\"@type\":\"BreadcrumbList\",\"@id\":\"https:\\\/\\\/lagnoticias.com\\\/2025\\\/10\\\/07\\\/proteccion-civil-emite-alerta-naranja-y-amarilla-en-el-pais-a-causa-de-baja-presion\\\/#breadcrumb\",\"itemListElement\":[{\"@type\":\"ListItem\",\"position\":1,\"name\":\"Portada\",\"item\":\"https:\\\/\\\/lagnoticias.com\\\/\"},{\"@type\":\"ListItem\",\"position\":2,\"name\":\"Protecci\u00f3n Civil emite alerta naranja y amarilla en el pa\u00eds a causa de baja presi\u00f3n\"}]},{\"@type\":\"WebSite\",\"@id\":\"https:\\\/\\\/lagnoticias.com\\\/#website\",\"url\":\"https:\\\/\\\/lagnoticias.com\\\/\",\"name\":\"La G Noticias\",\"description\":\"Noticias Positivas\",\"potentialAction\":[{\"@type\":\"SearchAction\",\"target\":{\"@type\":\"EntryPoint\",\"urlTemplate\":\"https:\\\/\\\/lagnoticias.com\\\/?s={search_term_string}\"},\"query-input\":{\"@type\":\"PropertyValueSpecification\",\"valueRequired\":true,\"valueName\":\"search_term_string\"}}],\"inLanguage\":\"en-US\"},{\"@type\":\"Person\",\"@id\":\"https:\\\/\\\/lagnoticias.com\\\/#\\\/schema\\\/person\\\/cb9bfe13f8de05d2c55270be25c6a550\",\"name\":\"Oscar\",\"image\":{\"@type\":\"ImageObject\",\"inLanguage\":\"en-US\",\"@id\":\"https:\\\/\\\/secure.gravatar.com\\\/avatar\\\/45c195718f652dc7ffdd591dc1f2678956ab7fdadcd359a635edc61304a8c757?s=96&d=mm&r=g\",\"url\":\"https:\\\/\\\/secure.gravatar.com\\\/avatar\\\/45c195718f652dc7ffdd591dc1f2678956ab7fdadcd359a635edc61304a8c757?s=96&d=mm&r=g\",\"contentUrl\":\"https:\\\/\\\/secure.gravatar.com\\\/avatar\\\/45c195718f652dc7ffdd591dc1f2678956ab7fdadcd359a635edc61304a8c757?s=96&d=mm&r=g\",\"caption\":\"Oscar\"},\"url\":\"https:\\\/\\\/lagnoticias.com\\\/en\\\/author\\\/oscar\\\/\"}]}<\/script>\n<!-- \/ Yoast SEO plugin. -->","yoast_head_json":{"title":"Protecci\u00f3n Civil emite alerta naranja y amarilla en el pa\u00eds a causa de baja presi\u00f3n - La G Noticias","robots":{"index":"index","follow":"follow","max-snippet":"max-snippet:-1","max-image-preview":"max-image-preview:large","max-video-preview":"max-video-preview:-1"},"canonical":"https:\/\/lagnoticias.com\/en\/2025\/10\/07\/proteccion-civil-emite-alerta-naranja-y-amarilla-en-el-pais-a-causa-de-baja-presion\/","og_locale":"en_US","og_type":"article","og_title":"Protecci\u00f3n Civil emite alerta naranja y amarilla en el pa\u00eds a causa de baja presi\u00f3n - La G Noticias","og_description":"La franja costera se encuentra bajo alerta naranja y bajo alerta amarilla el resto del pa\u00eds.","og_url":"https:\/\/lagnoticias.com\/en\/2025\/10\/07\/proteccion-civil-emite-alerta-naranja-y-amarilla-en-el-pais-a-causa-de-baja-presion\/","og_site_name":"La G Noticias","article_publisher":"https:\/\/www.facebook.com\/LaGNoticias","article_published_time":"2025-10-07T19:46:49+00:00","article_modified_time":"2025-10-07T19:46:50+00:00","og_image":[{"width":1600,"height":1066,"url":"https:\/\/lagnoticias.com\/wp-content\/uploads\/2025\/10\/88.jpg","type":"image\/jpeg"}],"author":"Oscar","twitter_card":"summary_large_image","twitter_creator":"@lagnoticias","twitter_site":"@lagnoticias","twitter_misc":{"Written by":"Oscar","Est. reading time":"2 minutes"},"schema":{"@context":"https:\/\/schema.org","@graph":[{"@type":"Article","@id":"https:\/\/lagnoticias.com\/2025\/10\/07\/proteccion-civil-emite-alerta-naranja-y-amarilla-en-el-pais-a-causa-de-baja-presion\/#article","isPartOf":{"@id":"https:\/\/lagnoticias.com\/2025\/10\/07\/proteccion-civil-emite-alerta-naranja-y-amarilla-en-el-pais-a-causa-de-baja-presion\/"},"author":{"name":"Oscar","@id":"https:\/\/lagnoticias.com\/#\/schema\/person\/cb9bfe13f8de05d2c55270be25c6a550"},"headline":"Protecci\u00f3n Civil emite alerta naranja y amarilla en el pa\u00eds a causa de baja presi\u00f3n","datePublished":"2025-10-07T19:46:49+00:00","dateModified":"2025-10-07T19:46:50+00:00","mainEntityOfPage":{"@id":"https:\/\/lagnoticias.com\/2025\/10\/07\/proteccion-civil-emite-alerta-naranja-y-amarilla-en-el-pais-a-causa-de-baja-presion\/"},"wordCount":375,"commentCount":0,"image":{"@id":"https:\/\/lagnoticias.com\/2025\/10\/07\/proteccion-civil-emite-alerta-naranja-y-amarilla-en-el-pais-a-causa-de-baja-presion\/#primaryimage"},"thumbnailUrl":"https:\/\/lagnoticias.com\/wp-content\/uploads\/2025\/10\/88.jpg","keywords":["ALERTA AMARILLA","ALERTA NARANJA","EL SALVADOR","LLUVIAS","MARN","PROTECCI\u00d3N CIVIL"],"articleSection":["NACIONALES"],"inLanguage":"en-US","potentialAction":[{"@type":"CommentAction","name":"Comment","target":["https:\/\/lagnoticias.com\/2025\/10\/07\/proteccion-civil-emite-alerta-naranja-y-amarilla-en-el-pais-a-causa-de-baja-presion\/#respond"]}]},{"@type":"WebPage","@id":"https:\/\/lagnoticias.com\/2025\/10\/07\/proteccion-civil-emite-alerta-naranja-y-amarilla-en-el-pais-a-causa-de-baja-presion\/","url":"https:\/\/lagnoticias.com\/2025\/10\/07\/proteccion-civil-emite-alerta-naranja-y-amarilla-en-el-pais-a-causa-de-baja-presion\/","name":"Protecci\u00f3n Civil emite alerta naranja y amarilla en el pa\u00eds a causa de baja presi\u00f3n - La G Noticias","isPartOf":{"@id":"https:\/\/lagnoticias.com\/#website"},"primaryImageOfPage":{"@id":"https:\/\/lagnoticias.com\/2025\/10\/07\/proteccion-civil-emite-alerta-naranja-y-amarilla-en-el-pais-a-causa-de-baja-presion\/#primaryimage"},"image":{"@id":"https:\/\/lagnoticias.com\/2025\/10\/07\/proteccion-civil-emite-alerta-naranja-y-amarilla-en-el-pais-a-causa-de-baja-presion\/#primaryimage"},"thumbnailUrl":"https:\/\/lagnoticias.com\/wp-content\/uploads\/2025\/10\/88.jpg","datePublished":"2025-10-07T19:46:49+00:00","dateModified":"2025-10-07T19:46:50+00:00","author":{"@id":"https:\/\/lagnoticias.com\/#\/schema\/person\/cb9bfe13f8de05d2c55270be25c6a550"},"breadcrumb":{"@id":"https:\/\/lagnoticias.com\/2025\/10\/07\/proteccion-civil-emite-alerta-naranja-y-amarilla-en-el-pais-a-causa-de-baja-presion\/#breadcrumb"},"inLanguage":"en-US","potentialAction":[{"@type":"ReadAction","target":["https:\/\/lagnoticias.com\/2025\/10\/07\/proteccion-civil-emite-alerta-naranja-y-amarilla-en-el-pais-a-causa-de-baja-presion\/"]}]},{"@type":"ImageObject","inLanguage":"en-US","@id":"https:\/\/lagnoticias.com\/2025\/10\/07\/proteccion-civil-emite-alerta-naranja-y-amarilla-en-el-pais-a-causa-de-baja-presion\/#primaryimage","url":"https:\/\/lagnoticias.com\/wp-content\/uploads\/2025\/10\/88.jpg","contentUrl":"https:\/\/lagnoticias.com\/wp-content\/uploads\/2025\/10\/88.jpg","width":1600,"height":1066},{"@type":"BreadcrumbList","@id":"https:\/\/lagnoticias.com\/2025\/10\/07\/proteccion-civil-emite-alerta-naranja-y-amarilla-en-el-pais-a-causa-de-baja-presion\/#breadcrumb","itemListElement":[{"@type":"ListItem","position":1,"name":"Portada","item":"https:\/\/lagnoticias.com\/"},{"@type":"ListItem","position":2,"name":"Protecci\u00f3n Civil emite alerta naranja y amarilla en el pa\u00eds a causa de baja presi\u00f3n"}]},{"@type":"WebSite","@id":"https:\/\/lagnoticias.com\/#website","url":"https:\/\/lagnoticias.com\/","name":"La G Noticias","description":"Noticias Positivas","potentialAction":[{"@type":"SearchAction","target":{"@type":"EntryPoint","urlTemplate":"https:\/\/lagnoticias.com\/?s={search_term_string}"},"query-input":{"@type":"PropertyValueSpecification","valueRequired":true,"valueName":"search_term_string"}}],"inLanguage":"en-US"},{"@type":"Person","@id":"https:\/\/lagnoticias.com\/#\/schema\/person\/cb9bfe13f8de05d2c55270be25c6a550","name":"Oscar","image":{"@type":"ImageObject","inLanguage":"en-US","@id":"https:\/\/secure.gravatar.com\/avatar\/45c195718f652dc7ffdd591dc1f2678956ab7fdadcd359a635edc61304a8c757?s=96&d=mm&r=g","url":"https:\/\/secure.gravatar.com\/avatar\/45c195718f652dc7ffdd591dc1f2678956ab7fdadcd359a635edc61304a8c757?s=96&d=mm&r=g","contentUrl":"https:\/\/secure.gravatar.com\/avatar\/45c195718f652dc7ffdd591dc1f2678956ab7fdadcd359a635edc61304a8c757?s=96&d=mm&r=g","caption":"Oscar"},"url":"https:\/\/lagnoticias.com\/en\/author\/oscar\/"}]}},"_links":{"self":[{"href":"https:\/\/lagnoticias.com\/en\/wp-json\/wp\/v2\/posts\/5671","targetHints":{"allow":["GET"]}}],"collection":[{"href":"https:\/\/lagnoticias.com\/en\/wp-json\/wp\/v2\/posts"}],"about":[{"href":"https:\/\/lagnoticias.com\/en\/wp-json\/wp\/v2\/types\/post"}],"author":[{"embeddable":true,"href":"https:\/\/lagnoticias.com\/en\/wp-json\/wp\/v2\/users\/2"}],"replies":[{"embeddable":true,"href":"https:\/\/lagnoticias.com\/en\/wp-json\/wp\/v2\/comments?post=5671"}],"version-history":[{"count":1,"href":"https:\/\/lagnoticias.com\/en\/wp-json\/wp\/v2\/posts\/5671\/revisions"}],"predecessor-version":[{"id":5672,"href":"https:\/\/lagnoticias.com\/en\/wp-json\/wp\/v2\/posts\/5671\/revisions\/5672"}],"wp:featuredmedia":[{"embeddable":true,"href":"https:\/\/lagnoticias.com\/en\/wp-json\/wp\/v2\/media\/5630"}],"wp:attachment":[{"href":"https:\/\/lagnoticias.com\/en\/wp-json\/wp\/v2\/media?parent=5671"}],"wp:term":[{"taxonomy":"category","embeddable":true,"href":"https:\/\/lagnoticias.com\/en\/wp-json\/wp\/v2\/categories?post=5671"},{"taxonomy":"post_tag","embeddable":true,"href":"https:\/\/lagnoticias.com\/en\/wp-json\/wp\/v2\/tags?post=5671"}],"curies":[{"name":"wp","href":"https:\/\/api.w.org\/{rel}","templated":true}]}}