{"id":5663,"date":"2025-10-07T11:13:36","date_gmt":"2025-10-07T17:13:36","guid":{"rendered":"https:\/\/lagnoticias.com\/?p=5663"},"modified":"2025-10-08T10:28:30","modified_gmt":"2025-10-08T16:28:30","slug":"jennifer-lopez-y-ben-affleck-reavivan-rumores-de-reconciliacion","status":"publish","type":"post","link":"https:\/\/lagnoticias.com\/en\/2025\/10\/07\/jennifer-lopez-y-ben-affleck-reavivan-rumores-de-reconciliacion\/","title":{"rendered":"Jennifer L\u00f3pez y Ben Affleck reavivan rumores de reconciliaci\u00f3n"},"content":{"rendered":"<p>El pasado&nbsp;6 de octubre de 2025,&nbsp;Jennifer L\u00f3pez&nbsp;y&nbsp;Ben Affleck&nbsp;acapararon las miradas al coincidir en la alfombra roja del estreno de&nbsp;Kiss of the Spider Woman. La aparici\u00f3n conjunta fue suficiente para que las redes sociales y medios internacionales comenzaran a hablar de un posible reencuentro entre ambos.<\/p>\n\n\n\n<p>En el evento, L\u00f3pez pos\u00f3 como protagonista y coproductora de la cinta, mientras que Affleck asisti\u00f3 en su calidad de productor. Las c\u00e1maras captaron un ambiente de cordialidad y complicidad, con sonrisas y gestos afectuosos que r\u00e1pidamente dieron pie a rumores.<\/p>\n\n\n\n<p><\/p>\n\n\n\n<figure class=\"wp-block-image aligncenter size-full\"><img loading=\"lazy\" decoding=\"async\" width=\"640\" height=\"640\" src=\"https:\/\/lagnoticias.com\/wp-content\/uploads\/2025\/10\/6-4.jpg\" alt=\"\" class=\"wp-image-5664\" srcset=\"https:\/\/lagnoticias.com\/wp-content\/uploads\/2025\/10\/6-4.jpg 640w, https:\/\/lagnoticias.com\/wp-content\/uploads\/2025\/10\/6-4-480x480.jpg 480w\" sizes=\"(min-width: 0px) and (max-width: 480px) 480px, (min-width: 481px) 640px, 100vw\" \/><\/figure>\n\n\n\n<p><\/p>\n\n\n\n<h2 class=\"wp-block-heading\">Declaraciones que alimentan las versiones<\/h2>\n\n\n\n<p>De acuerdo con asistentes, Affleck elogi\u00f3 p\u00fablicamente a L\u00f3pez, a quien calific\u00f3 como \u201cincre\u00edble\u201d durante la presentaci\u00f3n. El gesto fue interpretado como una muestra de admiraci\u00f3n profesional, aunque para los fans de la expareja signific\u00f3 mucho m\u00e1s.<\/p>\n\n\n\n<h2 class=\"wp-block-heading\">El contexto: un divorcio reciente<\/h2>\n\n\n\n<p>Cabe recordar que la pareja, conocida como&nbsp;\u201cBennifer\u201d, hab\u00eda puesto fin oficialmente a su matrimonio a inicios de 2025. La noticia de su separaci\u00f3n fue ampliamente difundida, y hasta hace pocos meses ambos se encontraban enfocados en proyectos personales separados.<\/p>\n\n\n\n<p>A pesar de ello, nunca rompieron del todo los lazos laborales, lo que facilit\u00f3 que coincidieran nuevamente en este lanzamiento cinematogr\u00e1fico.<\/p>\n\n\n\n<h2 class=\"wp-block-heading\">Rumores vs. Realidad<\/h2>\n\n\n\n<p>Aunque la imagen de L\u00f3pez y Affleck juntos gener\u00f3 especulaciones sobre un posible regreso sentimental,&nbsp;no existe confirmaci\u00f3n oficial de una reconciliaci\u00f3n. Todo apunta, por ahora, a una relaci\u00f3n profesional y de mutuo respeto que qued\u00f3 en evidencia en la premiere.<\/p>\n\n\n\n<p>Sin embargo, su cercan\u00eda en la alfombra roja alimenta la nostalgia entre los seguidores de la pareja, que no dudan en ilusionarse con la idea de una segunda oportunidad en el amor.<\/p>","protected":false},"excerpt":{"rendered":"<p>La expareja sorprendi\u00f3 al reencontrarse en el estreno de Kiss of the Spider Woman, lo que desat\u00f3 especulaciones sobre un posible acercamiento sentimental.<\/p>","protected":false},"author":2,"featured_media":5665,"comment_status":"open","ping_status":"open","sticky":false,"template":"","format":"standard","meta":{"_et_pb_use_builder":"off","_et_pb_old_content":"","_et_gb_content_width":"","footnotes":""},"categories":[249],"tags":[495,1209,1208,341,768,1210],"class_list":["post-5663","post","type-post","status-publish","format-standard","has-post-thumbnail","hentry","category-entretenimiento","tag-artistas","tag-ben-affleck","tag-jennifer-lopez","tag-jlo","tag-pareja","tag-reconciliacion"],"yoast_head":"<!-- This site is optimized with the Yoast SEO plugin v27.4 - https:\/\/yoast.com\/product\/yoast-seo-wordpress\/ -->\n<title>Jennifer L\u00f3pez y Ben Affleck reavivan rumores de reconciliaci\u00f3n - La G Noticias<\/title>\n<meta name=\"robots\" content=\"index, follow, max-snippet:-1, max-image-preview:large, max-video-preview:-1\" \/>\n<link rel=\"canonical\" href=\"https:\/\/lagnoticias.com\/en\/2025\/10\/07\/jennifer-lopez-y-ben-affleck-reavivan-rumores-de-reconciliacion\/\" \/>\n<meta property=\"og:locale\" content=\"en_US\" \/>\n<meta property=\"og:type\" content=\"article\" \/>\n<meta property=\"og:title\" content=\"Jennifer L\u00f3pez y Ben Affleck reavivan rumores de reconciliaci\u00f3n - La G Noticias\" \/>\n<meta property=\"og:description\" content=\"La expareja sorprendi\u00f3 al reencontrarse en el estreno de Kiss of the Spider Woman, lo que desat\u00f3 especulaciones sobre un posible acercamiento sentimental.\" \/>\n<meta property=\"og:url\" content=\"https:\/\/lagnoticias.com\/en\/2025\/10\/07\/jennifer-lopez-y-ben-affleck-reavivan-rumores-de-reconciliacion\/\" \/>\n<meta property=\"og:site_name\" content=\"La G Noticias\" \/>\n<meta property=\"article:publisher\" content=\"https:\/\/www.facebook.com\/LaGNoticias\" \/>\n<meta property=\"article:published_time\" content=\"2025-10-07T17:13:36+00:00\" \/>\n<meta property=\"article:modified_time\" content=\"2025-10-08T16:28:30+00:00\" \/>\n<meta property=\"og:image\" content=\"https:\/\/lagnoticias.com\/wp-content\/uploads\/2025\/10\/4-2.jpg\" \/>\n\t<meta property=\"og:image:width\" content=\"960\" \/>\n\t<meta property=\"og:image:height\" content=\"540\" \/>\n\t<meta property=\"og:image:type\" content=\"image\/jpeg\" \/>\n<meta name=\"author\" content=\"Oscar\" \/>\n<meta name=\"twitter:card\" content=\"summary_large_image\" \/>\n<meta name=\"twitter:creator\" content=\"@lagnoticias\" \/>\n<meta name=\"twitter:site\" content=\"@lagnoticias\" \/>\n<meta name=\"twitter:label1\" content=\"Written by\" \/>\n\t<meta name=\"twitter:data1\" content=\"Oscar\" \/>\n\t<meta name=\"twitter:label2\" content=\"Est. reading time\" \/>\n\t<meta name=\"twitter:data2\" content=\"2 minutes\" \/>\n<script type=\"application\/ld+json\" class=\"yoast-schema-graph\">{\"@context\":\"https:\\\/\\\/schema.org\",\"@graph\":[{\"@type\":\"Article\",\"@id\":\"https:\\\/\\\/lagnoticias.com\\\/2025\\\/10\\\/07\\\/jennifer-lopez-y-ben-affleck-reavivan-rumores-de-reconciliacion\\\/#article\",\"isPartOf\":{\"@id\":\"https:\\\/\\\/lagnoticias.com\\\/2025\\\/10\\\/07\\\/jennifer-lopez-y-ben-affleck-reavivan-rumores-de-reconciliacion\\\/\"},\"author\":{\"name\":\"Oscar\",\"@id\":\"https:\\\/\\\/lagnoticias.com\\\/#\\\/schema\\\/person\\\/cb9bfe13f8de05d2c55270be25c6a550\"},\"headline\":\"Jennifer L\u00f3pez y Ben Affleck reavivan rumores de reconciliaci\u00f3n\",\"datePublished\":\"2025-10-07T17:13:36+00:00\",\"dateModified\":\"2025-10-08T16:28:30+00:00\",\"mainEntityOfPage\":{\"@id\":\"https:\\\/\\\/lagnoticias.com\\\/2025\\\/10\\\/07\\\/jennifer-lopez-y-ben-affleck-reavivan-rumores-de-reconciliacion\\\/\"},\"wordCount\":311,\"commentCount\":0,\"image\":{\"@id\":\"https:\\\/\\\/lagnoticias.com\\\/2025\\\/10\\\/07\\\/jennifer-lopez-y-ben-affleck-reavivan-rumores-de-reconciliacion\\\/#primaryimage\"},\"thumbnailUrl\":\"https:\\\/\\\/lagnoticias.com\\\/wp-content\\\/uploads\\\/2025\\\/10\\\/4-2.jpg\",\"keywords\":[\"ARTISTAS\",\"BEN AFFLECK\",\"JENNIFER L\u00d3PEZ\",\"JLO\",\"PAREJA\",\"RECONCILIACI\u00d3N\"],\"articleSection\":[\"ENTRETENIMIENTO\"],\"inLanguage\":\"en-US\",\"potentialAction\":[{\"@type\":\"CommentAction\",\"name\":\"Comment\",\"target\":[\"https:\\\/\\\/lagnoticias.com\\\/2025\\\/10\\\/07\\\/jennifer-lopez-y-ben-affleck-reavivan-rumores-de-reconciliacion\\\/#respond\"]}]},{\"@type\":\"WebPage\",\"@id\":\"https:\\\/\\\/lagnoticias.com\\\/2025\\\/10\\\/07\\\/jennifer-lopez-y-ben-affleck-reavivan-rumores-de-reconciliacion\\\/\",\"url\":\"https:\\\/\\\/lagnoticias.com\\\/2025\\\/10\\\/07\\\/jennifer-lopez-y-ben-affleck-reavivan-rumores-de-reconciliacion\\\/\",\"name\":\"Jennifer L\u00f3pez y Ben Affleck reavivan rumores de reconciliaci\u00f3n - La G Noticias\",\"isPartOf\":{\"@id\":\"https:\\\/\\\/lagnoticias.com\\\/#website\"},\"primaryImageOfPage\":{\"@id\":\"https:\\\/\\\/lagnoticias.com\\\/2025\\\/10\\\/07\\\/jennifer-lopez-y-ben-affleck-reavivan-rumores-de-reconciliacion\\\/#primaryimage\"},\"image\":{\"@id\":\"https:\\\/\\\/lagnoticias.com\\\/2025\\\/10\\\/07\\\/jennifer-lopez-y-ben-affleck-reavivan-rumores-de-reconciliacion\\\/#primaryimage\"},\"thumbnailUrl\":\"https:\\\/\\\/lagnoticias.com\\\/wp-content\\\/uploads\\\/2025\\\/10\\\/4-2.jpg\",\"datePublished\":\"2025-10-07T17:13:36+00:00\",\"dateModified\":\"2025-10-08T16:28:30+00:00\",\"author\":{\"@id\":\"https:\\\/\\\/lagnoticias.com\\\/#\\\/schema\\\/person\\\/cb9bfe13f8de05d2c55270be25c6a550\"},\"breadcrumb\":{\"@id\":\"https:\\\/\\\/lagnoticias.com\\\/2025\\\/10\\\/07\\\/jennifer-lopez-y-ben-affleck-reavivan-rumores-de-reconciliacion\\\/#breadcrumb\"},\"inLanguage\":\"en-US\",\"potentialAction\":[{\"@type\":\"ReadAction\",\"target\":[\"https:\\\/\\\/lagnoticias.com\\\/2025\\\/10\\\/07\\\/jennifer-lopez-y-ben-affleck-reavivan-rumores-de-reconciliacion\\\/\"]}]},{\"@type\":\"ImageObject\",\"inLanguage\":\"en-US\",\"@id\":\"https:\\\/\\\/lagnoticias.com\\\/2025\\\/10\\\/07\\\/jennifer-lopez-y-ben-affleck-reavivan-rumores-de-reconciliacion\\\/#primaryimage\",\"url\":\"https:\\\/\\\/lagnoticias.com\\\/wp-content\\\/uploads\\\/2025\\\/10\\\/4-2.jpg\",\"contentUrl\":\"https:\\\/\\\/lagnoticias.com\\\/wp-content\\\/uploads\\\/2025\\\/10\\\/4-2.jpg\",\"width\":960,\"height\":540},{\"@type\":\"BreadcrumbList\",\"@id\":\"https:\\\/\\\/lagnoticias.com\\\/2025\\\/10\\\/07\\\/jennifer-lopez-y-ben-affleck-reavivan-rumores-de-reconciliacion\\\/#breadcrumb\",\"itemListElement\":[{\"@type\":\"ListItem\",\"position\":1,\"name\":\"Portada\",\"item\":\"https:\\\/\\\/lagnoticias.com\\\/\"},{\"@type\":\"ListItem\",\"position\":2,\"name\":\"Jennifer L\u00f3pez y Ben Affleck reavivan rumores de reconciliaci\u00f3n\"}]},{\"@type\":\"WebSite\",\"@id\":\"https:\\\/\\\/lagnoticias.com\\\/#website\",\"url\":\"https:\\\/\\\/lagnoticias.com\\\/\",\"name\":\"La G Noticias\",\"description\":\"Noticias Positivas\",\"potentialAction\":[{\"@type\":\"SearchAction\",\"target\":{\"@type\":\"EntryPoint\",\"urlTemplate\":\"https:\\\/\\\/lagnoticias.com\\\/?s={search_term_string}\"},\"query-input\":{\"@type\":\"PropertyValueSpecification\",\"valueRequired\":true,\"valueName\":\"search_term_string\"}}],\"inLanguage\":\"en-US\"},{\"@type\":\"Person\",\"@id\":\"https:\\\/\\\/lagnoticias.com\\\/#\\\/schema\\\/person\\\/cb9bfe13f8de05d2c55270be25c6a550\",\"name\":\"Oscar\",\"image\":{\"@type\":\"ImageObject\",\"inLanguage\":\"en-US\",\"@id\":\"https:\\\/\\\/secure.gravatar.com\\\/avatar\\\/45c195718f652dc7ffdd591dc1f2678956ab7fdadcd359a635edc61304a8c757?s=96&d=mm&r=g\",\"url\":\"https:\\\/\\\/secure.gravatar.com\\\/avatar\\\/45c195718f652dc7ffdd591dc1f2678956ab7fdadcd359a635edc61304a8c757?s=96&d=mm&r=g\",\"contentUrl\":\"https:\\\/\\\/secure.gravatar.com\\\/avatar\\\/45c195718f652dc7ffdd591dc1f2678956ab7fdadcd359a635edc61304a8c757?s=96&d=mm&r=g\",\"caption\":\"Oscar\"},\"url\":\"https:\\\/\\\/lagnoticias.com\\\/en\\\/author\\\/oscar\\\/\"}]}<\/script>\n<!-- \/ Yoast SEO plugin. -->","yoast_head_json":{"title":"Jennifer L\u00f3pez y Ben Affleck reavivan rumores de reconciliaci\u00f3n - La G Noticias","robots":{"index":"index","follow":"follow","max-snippet":"max-snippet:-1","max-image-preview":"max-image-preview:large","max-video-preview":"max-video-preview:-1"},"canonical":"https:\/\/lagnoticias.com\/en\/2025\/10\/07\/jennifer-lopez-y-ben-affleck-reavivan-rumores-de-reconciliacion\/","og_locale":"en_US","og_type":"article","og_title":"Jennifer L\u00f3pez y Ben Affleck reavivan rumores de reconciliaci\u00f3n - La G Noticias","og_description":"La expareja sorprendi\u00f3 al reencontrarse en el estreno de Kiss of the Spider Woman, lo que desat\u00f3 especulaciones sobre un posible acercamiento sentimental.","og_url":"https:\/\/lagnoticias.com\/en\/2025\/10\/07\/jennifer-lopez-y-ben-affleck-reavivan-rumores-de-reconciliacion\/","og_site_name":"La G Noticias","article_publisher":"https:\/\/www.facebook.com\/LaGNoticias","article_published_time":"2025-10-07T17:13:36+00:00","article_modified_time":"2025-10-08T16:28:30+00:00","og_image":[{"width":960,"height":540,"url":"https:\/\/lagnoticias.com\/wp-content\/uploads\/2025\/10\/4-2.jpg","type":"image\/jpeg"}],"author":"Oscar","twitter_card":"summary_large_image","twitter_creator":"@lagnoticias","twitter_site":"@lagnoticias","twitter_misc":{"Written by":"Oscar","Est. reading time":"2 minutes"},"schema":{"@context":"https:\/\/schema.org","@graph":[{"@type":"Article","@id":"https:\/\/lagnoticias.com\/2025\/10\/07\/jennifer-lopez-y-ben-affleck-reavivan-rumores-de-reconciliacion\/#article","isPartOf":{"@id":"https:\/\/lagnoticias.com\/2025\/10\/07\/jennifer-lopez-y-ben-affleck-reavivan-rumores-de-reconciliacion\/"},"author":{"name":"Oscar","@id":"https:\/\/lagnoticias.com\/#\/schema\/person\/cb9bfe13f8de05d2c55270be25c6a550"},"headline":"Jennifer L\u00f3pez y Ben Affleck reavivan rumores de reconciliaci\u00f3n","datePublished":"2025-10-07T17:13:36+00:00","dateModified":"2025-10-08T16:28:30+00:00","mainEntityOfPage":{"@id":"https:\/\/lagnoticias.com\/2025\/10\/07\/jennifer-lopez-y-ben-affleck-reavivan-rumores-de-reconciliacion\/"},"wordCount":311,"commentCount":0,"image":{"@id":"https:\/\/lagnoticias.com\/2025\/10\/07\/jennifer-lopez-y-ben-affleck-reavivan-rumores-de-reconciliacion\/#primaryimage"},"thumbnailUrl":"https:\/\/lagnoticias.com\/wp-content\/uploads\/2025\/10\/4-2.jpg","keywords":["ARTISTAS","BEN AFFLECK","JENNIFER L\u00d3PEZ","JLO","PAREJA","RECONCILIACI\u00d3N"],"articleSection":["ENTRETENIMIENTO"],"inLanguage":"en-US","potentialAction":[{"@type":"CommentAction","name":"Comment","target":["https:\/\/lagnoticias.com\/2025\/10\/07\/jennifer-lopez-y-ben-affleck-reavivan-rumores-de-reconciliacion\/#respond"]}]},{"@type":"WebPage","@id":"https:\/\/lagnoticias.com\/2025\/10\/07\/jennifer-lopez-y-ben-affleck-reavivan-rumores-de-reconciliacion\/","url":"https:\/\/lagnoticias.com\/2025\/10\/07\/jennifer-lopez-y-ben-affleck-reavivan-rumores-de-reconciliacion\/","name":"Jennifer L\u00f3pez y Ben Affleck reavivan rumores de reconciliaci\u00f3n - La G Noticias","isPartOf":{"@id":"https:\/\/lagnoticias.com\/#website"},"primaryImageOfPage":{"@id":"https:\/\/lagnoticias.com\/2025\/10\/07\/jennifer-lopez-y-ben-affleck-reavivan-rumores-de-reconciliacion\/#primaryimage"},"image":{"@id":"https:\/\/lagnoticias.com\/2025\/10\/07\/jennifer-lopez-y-ben-affleck-reavivan-rumores-de-reconciliacion\/#primaryimage"},"thumbnailUrl":"https:\/\/lagnoticias.com\/wp-content\/uploads\/2025\/10\/4-2.jpg","datePublished":"2025-10-07T17:13:36+00:00","dateModified":"2025-10-08T16:28:30+00:00","author":{"@id":"https:\/\/lagnoticias.com\/#\/schema\/person\/cb9bfe13f8de05d2c55270be25c6a550"},"breadcrumb":{"@id":"https:\/\/lagnoticias.com\/2025\/10\/07\/jennifer-lopez-y-ben-affleck-reavivan-rumores-de-reconciliacion\/#breadcrumb"},"inLanguage":"en-US","potentialAction":[{"@type":"ReadAction","target":["https:\/\/lagnoticias.com\/2025\/10\/07\/jennifer-lopez-y-ben-affleck-reavivan-rumores-de-reconciliacion\/"]}]},{"@type":"ImageObject","inLanguage":"en-US","@id":"https:\/\/lagnoticias.com\/2025\/10\/07\/jennifer-lopez-y-ben-affleck-reavivan-rumores-de-reconciliacion\/#primaryimage","url":"https:\/\/lagnoticias.com\/wp-content\/uploads\/2025\/10\/4-2.jpg","contentUrl":"https:\/\/lagnoticias.com\/wp-content\/uploads\/2025\/10\/4-2.jpg","width":960,"height":540},{"@type":"BreadcrumbList","@id":"https:\/\/lagnoticias.com\/2025\/10\/07\/jennifer-lopez-y-ben-affleck-reavivan-rumores-de-reconciliacion\/#breadcrumb","itemListElement":[{"@type":"ListItem","position":1,"name":"Portada","item":"https:\/\/lagnoticias.com\/"},{"@type":"ListItem","position":2,"name":"Jennifer L\u00f3pez y Ben Affleck reavivan rumores de reconciliaci\u00f3n"}]},{"@type":"WebSite","@id":"https:\/\/lagnoticias.com\/#website","url":"https:\/\/lagnoticias.com\/","name":"La G Noticias","description":"Noticias Positivas","potentialAction":[{"@type":"SearchAction","target":{"@type":"EntryPoint","urlTemplate":"https:\/\/lagnoticias.com\/?s={search_term_string}"},"query-input":{"@type":"PropertyValueSpecification","valueRequired":true,"valueName":"search_term_string"}}],"inLanguage":"en-US"},{"@type":"Person","@id":"https:\/\/lagnoticias.com\/#\/schema\/person\/cb9bfe13f8de05d2c55270be25c6a550","name":"Oscar","image":{"@type":"ImageObject","inLanguage":"en-US","@id":"https:\/\/secure.gravatar.com\/avatar\/45c195718f652dc7ffdd591dc1f2678956ab7fdadcd359a635edc61304a8c757?s=96&d=mm&r=g","url":"https:\/\/secure.gravatar.com\/avatar\/45c195718f652dc7ffdd591dc1f2678956ab7fdadcd359a635edc61304a8c757?s=96&d=mm&r=g","contentUrl":"https:\/\/secure.gravatar.com\/avatar\/45c195718f652dc7ffdd591dc1f2678956ab7fdadcd359a635edc61304a8c757?s=96&d=mm&r=g","caption":"Oscar"},"url":"https:\/\/lagnoticias.com\/en\/author\/oscar\/"}]}},"_links":{"self":[{"href":"https:\/\/lagnoticias.com\/en\/wp-json\/wp\/v2\/posts\/5663","targetHints":{"allow":["GET"]}}],"collection":[{"href":"https:\/\/lagnoticias.com\/en\/wp-json\/wp\/v2\/posts"}],"about":[{"href":"https:\/\/lagnoticias.com\/en\/wp-json\/wp\/v2\/types\/post"}],"author":[{"embeddable":true,"href":"https:\/\/lagnoticias.com\/en\/wp-json\/wp\/v2\/users\/2"}],"replies":[{"embeddable":true,"href":"https:\/\/lagnoticias.com\/en\/wp-json\/wp\/v2\/comments?post=5663"}],"version-history":[{"count":1,"href":"https:\/\/lagnoticias.com\/en\/wp-json\/wp\/v2\/posts\/5663\/revisions"}],"predecessor-version":[{"id":5666,"href":"https:\/\/lagnoticias.com\/en\/wp-json\/wp\/v2\/posts\/5663\/revisions\/5666"}],"wp:featuredmedia":[{"embeddable":true,"href":"https:\/\/lagnoticias.com\/en\/wp-json\/wp\/v2\/media\/5665"}],"wp:attachment":[{"href":"https:\/\/lagnoticias.com\/en\/wp-json\/wp\/v2\/media?parent=5663"}],"wp:term":[{"taxonomy":"category","embeddable":true,"href":"https:\/\/lagnoticias.com\/en\/wp-json\/wp\/v2\/categories?post=5663"},{"taxonomy":"post_tag","embeddable":true,"href":"https:\/\/lagnoticias.com\/en\/wp-json\/wp\/v2\/tags?post=5663"}],"curies":[{"name":"wp","href":"https:\/\/api.w.org\/{rel}","templated":true}]}}