{"id":5650,"date":"2025-10-07T09:02:09","date_gmt":"2025-10-07T15:02:09","guid":{"rendered":"https:\/\/lagnoticias.com\/?p=5650"},"modified":"2025-10-07T09:02:10","modified_gmt":"2025-10-07T15:02:10","slug":"un-edificio-colapsa-en-el-centro-de-madrid-varios-heridos","status":"publish","type":"post","link":"https:\/\/lagnoticias.com\/en\/2025\/10\/07\/un-edificio-colapsa-en-el-centro-de-madrid-varios-heridos\/","title":{"rendered":"Un edificio colapsa en el centro de Madrid: varios heridos"},"content":{"rendered":"<p>Los servicios de emergencias de Madrid informan del colapso parcial de un edificio del centro de Madrid, concretamente en el barrio de \u00d3pera. De momento, hay incertidumbre sobre el n\u00famero de personas heridas y&nbsp;desaparecidas.<\/p>\n\n\n\n<p>La Polic\u00eda Nacional ha informado de al menos dos personas atrapadas&nbsp;y un herido grave que est\u00e1 siendo traslado en ambulancia.&nbsp;<\/p>\n\n\n\n<p>Los Bomberos, por su parte, aseguran que hay&nbsp;cinco&nbsp;desaparecidos.&nbsp;El edificio estaba abandonado y en obras para construir un hotel de cuatro estrellas. Un obrero que estaba trabajando en el lugar asegura que \u201cpodr\u00eda haber hasta 40 personas dentro de la obra\u00bb.&nbsp;<\/p>\n\n\n\n<p>Por su parte, el&nbsp;delegado del Gobierno en la Comunidad de Madrid, Francisco Mart\u00edn Aguirre, coment\u00f3 a periodistas que \u00aben estos momentos, hay cuatro personas desaparecidas\u00bb.&nbsp;Hay \u00abuna cifra de heridos que, en estos momentos, se baraja alrededor de los diez\u00bb, agreg\u00f3 en el lugar del incidente. Mart\u00edn Aguirre precis\u00f3 que estos eran \u00abmayoritariamente leves\u00bb, aunque tambi\u00e9n habr\u00eda alguno un poco m\u00e1s grave, con fracturas.&nbsp;<\/p>\n\n\n\n<h2 class=\"wp-block-heading\">Fuerte despliegue<\/h2>\n\n\n\n<p>Hasta el lugar del suceso, la calle Hileras, que se encuentra entre la plaza de \u00d3pera y la Puerta del Sol, en el centro de la capital de&nbsp;Espa\u00f1a, se desplazaron once dotaciones de bomberos, as\u00ed como varias ambulancias y efectivos policiales, que acordonaron la zona.<\/p>\n\n\n\n<p>Los trabajadores de tiendas cercanas al lugar declararon&nbsp;que escucharon un \u00abestruendo\u00bb y que empez\u00f3 a salir \u00abmucho polvo\u00bb con un \u00abolor raro\u00bb.<\/p>\n\n\n\n<p><\/p>\n\n\n\n<p><\/p>\n\n\n\n<p>(DW)<\/p>","protected":false},"excerpt":{"rendered":"<p>Al menos seis plantas de un edificio en pleno centro de Madrid se han derrumbado. Hay heridos y desaparecidos.<\/p>","protected":false},"author":2,"featured_media":5651,"comment_status":"open","ping_status":"open","sticky":false,"template":"","format":"standard","meta":{"_et_pb_use_builder":"off","_et_pb_old_content":"","_et_gb_content_width":"","footnotes":""},"categories":[245],"tags":[1205,807,1204],"class_list":["post-5650","post","type-post","status-publish","format-standard","has-post-thumbnail","hentry","category-internacionales","tag-colapso","tag-espana","tag-madrid"],"yoast_head":"<!-- This site is optimized with the Yoast SEO plugin v27.4 - https:\/\/yoast.com\/product\/yoast-seo-wordpress\/ -->\n<title>Un edificio colapsa en el centro de Madrid: varios heridos - La G Noticias<\/title>\n<meta name=\"robots\" content=\"index, follow, max-snippet:-1, max-image-preview:large, max-video-preview:-1\" \/>\n<link rel=\"canonical\" href=\"https:\/\/lagnoticias.com\/en\/2025\/10\/07\/un-edificio-colapsa-en-el-centro-de-madrid-varios-heridos\/\" \/>\n<meta property=\"og:locale\" content=\"en_US\" \/>\n<meta property=\"og:type\" content=\"article\" \/>\n<meta property=\"og:title\" content=\"Un edificio colapsa en el centro de Madrid: varios heridos - La G Noticias\" \/>\n<meta property=\"og:description\" content=\"Al menos seis plantas de un edificio en pleno centro de Madrid se han derrumbado. Hay heridos y desaparecidos.\" \/>\n<meta property=\"og:url\" content=\"https:\/\/lagnoticias.com\/en\/2025\/10\/07\/un-edificio-colapsa-en-el-centro-de-madrid-varios-heridos\/\" \/>\n<meta property=\"og:site_name\" content=\"La G Noticias\" \/>\n<meta property=\"article:publisher\" content=\"https:\/\/www.facebook.com\/LaGNoticias\" \/>\n<meta property=\"article:published_time\" content=\"2025-10-07T15:02:09+00:00\" \/>\n<meta property=\"article:modified_time\" content=\"2025-10-07T15:02:10+00:00\" \/>\n<meta property=\"og:image\" content=\"https:\/\/lagnoticias.com\/wp-content\/uploads\/2025\/10\/3-6.jpg\" \/>\n\t<meta property=\"og:image:width\" content=\"1016\" \/>\n\t<meta property=\"og:image:height\" content=\"516\" \/>\n\t<meta property=\"og:image:type\" content=\"image\/jpeg\" \/>\n<meta name=\"author\" content=\"Oscar\" \/>\n<meta name=\"twitter:card\" content=\"summary_large_image\" \/>\n<meta name=\"twitter:creator\" content=\"@lagnoticias\" \/>\n<meta name=\"twitter:site\" content=\"@lagnoticias\" \/>\n<meta name=\"twitter:label1\" content=\"Written by\" \/>\n\t<meta name=\"twitter:data1\" content=\"Oscar\" \/>\n\t<meta name=\"twitter:label2\" content=\"Est. reading time\" \/>\n\t<meta name=\"twitter:data2\" content=\"2 minutes\" \/>\n<script type=\"application\/ld+json\" class=\"yoast-schema-graph\">{\"@context\":\"https:\\\/\\\/schema.org\",\"@graph\":[{\"@type\":\"Article\",\"@id\":\"https:\\\/\\\/lagnoticias.com\\\/2025\\\/10\\\/07\\\/un-edificio-colapsa-en-el-centro-de-madrid-varios-heridos\\\/#article\",\"isPartOf\":{\"@id\":\"https:\\\/\\\/lagnoticias.com\\\/2025\\\/10\\\/07\\\/un-edificio-colapsa-en-el-centro-de-madrid-varios-heridos\\\/\"},\"author\":{\"name\":\"Oscar\",\"@id\":\"https:\\\/\\\/lagnoticias.com\\\/#\\\/schema\\\/person\\\/cb9bfe13f8de05d2c55270be25c6a550\"},\"headline\":\"Un edificio colapsa en el centro de Madrid: varios heridos\",\"datePublished\":\"2025-10-07T15:02:09+00:00\",\"dateModified\":\"2025-10-07T15:02:10+00:00\",\"mainEntityOfPage\":{\"@id\":\"https:\\\/\\\/lagnoticias.com\\\/2025\\\/10\\\/07\\\/un-edificio-colapsa-en-el-centro-de-madrid-varios-heridos\\\/\"},\"wordCount\":266,\"commentCount\":0,\"image\":{\"@id\":\"https:\\\/\\\/lagnoticias.com\\\/2025\\\/10\\\/07\\\/un-edificio-colapsa-en-el-centro-de-madrid-varios-heridos\\\/#primaryimage\"},\"thumbnailUrl\":\"https:\\\/\\\/lagnoticias.com\\\/wp-content\\\/uploads\\\/2025\\\/10\\\/3-6.jpg\",\"keywords\":[\"COLAPSO\",\"ESPA\u00d1A\",\"MADRID\"],\"articleSection\":[\"INTERNACIONALES\"],\"inLanguage\":\"en-US\",\"potentialAction\":[{\"@type\":\"CommentAction\",\"name\":\"Comment\",\"target\":[\"https:\\\/\\\/lagnoticias.com\\\/2025\\\/10\\\/07\\\/un-edificio-colapsa-en-el-centro-de-madrid-varios-heridos\\\/#respond\"]}]},{\"@type\":\"WebPage\",\"@id\":\"https:\\\/\\\/lagnoticias.com\\\/2025\\\/10\\\/07\\\/un-edificio-colapsa-en-el-centro-de-madrid-varios-heridos\\\/\",\"url\":\"https:\\\/\\\/lagnoticias.com\\\/2025\\\/10\\\/07\\\/un-edificio-colapsa-en-el-centro-de-madrid-varios-heridos\\\/\",\"name\":\"Un edificio colapsa en el centro de Madrid: varios heridos - La G Noticias\",\"isPartOf\":{\"@id\":\"https:\\\/\\\/lagnoticias.com\\\/#website\"},\"primaryImageOfPage\":{\"@id\":\"https:\\\/\\\/lagnoticias.com\\\/2025\\\/10\\\/07\\\/un-edificio-colapsa-en-el-centro-de-madrid-varios-heridos\\\/#primaryimage\"},\"image\":{\"@id\":\"https:\\\/\\\/lagnoticias.com\\\/2025\\\/10\\\/07\\\/un-edificio-colapsa-en-el-centro-de-madrid-varios-heridos\\\/#primaryimage\"},\"thumbnailUrl\":\"https:\\\/\\\/lagnoticias.com\\\/wp-content\\\/uploads\\\/2025\\\/10\\\/3-6.jpg\",\"datePublished\":\"2025-10-07T15:02:09+00:00\",\"dateModified\":\"2025-10-07T15:02:10+00:00\",\"author\":{\"@id\":\"https:\\\/\\\/lagnoticias.com\\\/#\\\/schema\\\/person\\\/cb9bfe13f8de05d2c55270be25c6a550\"},\"breadcrumb\":{\"@id\":\"https:\\\/\\\/lagnoticias.com\\\/2025\\\/10\\\/07\\\/un-edificio-colapsa-en-el-centro-de-madrid-varios-heridos\\\/#breadcrumb\"},\"inLanguage\":\"en-US\",\"potentialAction\":[{\"@type\":\"ReadAction\",\"target\":[\"https:\\\/\\\/lagnoticias.com\\\/2025\\\/10\\\/07\\\/un-edificio-colapsa-en-el-centro-de-madrid-varios-heridos\\\/\"]}]},{\"@type\":\"ImageObject\",\"inLanguage\":\"en-US\",\"@id\":\"https:\\\/\\\/lagnoticias.com\\\/2025\\\/10\\\/07\\\/un-edificio-colapsa-en-el-centro-de-madrid-varios-heridos\\\/#primaryimage\",\"url\":\"https:\\\/\\\/lagnoticias.com\\\/wp-content\\\/uploads\\\/2025\\\/10\\\/3-6.jpg\",\"contentUrl\":\"https:\\\/\\\/lagnoticias.com\\\/wp-content\\\/uploads\\\/2025\\\/10\\\/3-6.jpg\",\"width\":1016,\"height\":516},{\"@type\":\"BreadcrumbList\",\"@id\":\"https:\\\/\\\/lagnoticias.com\\\/2025\\\/10\\\/07\\\/un-edificio-colapsa-en-el-centro-de-madrid-varios-heridos\\\/#breadcrumb\",\"itemListElement\":[{\"@type\":\"ListItem\",\"position\":1,\"name\":\"Portada\",\"item\":\"https:\\\/\\\/lagnoticias.com\\\/\"},{\"@type\":\"ListItem\",\"position\":2,\"name\":\"Un edificio colapsa en el centro de Madrid: varios heridos\"}]},{\"@type\":\"WebSite\",\"@id\":\"https:\\\/\\\/lagnoticias.com\\\/#website\",\"url\":\"https:\\\/\\\/lagnoticias.com\\\/\",\"name\":\"La G Noticias\",\"description\":\"Noticias Positivas\",\"potentialAction\":[{\"@type\":\"SearchAction\",\"target\":{\"@type\":\"EntryPoint\",\"urlTemplate\":\"https:\\\/\\\/lagnoticias.com\\\/?s={search_term_string}\"},\"query-input\":{\"@type\":\"PropertyValueSpecification\",\"valueRequired\":true,\"valueName\":\"search_term_string\"}}],\"inLanguage\":\"en-US\"},{\"@type\":\"Person\",\"@id\":\"https:\\\/\\\/lagnoticias.com\\\/#\\\/schema\\\/person\\\/cb9bfe13f8de05d2c55270be25c6a550\",\"name\":\"Oscar\",\"image\":{\"@type\":\"ImageObject\",\"inLanguage\":\"en-US\",\"@id\":\"https:\\\/\\\/secure.gravatar.com\\\/avatar\\\/45c195718f652dc7ffdd591dc1f2678956ab7fdadcd359a635edc61304a8c757?s=96&d=mm&r=g\",\"url\":\"https:\\\/\\\/secure.gravatar.com\\\/avatar\\\/45c195718f652dc7ffdd591dc1f2678956ab7fdadcd359a635edc61304a8c757?s=96&d=mm&r=g\",\"contentUrl\":\"https:\\\/\\\/secure.gravatar.com\\\/avatar\\\/45c195718f652dc7ffdd591dc1f2678956ab7fdadcd359a635edc61304a8c757?s=96&d=mm&r=g\",\"caption\":\"Oscar\"},\"url\":\"https:\\\/\\\/lagnoticias.com\\\/en\\\/author\\\/oscar\\\/\"}]}<\/script>\n<!-- \/ Yoast SEO plugin. -->","yoast_head_json":{"title":"Un edificio colapsa en el centro de Madrid: varios heridos - La G Noticias","robots":{"index":"index","follow":"follow","max-snippet":"max-snippet:-1","max-image-preview":"max-image-preview:large","max-video-preview":"max-video-preview:-1"},"canonical":"https:\/\/lagnoticias.com\/en\/2025\/10\/07\/un-edificio-colapsa-en-el-centro-de-madrid-varios-heridos\/","og_locale":"en_US","og_type":"article","og_title":"Un edificio colapsa en el centro de Madrid: varios heridos - La G Noticias","og_description":"Al menos seis plantas de un edificio en pleno centro de Madrid se han derrumbado. Hay heridos y desaparecidos.","og_url":"https:\/\/lagnoticias.com\/en\/2025\/10\/07\/un-edificio-colapsa-en-el-centro-de-madrid-varios-heridos\/","og_site_name":"La G Noticias","article_publisher":"https:\/\/www.facebook.com\/LaGNoticias","article_published_time":"2025-10-07T15:02:09+00:00","article_modified_time":"2025-10-07T15:02:10+00:00","og_image":[{"width":1016,"height":516,"url":"https:\/\/lagnoticias.com\/wp-content\/uploads\/2025\/10\/3-6.jpg","type":"image\/jpeg"}],"author":"Oscar","twitter_card":"summary_large_image","twitter_creator":"@lagnoticias","twitter_site":"@lagnoticias","twitter_misc":{"Written by":"Oscar","Est. reading time":"2 minutes"},"schema":{"@context":"https:\/\/schema.org","@graph":[{"@type":"Article","@id":"https:\/\/lagnoticias.com\/2025\/10\/07\/un-edificio-colapsa-en-el-centro-de-madrid-varios-heridos\/#article","isPartOf":{"@id":"https:\/\/lagnoticias.com\/2025\/10\/07\/un-edificio-colapsa-en-el-centro-de-madrid-varios-heridos\/"},"author":{"name":"Oscar","@id":"https:\/\/lagnoticias.com\/#\/schema\/person\/cb9bfe13f8de05d2c55270be25c6a550"},"headline":"Un edificio colapsa en el centro de Madrid: varios heridos","datePublished":"2025-10-07T15:02:09+00:00","dateModified":"2025-10-07T15:02:10+00:00","mainEntityOfPage":{"@id":"https:\/\/lagnoticias.com\/2025\/10\/07\/un-edificio-colapsa-en-el-centro-de-madrid-varios-heridos\/"},"wordCount":266,"commentCount":0,"image":{"@id":"https:\/\/lagnoticias.com\/2025\/10\/07\/un-edificio-colapsa-en-el-centro-de-madrid-varios-heridos\/#primaryimage"},"thumbnailUrl":"https:\/\/lagnoticias.com\/wp-content\/uploads\/2025\/10\/3-6.jpg","keywords":["COLAPSO","ESPA\u00d1A","MADRID"],"articleSection":["INTERNACIONALES"],"inLanguage":"en-US","potentialAction":[{"@type":"CommentAction","name":"Comment","target":["https:\/\/lagnoticias.com\/2025\/10\/07\/un-edificio-colapsa-en-el-centro-de-madrid-varios-heridos\/#respond"]}]},{"@type":"WebPage","@id":"https:\/\/lagnoticias.com\/2025\/10\/07\/un-edificio-colapsa-en-el-centro-de-madrid-varios-heridos\/","url":"https:\/\/lagnoticias.com\/2025\/10\/07\/un-edificio-colapsa-en-el-centro-de-madrid-varios-heridos\/","name":"Un edificio colapsa en el centro de Madrid: varios heridos - La G Noticias","isPartOf":{"@id":"https:\/\/lagnoticias.com\/#website"},"primaryImageOfPage":{"@id":"https:\/\/lagnoticias.com\/2025\/10\/07\/un-edificio-colapsa-en-el-centro-de-madrid-varios-heridos\/#primaryimage"},"image":{"@id":"https:\/\/lagnoticias.com\/2025\/10\/07\/un-edificio-colapsa-en-el-centro-de-madrid-varios-heridos\/#primaryimage"},"thumbnailUrl":"https:\/\/lagnoticias.com\/wp-content\/uploads\/2025\/10\/3-6.jpg","datePublished":"2025-10-07T15:02:09+00:00","dateModified":"2025-10-07T15:02:10+00:00","author":{"@id":"https:\/\/lagnoticias.com\/#\/schema\/person\/cb9bfe13f8de05d2c55270be25c6a550"},"breadcrumb":{"@id":"https:\/\/lagnoticias.com\/2025\/10\/07\/un-edificio-colapsa-en-el-centro-de-madrid-varios-heridos\/#breadcrumb"},"inLanguage":"en-US","potentialAction":[{"@type":"ReadAction","target":["https:\/\/lagnoticias.com\/2025\/10\/07\/un-edificio-colapsa-en-el-centro-de-madrid-varios-heridos\/"]}]},{"@type":"ImageObject","inLanguage":"en-US","@id":"https:\/\/lagnoticias.com\/2025\/10\/07\/un-edificio-colapsa-en-el-centro-de-madrid-varios-heridos\/#primaryimage","url":"https:\/\/lagnoticias.com\/wp-content\/uploads\/2025\/10\/3-6.jpg","contentUrl":"https:\/\/lagnoticias.com\/wp-content\/uploads\/2025\/10\/3-6.jpg","width":1016,"height":516},{"@type":"BreadcrumbList","@id":"https:\/\/lagnoticias.com\/2025\/10\/07\/un-edificio-colapsa-en-el-centro-de-madrid-varios-heridos\/#breadcrumb","itemListElement":[{"@type":"ListItem","position":1,"name":"Portada","item":"https:\/\/lagnoticias.com\/"},{"@type":"ListItem","position":2,"name":"Un edificio colapsa en el centro de Madrid: varios heridos"}]},{"@type":"WebSite","@id":"https:\/\/lagnoticias.com\/#website","url":"https:\/\/lagnoticias.com\/","name":"La G Noticias","description":"Noticias Positivas","potentialAction":[{"@type":"SearchAction","target":{"@type":"EntryPoint","urlTemplate":"https:\/\/lagnoticias.com\/?s={search_term_string}"},"query-input":{"@type":"PropertyValueSpecification","valueRequired":true,"valueName":"search_term_string"}}],"inLanguage":"en-US"},{"@type":"Person","@id":"https:\/\/lagnoticias.com\/#\/schema\/person\/cb9bfe13f8de05d2c55270be25c6a550","name":"Oscar","image":{"@type":"ImageObject","inLanguage":"en-US","@id":"https:\/\/secure.gravatar.com\/avatar\/45c195718f652dc7ffdd591dc1f2678956ab7fdadcd359a635edc61304a8c757?s=96&d=mm&r=g","url":"https:\/\/secure.gravatar.com\/avatar\/45c195718f652dc7ffdd591dc1f2678956ab7fdadcd359a635edc61304a8c757?s=96&d=mm&r=g","contentUrl":"https:\/\/secure.gravatar.com\/avatar\/45c195718f652dc7ffdd591dc1f2678956ab7fdadcd359a635edc61304a8c757?s=96&d=mm&r=g","caption":"Oscar"},"url":"https:\/\/lagnoticias.com\/en\/author\/oscar\/"}]}},"_links":{"self":[{"href":"https:\/\/lagnoticias.com\/en\/wp-json\/wp\/v2\/posts\/5650","targetHints":{"allow":["GET"]}}],"collection":[{"href":"https:\/\/lagnoticias.com\/en\/wp-json\/wp\/v2\/posts"}],"about":[{"href":"https:\/\/lagnoticias.com\/en\/wp-json\/wp\/v2\/types\/post"}],"author":[{"embeddable":true,"href":"https:\/\/lagnoticias.com\/en\/wp-json\/wp\/v2\/users\/2"}],"replies":[{"embeddable":true,"href":"https:\/\/lagnoticias.com\/en\/wp-json\/wp\/v2\/comments?post=5650"}],"version-history":[{"count":1,"href":"https:\/\/lagnoticias.com\/en\/wp-json\/wp\/v2\/posts\/5650\/revisions"}],"predecessor-version":[{"id":5652,"href":"https:\/\/lagnoticias.com\/en\/wp-json\/wp\/v2\/posts\/5650\/revisions\/5652"}],"wp:featuredmedia":[{"embeddable":true,"href":"https:\/\/lagnoticias.com\/en\/wp-json\/wp\/v2\/media\/5651"}],"wp:attachment":[{"href":"https:\/\/lagnoticias.com\/en\/wp-json\/wp\/v2\/media?parent=5650"}],"wp:term":[{"taxonomy":"category","embeddable":true,"href":"https:\/\/lagnoticias.com\/en\/wp-json\/wp\/v2\/categories?post=5650"},{"taxonomy":"post_tag","embeddable":true,"href":"https:\/\/lagnoticias.com\/en\/wp-json\/wp\/v2\/tags?post=5650"}],"curies":[{"name":"wp","href":"https:\/\/api.w.org\/{rel}","templated":true}]}}