{"id":5638,"date":"2025-10-06T15:18:45","date_gmt":"2025-10-06T21:18:45","guid":{"rendered":"https:\/\/lagnoticias.com\/?p=5638"},"modified":"2025-10-06T15:18:45","modified_gmt":"2025-10-06T21:18:45","slug":"autoridades-redoblan-esfuerzos-para-la-atencion-de-emergencias-generadas-por-las-lluvias","status":"publish","type":"post","link":"https:\/\/lagnoticias.com\/en\/2025\/10\/06\/autoridades-redoblan-esfuerzos-para-la-atencion-de-emergencias-generadas-por-las-lluvias\/","title":{"rendered":"Autoridades redoblan esfuerzos para la atenci\u00f3n de emergencias generadas por las lluvias"},"content":{"rendered":"<p>El Gobierno trabaja sin descanso con sus equipos para brindar atenci\u00f3n inmediata a la poblaci\u00f3n ante las emergencias generadas por las lluvias, y garantizar que se brinden soluciones definitivas a fin de cuidar su patrimonio.<\/p>\n\n\n\n<p>Los titulares del Ministerio de Obras P\u00fablicas (MOP), Romeo Rodr\u00edguez, y del Fondo de Conservaci\u00f3n Vial (Fovial), Alexander Beltr\u00e1n, informaron la capacidad de respuesta, que incluye a m\u00e1s de 300 cuadrillas, el incremento de las labores preventivas y de mitigaci\u00f3n, con una disponibilidad de 34 planteles instalados a escala nacional.<\/p>\n\n\n\n<p>\u201cSabemos que van a continuar las lluvias y por eso vamos a tener que redoblar esfuerzos y lo haremos en dos d\u00edas. Ejecutaremos labores de prevenci\u00f3n como la limpieza de cunetas y los sistemas de drenaje; tambi\u00e9n desarrollaremos obras de mitigaci\u00f3n en taludes\u201d, explic\u00f3 el ministro Romeo Rodr\u00edguez.<\/p>\n\n\n\n<p>Actualmente, se ejecutan labores para la eliminaci\u00f3n de un talud en el kil\u00f3metro 6 de la autopista a Comalapa. En estos momentos se trabaja en el perfilado del talud, y posteriormente se realizar\u00e1 el lanzado de concreto.<\/p>\n\n\n\n<p>El talud afectado comprende una extensi\u00f3n de 1,250 metros cuadrados y gener\u00f3 un desprendimiento de 80 metros c\u00fabicos. En la zona se hacen intervenciones en jornadas diurnas y nocturnas, para garantizar que las familias circulen seguras y sin inconvenientes.<\/p>\n\n\n\n<p>\u201cHasta el mediod\u00eda registramos 731 emergencias atendidas a escala nacional. De ellas el 47 % corresponde a la ca\u00edda de \u00e1rboles, un 38 % a deslizamientos de suelos, as\u00ed como derrumbes, un 5 % es por formaci\u00f3n de c\u00e1rcavas, el 2 % a deslizamientos y el 8 % es por inundaciones\u201d, detall\u00f3 el director del Fovial, Alexander Beltr\u00e1n.<\/p>","protected":false},"excerpt":{"rendered":"<p>El Gobierno trabaja sin descanso con sus equipos para brindar atenci\u00f3n inmediata a la poblaci\u00f3n ante las emergencias generadas por las lluvias, y garantizar que se brinden soluciones definitivas a fin de cuidar su patrimonio. Los titulares del Ministerio de Obras P\u00fablicas (MOP), Romeo Rodr\u00edguez, y del Fondo de Conservaci\u00f3n Vial (Fovial), Alexander Beltr\u00e1n, informaron [&hellip;]<\/p>","protected":false},"author":2,"featured_media":5639,"comment_status":"open","ping_status":"open","sticky":false,"template":"","format":"standard","meta":{"_et_pb_use_builder":"off","_et_pb_old_content":"","_et_gb_content_width":"","footnotes":""},"categories":[244],"tags":[267,451,268,452,470],"class_list":["post-5638","post","type-post","status-publish","format-standard","has-post-thumbnail","hentry","category-nacionales","tag-el-salvador","tag-fovial","tag-gobierno-de-el-salvador","tag-lluvias","tag-mop"],"yoast_head":"<!-- This site is optimized with the Yoast SEO plugin v27.4 - https:\/\/yoast.com\/product\/yoast-seo-wordpress\/ -->\n<title>Autoridades redoblan esfuerzos para la atenci\u00f3n de emergencias generadas por las lluvias - La G Noticias<\/title>\n<meta name=\"robots\" content=\"index, follow, max-snippet:-1, max-image-preview:large, max-video-preview:-1\" \/>\n<link rel=\"canonical\" href=\"https:\/\/lagnoticias.com\/en\/2025\/10\/06\/autoridades-redoblan-esfuerzos-para-la-atencion-de-emergencias-generadas-por-las-lluvias\/\" \/>\n<meta property=\"og:locale\" content=\"en_US\" \/>\n<meta property=\"og:type\" content=\"article\" \/>\n<meta property=\"og:title\" content=\"Autoridades redoblan esfuerzos para la atenci\u00f3n de emergencias generadas por las lluvias - La G Noticias\" \/>\n<meta property=\"og:description\" content=\"El Gobierno trabaja sin descanso con sus equipos para brindar atenci\u00f3n inmediata a la poblaci\u00f3n ante las emergencias generadas por las lluvias, y garantizar que se brinden soluciones definitivas a fin de cuidar su patrimonio. Los titulares del Ministerio de Obras P\u00fablicas (MOP), Romeo Rodr\u00edguez, y del Fondo de Conservaci\u00f3n Vial (Fovial), Alexander Beltr\u00e1n, informaron [&hellip;]\" \/>\n<meta property=\"og:url\" content=\"https:\/\/lagnoticias.com\/en\/2025\/10\/06\/autoridades-redoblan-esfuerzos-para-la-atencion-de-emergencias-generadas-por-las-lluvias\/\" \/>\n<meta property=\"og:site_name\" content=\"La G Noticias\" \/>\n<meta property=\"article:publisher\" content=\"https:\/\/www.facebook.com\/LaGNoticias\" \/>\n<meta property=\"article:published_time\" content=\"2025-10-06T21:18:45+00:00\" \/>\n<meta property=\"og:image\" content=\"https:\/\/lagnoticias.com\/wp-content\/uploads\/2025\/10\/6-3.jpg\" \/>\n\t<meta property=\"og:image:width\" content=\"1280\" \/>\n\t<meta property=\"og:image:height\" content=\"811\" \/>\n\t<meta property=\"og:image:type\" content=\"image\/jpeg\" \/>\n<meta name=\"author\" content=\"Oscar\" \/>\n<meta name=\"twitter:card\" content=\"summary_large_image\" \/>\n<meta name=\"twitter:creator\" content=\"@lagnoticias\" \/>\n<meta name=\"twitter:site\" content=\"@lagnoticias\" \/>\n<meta name=\"twitter:label1\" content=\"Written by\" \/>\n\t<meta name=\"twitter:data1\" content=\"Oscar\" \/>\n\t<meta name=\"twitter:label2\" content=\"Est. reading time\" \/>\n\t<meta name=\"twitter:data2\" content=\"2 minutes\" \/>\n<script type=\"application\/ld+json\" class=\"yoast-schema-graph\">{\"@context\":\"https:\\\/\\\/schema.org\",\"@graph\":[{\"@type\":\"Article\",\"@id\":\"https:\\\/\\\/lagnoticias.com\\\/2025\\\/10\\\/06\\\/autoridades-redoblan-esfuerzos-para-la-atencion-de-emergencias-generadas-por-las-lluvias\\\/#article\",\"isPartOf\":{\"@id\":\"https:\\\/\\\/lagnoticias.com\\\/2025\\\/10\\\/06\\\/autoridades-redoblan-esfuerzos-para-la-atencion-de-emergencias-generadas-por-las-lluvias\\\/\"},\"author\":{\"name\":\"Oscar\",\"@id\":\"https:\\\/\\\/lagnoticias.com\\\/#\\\/schema\\\/person\\\/cb9bfe13f8de05d2c55270be25c6a550\"},\"headline\":\"Autoridades redoblan esfuerzos para la atenci\u00f3n de emergencias generadas por las lluvias\",\"datePublished\":\"2025-10-06T21:18:45+00:00\",\"mainEntityOfPage\":{\"@id\":\"https:\\\/\\\/lagnoticias.com\\\/2025\\\/10\\\/06\\\/autoridades-redoblan-esfuerzos-para-la-atencion-de-emergencias-generadas-por-las-lluvias\\\/\"},\"wordCount\":286,\"commentCount\":0,\"image\":{\"@id\":\"https:\\\/\\\/lagnoticias.com\\\/2025\\\/10\\\/06\\\/autoridades-redoblan-esfuerzos-para-la-atencion-de-emergencias-generadas-por-las-lluvias\\\/#primaryimage\"},\"thumbnailUrl\":\"https:\\\/\\\/lagnoticias.com\\\/wp-content\\\/uploads\\\/2025\\\/10\\\/6-3.jpg\",\"keywords\":[\"EL SALVADOR\",\"FOVIAL\",\"GOBIERNO DE EL SALVADOR\",\"LLUVIAS\",\"MOP\"],\"articleSection\":[\"NACIONALES\"],\"inLanguage\":\"en-US\",\"potentialAction\":[{\"@type\":\"CommentAction\",\"name\":\"Comment\",\"target\":[\"https:\\\/\\\/lagnoticias.com\\\/2025\\\/10\\\/06\\\/autoridades-redoblan-esfuerzos-para-la-atencion-de-emergencias-generadas-por-las-lluvias\\\/#respond\"]}]},{\"@type\":\"WebPage\",\"@id\":\"https:\\\/\\\/lagnoticias.com\\\/2025\\\/10\\\/06\\\/autoridades-redoblan-esfuerzos-para-la-atencion-de-emergencias-generadas-por-las-lluvias\\\/\",\"url\":\"https:\\\/\\\/lagnoticias.com\\\/2025\\\/10\\\/06\\\/autoridades-redoblan-esfuerzos-para-la-atencion-de-emergencias-generadas-por-las-lluvias\\\/\",\"name\":\"Autoridades redoblan esfuerzos para la atenci\u00f3n de emergencias generadas por las lluvias - La G Noticias\",\"isPartOf\":{\"@id\":\"https:\\\/\\\/lagnoticias.com\\\/#website\"},\"primaryImageOfPage\":{\"@id\":\"https:\\\/\\\/lagnoticias.com\\\/2025\\\/10\\\/06\\\/autoridades-redoblan-esfuerzos-para-la-atencion-de-emergencias-generadas-por-las-lluvias\\\/#primaryimage\"},\"image\":{\"@id\":\"https:\\\/\\\/lagnoticias.com\\\/2025\\\/10\\\/06\\\/autoridades-redoblan-esfuerzos-para-la-atencion-de-emergencias-generadas-por-las-lluvias\\\/#primaryimage\"},\"thumbnailUrl\":\"https:\\\/\\\/lagnoticias.com\\\/wp-content\\\/uploads\\\/2025\\\/10\\\/6-3.jpg\",\"datePublished\":\"2025-10-06T21:18:45+00:00\",\"author\":{\"@id\":\"https:\\\/\\\/lagnoticias.com\\\/#\\\/schema\\\/person\\\/cb9bfe13f8de05d2c55270be25c6a550\"},\"breadcrumb\":{\"@id\":\"https:\\\/\\\/lagnoticias.com\\\/2025\\\/10\\\/06\\\/autoridades-redoblan-esfuerzos-para-la-atencion-de-emergencias-generadas-por-las-lluvias\\\/#breadcrumb\"},\"inLanguage\":\"en-US\",\"potentialAction\":[{\"@type\":\"ReadAction\",\"target\":[\"https:\\\/\\\/lagnoticias.com\\\/2025\\\/10\\\/06\\\/autoridades-redoblan-esfuerzos-para-la-atencion-de-emergencias-generadas-por-las-lluvias\\\/\"]}]},{\"@type\":\"ImageObject\",\"inLanguage\":\"en-US\",\"@id\":\"https:\\\/\\\/lagnoticias.com\\\/2025\\\/10\\\/06\\\/autoridades-redoblan-esfuerzos-para-la-atencion-de-emergencias-generadas-por-las-lluvias\\\/#primaryimage\",\"url\":\"https:\\\/\\\/lagnoticias.com\\\/wp-content\\\/uploads\\\/2025\\\/10\\\/6-3.jpg\",\"contentUrl\":\"https:\\\/\\\/lagnoticias.com\\\/wp-content\\\/uploads\\\/2025\\\/10\\\/6-3.jpg\",\"width\":1280,\"height\":811},{\"@type\":\"BreadcrumbList\",\"@id\":\"https:\\\/\\\/lagnoticias.com\\\/2025\\\/10\\\/06\\\/autoridades-redoblan-esfuerzos-para-la-atencion-de-emergencias-generadas-por-las-lluvias\\\/#breadcrumb\",\"itemListElement\":[{\"@type\":\"ListItem\",\"position\":1,\"name\":\"Portada\",\"item\":\"https:\\\/\\\/lagnoticias.com\\\/\"},{\"@type\":\"ListItem\",\"position\":2,\"name\":\"Autoridades redoblan esfuerzos para la atenci\u00f3n de emergencias generadas por las lluvias\"}]},{\"@type\":\"WebSite\",\"@id\":\"https:\\\/\\\/lagnoticias.com\\\/#website\",\"url\":\"https:\\\/\\\/lagnoticias.com\\\/\",\"name\":\"La G Noticias\",\"description\":\"Noticias Positivas\",\"potentialAction\":[{\"@type\":\"SearchAction\",\"target\":{\"@type\":\"EntryPoint\",\"urlTemplate\":\"https:\\\/\\\/lagnoticias.com\\\/?s={search_term_string}\"},\"query-input\":{\"@type\":\"PropertyValueSpecification\",\"valueRequired\":true,\"valueName\":\"search_term_string\"}}],\"inLanguage\":\"en-US\"},{\"@type\":\"Person\",\"@id\":\"https:\\\/\\\/lagnoticias.com\\\/#\\\/schema\\\/person\\\/cb9bfe13f8de05d2c55270be25c6a550\",\"name\":\"Oscar\",\"image\":{\"@type\":\"ImageObject\",\"inLanguage\":\"en-US\",\"@id\":\"https:\\\/\\\/secure.gravatar.com\\\/avatar\\\/45c195718f652dc7ffdd591dc1f2678956ab7fdadcd359a635edc61304a8c757?s=96&d=mm&r=g\",\"url\":\"https:\\\/\\\/secure.gravatar.com\\\/avatar\\\/45c195718f652dc7ffdd591dc1f2678956ab7fdadcd359a635edc61304a8c757?s=96&d=mm&r=g\",\"contentUrl\":\"https:\\\/\\\/secure.gravatar.com\\\/avatar\\\/45c195718f652dc7ffdd591dc1f2678956ab7fdadcd359a635edc61304a8c757?s=96&d=mm&r=g\",\"caption\":\"Oscar\"},\"url\":\"https:\\\/\\\/lagnoticias.com\\\/en\\\/author\\\/oscar\\\/\"}]}<\/script>\n<!-- \/ Yoast SEO plugin. -->","yoast_head_json":{"title":"Autoridades redoblan esfuerzos para la atenci\u00f3n de emergencias generadas por las lluvias - La G Noticias","robots":{"index":"index","follow":"follow","max-snippet":"max-snippet:-1","max-image-preview":"max-image-preview:large","max-video-preview":"max-video-preview:-1"},"canonical":"https:\/\/lagnoticias.com\/en\/2025\/10\/06\/autoridades-redoblan-esfuerzos-para-la-atencion-de-emergencias-generadas-por-las-lluvias\/","og_locale":"en_US","og_type":"article","og_title":"Autoridades redoblan esfuerzos para la atenci\u00f3n de emergencias generadas por las lluvias - La G Noticias","og_description":"El Gobierno trabaja sin descanso con sus equipos para brindar atenci\u00f3n inmediata a la poblaci\u00f3n ante las emergencias generadas por las lluvias, y garantizar que se brinden soluciones definitivas a fin de cuidar su patrimonio. Los titulares del Ministerio de Obras P\u00fablicas (MOP), Romeo Rodr\u00edguez, y del Fondo de Conservaci\u00f3n Vial (Fovial), Alexander Beltr\u00e1n, informaron [&hellip;]","og_url":"https:\/\/lagnoticias.com\/en\/2025\/10\/06\/autoridades-redoblan-esfuerzos-para-la-atencion-de-emergencias-generadas-por-las-lluvias\/","og_site_name":"La G Noticias","article_publisher":"https:\/\/www.facebook.com\/LaGNoticias","article_published_time":"2025-10-06T21:18:45+00:00","og_image":[{"width":1280,"height":811,"url":"https:\/\/lagnoticias.com\/wp-content\/uploads\/2025\/10\/6-3.jpg","type":"image\/jpeg"}],"author":"Oscar","twitter_card":"summary_large_image","twitter_creator":"@lagnoticias","twitter_site":"@lagnoticias","twitter_misc":{"Written by":"Oscar","Est. reading time":"2 minutes"},"schema":{"@context":"https:\/\/schema.org","@graph":[{"@type":"Article","@id":"https:\/\/lagnoticias.com\/2025\/10\/06\/autoridades-redoblan-esfuerzos-para-la-atencion-de-emergencias-generadas-por-las-lluvias\/#article","isPartOf":{"@id":"https:\/\/lagnoticias.com\/2025\/10\/06\/autoridades-redoblan-esfuerzos-para-la-atencion-de-emergencias-generadas-por-las-lluvias\/"},"author":{"name":"Oscar","@id":"https:\/\/lagnoticias.com\/#\/schema\/person\/cb9bfe13f8de05d2c55270be25c6a550"},"headline":"Autoridades redoblan esfuerzos para la atenci\u00f3n de emergencias generadas por las lluvias","datePublished":"2025-10-06T21:18:45+00:00","mainEntityOfPage":{"@id":"https:\/\/lagnoticias.com\/2025\/10\/06\/autoridades-redoblan-esfuerzos-para-la-atencion-de-emergencias-generadas-por-las-lluvias\/"},"wordCount":286,"commentCount":0,"image":{"@id":"https:\/\/lagnoticias.com\/2025\/10\/06\/autoridades-redoblan-esfuerzos-para-la-atencion-de-emergencias-generadas-por-las-lluvias\/#primaryimage"},"thumbnailUrl":"https:\/\/lagnoticias.com\/wp-content\/uploads\/2025\/10\/6-3.jpg","keywords":["EL SALVADOR","FOVIAL","GOBIERNO DE EL SALVADOR","LLUVIAS","MOP"],"articleSection":["NACIONALES"],"inLanguage":"en-US","potentialAction":[{"@type":"CommentAction","name":"Comment","target":["https:\/\/lagnoticias.com\/2025\/10\/06\/autoridades-redoblan-esfuerzos-para-la-atencion-de-emergencias-generadas-por-las-lluvias\/#respond"]}]},{"@type":"WebPage","@id":"https:\/\/lagnoticias.com\/2025\/10\/06\/autoridades-redoblan-esfuerzos-para-la-atencion-de-emergencias-generadas-por-las-lluvias\/","url":"https:\/\/lagnoticias.com\/2025\/10\/06\/autoridades-redoblan-esfuerzos-para-la-atencion-de-emergencias-generadas-por-las-lluvias\/","name":"Autoridades redoblan esfuerzos para la atenci\u00f3n de emergencias generadas por las lluvias - La G Noticias","isPartOf":{"@id":"https:\/\/lagnoticias.com\/#website"},"primaryImageOfPage":{"@id":"https:\/\/lagnoticias.com\/2025\/10\/06\/autoridades-redoblan-esfuerzos-para-la-atencion-de-emergencias-generadas-por-las-lluvias\/#primaryimage"},"image":{"@id":"https:\/\/lagnoticias.com\/2025\/10\/06\/autoridades-redoblan-esfuerzos-para-la-atencion-de-emergencias-generadas-por-las-lluvias\/#primaryimage"},"thumbnailUrl":"https:\/\/lagnoticias.com\/wp-content\/uploads\/2025\/10\/6-3.jpg","datePublished":"2025-10-06T21:18:45+00:00","author":{"@id":"https:\/\/lagnoticias.com\/#\/schema\/person\/cb9bfe13f8de05d2c55270be25c6a550"},"breadcrumb":{"@id":"https:\/\/lagnoticias.com\/2025\/10\/06\/autoridades-redoblan-esfuerzos-para-la-atencion-de-emergencias-generadas-por-las-lluvias\/#breadcrumb"},"inLanguage":"en-US","potentialAction":[{"@type":"ReadAction","target":["https:\/\/lagnoticias.com\/2025\/10\/06\/autoridades-redoblan-esfuerzos-para-la-atencion-de-emergencias-generadas-por-las-lluvias\/"]}]},{"@type":"ImageObject","inLanguage":"en-US","@id":"https:\/\/lagnoticias.com\/2025\/10\/06\/autoridades-redoblan-esfuerzos-para-la-atencion-de-emergencias-generadas-por-las-lluvias\/#primaryimage","url":"https:\/\/lagnoticias.com\/wp-content\/uploads\/2025\/10\/6-3.jpg","contentUrl":"https:\/\/lagnoticias.com\/wp-content\/uploads\/2025\/10\/6-3.jpg","width":1280,"height":811},{"@type":"BreadcrumbList","@id":"https:\/\/lagnoticias.com\/2025\/10\/06\/autoridades-redoblan-esfuerzos-para-la-atencion-de-emergencias-generadas-por-las-lluvias\/#breadcrumb","itemListElement":[{"@type":"ListItem","position":1,"name":"Portada","item":"https:\/\/lagnoticias.com\/"},{"@type":"ListItem","position":2,"name":"Autoridades redoblan esfuerzos para la atenci\u00f3n de emergencias generadas por las lluvias"}]},{"@type":"WebSite","@id":"https:\/\/lagnoticias.com\/#website","url":"https:\/\/lagnoticias.com\/","name":"La G Noticias","description":"Noticias Positivas","potentialAction":[{"@type":"SearchAction","target":{"@type":"EntryPoint","urlTemplate":"https:\/\/lagnoticias.com\/?s={search_term_string}"},"query-input":{"@type":"PropertyValueSpecification","valueRequired":true,"valueName":"search_term_string"}}],"inLanguage":"en-US"},{"@type":"Person","@id":"https:\/\/lagnoticias.com\/#\/schema\/person\/cb9bfe13f8de05d2c55270be25c6a550","name":"Oscar","image":{"@type":"ImageObject","inLanguage":"en-US","@id":"https:\/\/secure.gravatar.com\/avatar\/45c195718f652dc7ffdd591dc1f2678956ab7fdadcd359a635edc61304a8c757?s=96&d=mm&r=g","url":"https:\/\/secure.gravatar.com\/avatar\/45c195718f652dc7ffdd591dc1f2678956ab7fdadcd359a635edc61304a8c757?s=96&d=mm&r=g","contentUrl":"https:\/\/secure.gravatar.com\/avatar\/45c195718f652dc7ffdd591dc1f2678956ab7fdadcd359a635edc61304a8c757?s=96&d=mm&r=g","caption":"Oscar"},"url":"https:\/\/lagnoticias.com\/en\/author\/oscar\/"}]}},"_links":{"self":[{"href":"https:\/\/lagnoticias.com\/en\/wp-json\/wp\/v2\/posts\/5638","targetHints":{"allow":["GET"]}}],"collection":[{"href":"https:\/\/lagnoticias.com\/en\/wp-json\/wp\/v2\/posts"}],"about":[{"href":"https:\/\/lagnoticias.com\/en\/wp-json\/wp\/v2\/types\/post"}],"author":[{"embeddable":true,"href":"https:\/\/lagnoticias.com\/en\/wp-json\/wp\/v2\/users\/2"}],"replies":[{"embeddable":true,"href":"https:\/\/lagnoticias.com\/en\/wp-json\/wp\/v2\/comments?post=5638"}],"version-history":[{"count":1,"href":"https:\/\/lagnoticias.com\/en\/wp-json\/wp\/v2\/posts\/5638\/revisions"}],"predecessor-version":[{"id":5640,"href":"https:\/\/lagnoticias.com\/en\/wp-json\/wp\/v2\/posts\/5638\/revisions\/5640"}],"wp:featuredmedia":[{"embeddable":true,"href":"https:\/\/lagnoticias.com\/en\/wp-json\/wp\/v2\/media\/5639"}],"wp:attachment":[{"href":"https:\/\/lagnoticias.com\/en\/wp-json\/wp\/v2\/media?parent=5638"}],"wp:term":[{"taxonomy":"category","embeddable":true,"href":"https:\/\/lagnoticias.com\/en\/wp-json\/wp\/v2\/categories?post=5638"},{"taxonomy":"post_tag","embeddable":true,"href":"https:\/\/lagnoticias.com\/en\/wp-json\/wp\/v2\/tags?post=5638"}],"curies":[{"name":"wp","href":"https:\/\/api.w.org\/{rel}","templated":true}]}}