{"id":5635,"date":"2025-10-06T15:02:57","date_gmt":"2025-10-06T21:02:57","guid":{"rendered":"https:\/\/lagnoticias.com\/?p=5635"},"modified":"2025-10-06T15:02:58","modified_gmt":"2025-10-06T21:02:58","slug":"trump-tiene-una-muy-buena-conversacion-con-lula","status":"publish","type":"post","link":"https:\/\/lagnoticias.com\/en\/2025\/10\/06\/trump-tiene-una-muy-buena-conversacion-con-lula\/","title":{"rendered":"Trump tiene una \u00abmuy buena conversaci\u00f3n\u00bb con Lula"},"content":{"rendered":"<p>El presidente de Brasil,&nbsp;Luiz In\u00e1cio Lula da Silva, urgi\u00f3 a su par estadounidense&nbsp;Donald Trump&nbsp;eliminar los aranceles punitivos contra la principal potencia latinoamericana, durante la primera llamada telef\u00f3nica entre ambos desde que el l\u00edder republicano volviera a la Casa Blanca.<\/p>\n\n\n\n<p>Despu\u00e9s de meses de confrontaci\u00f3n, Trump llam\u00f3 a Lula y conversaron 30 minutos en un \u00abtono amistoso\u00bb, indic\u00f3 la presidencia brasile\u00f1a en un comunicado.<\/p>\n\n\n\n<p>Desde el 6 de agosto, una parte importante de las exportaciones brasile\u00f1as a Estados Unidos son objeto de un arancel de 50%, en represalia a una supuesta \u00abcaza de brujas\u00bb&nbsp;contra el expresidente ultraderechista Jair Bolsonaro, aliado de Trump.<\/p>\n\n\n\n<p>Lula pidi\u00f3 al mandatario estadounidense este lunes \u00abla eliminaci\u00f3n de los aranceles a los productos brasile\u00f1os y las medidas restrictivas contra autoridades brasile\u00f1as\u00bb, en un contexto de crisis diplom\u00e1tica y comercial entre los dos pa\u00edses.<\/p>\n\n\n\n<h2 class=\"wp-block-heading\">Trump y Lula se encontrar\u00e1n \u00aben Brasil y Estados Unidos\u00bb<\/h2>\n\n\n\n<p>Seg\u00fan la presidencia brasile\u00f1a, Lula tambi\u00e9n reiter\u00f3 la invitaci\u00f3n a Trump a la&nbsp;COP30, la conferencia clim\u00e1tica de la ONU, que se celebrar\u00e1 en noviembre en la ciudad de Bel\u00e9m, en la Amazonia brasile\u00f1a.<\/p>\n\n\n\n<p>\u00abLos dos presidentes intercambiaron tel\u00e9fonos para establecer una v\u00eda de comunicaci\u00f3n directa\u00bb, indic\u00f3 Brasilia, que subray\u00f3 que los ministros de Relaciones Exteriores y Finanzas y el vicepresidente participaron en la llamada.<\/p>\n\n\n\n<p>Por su parte, Trump anunci\u00f3 este lunes que se reunir\u00e1 con Lula pr\u00f3ximamente \u00aben&nbsp;Brasil&nbsp;y&nbsp;Estados Unidos\u00bb, tras mantener una \u00abmuy buena conversaci\u00f3n telef\u00f3nica\u00bb.<\/p>\n\n\n\n<p>\u00abDiscutimos muchas cosas, pero principalmente nos enfocamos en la econom\u00eda y el comercio,\u00bb&nbsp;dijo el l\u00edder de la Casa Blanca en su plataforma Truth Social.<\/p>\n\n\n\n<p><\/p>\n\n\n\n<p><\/p>\n\n\n\n<p><\/p>\n\n\n\n<p>(Dw)<\/p>","protected":false},"excerpt":{"rendered":"<p>El presidente estadounidense dijo que hablaron principalmente sobre econom\u00eda y comercio, y anunci\u00f3 que se reunir\u00e1 con Lula pr\u00f3ximamente \u00aben Brasil y Estados Unidos\u00bb.<\/p>","protected":false},"author":2,"featured_media":5636,"comment_status":"open","ping_status":"open","sticky":false,"template":"","format":"standard","meta":{"_et_pb_use_builder":"off","_et_pb_old_content":"","_et_gb_content_width":"","footnotes":""},"categories":[245],"tags":[273,272,260,1199],"class_list":["post-5635","post","type-post","status-publish","format-standard","has-post-thumbnail","hentry","category-internacionales","tag-brasil","tag-donald-trump","tag-estados-unidos","tag-luiz-inacio-lula-da-silva"],"yoast_head":"<!-- This site is optimized with the Yoast SEO plugin v27.4 - https:\/\/yoast.com\/product\/yoast-seo-wordpress\/ -->\n<title>Trump tiene una &quot;muy buena conversaci\u00f3n&quot; con Lula - La G Noticias<\/title>\n<meta name=\"robots\" content=\"index, follow, max-snippet:-1, max-image-preview:large, max-video-preview:-1\" \/>\n<link rel=\"canonical\" href=\"https:\/\/lagnoticias.com\/en\/2025\/10\/06\/trump-tiene-una-muy-buena-conversacion-con-lula\/\" \/>\n<meta property=\"og:locale\" content=\"en_US\" \/>\n<meta property=\"og:type\" content=\"article\" \/>\n<meta property=\"og:title\" content=\"Trump tiene una &quot;muy buena conversaci\u00f3n&quot; con Lula - La G Noticias\" \/>\n<meta property=\"og:description\" content=\"El presidente estadounidense dijo que hablaron principalmente sobre econom\u00eda y comercio, y anunci\u00f3 que se reunir\u00e1 con Lula pr\u00f3ximamente &quot;en Brasil y Estados Unidos&quot;.\" \/>\n<meta property=\"og:url\" content=\"https:\/\/lagnoticias.com\/en\/2025\/10\/06\/trump-tiene-una-muy-buena-conversacion-con-lula\/\" \/>\n<meta property=\"og:site_name\" content=\"La G Noticias\" \/>\n<meta property=\"article:publisher\" content=\"https:\/\/www.facebook.com\/LaGNoticias\" \/>\n<meta property=\"article:published_time\" content=\"2025-10-06T21:02:57+00:00\" \/>\n<meta property=\"article:modified_time\" content=\"2025-10-06T21:02:58+00:00\" \/>\n<meta property=\"og:image\" content=\"https:\/\/lagnoticias.com\/wp-content\/uploads\/2025\/10\/7-4.jpg\" \/>\n\t<meta property=\"og:image:width\" content=\"700\" \/>\n\t<meta property=\"og:image:height\" content=\"430\" \/>\n\t<meta property=\"og:image:type\" content=\"image\/jpeg\" \/>\n<meta name=\"author\" content=\"Oscar\" \/>\n<meta name=\"twitter:card\" content=\"summary_large_image\" \/>\n<meta name=\"twitter:creator\" content=\"@lagnoticias\" \/>\n<meta name=\"twitter:site\" content=\"@lagnoticias\" \/>\n<meta name=\"twitter:label1\" content=\"Written by\" \/>\n\t<meta name=\"twitter:data1\" content=\"Oscar\" \/>\n\t<meta name=\"twitter:label2\" content=\"Est. reading time\" \/>\n\t<meta name=\"twitter:data2\" content=\"2 minutes\" \/>\n<script type=\"application\/ld+json\" class=\"yoast-schema-graph\">{\"@context\":\"https:\\\/\\\/schema.org\",\"@graph\":[{\"@type\":\"Article\",\"@id\":\"https:\\\/\\\/lagnoticias.com\\\/2025\\\/10\\\/06\\\/trump-tiene-una-muy-buena-conversacion-con-lula\\\/#article\",\"isPartOf\":{\"@id\":\"https:\\\/\\\/lagnoticias.com\\\/2025\\\/10\\\/06\\\/trump-tiene-una-muy-buena-conversacion-con-lula\\\/\"},\"author\":{\"name\":\"Oscar\",\"@id\":\"https:\\\/\\\/lagnoticias.com\\\/#\\\/schema\\\/person\\\/cb9bfe13f8de05d2c55270be25c6a550\"},\"headline\":\"Trump tiene una \u00abmuy buena conversaci\u00f3n\u00bb con Lula\",\"datePublished\":\"2025-10-06T21:02:57+00:00\",\"dateModified\":\"2025-10-06T21:02:58+00:00\",\"mainEntityOfPage\":{\"@id\":\"https:\\\/\\\/lagnoticias.com\\\/2025\\\/10\\\/06\\\/trump-tiene-una-muy-buena-conversacion-con-lula\\\/\"},\"wordCount\":309,\"commentCount\":0,\"image\":{\"@id\":\"https:\\\/\\\/lagnoticias.com\\\/2025\\\/10\\\/06\\\/trump-tiene-una-muy-buena-conversacion-con-lula\\\/#primaryimage\"},\"thumbnailUrl\":\"https:\\\/\\\/lagnoticias.com\\\/wp-content\\\/uploads\\\/2025\\\/10\\\/7-4.jpg\",\"keywords\":[\"BRASIL\",\"DONALD TRUMP\",\"ESTADOS UNIDOS\",\"Luiz In\u00e1cio Lula da Silva\"],\"articleSection\":[\"INTERNACIONALES\"],\"inLanguage\":\"en-US\",\"potentialAction\":[{\"@type\":\"CommentAction\",\"name\":\"Comment\",\"target\":[\"https:\\\/\\\/lagnoticias.com\\\/2025\\\/10\\\/06\\\/trump-tiene-una-muy-buena-conversacion-con-lula\\\/#respond\"]}]},{\"@type\":\"WebPage\",\"@id\":\"https:\\\/\\\/lagnoticias.com\\\/2025\\\/10\\\/06\\\/trump-tiene-una-muy-buena-conversacion-con-lula\\\/\",\"url\":\"https:\\\/\\\/lagnoticias.com\\\/2025\\\/10\\\/06\\\/trump-tiene-una-muy-buena-conversacion-con-lula\\\/\",\"name\":\"Trump tiene una \\\"muy buena conversaci\u00f3n\\\" con Lula - La G Noticias\",\"isPartOf\":{\"@id\":\"https:\\\/\\\/lagnoticias.com\\\/#website\"},\"primaryImageOfPage\":{\"@id\":\"https:\\\/\\\/lagnoticias.com\\\/2025\\\/10\\\/06\\\/trump-tiene-una-muy-buena-conversacion-con-lula\\\/#primaryimage\"},\"image\":{\"@id\":\"https:\\\/\\\/lagnoticias.com\\\/2025\\\/10\\\/06\\\/trump-tiene-una-muy-buena-conversacion-con-lula\\\/#primaryimage\"},\"thumbnailUrl\":\"https:\\\/\\\/lagnoticias.com\\\/wp-content\\\/uploads\\\/2025\\\/10\\\/7-4.jpg\",\"datePublished\":\"2025-10-06T21:02:57+00:00\",\"dateModified\":\"2025-10-06T21:02:58+00:00\",\"author\":{\"@id\":\"https:\\\/\\\/lagnoticias.com\\\/#\\\/schema\\\/person\\\/cb9bfe13f8de05d2c55270be25c6a550\"},\"breadcrumb\":{\"@id\":\"https:\\\/\\\/lagnoticias.com\\\/2025\\\/10\\\/06\\\/trump-tiene-una-muy-buena-conversacion-con-lula\\\/#breadcrumb\"},\"inLanguage\":\"en-US\",\"potentialAction\":[{\"@type\":\"ReadAction\",\"target\":[\"https:\\\/\\\/lagnoticias.com\\\/2025\\\/10\\\/06\\\/trump-tiene-una-muy-buena-conversacion-con-lula\\\/\"]}]},{\"@type\":\"ImageObject\",\"inLanguage\":\"en-US\",\"@id\":\"https:\\\/\\\/lagnoticias.com\\\/2025\\\/10\\\/06\\\/trump-tiene-una-muy-buena-conversacion-con-lula\\\/#primaryimage\",\"url\":\"https:\\\/\\\/lagnoticias.com\\\/wp-content\\\/uploads\\\/2025\\\/10\\\/7-4.jpg\",\"contentUrl\":\"https:\\\/\\\/lagnoticias.com\\\/wp-content\\\/uploads\\\/2025\\\/10\\\/7-4.jpg\",\"width\":700,\"height\":430},{\"@type\":\"BreadcrumbList\",\"@id\":\"https:\\\/\\\/lagnoticias.com\\\/2025\\\/10\\\/06\\\/trump-tiene-una-muy-buena-conversacion-con-lula\\\/#breadcrumb\",\"itemListElement\":[{\"@type\":\"ListItem\",\"position\":1,\"name\":\"Portada\",\"item\":\"https:\\\/\\\/lagnoticias.com\\\/\"},{\"@type\":\"ListItem\",\"position\":2,\"name\":\"Trump tiene una \u00abmuy buena conversaci\u00f3n\u00bb con Lula\"}]},{\"@type\":\"WebSite\",\"@id\":\"https:\\\/\\\/lagnoticias.com\\\/#website\",\"url\":\"https:\\\/\\\/lagnoticias.com\\\/\",\"name\":\"La G Noticias\",\"description\":\"Noticias Positivas\",\"potentialAction\":[{\"@type\":\"SearchAction\",\"target\":{\"@type\":\"EntryPoint\",\"urlTemplate\":\"https:\\\/\\\/lagnoticias.com\\\/?s={search_term_string}\"},\"query-input\":{\"@type\":\"PropertyValueSpecification\",\"valueRequired\":true,\"valueName\":\"search_term_string\"}}],\"inLanguage\":\"en-US\"},{\"@type\":\"Person\",\"@id\":\"https:\\\/\\\/lagnoticias.com\\\/#\\\/schema\\\/person\\\/cb9bfe13f8de05d2c55270be25c6a550\",\"name\":\"Oscar\",\"image\":{\"@type\":\"ImageObject\",\"inLanguage\":\"en-US\",\"@id\":\"https:\\\/\\\/secure.gravatar.com\\\/avatar\\\/45c195718f652dc7ffdd591dc1f2678956ab7fdadcd359a635edc61304a8c757?s=96&d=mm&r=g\",\"url\":\"https:\\\/\\\/secure.gravatar.com\\\/avatar\\\/45c195718f652dc7ffdd591dc1f2678956ab7fdadcd359a635edc61304a8c757?s=96&d=mm&r=g\",\"contentUrl\":\"https:\\\/\\\/secure.gravatar.com\\\/avatar\\\/45c195718f652dc7ffdd591dc1f2678956ab7fdadcd359a635edc61304a8c757?s=96&d=mm&r=g\",\"caption\":\"Oscar\"},\"url\":\"https:\\\/\\\/lagnoticias.com\\\/en\\\/author\\\/oscar\\\/\"}]}<\/script>\n<!-- \/ Yoast SEO plugin. -->","yoast_head_json":{"title":"Trump tiene una \"muy buena conversaci\u00f3n\" con Lula - La G Noticias","robots":{"index":"index","follow":"follow","max-snippet":"max-snippet:-1","max-image-preview":"max-image-preview:large","max-video-preview":"max-video-preview:-1"},"canonical":"https:\/\/lagnoticias.com\/en\/2025\/10\/06\/trump-tiene-una-muy-buena-conversacion-con-lula\/","og_locale":"en_US","og_type":"article","og_title":"Trump tiene una \"muy buena conversaci\u00f3n\" con Lula - La G Noticias","og_description":"El presidente estadounidense dijo que hablaron principalmente sobre econom\u00eda y comercio, y anunci\u00f3 que se reunir\u00e1 con Lula pr\u00f3ximamente \"en Brasil y Estados Unidos\".","og_url":"https:\/\/lagnoticias.com\/en\/2025\/10\/06\/trump-tiene-una-muy-buena-conversacion-con-lula\/","og_site_name":"La G Noticias","article_publisher":"https:\/\/www.facebook.com\/LaGNoticias","article_published_time":"2025-10-06T21:02:57+00:00","article_modified_time":"2025-10-06T21:02:58+00:00","og_image":[{"width":700,"height":430,"url":"https:\/\/lagnoticias.com\/wp-content\/uploads\/2025\/10\/7-4.jpg","type":"image\/jpeg"}],"author":"Oscar","twitter_card":"summary_large_image","twitter_creator":"@lagnoticias","twitter_site":"@lagnoticias","twitter_misc":{"Written by":"Oscar","Est. reading time":"2 minutes"},"schema":{"@context":"https:\/\/schema.org","@graph":[{"@type":"Article","@id":"https:\/\/lagnoticias.com\/2025\/10\/06\/trump-tiene-una-muy-buena-conversacion-con-lula\/#article","isPartOf":{"@id":"https:\/\/lagnoticias.com\/2025\/10\/06\/trump-tiene-una-muy-buena-conversacion-con-lula\/"},"author":{"name":"Oscar","@id":"https:\/\/lagnoticias.com\/#\/schema\/person\/cb9bfe13f8de05d2c55270be25c6a550"},"headline":"Trump tiene una \u00abmuy buena conversaci\u00f3n\u00bb con Lula","datePublished":"2025-10-06T21:02:57+00:00","dateModified":"2025-10-06T21:02:58+00:00","mainEntityOfPage":{"@id":"https:\/\/lagnoticias.com\/2025\/10\/06\/trump-tiene-una-muy-buena-conversacion-con-lula\/"},"wordCount":309,"commentCount":0,"image":{"@id":"https:\/\/lagnoticias.com\/2025\/10\/06\/trump-tiene-una-muy-buena-conversacion-con-lula\/#primaryimage"},"thumbnailUrl":"https:\/\/lagnoticias.com\/wp-content\/uploads\/2025\/10\/7-4.jpg","keywords":["BRASIL","DONALD TRUMP","ESTADOS UNIDOS","Luiz In\u00e1cio Lula da Silva"],"articleSection":["INTERNACIONALES"],"inLanguage":"en-US","potentialAction":[{"@type":"CommentAction","name":"Comment","target":["https:\/\/lagnoticias.com\/2025\/10\/06\/trump-tiene-una-muy-buena-conversacion-con-lula\/#respond"]}]},{"@type":"WebPage","@id":"https:\/\/lagnoticias.com\/2025\/10\/06\/trump-tiene-una-muy-buena-conversacion-con-lula\/","url":"https:\/\/lagnoticias.com\/2025\/10\/06\/trump-tiene-una-muy-buena-conversacion-con-lula\/","name":"Trump tiene una \"muy buena conversaci\u00f3n\" con Lula - La G Noticias","isPartOf":{"@id":"https:\/\/lagnoticias.com\/#website"},"primaryImageOfPage":{"@id":"https:\/\/lagnoticias.com\/2025\/10\/06\/trump-tiene-una-muy-buena-conversacion-con-lula\/#primaryimage"},"image":{"@id":"https:\/\/lagnoticias.com\/2025\/10\/06\/trump-tiene-una-muy-buena-conversacion-con-lula\/#primaryimage"},"thumbnailUrl":"https:\/\/lagnoticias.com\/wp-content\/uploads\/2025\/10\/7-4.jpg","datePublished":"2025-10-06T21:02:57+00:00","dateModified":"2025-10-06T21:02:58+00:00","author":{"@id":"https:\/\/lagnoticias.com\/#\/schema\/person\/cb9bfe13f8de05d2c55270be25c6a550"},"breadcrumb":{"@id":"https:\/\/lagnoticias.com\/2025\/10\/06\/trump-tiene-una-muy-buena-conversacion-con-lula\/#breadcrumb"},"inLanguage":"en-US","potentialAction":[{"@type":"ReadAction","target":["https:\/\/lagnoticias.com\/2025\/10\/06\/trump-tiene-una-muy-buena-conversacion-con-lula\/"]}]},{"@type":"ImageObject","inLanguage":"en-US","@id":"https:\/\/lagnoticias.com\/2025\/10\/06\/trump-tiene-una-muy-buena-conversacion-con-lula\/#primaryimage","url":"https:\/\/lagnoticias.com\/wp-content\/uploads\/2025\/10\/7-4.jpg","contentUrl":"https:\/\/lagnoticias.com\/wp-content\/uploads\/2025\/10\/7-4.jpg","width":700,"height":430},{"@type":"BreadcrumbList","@id":"https:\/\/lagnoticias.com\/2025\/10\/06\/trump-tiene-una-muy-buena-conversacion-con-lula\/#breadcrumb","itemListElement":[{"@type":"ListItem","position":1,"name":"Portada","item":"https:\/\/lagnoticias.com\/"},{"@type":"ListItem","position":2,"name":"Trump tiene una \u00abmuy buena conversaci\u00f3n\u00bb con Lula"}]},{"@type":"WebSite","@id":"https:\/\/lagnoticias.com\/#website","url":"https:\/\/lagnoticias.com\/","name":"La G Noticias","description":"Noticias Positivas","potentialAction":[{"@type":"SearchAction","target":{"@type":"EntryPoint","urlTemplate":"https:\/\/lagnoticias.com\/?s={search_term_string}"},"query-input":{"@type":"PropertyValueSpecification","valueRequired":true,"valueName":"search_term_string"}}],"inLanguage":"en-US"},{"@type":"Person","@id":"https:\/\/lagnoticias.com\/#\/schema\/person\/cb9bfe13f8de05d2c55270be25c6a550","name":"Oscar","image":{"@type":"ImageObject","inLanguage":"en-US","@id":"https:\/\/secure.gravatar.com\/avatar\/45c195718f652dc7ffdd591dc1f2678956ab7fdadcd359a635edc61304a8c757?s=96&d=mm&r=g","url":"https:\/\/secure.gravatar.com\/avatar\/45c195718f652dc7ffdd591dc1f2678956ab7fdadcd359a635edc61304a8c757?s=96&d=mm&r=g","contentUrl":"https:\/\/secure.gravatar.com\/avatar\/45c195718f652dc7ffdd591dc1f2678956ab7fdadcd359a635edc61304a8c757?s=96&d=mm&r=g","caption":"Oscar"},"url":"https:\/\/lagnoticias.com\/en\/author\/oscar\/"}]}},"_links":{"self":[{"href":"https:\/\/lagnoticias.com\/en\/wp-json\/wp\/v2\/posts\/5635","targetHints":{"allow":["GET"]}}],"collection":[{"href":"https:\/\/lagnoticias.com\/en\/wp-json\/wp\/v2\/posts"}],"about":[{"href":"https:\/\/lagnoticias.com\/en\/wp-json\/wp\/v2\/types\/post"}],"author":[{"embeddable":true,"href":"https:\/\/lagnoticias.com\/en\/wp-json\/wp\/v2\/users\/2"}],"replies":[{"embeddable":true,"href":"https:\/\/lagnoticias.com\/en\/wp-json\/wp\/v2\/comments?post=5635"}],"version-history":[{"count":1,"href":"https:\/\/lagnoticias.com\/en\/wp-json\/wp\/v2\/posts\/5635\/revisions"}],"predecessor-version":[{"id":5637,"href":"https:\/\/lagnoticias.com\/en\/wp-json\/wp\/v2\/posts\/5635\/revisions\/5637"}],"wp:featuredmedia":[{"embeddable":true,"href":"https:\/\/lagnoticias.com\/en\/wp-json\/wp\/v2\/media\/5636"}],"wp:attachment":[{"href":"https:\/\/lagnoticias.com\/en\/wp-json\/wp\/v2\/media?parent=5635"}],"wp:term":[{"taxonomy":"category","embeddable":true,"href":"https:\/\/lagnoticias.com\/en\/wp-json\/wp\/v2\/categories?post=5635"},{"taxonomy":"post_tag","embeddable":true,"href":"https:\/\/lagnoticias.com\/en\/wp-json\/wp\/v2\/tags?post=5635"}],"curies":[{"name":"wp","href":"https:\/\/api.w.org\/{rel}","templated":true}]}}