{"id":5626,"date":"2025-10-06T09:01:01","date_gmt":"2025-10-06T15:01:01","guid":{"rendered":"https:\/\/lagnoticias.com\/?p=5626"},"modified":"2025-10-06T09:01:02","modified_gmt":"2025-10-06T15:01:02","slug":"aldo-de-nigris-se-convierte-en-el-ganador-de-la-casa-de-los-famosos-mexico","status":"publish","type":"post","link":"https:\/\/lagnoticias.com\/en\/2025\/10\/06\/aldo-de-nigris-se-convierte-en-el-ganador-de-la-casa-de-los-famosos-mexico\/","title":{"rendered":"Aldo De Nigris se convierte en el ganador de La Casa de los Famosos M\u00e9xico"},"content":{"rendered":"<p>Aldo obtuvo anoche el primer lugar en La Casa de los Famosos M\u00e9xico 3.<\/p>\n\n\n\n<p>Tras una re\u00f1ida votaci\u00f3n de m\u00e1s de 43 millones de votos, superar a 14 habitantes, una ruda competencia, estrategias, alianzas, posicionamientos y sinceramientos, Aldito se consagr\u00f3 como el ganador de los 4 millones de pesos.<\/p>\n\n\n\n<p>Despu\u00e9s de 71 d\u00edas de competencia, estrategias, alianzas y posicionamientos el regiomontano sali\u00f3 por la puerta grande, sin subir al carrusel, y caminar por el pasillo que la llev\u00f3 al foro donde la esperaba sus familiares, la conductora Galilea Montijo, panelistas y ex habitantes para celebrar su victoria.<\/p>\n\n\n\n<h2 class=\"wp-block-heading\">Aldo convenci\u00f3 al p\u00fablico para ser el ganador de la casa y ser el \u00faltimo en apagar las luces.<\/h2>\n\n\n\n<p>Aldo Fue recibido con aplausos y gritos del p\u00fablico, adem\u00e1s de abrazos de sus excompa\u00f1eros. El momento m\u00e1s emotivo fue la aparici\u00f3n de sus&nbsp;padres y hermanos, quienes lo felicitaron por su triunfo.<\/p>\n\n\n\n<p>Aldo asegur\u00f3 que quer\u00eda compartir el premio con&nbsp;Abelito, con quien vivi\u00f3 momentos importantes dentro de la competencia.<\/p>\n\n\n\n<h2 class=\"wp-block-heading\">Aldo De Nigris:<\/h2>\n\n\n\n<ul class=\"wp-block-list\">\n<li>Edad: 26 a\u00f1os<\/li>\n\n\n\n<li>Cuarto Noche<\/li>\n\n\n\n<li>Votaciones: 19 millones 139 mil 690<\/li>\n\n\n\n<li>Nominaciones: 4<\/li>\n\n\n\n<li>Redes: @aldotnigris<\/li>\n\n\n\n<li>Junto a Abelito y Aaron Mercury conform\u00f3 la \u201cTriple A\u201d<\/li>\n\n\n\n<li>Recibi\u00f3 la visita de su abuela, Leticia Guajardo \u201cDo\u00f1a Alegr\u00eda\u201d, de su hermana Andrea y de su amigo Yetus.<\/li>\n\n\n\n<li>Su peculiar paso de baile se populariz\u00f3 durante su estancia.<\/li>\n\n\n\n<li>Gan\u00f3 una vez el liderazgo, subi\u00f3 dos veces a la suite, una como invitado de Abelito por decisi\u00f3n del p\u00fablico.<\/li>\n\n\n\n<li>Durante el debate final confes\u00f3 que no podr\u00eda compartir una experiencia con Ninel Conde por vestirse de rosita, porque ella pasaba tiempo en el ba\u00f1o de uso com\u00fan y eso le incomodaba al no poder hacer sus necesidades con libertad.<\/li>\n\n\n\n<li>Fue el \u201cLobo bien\u201d de la manada.<\/li>\n<\/ul>\n\n\n\n<h2 class=\"wp-block-heading\">Los cinco finalistas que llegaron a la gran final fueron:<\/h2>\n\n\n\n<ul class=\"wp-block-list\">\n<li>Dalilah Polanco: Actriz que destac\u00f3 por su estrategia y su personalidad fuerte.<\/li>\n\n\n\n<li>Abelito: Creador de contenido conocido por su carisma y cercan\u00eda con el p\u00fablico.<\/li>\n\n\n\n<li>Mar Contreras: Mostr\u00f3 su personalidad intensa y su capacidad de liderazgo.<\/li>\n\n\n\n<li>Shiky: Gener\u00f3 pol\u00e9mica y apoyo con su forma directa y espont\u00e1nea de jugar.<\/li>\n\n\n\n<li>Aldo De Nigris: Exfutbolista que se gan\u00f3 al p\u00fablico con su adaptaci\u00f3n y compa\u00f1erismo.<\/li>\n<\/ul>\n\n\n\n<p><\/p>\n\n\n\n<figure class=\"wp-block-embed is-type-rich is-provider-twitter wp-block-embed-twitter\"><div class=\"wp-block-embed__wrapper\">\nhttps:\/\/twitter.com\/LaCasaFamososMx\/status\/1975074305034846610\n<\/div><\/figure>","protected":false},"excerpt":{"rendered":"<p>Aldo obtuvo anoche el primer lugar en La Casa de los Famosos M\u00e9xico 3. Tras una re\u00f1ida votaci\u00f3n de m\u00e1s de 43 millones de votos, superar a 14 habitantes, una ruda competencia, estrategias, alianzas, posicionamientos y sinceramientos, Aldito se consagr\u00f3 como el ganador de los 4 millones de pesos. Despu\u00e9s de 71 d\u00edas de competencia, [&hellip;]<\/p>","protected":false},"author":2,"featured_media":5627,"comment_status":"open","ping_status":"open","sticky":false,"template":"","format":"standard","meta":{"_et_pb_use_builder":"off","_et_pb_old_content":"","_et_gb_content_width":"","footnotes":""},"categories":[249],"tags":[1194,1195,1193],"class_list":["post-5626","post","type-post","status-publish","format-standard","has-post-thumbnail","hentry","category-entretenimiento","tag-aldo-de-nigris","tag-ganador","tag-la-casa-de-los-famosos-mexico-3"],"yoast_head":"<!-- This site is optimized with the Yoast SEO plugin v27.4 - https:\/\/yoast.com\/product\/yoast-seo-wordpress\/ -->\n<title>Aldo De Nigris se convierte en el ganador de La Casa de los Famosos M\u00e9xico - La G Noticias<\/title>\n<meta name=\"robots\" content=\"index, follow, max-snippet:-1, max-image-preview:large, max-video-preview:-1\" \/>\n<link rel=\"canonical\" href=\"https:\/\/lagnoticias.com\/en\/2025\/10\/06\/aldo-de-nigris-se-convierte-en-el-ganador-de-la-casa-de-los-famosos-mexico\/\" \/>\n<meta property=\"og:locale\" content=\"en_US\" \/>\n<meta property=\"og:type\" content=\"article\" \/>\n<meta property=\"og:title\" content=\"Aldo De Nigris se convierte en el ganador de La Casa de los Famosos M\u00e9xico - La G Noticias\" \/>\n<meta property=\"og:description\" content=\"Aldo obtuvo anoche el primer lugar en La Casa de los Famosos M\u00e9xico 3. Tras una re\u00f1ida votaci\u00f3n de m\u00e1s de 43 millones de votos, superar a 14 habitantes, una ruda competencia, estrategias, alianzas, posicionamientos y sinceramientos, Aldito se consagr\u00f3 como el ganador de los 4 millones de pesos. Despu\u00e9s de 71 d\u00edas de competencia, [&hellip;]\" \/>\n<meta property=\"og:url\" content=\"https:\/\/lagnoticias.com\/en\/2025\/10\/06\/aldo-de-nigris-se-convierte-en-el-ganador-de-la-casa-de-los-famosos-mexico\/\" \/>\n<meta property=\"og:site_name\" content=\"La G Noticias\" \/>\n<meta property=\"article:publisher\" content=\"https:\/\/www.facebook.com\/LaGNoticias\" \/>\n<meta property=\"article:published_time\" content=\"2025-10-06T15:01:01+00:00\" \/>\n<meta property=\"article:modified_time\" content=\"2025-10-06T15:01:02+00:00\" \/>\n<meta property=\"og:image\" content=\"https:\/\/lagnoticias.com\/wp-content\/uploads\/2025\/10\/7-3.jpg\" \/>\n\t<meta property=\"og:image:width\" content=\"1200\" \/>\n\t<meta property=\"og:image:height\" content=\"747\" \/>\n\t<meta property=\"og:image:type\" content=\"image\/jpeg\" \/>\n<meta name=\"author\" content=\"Oscar\" \/>\n<meta name=\"twitter:card\" content=\"summary_large_image\" \/>\n<meta name=\"twitter:creator\" content=\"@lagnoticias\" \/>\n<meta name=\"twitter:site\" content=\"@lagnoticias\" \/>\n<meta name=\"twitter:label1\" content=\"Written by\" \/>\n\t<meta name=\"twitter:data1\" content=\"Oscar\" \/>\n\t<meta name=\"twitter:label2\" content=\"Est. reading time\" \/>\n\t<meta name=\"twitter:data2\" content=\"2 minutes\" \/>\n<script type=\"application\/ld+json\" class=\"yoast-schema-graph\">{\"@context\":\"https:\\\/\\\/schema.org\",\"@graph\":[{\"@type\":\"Article\",\"@id\":\"https:\\\/\\\/lagnoticias.com\\\/2025\\\/10\\\/06\\\/aldo-de-nigris-se-convierte-en-el-ganador-de-la-casa-de-los-famosos-mexico\\\/#article\",\"isPartOf\":{\"@id\":\"https:\\\/\\\/lagnoticias.com\\\/2025\\\/10\\\/06\\\/aldo-de-nigris-se-convierte-en-el-ganador-de-la-casa-de-los-famosos-mexico\\\/\"},\"author\":{\"name\":\"Oscar\",\"@id\":\"https:\\\/\\\/lagnoticias.com\\\/#\\\/schema\\\/person\\\/cb9bfe13f8de05d2c55270be25c6a550\"},\"headline\":\"Aldo De Nigris se convierte en el ganador de La Casa de los Famosos M\u00e9xico\",\"datePublished\":\"2025-10-06T15:01:01+00:00\",\"dateModified\":\"2025-10-06T15:01:02+00:00\",\"mainEntityOfPage\":{\"@id\":\"https:\\\/\\\/lagnoticias.com\\\/2025\\\/10\\\/06\\\/aldo-de-nigris-se-convierte-en-el-ganador-de-la-casa-de-los-famosos-mexico\\\/\"},\"wordCount\":405,\"commentCount\":0,\"image\":{\"@id\":\"https:\\\/\\\/lagnoticias.com\\\/2025\\\/10\\\/06\\\/aldo-de-nigris-se-convierte-en-el-ganador-de-la-casa-de-los-famosos-mexico\\\/#primaryimage\"},\"thumbnailUrl\":\"https:\\\/\\\/lagnoticias.com\\\/wp-content\\\/uploads\\\/2025\\\/10\\\/7-3.jpg\",\"keywords\":[\"ALDO DE NIGRIS\",\"GANADOR\",\"LA CASA DE LOS FAMOSOS M\u00c9XICO 3\"],\"articleSection\":[\"ENTRETENIMIENTO\"],\"inLanguage\":\"en-US\",\"potentialAction\":[{\"@type\":\"CommentAction\",\"name\":\"Comment\",\"target\":[\"https:\\\/\\\/lagnoticias.com\\\/2025\\\/10\\\/06\\\/aldo-de-nigris-se-convierte-en-el-ganador-de-la-casa-de-los-famosos-mexico\\\/#respond\"]}]},{\"@type\":\"WebPage\",\"@id\":\"https:\\\/\\\/lagnoticias.com\\\/2025\\\/10\\\/06\\\/aldo-de-nigris-se-convierte-en-el-ganador-de-la-casa-de-los-famosos-mexico\\\/\",\"url\":\"https:\\\/\\\/lagnoticias.com\\\/2025\\\/10\\\/06\\\/aldo-de-nigris-se-convierte-en-el-ganador-de-la-casa-de-los-famosos-mexico\\\/\",\"name\":\"Aldo De Nigris se convierte en el ganador de La Casa de los Famosos M\u00e9xico - La G Noticias\",\"isPartOf\":{\"@id\":\"https:\\\/\\\/lagnoticias.com\\\/#website\"},\"primaryImageOfPage\":{\"@id\":\"https:\\\/\\\/lagnoticias.com\\\/2025\\\/10\\\/06\\\/aldo-de-nigris-se-convierte-en-el-ganador-de-la-casa-de-los-famosos-mexico\\\/#primaryimage\"},\"image\":{\"@id\":\"https:\\\/\\\/lagnoticias.com\\\/2025\\\/10\\\/06\\\/aldo-de-nigris-se-convierte-en-el-ganador-de-la-casa-de-los-famosos-mexico\\\/#primaryimage\"},\"thumbnailUrl\":\"https:\\\/\\\/lagnoticias.com\\\/wp-content\\\/uploads\\\/2025\\\/10\\\/7-3.jpg\",\"datePublished\":\"2025-10-06T15:01:01+00:00\",\"dateModified\":\"2025-10-06T15:01:02+00:00\",\"author\":{\"@id\":\"https:\\\/\\\/lagnoticias.com\\\/#\\\/schema\\\/person\\\/cb9bfe13f8de05d2c55270be25c6a550\"},\"breadcrumb\":{\"@id\":\"https:\\\/\\\/lagnoticias.com\\\/2025\\\/10\\\/06\\\/aldo-de-nigris-se-convierte-en-el-ganador-de-la-casa-de-los-famosos-mexico\\\/#breadcrumb\"},\"inLanguage\":\"en-US\",\"potentialAction\":[{\"@type\":\"ReadAction\",\"target\":[\"https:\\\/\\\/lagnoticias.com\\\/2025\\\/10\\\/06\\\/aldo-de-nigris-se-convierte-en-el-ganador-de-la-casa-de-los-famosos-mexico\\\/\"]}]},{\"@type\":\"ImageObject\",\"inLanguage\":\"en-US\",\"@id\":\"https:\\\/\\\/lagnoticias.com\\\/2025\\\/10\\\/06\\\/aldo-de-nigris-se-convierte-en-el-ganador-de-la-casa-de-los-famosos-mexico\\\/#primaryimage\",\"url\":\"https:\\\/\\\/lagnoticias.com\\\/wp-content\\\/uploads\\\/2025\\\/10\\\/7-3.jpg\",\"contentUrl\":\"https:\\\/\\\/lagnoticias.com\\\/wp-content\\\/uploads\\\/2025\\\/10\\\/7-3.jpg\",\"width\":1200,\"height\":747},{\"@type\":\"BreadcrumbList\",\"@id\":\"https:\\\/\\\/lagnoticias.com\\\/2025\\\/10\\\/06\\\/aldo-de-nigris-se-convierte-en-el-ganador-de-la-casa-de-los-famosos-mexico\\\/#breadcrumb\",\"itemListElement\":[{\"@type\":\"ListItem\",\"position\":1,\"name\":\"Portada\",\"item\":\"https:\\\/\\\/lagnoticias.com\\\/\"},{\"@type\":\"ListItem\",\"position\":2,\"name\":\"Aldo De Nigris se convierte en el ganador de La Casa de los Famosos M\u00e9xico\"}]},{\"@type\":\"WebSite\",\"@id\":\"https:\\\/\\\/lagnoticias.com\\\/#website\",\"url\":\"https:\\\/\\\/lagnoticias.com\\\/\",\"name\":\"La G Noticias\",\"description\":\"Noticias Positivas\",\"potentialAction\":[{\"@type\":\"SearchAction\",\"target\":{\"@type\":\"EntryPoint\",\"urlTemplate\":\"https:\\\/\\\/lagnoticias.com\\\/?s={search_term_string}\"},\"query-input\":{\"@type\":\"PropertyValueSpecification\",\"valueRequired\":true,\"valueName\":\"search_term_string\"}}],\"inLanguage\":\"en-US\"},{\"@type\":\"Person\",\"@id\":\"https:\\\/\\\/lagnoticias.com\\\/#\\\/schema\\\/person\\\/cb9bfe13f8de05d2c55270be25c6a550\",\"name\":\"Oscar\",\"image\":{\"@type\":\"ImageObject\",\"inLanguage\":\"en-US\",\"@id\":\"https:\\\/\\\/secure.gravatar.com\\\/avatar\\\/45c195718f652dc7ffdd591dc1f2678956ab7fdadcd359a635edc61304a8c757?s=96&d=mm&r=g\",\"url\":\"https:\\\/\\\/secure.gravatar.com\\\/avatar\\\/45c195718f652dc7ffdd591dc1f2678956ab7fdadcd359a635edc61304a8c757?s=96&d=mm&r=g\",\"contentUrl\":\"https:\\\/\\\/secure.gravatar.com\\\/avatar\\\/45c195718f652dc7ffdd591dc1f2678956ab7fdadcd359a635edc61304a8c757?s=96&d=mm&r=g\",\"caption\":\"Oscar\"},\"url\":\"https:\\\/\\\/lagnoticias.com\\\/en\\\/author\\\/oscar\\\/\"}]}<\/script>\n<!-- \/ Yoast SEO plugin. -->","yoast_head_json":{"title":"Aldo De Nigris se convierte en el ganador de La Casa de los Famosos M\u00e9xico - La G Noticias","robots":{"index":"index","follow":"follow","max-snippet":"max-snippet:-1","max-image-preview":"max-image-preview:large","max-video-preview":"max-video-preview:-1"},"canonical":"https:\/\/lagnoticias.com\/en\/2025\/10\/06\/aldo-de-nigris-se-convierte-en-el-ganador-de-la-casa-de-los-famosos-mexico\/","og_locale":"en_US","og_type":"article","og_title":"Aldo De Nigris se convierte en el ganador de La Casa de los Famosos M\u00e9xico - La G Noticias","og_description":"Aldo obtuvo anoche el primer lugar en La Casa de los Famosos M\u00e9xico 3. Tras una re\u00f1ida votaci\u00f3n de m\u00e1s de 43 millones de votos, superar a 14 habitantes, una ruda competencia, estrategias, alianzas, posicionamientos y sinceramientos, Aldito se consagr\u00f3 como el ganador de los 4 millones de pesos. Despu\u00e9s de 71 d\u00edas de competencia, [&hellip;]","og_url":"https:\/\/lagnoticias.com\/en\/2025\/10\/06\/aldo-de-nigris-se-convierte-en-el-ganador-de-la-casa-de-los-famosos-mexico\/","og_site_name":"La G Noticias","article_publisher":"https:\/\/www.facebook.com\/LaGNoticias","article_published_time":"2025-10-06T15:01:01+00:00","article_modified_time":"2025-10-06T15:01:02+00:00","og_image":[{"width":1200,"height":747,"url":"https:\/\/lagnoticias.com\/wp-content\/uploads\/2025\/10\/7-3.jpg","type":"image\/jpeg"}],"author":"Oscar","twitter_card":"summary_large_image","twitter_creator":"@lagnoticias","twitter_site":"@lagnoticias","twitter_misc":{"Written by":"Oscar","Est. reading time":"2 minutes"},"schema":{"@context":"https:\/\/schema.org","@graph":[{"@type":"Article","@id":"https:\/\/lagnoticias.com\/2025\/10\/06\/aldo-de-nigris-se-convierte-en-el-ganador-de-la-casa-de-los-famosos-mexico\/#article","isPartOf":{"@id":"https:\/\/lagnoticias.com\/2025\/10\/06\/aldo-de-nigris-se-convierte-en-el-ganador-de-la-casa-de-los-famosos-mexico\/"},"author":{"name":"Oscar","@id":"https:\/\/lagnoticias.com\/#\/schema\/person\/cb9bfe13f8de05d2c55270be25c6a550"},"headline":"Aldo De Nigris se convierte en el ganador de La Casa de los Famosos M\u00e9xico","datePublished":"2025-10-06T15:01:01+00:00","dateModified":"2025-10-06T15:01:02+00:00","mainEntityOfPage":{"@id":"https:\/\/lagnoticias.com\/2025\/10\/06\/aldo-de-nigris-se-convierte-en-el-ganador-de-la-casa-de-los-famosos-mexico\/"},"wordCount":405,"commentCount":0,"image":{"@id":"https:\/\/lagnoticias.com\/2025\/10\/06\/aldo-de-nigris-se-convierte-en-el-ganador-de-la-casa-de-los-famosos-mexico\/#primaryimage"},"thumbnailUrl":"https:\/\/lagnoticias.com\/wp-content\/uploads\/2025\/10\/7-3.jpg","keywords":["ALDO DE NIGRIS","GANADOR","LA CASA DE LOS FAMOSOS M\u00c9XICO 3"],"articleSection":["ENTRETENIMIENTO"],"inLanguage":"en-US","potentialAction":[{"@type":"CommentAction","name":"Comment","target":["https:\/\/lagnoticias.com\/2025\/10\/06\/aldo-de-nigris-se-convierte-en-el-ganador-de-la-casa-de-los-famosos-mexico\/#respond"]}]},{"@type":"WebPage","@id":"https:\/\/lagnoticias.com\/2025\/10\/06\/aldo-de-nigris-se-convierte-en-el-ganador-de-la-casa-de-los-famosos-mexico\/","url":"https:\/\/lagnoticias.com\/2025\/10\/06\/aldo-de-nigris-se-convierte-en-el-ganador-de-la-casa-de-los-famosos-mexico\/","name":"Aldo De Nigris se convierte en el ganador de La Casa de los Famosos M\u00e9xico - La G Noticias","isPartOf":{"@id":"https:\/\/lagnoticias.com\/#website"},"primaryImageOfPage":{"@id":"https:\/\/lagnoticias.com\/2025\/10\/06\/aldo-de-nigris-se-convierte-en-el-ganador-de-la-casa-de-los-famosos-mexico\/#primaryimage"},"image":{"@id":"https:\/\/lagnoticias.com\/2025\/10\/06\/aldo-de-nigris-se-convierte-en-el-ganador-de-la-casa-de-los-famosos-mexico\/#primaryimage"},"thumbnailUrl":"https:\/\/lagnoticias.com\/wp-content\/uploads\/2025\/10\/7-3.jpg","datePublished":"2025-10-06T15:01:01+00:00","dateModified":"2025-10-06T15:01:02+00:00","author":{"@id":"https:\/\/lagnoticias.com\/#\/schema\/person\/cb9bfe13f8de05d2c55270be25c6a550"},"breadcrumb":{"@id":"https:\/\/lagnoticias.com\/2025\/10\/06\/aldo-de-nigris-se-convierte-en-el-ganador-de-la-casa-de-los-famosos-mexico\/#breadcrumb"},"inLanguage":"en-US","potentialAction":[{"@type":"ReadAction","target":["https:\/\/lagnoticias.com\/2025\/10\/06\/aldo-de-nigris-se-convierte-en-el-ganador-de-la-casa-de-los-famosos-mexico\/"]}]},{"@type":"ImageObject","inLanguage":"en-US","@id":"https:\/\/lagnoticias.com\/2025\/10\/06\/aldo-de-nigris-se-convierte-en-el-ganador-de-la-casa-de-los-famosos-mexico\/#primaryimage","url":"https:\/\/lagnoticias.com\/wp-content\/uploads\/2025\/10\/7-3.jpg","contentUrl":"https:\/\/lagnoticias.com\/wp-content\/uploads\/2025\/10\/7-3.jpg","width":1200,"height":747},{"@type":"BreadcrumbList","@id":"https:\/\/lagnoticias.com\/2025\/10\/06\/aldo-de-nigris-se-convierte-en-el-ganador-de-la-casa-de-los-famosos-mexico\/#breadcrumb","itemListElement":[{"@type":"ListItem","position":1,"name":"Portada","item":"https:\/\/lagnoticias.com\/"},{"@type":"ListItem","position":2,"name":"Aldo De Nigris se convierte en el ganador de La Casa de los Famosos M\u00e9xico"}]},{"@type":"WebSite","@id":"https:\/\/lagnoticias.com\/#website","url":"https:\/\/lagnoticias.com\/","name":"La G Noticias","description":"Noticias Positivas","potentialAction":[{"@type":"SearchAction","target":{"@type":"EntryPoint","urlTemplate":"https:\/\/lagnoticias.com\/?s={search_term_string}"},"query-input":{"@type":"PropertyValueSpecification","valueRequired":true,"valueName":"search_term_string"}}],"inLanguage":"en-US"},{"@type":"Person","@id":"https:\/\/lagnoticias.com\/#\/schema\/person\/cb9bfe13f8de05d2c55270be25c6a550","name":"Oscar","image":{"@type":"ImageObject","inLanguage":"en-US","@id":"https:\/\/secure.gravatar.com\/avatar\/45c195718f652dc7ffdd591dc1f2678956ab7fdadcd359a635edc61304a8c757?s=96&d=mm&r=g","url":"https:\/\/secure.gravatar.com\/avatar\/45c195718f652dc7ffdd591dc1f2678956ab7fdadcd359a635edc61304a8c757?s=96&d=mm&r=g","contentUrl":"https:\/\/secure.gravatar.com\/avatar\/45c195718f652dc7ffdd591dc1f2678956ab7fdadcd359a635edc61304a8c757?s=96&d=mm&r=g","caption":"Oscar"},"url":"https:\/\/lagnoticias.com\/en\/author\/oscar\/"}]}},"_links":{"self":[{"href":"https:\/\/lagnoticias.com\/en\/wp-json\/wp\/v2\/posts\/5626","targetHints":{"allow":["GET"]}}],"collection":[{"href":"https:\/\/lagnoticias.com\/en\/wp-json\/wp\/v2\/posts"}],"about":[{"href":"https:\/\/lagnoticias.com\/en\/wp-json\/wp\/v2\/types\/post"}],"author":[{"embeddable":true,"href":"https:\/\/lagnoticias.com\/en\/wp-json\/wp\/v2\/users\/2"}],"replies":[{"embeddable":true,"href":"https:\/\/lagnoticias.com\/en\/wp-json\/wp\/v2\/comments?post=5626"}],"version-history":[{"count":1,"href":"https:\/\/lagnoticias.com\/en\/wp-json\/wp\/v2\/posts\/5626\/revisions"}],"predecessor-version":[{"id":5628,"href":"https:\/\/lagnoticias.com\/en\/wp-json\/wp\/v2\/posts\/5626\/revisions\/5628"}],"wp:featuredmedia":[{"embeddable":true,"href":"https:\/\/lagnoticias.com\/en\/wp-json\/wp\/v2\/media\/5627"}],"wp:attachment":[{"href":"https:\/\/lagnoticias.com\/en\/wp-json\/wp\/v2\/media?parent=5626"}],"wp:term":[{"taxonomy":"category","embeddable":true,"href":"https:\/\/lagnoticias.com\/en\/wp-json\/wp\/v2\/categories?post=5626"},{"taxonomy":"post_tag","embeddable":true,"href":"https:\/\/lagnoticias.com\/en\/wp-json\/wp\/v2\/tags?post=5626"}],"curies":[{"name":"wp","href":"https:\/\/api.w.org\/{rel}","templated":true}]}}