{"id":5550,"date":"2025-10-02T08:52:53","date_gmt":"2025-10-02T14:52:53","guid":{"rendered":"https:\/\/lagnoticias.com\/?p=5550"},"modified":"2025-10-03T11:17:45","modified_gmt":"2025-10-03T17:17:45","slug":"florinda-meza-defiende-a-angela-aguilar-de-las-criticas-por-su-relacion-con-nodal","status":"publish","type":"post","link":"https:\/\/lagnoticias.com\/en\/2025\/10\/02\/florinda-meza-defiende-a-angela-aguilar-de-las-criticas-por-su-relacion-con-nodal\/","title":{"rendered":"Florinda Meza defiende a \u00c1ngela Aguilar de las cr\u00edticas por su relaci\u00f3n con Nodal"},"content":{"rendered":"<p>Florinda Meza&nbsp;volvi\u00f3 a ser tendencia, pero esta vez no por su historia con Roberto G\u00f3mez Bola\u00f1os \u201cChespirito\u201d, sino por&nbsp;defender a la joven cantante&nbsp;\u00c1ngela Aguilar&nbsp;de los ataques que recibe&nbsp;en redes sociales&nbsp;debido a su relaci\u00f3n con Christian Nodal.<\/p>\n\n\n\n<p>La actriz y productora asegur\u00f3 que&nbsp;entiende lo que la int\u00e9rprete est\u00e1 viviendo, pues ella misma fue blanco de cr\u00edticas durante a\u00f1os por su romance con el comediante.<\/p>\n\n\n\n<h2 class=\"wp-block-heading\">Florinda Meza defiende a \u00c1ngela Aguilar del hate<\/h2>\n\n\n\n<p>Durante una charla con medios,&nbsp;la actriz mostr\u00f3 empat\u00eda hacia la hija de Pepe Aguilar, quien desde hace m\u00e1s de un a\u00f1o enfrenta comentarios negativos en internet por su&nbsp;noviazgo con Nodal.<\/p>\n\n\n\n<p>\u201cPobrecita, y no porque la comparan. Para empezar, es muy bonita y yo ya soy una vieja, pero era una joven bella a su edad\u2026 Ojal\u00e1 que por su juventud no caiga en ese juego, porque no es la gente la que piensa as\u00ed, es un peque\u00f1o mundillo que maneja las redes y hace creer cosas que no existen. Es una chica buena, noble. Ellos tienen derecho a hacer su vida\u201d\u2014 declar\u00f3.<\/p>\n\n\n\n<p>Meza incluso se\u00f1al\u00f3 que, al haber&nbsp;12 a\u00f1os de diferencia&nbsp;en la pareja,&nbsp;\u201cla cordura deber\u00eda caber en \u00e9l (Nodal)\u201d, resaltando que la responsabilidad no deber\u00eda recaer \u00fanicamente en \u00c1ngela.<\/p>\n\n\n\n<h2 class=\"wp-block-heading\">\u201cYo ya aprend\u00ed a vivir con las cr\u00edticas\u201d<\/h2>\n\n\n\n<p>La protagonista de \u201cDo\u00f1a Florinda\u201d explic\u00f3 que,&nbsp;a diferencia de la joven cantante, a ella las cr\u00edticas ya no le afectan, incluso cuando&nbsp;este a\u00f1o volvieron a intensificarse con el estreno&nbsp;de la serie Chespirito:&nbsp;Sin querer queriendo, producida por HBO Max.<\/p>\n\n\n\n<p>Me duele que exista eso, porque yo no he hecho nada para que exista\u2026 pero gracias a que soy fuerte s\u00e9 c\u00f3mo manejar eso al paso de muchos a\u00f1os, porque tambi\u00e9n s\u00e9 que ese peque\u00f1o mundillo es manejado por intereses y que hay mucha codicia en medio de todo\u201d\u2014 coment\u00f3.<\/p>\n\n\n\n<p>La actriz asegur\u00f3 que&nbsp;su fortaleza le ha permitido sobrellevar los ataques, aunque admiti\u00f3 que no es sencillo ser el blanco de la manipulaci\u00f3n en redes sociales.<\/p>\n\n\n\n<h2 class=\"wp-block-heading\">Su versi\u00f3n llega a Prime Video<\/h2>\n\n\n\n<p>Florinda Meza anunci\u00f3 el&nbsp;estreno del documental&nbsp;Atr\u00e9vete a vivir,&nbsp;que se estrenar\u00e1 el 9 de octubre&nbsp;en Prime Video. Esta producci\u00f3n,&nbsp;dirigida por Javi Domz junto a Omar Uribe y Bety Le\u00f3n, busca contar la vida de la actriz desde su ni\u00f1ez hasta su etapa como pareja de Roberto G\u00f3mez Bola\u00f1os y su vida despu\u00e9s de la muerte del comediante.<\/p>\n\n\n\n<p>Seg\u00fan Domz,&nbsp;el documental servir\u00e1 como una respuesta a la serie de HBO:<\/p>\n\n\n\n<p>\u201cVeremos sus telenovelas, su amor con Roberto G\u00f3mez Bola\u00f1os, c\u00f3mo vivi\u00f3 su romance, c\u00f3mo llega a estudiar actuaci\u00f3n, c\u00f3mo llega su primera gran oportunidad y sobre todo c\u00f3mo vive sus d\u00edas despu\u00e9s de haber perdido al amor de su vida\u201d<\/p>\n\n\n\n<h2 class=\"wp-block-heading\">Un estreno lleno de colegas y recuerdos<\/h2>\n\n\n\n<p>En la presentaci\u00f3n,&nbsp;Meza estuvo acompa\u00f1ada por figuras del medio art\u00edstico&nbsp;como Mois\u00e9s Su\u00e1rez, Alejandra \u00c1valos y Francisco Gattorno. Este \u00faltimo&nbsp;record\u00f3 con gratitud cuando en 1995 trabaj\u00f3 con ella en la telenovela La due\u00f1a, producci\u00f3n donde comparti\u00f3 cr\u00e9ditos con Ang\u00e9lica Rivera.<\/p>","protected":false},"excerpt":{"rendered":"<p>Florinda Meza defendi\u00f3 a \u00c1ngela Aguilar del hate en redes, record\u00f3 cr\u00edticas por Chespirito y anunci\u00f3 su documental en Prime Video.<\/p>","protected":false},"author":2,"featured_media":5551,"comment_status":"open","ping_status":"open","sticky":false,"template":"","format":"standard","meta":{"_et_pb_use_builder":"off","_et_pb_old_content":"","_et_gb_content_width":"","footnotes":""},"categories":[249],"tags":[532,506,693,507],"class_list":["post-5550","post","type-post","status-publish","format-standard","has-post-thumbnail","hentry","category-entretenimiento","tag-angela-aguilar","tag-chespirito","tag-christian-nodal","tag-florinda-meza"],"yoast_head":"<!-- This site is optimized with the Yoast SEO plugin v27.4 - https:\/\/yoast.com\/product\/yoast-seo-wordpress\/ -->\n<title>Florinda Meza defiende a \u00c1ngela Aguilar de las cr\u00edticas por su relaci\u00f3n con Nodal - La G Noticias<\/title>\n<meta name=\"robots\" content=\"index, follow, max-snippet:-1, max-image-preview:large, max-video-preview:-1\" \/>\n<link rel=\"canonical\" href=\"https:\/\/lagnoticias.com\/en\/2025\/10\/02\/florinda-meza-defiende-a-angela-aguilar-de-las-criticas-por-su-relacion-con-nodal\/\" \/>\n<meta property=\"og:locale\" content=\"en_US\" \/>\n<meta property=\"og:type\" content=\"article\" \/>\n<meta property=\"og:title\" content=\"Florinda Meza defiende a \u00c1ngela Aguilar de las cr\u00edticas por su relaci\u00f3n con Nodal - La G Noticias\" \/>\n<meta property=\"og:description\" content=\"Florinda Meza defendi\u00f3 a \u00c1ngela Aguilar del hate en redes, record\u00f3 cr\u00edticas por Chespirito y anunci\u00f3 su documental en Prime Video.\" \/>\n<meta property=\"og:url\" content=\"https:\/\/lagnoticias.com\/en\/2025\/10\/02\/florinda-meza-defiende-a-angela-aguilar-de-las-criticas-por-su-relacion-con-nodal\/\" \/>\n<meta property=\"og:site_name\" content=\"La G Noticias\" \/>\n<meta property=\"article:publisher\" content=\"https:\/\/www.facebook.com\/LaGNoticias\" \/>\n<meta property=\"article:published_time\" content=\"2025-10-02T14:52:53+00:00\" \/>\n<meta property=\"article:modified_time\" content=\"2025-10-03T17:17:45+00:00\" \/>\n<meta property=\"og:image\" content=\"https:\/\/lagnoticias.com\/wp-content\/uploads\/2025\/10\/9-1.jpg\" \/>\n\t<meta property=\"og:image:width\" content=\"1200\" \/>\n\t<meta property=\"og:image:height\" content=\"675\" \/>\n\t<meta property=\"og:image:type\" content=\"image\/jpeg\" \/>\n<meta name=\"author\" content=\"Oscar\" \/>\n<meta name=\"twitter:card\" content=\"summary_large_image\" \/>\n<meta name=\"twitter:creator\" content=\"@lagnoticias\" \/>\n<meta name=\"twitter:site\" content=\"@lagnoticias\" \/>\n<meta name=\"twitter:label1\" content=\"Written by\" \/>\n\t<meta name=\"twitter:data1\" content=\"Oscar\" \/>\n\t<meta name=\"twitter:label2\" content=\"Est. reading time\" \/>\n\t<meta name=\"twitter:data2\" content=\"3 minutes\" \/>\n<script type=\"application\/ld+json\" class=\"yoast-schema-graph\">{\"@context\":\"https:\\\/\\\/schema.org\",\"@graph\":[{\"@type\":\"Article\",\"@id\":\"https:\\\/\\\/lagnoticias.com\\\/2025\\\/10\\\/02\\\/florinda-meza-defiende-a-angela-aguilar-de-las-criticas-por-su-relacion-con-nodal\\\/#article\",\"isPartOf\":{\"@id\":\"https:\\\/\\\/lagnoticias.com\\\/2025\\\/10\\\/02\\\/florinda-meza-defiende-a-angela-aguilar-de-las-criticas-por-su-relacion-con-nodal\\\/\"},\"author\":{\"name\":\"Oscar\",\"@id\":\"https:\\\/\\\/lagnoticias.com\\\/#\\\/schema\\\/person\\\/cb9bfe13f8de05d2c55270be25c6a550\"},\"headline\":\"Florinda Meza defiende a \u00c1ngela Aguilar de las cr\u00edticas por su relaci\u00f3n con Nodal\",\"datePublished\":\"2025-10-02T14:52:53+00:00\",\"dateModified\":\"2025-10-03T17:17:45+00:00\",\"mainEntityOfPage\":{\"@id\":\"https:\\\/\\\/lagnoticias.com\\\/2025\\\/10\\\/02\\\/florinda-meza-defiende-a-angela-aguilar-de-las-criticas-por-su-relacion-con-nodal\\\/\"},\"wordCount\":597,\"commentCount\":0,\"image\":{\"@id\":\"https:\\\/\\\/lagnoticias.com\\\/2025\\\/10\\\/02\\\/florinda-meza-defiende-a-angela-aguilar-de-las-criticas-por-su-relacion-con-nodal\\\/#primaryimage\"},\"thumbnailUrl\":\"https:\\\/\\\/lagnoticias.com\\\/wp-content\\\/uploads\\\/2025\\\/10\\\/9-1.jpg\",\"keywords\":[\"ANGELA AGUILAR\",\"CHESPIRITO\",\"CHRISTIAN NODAL\",\"FLORINDA MEZA\"],\"articleSection\":[\"ENTRETENIMIENTO\"],\"inLanguage\":\"en-US\",\"potentialAction\":[{\"@type\":\"CommentAction\",\"name\":\"Comment\",\"target\":[\"https:\\\/\\\/lagnoticias.com\\\/2025\\\/10\\\/02\\\/florinda-meza-defiende-a-angela-aguilar-de-las-criticas-por-su-relacion-con-nodal\\\/#respond\"]}]},{\"@type\":\"WebPage\",\"@id\":\"https:\\\/\\\/lagnoticias.com\\\/2025\\\/10\\\/02\\\/florinda-meza-defiende-a-angela-aguilar-de-las-criticas-por-su-relacion-con-nodal\\\/\",\"url\":\"https:\\\/\\\/lagnoticias.com\\\/2025\\\/10\\\/02\\\/florinda-meza-defiende-a-angela-aguilar-de-las-criticas-por-su-relacion-con-nodal\\\/\",\"name\":\"Florinda Meza defiende a \u00c1ngela Aguilar de las cr\u00edticas por su relaci\u00f3n con Nodal - La G Noticias\",\"isPartOf\":{\"@id\":\"https:\\\/\\\/lagnoticias.com\\\/#website\"},\"primaryImageOfPage\":{\"@id\":\"https:\\\/\\\/lagnoticias.com\\\/2025\\\/10\\\/02\\\/florinda-meza-defiende-a-angela-aguilar-de-las-criticas-por-su-relacion-con-nodal\\\/#primaryimage\"},\"image\":{\"@id\":\"https:\\\/\\\/lagnoticias.com\\\/2025\\\/10\\\/02\\\/florinda-meza-defiende-a-angela-aguilar-de-las-criticas-por-su-relacion-con-nodal\\\/#primaryimage\"},\"thumbnailUrl\":\"https:\\\/\\\/lagnoticias.com\\\/wp-content\\\/uploads\\\/2025\\\/10\\\/9-1.jpg\",\"datePublished\":\"2025-10-02T14:52:53+00:00\",\"dateModified\":\"2025-10-03T17:17:45+00:00\",\"author\":{\"@id\":\"https:\\\/\\\/lagnoticias.com\\\/#\\\/schema\\\/person\\\/cb9bfe13f8de05d2c55270be25c6a550\"},\"breadcrumb\":{\"@id\":\"https:\\\/\\\/lagnoticias.com\\\/2025\\\/10\\\/02\\\/florinda-meza-defiende-a-angela-aguilar-de-las-criticas-por-su-relacion-con-nodal\\\/#breadcrumb\"},\"inLanguage\":\"en-US\",\"potentialAction\":[{\"@type\":\"ReadAction\",\"target\":[\"https:\\\/\\\/lagnoticias.com\\\/2025\\\/10\\\/02\\\/florinda-meza-defiende-a-angela-aguilar-de-las-criticas-por-su-relacion-con-nodal\\\/\"]}]},{\"@type\":\"ImageObject\",\"inLanguage\":\"en-US\",\"@id\":\"https:\\\/\\\/lagnoticias.com\\\/2025\\\/10\\\/02\\\/florinda-meza-defiende-a-angela-aguilar-de-las-criticas-por-su-relacion-con-nodal\\\/#primaryimage\",\"url\":\"https:\\\/\\\/lagnoticias.com\\\/wp-content\\\/uploads\\\/2025\\\/10\\\/9-1.jpg\",\"contentUrl\":\"https:\\\/\\\/lagnoticias.com\\\/wp-content\\\/uploads\\\/2025\\\/10\\\/9-1.jpg\",\"width\":1200,\"height\":675},{\"@type\":\"BreadcrumbList\",\"@id\":\"https:\\\/\\\/lagnoticias.com\\\/2025\\\/10\\\/02\\\/florinda-meza-defiende-a-angela-aguilar-de-las-criticas-por-su-relacion-con-nodal\\\/#breadcrumb\",\"itemListElement\":[{\"@type\":\"ListItem\",\"position\":1,\"name\":\"Portada\",\"item\":\"https:\\\/\\\/lagnoticias.com\\\/\"},{\"@type\":\"ListItem\",\"position\":2,\"name\":\"Florinda Meza defiende a \u00c1ngela Aguilar de las cr\u00edticas por su relaci\u00f3n con Nodal\"}]},{\"@type\":\"WebSite\",\"@id\":\"https:\\\/\\\/lagnoticias.com\\\/#website\",\"url\":\"https:\\\/\\\/lagnoticias.com\\\/\",\"name\":\"La G Noticias\",\"description\":\"Noticias Positivas\",\"potentialAction\":[{\"@type\":\"SearchAction\",\"target\":{\"@type\":\"EntryPoint\",\"urlTemplate\":\"https:\\\/\\\/lagnoticias.com\\\/?s={search_term_string}\"},\"query-input\":{\"@type\":\"PropertyValueSpecification\",\"valueRequired\":true,\"valueName\":\"search_term_string\"}}],\"inLanguage\":\"en-US\"},{\"@type\":\"Person\",\"@id\":\"https:\\\/\\\/lagnoticias.com\\\/#\\\/schema\\\/person\\\/cb9bfe13f8de05d2c55270be25c6a550\",\"name\":\"Oscar\",\"image\":{\"@type\":\"ImageObject\",\"inLanguage\":\"en-US\",\"@id\":\"https:\\\/\\\/secure.gravatar.com\\\/avatar\\\/45c195718f652dc7ffdd591dc1f2678956ab7fdadcd359a635edc61304a8c757?s=96&d=mm&r=g\",\"url\":\"https:\\\/\\\/secure.gravatar.com\\\/avatar\\\/45c195718f652dc7ffdd591dc1f2678956ab7fdadcd359a635edc61304a8c757?s=96&d=mm&r=g\",\"contentUrl\":\"https:\\\/\\\/secure.gravatar.com\\\/avatar\\\/45c195718f652dc7ffdd591dc1f2678956ab7fdadcd359a635edc61304a8c757?s=96&d=mm&r=g\",\"caption\":\"Oscar\"},\"url\":\"https:\\\/\\\/lagnoticias.com\\\/en\\\/author\\\/oscar\\\/\"}]}<\/script>\n<!-- \/ Yoast SEO plugin. -->","yoast_head_json":{"title":"Florinda Meza defiende a \u00c1ngela Aguilar de las cr\u00edticas por su relaci\u00f3n con Nodal - La G Noticias","robots":{"index":"index","follow":"follow","max-snippet":"max-snippet:-1","max-image-preview":"max-image-preview:large","max-video-preview":"max-video-preview:-1"},"canonical":"https:\/\/lagnoticias.com\/en\/2025\/10\/02\/florinda-meza-defiende-a-angela-aguilar-de-las-criticas-por-su-relacion-con-nodal\/","og_locale":"en_US","og_type":"article","og_title":"Florinda Meza defiende a \u00c1ngela Aguilar de las cr\u00edticas por su relaci\u00f3n con Nodal - La G Noticias","og_description":"Florinda Meza defendi\u00f3 a \u00c1ngela Aguilar del hate en redes, record\u00f3 cr\u00edticas por Chespirito y anunci\u00f3 su documental en Prime Video.","og_url":"https:\/\/lagnoticias.com\/en\/2025\/10\/02\/florinda-meza-defiende-a-angela-aguilar-de-las-criticas-por-su-relacion-con-nodal\/","og_site_name":"La G Noticias","article_publisher":"https:\/\/www.facebook.com\/LaGNoticias","article_published_time":"2025-10-02T14:52:53+00:00","article_modified_time":"2025-10-03T17:17:45+00:00","og_image":[{"width":1200,"height":675,"url":"https:\/\/lagnoticias.com\/wp-content\/uploads\/2025\/10\/9-1.jpg","type":"image\/jpeg"}],"author":"Oscar","twitter_card":"summary_large_image","twitter_creator":"@lagnoticias","twitter_site":"@lagnoticias","twitter_misc":{"Written by":"Oscar","Est. reading time":"3 minutes"},"schema":{"@context":"https:\/\/schema.org","@graph":[{"@type":"Article","@id":"https:\/\/lagnoticias.com\/2025\/10\/02\/florinda-meza-defiende-a-angela-aguilar-de-las-criticas-por-su-relacion-con-nodal\/#article","isPartOf":{"@id":"https:\/\/lagnoticias.com\/2025\/10\/02\/florinda-meza-defiende-a-angela-aguilar-de-las-criticas-por-su-relacion-con-nodal\/"},"author":{"name":"Oscar","@id":"https:\/\/lagnoticias.com\/#\/schema\/person\/cb9bfe13f8de05d2c55270be25c6a550"},"headline":"Florinda Meza defiende a \u00c1ngela Aguilar de las cr\u00edticas por su relaci\u00f3n con Nodal","datePublished":"2025-10-02T14:52:53+00:00","dateModified":"2025-10-03T17:17:45+00:00","mainEntityOfPage":{"@id":"https:\/\/lagnoticias.com\/2025\/10\/02\/florinda-meza-defiende-a-angela-aguilar-de-las-criticas-por-su-relacion-con-nodal\/"},"wordCount":597,"commentCount":0,"image":{"@id":"https:\/\/lagnoticias.com\/2025\/10\/02\/florinda-meza-defiende-a-angela-aguilar-de-las-criticas-por-su-relacion-con-nodal\/#primaryimage"},"thumbnailUrl":"https:\/\/lagnoticias.com\/wp-content\/uploads\/2025\/10\/9-1.jpg","keywords":["ANGELA AGUILAR","CHESPIRITO","CHRISTIAN NODAL","FLORINDA MEZA"],"articleSection":["ENTRETENIMIENTO"],"inLanguage":"en-US","potentialAction":[{"@type":"CommentAction","name":"Comment","target":["https:\/\/lagnoticias.com\/2025\/10\/02\/florinda-meza-defiende-a-angela-aguilar-de-las-criticas-por-su-relacion-con-nodal\/#respond"]}]},{"@type":"WebPage","@id":"https:\/\/lagnoticias.com\/2025\/10\/02\/florinda-meza-defiende-a-angela-aguilar-de-las-criticas-por-su-relacion-con-nodal\/","url":"https:\/\/lagnoticias.com\/2025\/10\/02\/florinda-meza-defiende-a-angela-aguilar-de-las-criticas-por-su-relacion-con-nodal\/","name":"Florinda Meza defiende a \u00c1ngela Aguilar de las cr\u00edticas por su relaci\u00f3n con Nodal - La G Noticias","isPartOf":{"@id":"https:\/\/lagnoticias.com\/#website"},"primaryImageOfPage":{"@id":"https:\/\/lagnoticias.com\/2025\/10\/02\/florinda-meza-defiende-a-angela-aguilar-de-las-criticas-por-su-relacion-con-nodal\/#primaryimage"},"image":{"@id":"https:\/\/lagnoticias.com\/2025\/10\/02\/florinda-meza-defiende-a-angela-aguilar-de-las-criticas-por-su-relacion-con-nodal\/#primaryimage"},"thumbnailUrl":"https:\/\/lagnoticias.com\/wp-content\/uploads\/2025\/10\/9-1.jpg","datePublished":"2025-10-02T14:52:53+00:00","dateModified":"2025-10-03T17:17:45+00:00","author":{"@id":"https:\/\/lagnoticias.com\/#\/schema\/person\/cb9bfe13f8de05d2c55270be25c6a550"},"breadcrumb":{"@id":"https:\/\/lagnoticias.com\/2025\/10\/02\/florinda-meza-defiende-a-angela-aguilar-de-las-criticas-por-su-relacion-con-nodal\/#breadcrumb"},"inLanguage":"en-US","potentialAction":[{"@type":"ReadAction","target":["https:\/\/lagnoticias.com\/2025\/10\/02\/florinda-meza-defiende-a-angela-aguilar-de-las-criticas-por-su-relacion-con-nodal\/"]}]},{"@type":"ImageObject","inLanguage":"en-US","@id":"https:\/\/lagnoticias.com\/2025\/10\/02\/florinda-meza-defiende-a-angela-aguilar-de-las-criticas-por-su-relacion-con-nodal\/#primaryimage","url":"https:\/\/lagnoticias.com\/wp-content\/uploads\/2025\/10\/9-1.jpg","contentUrl":"https:\/\/lagnoticias.com\/wp-content\/uploads\/2025\/10\/9-1.jpg","width":1200,"height":675},{"@type":"BreadcrumbList","@id":"https:\/\/lagnoticias.com\/2025\/10\/02\/florinda-meza-defiende-a-angela-aguilar-de-las-criticas-por-su-relacion-con-nodal\/#breadcrumb","itemListElement":[{"@type":"ListItem","position":1,"name":"Portada","item":"https:\/\/lagnoticias.com\/"},{"@type":"ListItem","position":2,"name":"Florinda Meza defiende a \u00c1ngela Aguilar de las cr\u00edticas por su relaci\u00f3n con Nodal"}]},{"@type":"WebSite","@id":"https:\/\/lagnoticias.com\/#website","url":"https:\/\/lagnoticias.com\/","name":"La G Noticias","description":"Noticias Positivas","potentialAction":[{"@type":"SearchAction","target":{"@type":"EntryPoint","urlTemplate":"https:\/\/lagnoticias.com\/?s={search_term_string}"},"query-input":{"@type":"PropertyValueSpecification","valueRequired":true,"valueName":"search_term_string"}}],"inLanguage":"en-US"},{"@type":"Person","@id":"https:\/\/lagnoticias.com\/#\/schema\/person\/cb9bfe13f8de05d2c55270be25c6a550","name":"Oscar","image":{"@type":"ImageObject","inLanguage":"en-US","@id":"https:\/\/secure.gravatar.com\/avatar\/45c195718f652dc7ffdd591dc1f2678956ab7fdadcd359a635edc61304a8c757?s=96&d=mm&r=g","url":"https:\/\/secure.gravatar.com\/avatar\/45c195718f652dc7ffdd591dc1f2678956ab7fdadcd359a635edc61304a8c757?s=96&d=mm&r=g","contentUrl":"https:\/\/secure.gravatar.com\/avatar\/45c195718f652dc7ffdd591dc1f2678956ab7fdadcd359a635edc61304a8c757?s=96&d=mm&r=g","caption":"Oscar"},"url":"https:\/\/lagnoticias.com\/en\/author\/oscar\/"}]}},"_links":{"self":[{"href":"https:\/\/lagnoticias.com\/en\/wp-json\/wp\/v2\/posts\/5550","targetHints":{"allow":["GET"]}}],"collection":[{"href":"https:\/\/lagnoticias.com\/en\/wp-json\/wp\/v2\/posts"}],"about":[{"href":"https:\/\/lagnoticias.com\/en\/wp-json\/wp\/v2\/types\/post"}],"author":[{"embeddable":true,"href":"https:\/\/lagnoticias.com\/en\/wp-json\/wp\/v2\/users\/2"}],"replies":[{"embeddable":true,"href":"https:\/\/lagnoticias.com\/en\/wp-json\/wp\/v2\/comments?post=5550"}],"version-history":[{"count":1,"href":"https:\/\/lagnoticias.com\/en\/wp-json\/wp\/v2\/posts\/5550\/revisions"}],"predecessor-version":[{"id":5552,"href":"https:\/\/lagnoticias.com\/en\/wp-json\/wp\/v2\/posts\/5550\/revisions\/5552"}],"wp:featuredmedia":[{"embeddable":true,"href":"https:\/\/lagnoticias.com\/en\/wp-json\/wp\/v2\/media\/5551"}],"wp:attachment":[{"href":"https:\/\/lagnoticias.com\/en\/wp-json\/wp\/v2\/media?parent=5550"}],"wp:term":[{"taxonomy":"category","embeddable":true,"href":"https:\/\/lagnoticias.com\/en\/wp-json\/wp\/v2\/categories?post=5550"},{"taxonomy":"post_tag","embeddable":true,"href":"https:\/\/lagnoticias.com\/en\/wp-json\/wp\/v2\/tags?post=5550"}],"curies":[{"name":"wp","href":"https:\/\/api.w.org\/{rel}","templated":true}]}}