{"id":5547,"date":"2025-10-02T08:41:46","date_gmt":"2025-10-02T14:41:46","guid":{"rendered":"https:\/\/lagnoticias.com\/?p=5547"},"modified":"2025-10-02T08:41:47","modified_gmt":"2025-10-02T14:41:47","slug":"aumentan-a-72-los-fallecidos-por-terremoto-en-filipinas","status":"publish","type":"post","link":"https:\/\/lagnoticias.com\/en\/2025\/10\/02\/aumentan-a-72-los-fallecidos-por-terremoto-en-filipinas\/","title":{"rendered":"Aumentan a 72 los fallecidos por terremoto en Filipinas"},"content":{"rendered":"<p>El n\u00famero de personas fallecidas por el&nbsp;terremoto&nbsp;de magnitud 6,9 que azot\u00f3 a la isla de Ceb\u00fa, en&nbsp;Filipinas, la noche del martes, aument\u00f3 este jueves a 72, seg\u00fan el m\u00e1s reciente recuento entregado por las autoridades. Asimismo, el total de heridos ascendi\u00f3 a casi 300. El Gobierno, en tanto, ha centrado sus esfuerzos en atender a los lesionados y miles de personas que quedaron sin casa.<\/p>\n\n\n\n<p>El Consejo Nacional para la Reducci\u00f3n y Gesti\u00f3n del Riesgo de Desastres indic\u00f3 que el movimiento tel\u00farico afect\u00f3 a unas 171 000 personas, de las cuales al menos 20 000 se encuentran desplazadas. Seg\u00fan el desglose de los datos, el mayor n\u00famero de fallecidos, 30, se encontraban en la ciudad de Bogo, en Ceb\u00fa y una de las poblaciones m\u00e1s cercanas al epicentro del temblor, mientras que la vecina San Remigio registr\u00f3 22 v\u00edctimas mortales.<\/p>\n\n\n\n<p>Unas 600 casas resultaron da\u00f1adas por el temblor, junto a otros edificios como hospitales, iglesias e inmuebles de la administraci\u00f3n local, e infraestructuras como carreteras y una decena de puentes, apunta el balance provisional. Por ello, el Gobierno moviliz\u00f3 a efectivos militares y equipos de guardacostas para las tareas de emergencia sobre el terreno, mientras que este jueves est\u00e1 prevista la visita al lugar del desastre del presidente, Ferdinand Marcos Jr.<\/p>\n\n\n\n<h2 class=\"wp-block-heading\">Gobernadora pide ayuda<\/h2>\n\n\n\n<p>La gobernadora provincial de Ceb\u00fa, Pamela Baricuatro, pidi\u00f3 esta misma jornada ayuda para las millares de personas que necesitan agua potable, alimento, ropa y vivienda temporal, as\u00ed como voluntarios para organizar y distribuir la ayuda. \u00abMuchas casas fueron destruidas y muchas familias necesitan ayuda para recuperarse. Necesitan nuestra ayuda, oraciones y apoyo\u00bb, public\u00f3 la gobernadora en Facebook.<\/p>\n\n\n\n<p>Filipinas registra temblores casi a diario debido a que se asienta sobre el llamado Anillo de Fuego del Pac\u00edfico (que se extienda desde Jap\u00f3n hasta el Sudeste Asi\u00e1tico y la cuenca del Pac\u00edfico), una de las zonas con mayor actividad s\u00edsmica y volc\u00e1nica del mundo. El pasado enero, dos terremotos de magnitud 6,1 y 5,8 golpearon el sur y el centro del pa\u00eds y causaron da\u00f1os en carreteras, viviendas y parte de una escuela.<\/p>\n\n\n\n<p><\/p>\n\n\n\n<p><\/p>\n\n\n\n<p><\/p>\n\n\n\n<p><\/p>\n\n\n\n<p>(DW)<\/p>","protected":false},"excerpt":{"rendered":"<p>Las autoridades, que tambi\u00e9n reportaron unos 300 heridos y miles de afectados, se concentran ahora en las labores de limpieza, atenci\u00f3n y reconstrucci\u00f3n.<\/p>","protected":false},"author":2,"featured_media":5548,"comment_status":"open","ping_status":"open","sticky":false,"template":"","format":"standard","meta":{"_et_pb_use_builder":"off","_et_pb_old_content":"","_et_gb_content_width":"","footnotes":""},"categories":[245],"tags":[1176,1152,325],"class_list":["post-5547","post","type-post","status-publish","format-standard","has-post-thumbnail","hentry","category-internacionales","tag-fallecidos","tag-filipinas","tag-terremoto"],"yoast_head":"<!-- This site is optimized with the Yoast SEO plugin v27.4 - https:\/\/yoast.com\/product\/yoast-seo-wordpress\/ -->\n<title>Aumentan a 72 los fallecidos por terremoto en Filipinas - La G Noticias<\/title>\n<meta name=\"robots\" content=\"index, follow, max-snippet:-1, max-image-preview:large, max-video-preview:-1\" \/>\n<link rel=\"canonical\" href=\"https:\/\/lagnoticias.com\/en\/2025\/10\/02\/aumentan-a-72-los-fallecidos-por-terremoto-en-filipinas\/\" \/>\n<meta property=\"og:locale\" content=\"en_US\" \/>\n<meta property=\"og:type\" content=\"article\" \/>\n<meta property=\"og:title\" content=\"Aumentan a 72 los fallecidos por terremoto en Filipinas - La G Noticias\" \/>\n<meta property=\"og:description\" content=\"Las autoridades, que tambi\u00e9n reportaron unos 300 heridos y miles de afectados, se concentran ahora en las labores de limpieza, atenci\u00f3n y reconstrucci\u00f3n.\" \/>\n<meta property=\"og:url\" content=\"https:\/\/lagnoticias.com\/en\/2025\/10\/02\/aumentan-a-72-los-fallecidos-por-terremoto-en-filipinas\/\" \/>\n<meta property=\"og:site_name\" content=\"La G Noticias\" \/>\n<meta property=\"article:publisher\" content=\"https:\/\/www.facebook.com\/LaGNoticias\" \/>\n<meta property=\"article:published_time\" content=\"2025-10-02T14:41:46+00:00\" \/>\n<meta property=\"article:modified_time\" content=\"2025-10-02T14:41:47+00:00\" \/>\n<meta property=\"og:image\" content=\"https:\/\/lagnoticias.com\/wp-content\/uploads\/2025\/10\/5.jpg\" \/>\n\t<meta property=\"og:image:width\" content=\"1061\" \/>\n\t<meta property=\"og:image:height\" content=\"516\" \/>\n\t<meta property=\"og:image:type\" content=\"image\/jpeg\" \/>\n<meta name=\"author\" content=\"Oscar\" \/>\n<meta name=\"twitter:card\" content=\"summary_large_image\" \/>\n<meta name=\"twitter:creator\" content=\"@lagnoticias\" \/>\n<meta name=\"twitter:site\" content=\"@lagnoticias\" \/>\n<meta name=\"twitter:label1\" content=\"Written by\" \/>\n\t<meta name=\"twitter:data1\" content=\"Oscar\" \/>\n\t<meta name=\"twitter:label2\" content=\"Est. reading time\" \/>\n\t<meta name=\"twitter:data2\" content=\"2 minutes\" \/>\n<script type=\"application\/ld+json\" class=\"yoast-schema-graph\">{\"@context\":\"https:\\\/\\\/schema.org\",\"@graph\":[{\"@type\":\"Article\",\"@id\":\"https:\\\/\\\/lagnoticias.com\\\/2025\\\/10\\\/02\\\/aumentan-a-72-los-fallecidos-por-terremoto-en-filipinas\\\/#article\",\"isPartOf\":{\"@id\":\"https:\\\/\\\/lagnoticias.com\\\/2025\\\/10\\\/02\\\/aumentan-a-72-los-fallecidos-por-terremoto-en-filipinas\\\/\"},\"author\":{\"name\":\"Oscar\",\"@id\":\"https:\\\/\\\/lagnoticias.com\\\/#\\\/schema\\\/person\\\/cb9bfe13f8de05d2c55270be25c6a550\"},\"headline\":\"Aumentan a 72 los fallecidos por terremoto en Filipinas\",\"datePublished\":\"2025-10-02T14:41:46+00:00\",\"dateModified\":\"2025-10-02T14:41:47+00:00\",\"mainEntityOfPage\":{\"@id\":\"https:\\\/\\\/lagnoticias.com\\\/2025\\\/10\\\/02\\\/aumentan-a-72-los-fallecidos-por-terremoto-en-filipinas\\\/\"},\"wordCount\":368,\"commentCount\":0,\"image\":{\"@id\":\"https:\\\/\\\/lagnoticias.com\\\/2025\\\/10\\\/02\\\/aumentan-a-72-los-fallecidos-por-terremoto-en-filipinas\\\/#primaryimage\"},\"thumbnailUrl\":\"https:\\\/\\\/lagnoticias.com\\\/wp-content\\\/uploads\\\/2025\\\/10\\\/5.jpg\",\"keywords\":[\"FALLECIDOS\",\"FILIPINAS\",\"TERREMOTO\"],\"articleSection\":[\"INTERNACIONALES\"],\"inLanguage\":\"en-US\",\"potentialAction\":[{\"@type\":\"CommentAction\",\"name\":\"Comment\",\"target\":[\"https:\\\/\\\/lagnoticias.com\\\/2025\\\/10\\\/02\\\/aumentan-a-72-los-fallecidos-por-terremoto-en-filipinas\\\/#respond\"]}]},{\"@type\":\"WebPage\",\"@id\":\"https:\\\/\\\/lagnoticias.com\\\/2025\\\/10\\\/02\\\/aumentan-a-72-los-fallecidos-por-terremoto-en-filipinas\\\/\",\"url\":\"https:\\\/\\\/lagnoticias.com\\\/2025\\\/10\\\/02\\\/aumentan-a-72-los-fallecidos-por-terremoto-en-filipinas\\\/\",\"name\":\"Aumentan a 72 los fallecidos por terremoto en Filipinas - La G Noticias\",\"isPartOf\":{\"@id\":\"https:\\\/\\\/lagnoticias.com\\\/#website\"},\"primaryImageOfPage\":{\"@id\":\"https:\\\/\\\/lagnoticias.com\\\/2025\\\/10\\\/02\\\/aumentan-a-72-los-fallecidos-por-terremoto-en-filipinas\\\/#primaryimage\"},\"image\":{\"@id\":\"https:\\\/\\\/lagnoticias.com\\\/2025\\\/10\\\/02\\\/aumentan-a-72-los-fallecidos-por-terremoto-en-filipinas\\\/#primaryimage\"},\"thumbnailUrl\":\"https:\\\/\\\/lagnoticias.com\\\/wp-content\\\/uploads\\\/2025\\\/10\\\/5.jpg\",\"datePublished\":\"2025-10-02T14:41:46+00:00\",\"dateModified\":\"2025-10-02T14:41:47+00:00\",\"author\":{\"@id\":\"https:\\\/\\\/lagnoticias.com\\\/#\\\/schema\\\/person\\\/cb9bfe13f8de05d2c55270be25c6a550\"},\"breadcrumb\":{\"@id\":\"https:\\\/\\\/lagnoticias.com\\\/2025\\\/10\\\/02\\\/aumentan-a-72-los-fallecidos-por-terremoto-en-filipinas\\\/#breadcrumb\"},\"inLanguage\":\"en-US\",\"potentialAction\":[{\"@type\":\"ReadAction\",\"target\":[\"https:\\\/\\\/lagnoticias.com\\\/2025\\\/10\\\/02\\\/aumentan-a-72-los-fallecidos-por-terremoto-en-filipinas\\\/\"]}]},{\"@type\":\"ImageObject\",\"inLanguage\":\"en-US\",\"@id\":\"https:\\\/\\\/lagnoticias.com\\\/2025\\\/10\\\/02\\\/aumentan-a-72-los-fallecidos-por-terremoto-en-filipinas\\\/#primaryimage\",\"url\":\"https:\\\/\\\/lagnoticias.com\\\/wp-content\\\/uploads\\\/2025\\\/10\\\/5.jpg\",\"contentUrl\":\"https:\\\/\\\/lagnoticias.com\\\/wp-content\\\/uploads\\\/2025\\\/10\\\/5.jpg\",\"width\":1061,\"height\":516},{\"@type\":\"BreadcrumbList\",\"@id\":\"https:\\\/\\\/lagnoticias.com\\\/2025\\\/10\\\/02\\\/aumentan-a-72-los-fallecidos-por-terremoto-en-filipinas\\\/#breadcrumb\",\"itemListElement\":[{\"@type\":\"ListItem\",\"position\":1,\"name\":\"Portada\",\"item\":\"https:\\\/\\\/lagnoticias.com\\\/\"},{\"@type\":\"ListItem\",\"position\":2,\"name\":\"Aumentan a 72 los fallecidos por terremoto en Filipinas\"}]},{\"@type\":\"WebSite\",\"@id\":\"https:\\\/\\\/lagnoticias.com\\\/#website\",\"url\":\"https:\\\/\\\/lagnoticias.com\\\/\",\"name\":\"La G Noticias\",\"description\":\"Noticias Positivas\",\"potentialAction\":[{\"@type\":\"SearchAction\",\"target\":{\"@type\":\"EntryPoint\",\"urlTemplate\":\"https:\\\/\\\/lagnoticias.com\\\/?s={search_term_string}\"},\"query-input\":{\"@type\":\"PropertyValueSpecification\",\"valueRequired\":true,\"valueName\":\"search_term_string\"}}],\"inLanguage\":\"en-US\"},{\"@type\":\"Person\",\"@id\":\"https:\\\/\\\/lagnoticias.com\\\/#\\\/schema\\\/person\\\/cb9bfe13f8de05d2c55270be25c6a550\",\"name\":\"Oscar\",\"image\":{\"@type\":\"ImageObject\",\"inLanguage\":\"en-US\",\"@id\":\"https:\\\/\\\/secure.gravatar.com\\\/avatar\\\/45c195718f652dc7ffdd591dc1f2678956ab7fdadcd359a635edc61304a8c757?s=96&d=mm&r=g\",\"url\":\"https:\\\/\\\/secure.gravatar.com\\\/avatar\\\/45c195718f652dc7ffdd591dc1f2678956ab7fdadcd359a635edc61304a8c757?s=96&d=mm&r=g\",\"contentUrl\":\"https:\\\/\\\/secure.gravatar.com\\\/avatar\\\/45c195718f652dc7ffdd591dc1f2678956ab7fdadcd359a635edc61304a8c757?s=96&d=mm&r=g\",\"caption\":\"Oscar\"},\"url\":\"https:\\\/\\\/lagnoticias.com\\\/en\\\/author\\\/oscar\\\/\"}]}<\/script>\n<!-- \/ Yoast SEO plugin. -->","yoast_head_json":{"title":"Aumentan a 72 los fallecidos por terremoto en Filipinas - La G Noticias","robots":{"index":"index","follow":"follow","max-snippet":"max-snippet:-1","max-image-preview":"max-image-preview:large","max-video-preview":"max-video-preview:-1"},"canonical":"https:\/\/lagnoticias.com\/en\/2025\/10\/02\/aumentan-a-72-los-fallecidos-por-terremoto-en-filipinas\/","og_locale":"en_US","og_type":"article","og_title":"Aumentan a 72 los fallecidos por terremoto en Filipinas - La G Noticias","og_description":"Las autoridades, que tambi\u00e9n reportaron unos 300 heridos y miles de afectados, se concentran ahora en las labores de limpieza, atenci\u00f3n y reconstrucci\u00f3n.","og_url":"https:\/\/lagnoticias.com\/en\/2025\/10\/02\/aumentan-a-72-los-fallecidos-por-terremoto-en-filipinas\/","og_site_name":"La G Noticias","article_publisher":"https:\/\/www.facebook.com\/LaGNoticias","article_published_time":"2025-10-02T14:41:46+00:00","article_modified_time":"2025-10-02T14:41:47+00:00","og_image":[{"width":1061,"height":516,"url":"https:\/\/lagnoticias.com\/wp-content\/uploads\/2025\/10\/5.jpg","type":"image\/jpeg"}],"author":"Oscar","twitter_card":"summary_large_image","twitter_creator":"@lagnoticias","twitter_site":"@lagnoticias","twitter_misc":{"Written by":"Oscar","Est. reading time":"2 minutes"},"schema":{"@context":"https:\/\/schema.org","@graph":[{"@type":"Article","@id":"https:\/\/lagnoticias.com\/2025\/10\/02\/aumentan-a-72-los-fallecidos-por-terremoto-en-filipinas\/#article","isPartOf":{"@id":"https:\/\/lagnoticias.com\/2025\/10\/02\/aumentan-a-72-los-fallecidos-por-terremoto-en-filipinas\/"},"author":{"name":"Oscar","@id":"https:\/\/lagnoticias.com\/#\/schema\/person\/cb9bfe13f8de05d2c55270be25c6a550"},"headline":"Aumentan a 72 los fallecidos por terremoto en Filipinas","datePublished":"2025-10-02T14:41:46+00:00","dateModified":"2025-10-02T14:41:47+00:00","mainEntityOfPage":{"@id":"https:\/\/lagnoticias.com\/2025\/10\/02\/aumentan-a-72-los-fallecidos-por-terremoto-en-filipinas\/"},"wordCount":368,"commentCount":0,"image":{"@id":"https:\/\/lagnoticias.com\/2025\/10\/02\/aumentan-a-72-los-fallecidos-por-terremoto-en-filipinas\/#primaryimage"},"thumbnailUrl":"https:\/\/lagnoticias.com\/wp-content\/uploads\/2025\/10\/5.jpg","keywords":["FALLECIDOS","FILIPINAS","TERREMOTO"],"articleSection":["INTERNACIONALES"],"inLanguage":"en-US","potentialAction":[{"@type":"CommentAction","name":"Comment","target":["https:\/\/lagnoticias.com\/2025\/10\/02\/aumentan-a-72-los-fallecidos-por-terremoto-en-filipinas\/#respond"]}]},{"@type":"WebPage","@id":"https:\/\/lagnoticias.com\/2025\/10\/02\/aumentan-a-72-los-fallecidos-por-terremoto-en-filipinas\/","url":"https:\/\/lagnoticias.com\/2025\/10\/02\/aumentan-a-72-los-fallecidos-por-terremoto-en-filipinas\/","name":"Aumentan a 72 los fallecidos por terremoto en Filipinas - La G Noticias","isPartOf":{"@id":"https:\/\/lagnoticias.com\/#website"},"primaryImageOfPage":{"@id":"https:\/\/lagnoticias.com\/2025\/10\/02\/aumentan-a-72-los-fallecidos-por-terremoto-en-filipinas\/#primaryimage"},"image":{"@id":"https:\/\/lagnoticias.com\/2025\/10\/02\/aumentan-a-72-los-fallecidos-por-terremoto-en-filipinas\/#primaryimage"},"thumbnailUrl":"https:\/\/lagnoticias.com\/wp-content\/uploads\/2025\/10\/5.jpg","datePublished":"2025-10-02T14:41:46+00:00","dateModified":"2025-10-02T14:41:47+00:00","author":{"@id":"https:\/\/lagnoticias.com\/#\/schema\/person\/cb9bfe13f8de05d2c55270be25c6a550"},"breadcrumb":{"@id":"https:\/\/lagnoticias.com\/2025\/10\/02\/aumentan-a-72-los-fallecidos-por-terremoto-en-filipinas\/#breadcrumb"},"inLanguage":"en-US","potentialAction":[{"@type":"ReadAction","target":["https:\/\/lagnoticias.com\/2025\/10\/02\/aumentan-a-72-los-fallecidos-por-terremoto-en-filipinas\/"]}]},{"@type":"ImageObject","inLanguage":"en-US","@id":"https:\/\/lagnoticias.com\/2025\/10\/02\/aumentan-a-72-los-fallecidos-por-terremoto-en-filipinas\/#primaryimage","url":"https:\/\/lagnoticias.com\/wp-content\/uploads\/2025\/10\/5.jpg","contentUrl":"https:\/\/lagnoticias.com\/wp-content\/uploads\/2025\/10\/5.jpg","width":1061,"height":516},{"@type":"BreadcrumbList","@id":"https:\/\/lagnoticias.com\/2025\/10\/02\/aumentan-a-72-los-fallecidos-por-terremoto-en-filipinas\/#breadcrumb","itemListElement":[{"@type":"ListItem","position":1,"name":"Portada","item":"https:\/\/lagnoticias.com\/"},{"@type":"ListItem","position":2,"name":"Aumentan a 72 los fallecidos por terremoto en Filipinas"}]},{"@type":"WebSite","@id":"https:\/\/lagnoticias.com\/#website","url":"https:\/\/lagnoticias.com\/","name":"La G Noticias","description":"Noticias Positivas","potentialAction":[{"@type":"SearchAction","target":{"@type":"EntryPoint","urlTemplate":"https:\/\/lagnoticias.com\/?s={search_term_string}"},"query-input":{"@type":"PropertyValueSpecification","valueRequired":true,"valueName":"search_term_string"}}],"inLanguage":"en-US"},{"@type":"Person","@id":"https:\/\/lagnoticias.com\/#\/schema\/person\/cb9bfe13f8de05d2c55270be25c6a550","name":"Oscar","image":{"@type":"ImageObject","inLanguage":"en-US","@id":"https:\/\/secure.gravatar.com\/avatar\/45c195718f652dc7ffdd591dc1f2678956ab7fdadcd359a635edc61304a8c757?s=96&d=mm&r=g","url":"https:\/\/secure.gravatar.com\/avatar\/45c195718f652dc7ffdd591dc1f2678956ab7fdadcd359a635edc61304a8c757?s=96&d=mm&r=g","contentUrl":"https:\/\/secure.gravatar.com\/avatar\/45c195718f652dc7ffdd591dc1f2678956ab7fdadcd359a635edc61304a8c757?s=96&d=mm&r=g","caption":"Oscar"},"url":"https:\/\/lagnoticias.com\/en\/author\/oscar\/"}]}},"_links":{"self":[{"href":"https:\/\/lagnoticias.com\/en\/wp-json\/wp\/v2\/posts\/5547","targetHints":{"allow":["GET"]}}],"collection":[{"href":"https:\/\/lagnoticias.com\/en\/wp-json\/wp\/v2\/posts"}],"about":[{"href":"https:\/\/lagnoticias.com\/en\/wp-json\/wp\/v2\/types\/post"}],"author":[{"embeddable":true,"href":"https:\/\/lagnoticias.com\/en\/wp-json\/wp\/v2\/users\/2"}],"replies":[{"embeddable":true,"href":"https:\/\/lagnoticias.com\/en\/wp-json\/wp\/v2\/comments?post=5547"}],"version-history":[{"count":1,"href":"https:\/\/lagnoticias.com\/en\/wp-json\/wp\/v2\/posts\/5547\/revisions"}],"predecessor-version":[{"id":5549,"href":"https:\/\/lagnoticias.com\/en\/wp-json\/wp\/v2\/posts\/5547\/revisions\/5549"}],"wp:featuredmedia":[{"embeddable":true,"href":"https:\/\/lagnoticias.com\/en\/wp-json\/wp\/v2\/media\/5548"}],"wp:attachment":[{"href":"https:\/\/lagnoticias.com\/en\/wp-json\/wp\/v2\/media?parent=5547"}],"wp:term":[{"taxonomy":"category","embeddable":true,"href":"https:\/\/lagnoticias.com\/en\/wp-json\/wp\/v2\/categories?post=5547"},{"taxonomy":"post_tag","embeddable":true,"href":"https:\/\/lagnoticias.com\/en\/wp-json\/wp\/v2\/tags?post=5547"}],"curies":[{"name":"wp","href":"https:\/\/api.w.org\/{rel}","templated":true}]}}