{"id":5541,"date":"2025-10-02T08:29:26","date_gmt":"2025-10-02T14:29:26","guid":{"rendered":"https:\/\/lagnoticias.com\/?p=5541"},"modified":"2025-10-03T11:17:55","modified_gmt":"2025-10-03T17:17:55","slug":"la-economia-salvadorena-crecio-4-1-en-el-segundo-trimestre-el-mejor-desempeno-desde-finales-de-2023","status":"publish","type":"post","link":"https:\/\/lagnoticias.com\/en\/2025\/10\/02\/la-economia-salvadorena-crecio-4-1-en-el-segundo-trimestre-el-mejor-desempeno-desde-finales-de-2023\/","title":{"rendered":"La econom\u00eda salvadore\u00f1a creci\u00f3 4.1 % en el segundo trimestre, el mejor desempe\u00f1o desde finales de 2023"},"content":{"rendered":"<p>A pesar de la incertidumbre en el mercado internacional,&nbsp;la econom\u00eda salvadore\u00f1a creci\u00f3 4.1 % en el segundo trimestre de 2025, su mejor desempe\u00f1o desde finales de 2023, inform\u00f3 el Banco Central de Reserva (BCR).<\/p>\n\n\n\n<p>Tras la desaceleraci\u00f3n registrada en 2024, el producto interno bruto (PIB) salvadore\u00f1o repunt\u00f3 2.32 % en el primer trimestre de 2025 y aceler\u00f3 a\u00fan m\u00e1s en el segundo, con una tasa de 4.1 %, un nivel no alcanzado desde el \u00faltimo trimestre de 2023.<\/p>\n\n\n\n<p>Seg\u00fan el BCR, este crecimiento se tradujo en la generaci\u00f3n de $9,279.9 millones en riqueza, es decir, $419.8 millones m\u00e1s en comparaci\u00f3n con el mismo per\u00edodo de 2024.<\/p>\n\n\n\n<h2 class=\"wp-block-heading\">Construcci\u00f3n, el motor de la econom\u00eda<\/h2>\n\n\n\n<p>De las 19 actividades que conforman el PIB,&nbsp;12 registraron crecimiento, siendo la construcci\u00f3n la de mayor dinamismo con un incremento de 33.9 %.<\/p>\n\n\n\n<p>El BCR atribuy\u00f3 este \u201cauge\u201d a los grandes proyectos de obra p\u00fablica y privada en marcha, como el Aeropuerto del Pac\u00edfico -cuyo proceso constructivo comenz\u00f3 oficialmente en febrero de 2025-, la edificaci\u00f3n de un viaducto y un programa de centros escolares.<\/p>\n\n\n\n<p>\u201cEl impulso que han tenido los proyectos de infraestructura, tanto p\u00fablicos como privados, incidi\u00f3 de forma positiva en la demanda de insumos de construcci\u00f3n (l\u00e1minas, varillas de hierro y acero) generados por la industria manufacturera. Asimismo, los productos minerales no met\u00e1licos como cemento, ladrillos, tejas, baldosas y bloques de concreto registraron una mayor demanda por parte de ferreter\u00edas y consumidores particulares\u201d, se\u00f1al\u00f3 la instituci\u00f3n.<\/p>\n\n\n\n<p>Por otro lado, siete actividades mostraron contracci\u00f3n: servicios personales (-0.2 %), agua (-0.9 %), educaci\u00f3n (-1.2 %), servicios profesionales (-1.2 %), servicios del gobierno (-1.5 %), electricidad (-4.2 %) y salud (-4.2 %). En conjunto, estas representan un 21.9 % del PIB.<\/p>\n\n\n\n<p>El BCR tambi\u00e9n destac\u00f3 el&nbsp;impacto positivo del ingreso hist\u00f3rico de remesas familiares, que aumentaron 17.7 % en el segundo trimestre de 2025, as\u00ed como la reducci\u00f3n de precios -una inflaci\u00f3n promedio de apenas 0.16 % entre abril y junio-, lo que fortaleci\u00f3 el poder adquisitivo de los hogares salvadore\u00f1os.<\/p>\n\n\n\n<p><\/p>\n\n\n\n<p><\/p>\n\n\n\n<p>(CA 360)<\/p>","protected":false},"excerpt":{"rendered":"<p>La construcci\u00f3n sostuvo el dinamismo econ\u00f3mico en medio de un entorno internacional retador marcado por la guerra arancelaria.<\/p>","protected":false},"author":2,"featured_media":5542,"comment_status":"open","ping_status":"open","sticky":false,"template":"","format":"standard","meta":{"_et_pb_use_builder":"off","_et_pb_old_content":"","_et_gb_content_width":"","footnotes":""},"categories":[244],"tags":[1175,735,358,267,268],"class_list":["post-5541","post","type-post","status-publish","format-standard","has-post-thumbnail","hentry","category-nacionales","tag-banco-central-de-reserva","tag-bcr","tag-economia","tag-el-salvador","tag-gobierno-de-el-salvador"],"yoast_head":"<!-- This site is optimized with the Yoast SEO plugin v27.4 - https:\/\/yoast.com\/product\/yoast-seo-wordpress\/ -->\n<title>La econom\u00eda salvadore\u00f1a creci\u00f3 4.1 % en el segundo trimestre, el mejor desempe\u00f1o desde finales de 2023 - La G Noticias<\/title>\n<meta name=\"robots\" content=\"index, follow, max-snippet:-1, max-image-preview:large, max-video-preview:-1\" \/>\n<link rel=\"canonical\" href=\"https:\/\/lagnoticias.com\/en\/2025\/10\/02\/la-economia-salvadorena-crecio-4-1-en-el-segundo-trimestre-el-mejor-desempeno-desde-finales-de-2023\/\" \/>\n<meta property=\"og:locale\" content=\"en_US\" \/>\n<meta property=\"og:type\" content=\"article\" \/>\n<meta property=\"og:title\" content=\"La econom\u00eda salvadore\u00f1a creci\u00f3 4.1 % en el segundo trimestre, el mejor desempe\u00f1o desde finales de 2023 - La G Noticias\" \/>\n<meta property=\"og:description\" content=\"La construcci\u00f3n sostuvo el dinamismo econ\u00f3mico en medio de un entorno internacional retador marcado por la guerra arancelaria.\" \/>\n<meta property=\"og:url\" content=\"https:\/\/lagnoticias.com\/en\/2025\/10\/02\/la-economia-salvadorena-crecio-4-1-en-el-segundo-trimestre-el-mejor-desempeno-desde-finales-de-2023\/\" \/>\n<meta property=\"og:site_name\" content=\"La G Noticias\" \/>\n<meta property=\"article:publisher\" content=\"https:\/\/www.facebook.com\/LaGNoticias\" \/>\n<meta property=\"article:published_time\" content=\"2025-10-02T14:29:26+00:00\" \/>\n<meta property=\"article:modified_time\" content=\"2025-10-03T17:17:55+00:00\" \/>\n<meta property=\"og:image\" content=\"https:\/\/lagnoticias.com\/wp-content\/uploads\/2025\/10\/7-1.jpg\" \/>\n\t<meta property=\"og:image:width\" content=\"1115\" \/>\n\t<meta property=\"og:image:height\" content=\"675\" \/>\n\t<meta property=\"og:image:type\" content=\"image\/jpeg\" \/>\n<meta name=\"author\" content=\"Oscar\" \/>\n<meta name=\"twitter:card\" content=\"summary_large_image\" \/>\n<meta name=\"twitter:creator\" content=\"@lagnoticias\" \/>\n<meta name=\"twitter:site\" content=\"@lagnoticias\" \/>\n<meta name=\"twitter:label1\" content=\"Written by\" \/>\n\t<meta name=\"twitter:data1\" content=\"Oscar\" \/>\n\t<meta name=\"twitter:label2\" content=\"Est. reading time\" \/>\n\t<meta name=\"twitter:data2\" content=\"2 minutes\" \/>\n<script type=\"application\/ld+json\" class=\"yoast-schema-graph\">{\"@context\":\"https:\\\/\\\/schema.org\",\"@graph\":[{\"@type\":\"Article\",\"@id\":\"https:\\\/\\\/lagnoticias.com\\\/2025\\\/10\\\/02\\\/la-economia-salvadorena-crecio-4-1-en-el-segundo-trimestre-el-mejor-desempeno-desde-finales-de-2023\\\/#article\",\"isPartOf\":{\"@id\":\"https:\\\/\\\/lagnoticias.com\\\/2025\\\/10\\\/02\\\/la-economia-salvadorena-crecio-4-1-en-el-segundo-trimestre-el-mejor-desempeno-desde-finales-de-2023\\\/\"},\"author\":{\"name\":\"Oscar\",\"@id\":\"https:\\\/\\\/lagnoticias.com\\\/#\\\/schema\\\/person\\\/cb9bfe13f8de05d2c55270be25c6a550\"},\"headline\":\"La econom\u00eda salvadore\u00f1a creci\u00f3 4.1 % en el segundo trimestre, el mejor desempe\u00f1o desde finales de 2023\",\"datePublished\":\"2025-10-02T14:29:26+00:00\",\"dateModified\":\"2025-10-03T17:17:55+00:00\",\"mainEntityOfPage\":{\"@id\":\"https:\\\/\\\/lagnoticias.com\\\/2025\\\/10\\\/02\\\/la-economia-salvadorena-crecio-4-1-en-el-segundo-trimestre-el-mejor-desempeno-desde-finales-de-2023\\\/\"},\"wordCount\":355,\"commentCount\":0,\"image\":{\"@id\":\"https:\\\/\\\/lagnoticias.com\\\/2025\\\/10\\\/02\\\/la-economia-salvadorena-crecio-4-1-en-el-segundo-trimestre-el-mejor-desempeno-desde-finales-de-2023\\\/#primaryimage\"},\"thumbnailUrl\":\"https:\\\/\\\/lagnoticias.com\\\/wp-content\\\/uploads\\\/2025\\\/10\\\/7-1.jpg\",\"keywords\":[\"BANCO CENTRAL DE RESERVA\",\"BCR\",\"ECONOM\u00cdA\",\"EL SALVADOR\",\"GOBIERNO DE EL SALVADOR\"],\"articleSection\":[\"NACIONALES\"],\"inLanguage\":\"en-US\",\"potentialAction\":[{\"@type\":\"CommentAction\",\"name\":\"Comment\",\"target\":[\"https:\\\/\\\/lagnoticias.com\\\/2025\\\/10\\\/02\\\/la-economia-salvadorena-crecio-4-1-en-el-segundo-trimestre-el-mejor-desempeno-desde-finales-de-2023\\\/#respond\"]}]},{\"@type\":\"WebPage\",\"@id\":\"https:\\\/\\\/lagnoticias.com\\\/2025\\\/10\\\/02\\\/la-economia-salvadorena-crecio-4-1-en-el-segundo-trimestre-el-mejor-desempeno-desde-finales-de-2023\\\/\",\"url\":\"https:\\\/\\\/lagnoticias.com\\\/2025\\\/10\\\/02\\\/la-economia-salvadorena-crecio-4-1-en-el-segundo-trimestre-el-mejor-desempeno-desde-finales-de-2023\\\/\",\"name\":\"La econom\u00eda salvadore\u00f1a creci\u00f3 4.1 % en el segundo trimestre, el mejor desempe\u00f1o desde finales de 2023 - La G Noticias\",\"isPartOf\":{\"@id\":\"https:\\\/\\\/lagnoticias.com\\\/#website\"},\"primaryImageOfPage\":{\"@id\":\"https:\\\/\\\/lagnoticias.com\\\/2025\\\/10\\\/02\\\/la-economia-salvadorena-crecio-4-1-en-el-segundo-trimestre-el-mejor-desempeno-desde-finales-de-2023\\\/#primaryimage\"},\"image\":{\"@id\":\"https:\\\/\\\/lagnoticias.com\\\/2025\\\/10\\\/02\\\/la-economia-salvadorena-crecio-4-1-en-el-segundo-trimestre-el-mejor-desempeno-desde-finales-de-2023\\\/#primaryimage\"},\"thumbnailUrl\":\"https:\\\/\\\/lagnoticias.com\\\/wp-content\\\/uploads\\\/2025\\\/10\\\/7-1.jpg\",\"datePublished\":\"2025-10-02T14:29:26+00:00\",\"dateModified\":\"2025-10-03T17:17:55+00:00\",\"author\":{\"@id\":\"https:\\\/\\\/lagnoticias.com\\\/#\\\/schema\\\/person\\\/cb9bfe13f8de05d2c55270be25c6a550\"},\"breadcrumb\":{\"@id\":\"https:\\\/\\\/lagnoticias.com\\\/2025\\\/10\\\/02\\\/la-economia-salvadorena-crecio-4-1-en-el-segundo-trimestre-el-mejor-desempeno-desde-finales-de-2023\\\/#breadcrumb\"},\"inLanguage\":\"en-US\",\"potentialAction\":[{\"@type\":\"ReadAction\",\"target\":[\"https:\\\/\\\/lagnoticias.com\\\/2025\\\/10\\\/02\\\/la-economia-salvadorena-crecio-4-1-en-el-segundo-trimestre-el-mejor-desempeno-desde-finales-de-2023\\\/\"]}]},{\"@type\":\"ImageObject\",\"inLanguage\":\"en-US\",\"@id\":\"https:\\\/\\\/lagnoticias.com\\\/2025\\\/10\\\/02\\\/la-economia-salvadorena-crecio-4-1-en-el-segundo-trimestre-el-mejor-desempeno-desde-finales-de-2023\\\/#primaryimage\",\"url\":\"https:\\\/\\\/lagnoticias.com\\\/wp-content\\\/uploads\\\/2025\\\/10\\\/7-1.jpg\",\"contentUrl\":\"https:\\\/\\\/lagnoticias.com\\\/wp-content\\\/uploads\\\/2025\\\/10\\\/7-1.jpg\",\"width\":1115,\"height\":675},{\"@type\":\"BreadcrumbList\",\"@id\":\"https:\\\/\\\/lagnoticias.com\\\/2025\\\/10\\\/02\\\/la-economia-salvadorena-crecio-4-1-en-el-segundo-trimestre-el-mejor-desempeno-desde-finales-de-2023\\\/#breadcrumb\",\"itemListElement\":[{\"@type\":\"ListItem\",\"position\":1,\"name\":\"Portada\",\"item\":\"https:\\\/\\\/lagnoticias.com\\\/\"},{\"@type\":\"ListItem\",\"position\":2,\"name\":\"La econom\u00eda salvadore\u00f1a creci\u00f3 4.1 % en el segundo trimestre, el mejor desempe\u00f1o desde finales de 2023\"}]},{\"@type\":\"WebSite\",\"@id\":\"https:\\\/\\\/lagnoticias.com\\\/#website\",\"url\":\"https:\\\/\\\/lagnoticias.com\\\/\",\"name\":\"La G Noticias\",\"description\":\"Noticias Positivas\",\"potentialAction\":[{\"@type\":\"SearchAction\",\"target\":{\"@type\":\"EntryPoint\",\"urlTemplate\":\"https:\\\/\\\/lagnoticias.com\\\/?s={search_term_string}\"},\"query-input\":{\"@type\":\"PropertyValueSpecification\",\"valueRequired\":true,\"valueName\":\"search_term_string\"}}],\"inLanguage\":\"en-US\"},{\"@type\":\"Person\",\"@id\":\"https:\\\/\\\/lagnoticias.com\\\/#\\\/schema\\\/person\\\/cb9bfe13f8de05d2c55270be25c6a550\",\"name\":\"Oscar\",\"image\":{\"@type\":\"ImageObject\",\"inLanguage\":\"en-US\",\"@id\":\"https:\\\/\\\/secure.gravatar.com\\\/avatar\\\/45c195718f652dc7ffdd591dc1f2678956ab7fdadcd359a635edc61304a8c757?s=96&d=mm&r=g\",\"url\":\"https:\\\/\\\/secure.gravatar.com\\\/avatar\\\/45c195718f652dc7ffdd591dc1f2678956ab7fdadcd359a635edc61304a8c757?s=96&d=mm&r=g\",\"contentUrl\":\"https:\\\/\\\/secure.gravatar.com\\\/avatar\\\/45c195718f652dc7ffdd591dc1f2678956ab7fdadcd359a635edc61304a8c757?s=96&d=mm&r=g\",\"caption\":\"Oscar\"},\"url\":\"https:\\\/\\\/lagnoticias.com\\\/en\\\/author\\\/oscar\\\/\"}]}<\/script>\n<!-- \/ Yoast SEO plugin. -->","yoast_head_json":{"title":"La econom\u00eda salvadore\u00f1a creci\u00f3 4.1 % en el segundo trimestre, el mejor desempe\u00f1o desde finales de 2023 - La G Noticias","robots":{"index":"index","follow":"follow","max-snippet":"max-snippet:-1","max-image-preview":"max-image-preview:large","max-video-preview":"max-video-preview:-1"},"canonical":"https:\/\/lagnoticias.com\/en\/2025\/10\/02\/la-economia-salvadorena-crecio-4-1-en-el-segundo-trimestre-el-mejor-desempeno-desde-finales-de-2023\/","og_locale":"en_US","og_type":"article","og_title":"La econom\u00eda salvadore\u00f1a creci\u00f3 4.1 % en el segundo trimestre, el mejor desempe\u00f1o desde finales de 2023 - La G Noticias","og_description":"La construcci\u00f3n sostuvo el dinamismo econ\u00f3mico en medio de un entorno internacional retador marcado por la guerra arancelaria.","og_url":"https:\/\/lagnoticias.com\/en\/2025\/10\/02\/la-economia-salvadorena-crecio-4-1-en-el-segundo-trimestre-el-mejor-desempeno-desde-finales-de-2023\/","og_site_name":"La G Noticias","article_publisher":"https:\/\/www.facebook.com\/LaGNoticias","article_published_time":"2025-10-02T14:29:26+00:00","article_modified_time":"2025-10-03T17:17:55+00:00","og_image":[{"width":1115,"height":675,"url":"https:\/\/lagnoticias.com\/wp-content\/uploads\/2025\/10\/7-1.jpg","type":"image\/jpeg"}],"author":"Oscar","twitter_card":"summary_large_image","twitter_creator":"@lagnoticias","twitter_site":"@lagnoticias","twitter_misc":{"Written by":"Oscar","Est. reading time":"2 minutes"},"schema":{"@context":"https:\/\/schema.org","@graph":[{"@type":"Article","@id":"https:\/\/lagnoticias.com\/2025\/10\/02\/la-economia-salvadorena-crecio-4-1-en-el-segundo-trimestre-el-mejor-desempeno-desde-finales-de-2023\/#article","isPartOf":{"@id":"https:\/\/lagnoticias.com\/2025\/10\/02\/la-economia-salvadorena-crecio-4-1-en-el-segundo-trimestre-el-mejor-desempeno-desde-finales-de-2023\/"},"author":{"name":"Oscar","@id":"https:\/\/lagnoticias.com\/#\/schema\/person\/cb9bfe13f8de05d2c55270be25c6a550"},"headline":"La econom\u00eda salvadore\u00f1a creci\u00f3 4.1 % en el segundo trimestre, el mejor desempe\u00f1o desde finales de 2023","datePublished":"2025-10-02T14:29:26+00:00","dateModified":"2025-10-03T17:17:55+00:00","mainEntityOfPage":{"@id":"https:\/\/lagnoticias.com\/2025\/10\/02\/la-economia-salvadorena-crecio-4-1-en-el-segundo-trimestre-el-mejor-desempeno-desde-finales-de-2023\/"},"wordCount":355,"commentCount":0,"image":{"@id":"https:\/\/lagnoticias.com\/2025\/10\/02\/la-economia-salvadorena-crecio-4-1-en-el-segundo-trimestre-el-mejor-desempeno-desde-finales-de-2023\/#primaryimage"},"thumbnailUrl":"https:\/\/lagnoticias.com\/wp-content\/uploads\/2025\/10\/7-1.jpg","keywords":["BANCO CENTRAL DE RESERVA","BCR","ECONOM\u00cdA","EL SALVADOR","GOBIERNO DE EL SALVADOR"],"articleSection":["NACIONALES"],"inLanguage":"en-US","potentialAction":[{"@type":"CommentAction","name":"Comment","target":["https:\/\/lagnoticias.com\/2025\/10\/02\/la-economia-salvadorena-crecio-4-1-en-el-segundo-trimestre-el-mejor-desempeno-desde-finales-de-2023\/#respond"]}]},{"@type":"WebPage","@id":"https:\/\/lagnoticias.com\/2025\/10\/02\/la-economia-salvadorena-crecio-4-1-en-el-segundo-trimestre-el-mejor-desempeno-desde-finales-de-2023\/","url":"https:\/\/lagnoticias.com\/2025\/10\/02\/la-economia-salvadorena-crecio-4-1-en-el-segundo-trimestre-el-mejor-desempeno-desde-finales-de-2023\/","name":"La econom\u00eda salvadore\u00f1a creci\u00f3 4.1 % en el segundo trimestre, el mejor desempe\u00f1o desde finales de 2023 - La G Noticias","isPartOf":{"@id":"https:\/\/lagnoticias.com\/#website"},"primaryImageOfPage":{"@id":"https:\/\/lagnoticias.com\/2025\/10\/02\/la-economia-salvadorena-crecio-4-1-en-el-segundo-trimestre-el-mejor-desempeno-desde-finales-de-2023\/#primaryimage"},"image":{"@id":"https:\/\/lagnoticias.com\/2025\/10\/02\/la-economia-salvadorena-crecio-4-1-en-el-segundo-trimestre-el-mejor-desempeno-desde-finales-de-2023\/#primaryimage"},"thumbnailUrl":"https:\/\/lagnoticias.com\/wp-content\/uploads\/2025\/10\/7-1.jpg","datePublished":"2025-10-02T14:29:26+00:00","dateModified":"2025-10-03T17:17:55+00:00","author":{"@id":"https:\/\/lagnoticias.com\/#\/schema\/person\/cb9bfe13f8de05d2c55270be25c6a550"},"breadcrumb":{"@id":"https:\/\/lagnoticias.com\/2025\/10\/02\/la-economia-salvadorena-crecio-4-1-en-el-segundo-trimestre-el-mejor-desempeno-desde-finales-de-2023\/#breadcrumb"},"inLanguage":"en-US","potentialAction":[{"@type":"ReadAction","target":["https:\/\/lagnoticias.com\/2025\/10\/02\/la-economia-salvadorena-crecio-4-1-en-el-segundo-trimestre-el-mejor-desempeno-desde-finales-de-2023\/"]}]},{"@type":"ImageObject","inLanguage":"en-US","@id":"https:\/\/lagnoticias.com\/2025\/10\/02\/la-economia-salvadorena-crecio-4-1-en-el-segundo-trimestre-el-mejor-desempeno-desde-finales-de-2023\/#primaryimage","url":"https:\/\/lagnoticias.com\/wp-content\/uploads\/2025\/10\/7-1.jpg","contentUrl":"https:\/\/lagnoticias.com\/wp-content\/uploads\/2025\/10\/7-1.jpg","width":1115,"height":675},{"@type":"BreadcrumbList","@id":"https:\/\/lagnoticias.com\/2025\/10\/02\/la-economia-salvadorena-crecio-4-1-en-el-segundo-trimestre-el-mejor-desempeno-desde-finales-de-2023\/#breadcrumb","itemListElement":[{"@type":"ListItem","position":1,"name":"Portada","item":"https:\/\/lagnoticias.com\/"},{"@type":"ListItem","position":2,"name":"La econom\u00eda salvadore\u00f1a creci\u00f3 4.1 % en el segundo trimestre, el mejor desempe\u00f1o desde finales de 2023"}]},{"@type":"WebSite","@id":"https:\/\/lagnoticias.com\/#website","url":"https:\/\/lagnoticias.com\/","name":"La G Noticias","description":"Noticias Positivas","potentialAction":[{"@type":"SearchAction","target":{"@type":"EntryPoint","urlTemplate":"https:\/\/lagnoticias.com\/?s={search_term_string}"},"query-input":{"@type":"PropertyValueSpecification","valueRequired":true,"valueName":"search_term_string"}}],"inLanguage":"en-US"},{"@type":"Person","@id":"https:\/\/lagnoticias.com\/#\/schema\/person\/cb9bfe13f8de05d2c55270be25c6a550","name":"Oscar","image":{"@type":"ImageObject","inLanguage":"en-US","@id":"https:\/\/secure.gravatar.com\/avatar\/45c195718f652dc7ffdd591dc1f2678956ab7fdadcd359a635edc61304a8c757?s=96&d=mm&r=g","url":"https:\/\/secure.gravatar.com\/avatar\/45c195718f652dc7ffdd591dc1f2678956ab7fdadcd359a635edc61304a8c757?s=96&d=mm&r=g","contentUrl":"https:\/\/secure.gravatar.com\/avatar\/45c195718f652dc7ffdd591dc1f2678956ab7fdadcd359a635edc61304a8c757?s=96&d=mm&r=g","caption":"Oscar"},"url":"https:\/\/lagnoticias.com\/en\/author\/oscar\/"}]}},"_links":{"self":[{"href":"https:\/\/lagnoticias.com\/en\/wp-json\/wp\/v2\/posts\/5541","targetHints":{"allow":["GET"]}}],"collection":[{"href":"https:\/\/lagnoticias.com\/en\/wp-json\/wp\/v2\/posts"}],"about":[{"href":"https:\/\/lagnoticias.com\/en\/wp-json\/wp\/v2\/types\/post"}],"author":[{"embeddable":true,"href":"https:\/\/lagnoticias.com\/en\/wp-json\/wp\/v2\/users\/2"}],"replies":[{"embeddable":true,"href":"https:\/\/lagnoticias.com\/en\/wp-json\/wp\/v2\/comments?post=5541"}],"version-history":[{"count":1,"href":"https:\/\/lagnoticias.com\/en\/wp-json\/wp\/v2\/posts\/5541\/revisions"}],"predecessor-version":[{"id":5543,"href":"https:\/\/lagnoticias.com\/en\/wp-json\/wp\/v2\/posts\/5541\/revisions\/5543"}],"wp:featuredmedia":[{"embeddable":true,"href":"https:\/\/lagnoticias.com\/en\/wp-json\/wp\/v2\/media\/5542"}],"wp:attachment":[{"href":"https:\/\/lagnoticias.com\/en\/wp-json\/wp\/v2\/media?parent=5541"}],"wp:term":[{"taxonomy":"category","embeddable":true,"href":"https:\/\/lagnoticias.com\/en\/wp-json\/wp\/v2\/categories?post=5541"},{"taxonomy":"post_tag","embeddable":true,"href":"https:\/\/lagnoticias.com\/en\/wp-json\/wp\/v2\/tags?post=5541"}],"curies":[{"name":"wp","href":"https:\/\/api.w.org\/{rel}","templated":true}]}}