{"id":5538,"date":"2025-10-01T15:26:18","date_gmt":"2025-10-01T21:26:18","guid":{"rendered":"https:\/\/lagnoticias.com\/?p=5538"},"modified":"2025-10-01T15:26:18","modified_gmt":"2025-10-01T21:26:18","slug":"proteccion-civil-fortalece-estrategia-integral-de-prevencion-y-respuesta-ante-emergencias-por-lluvias-en-todo-el-pais","status":"publish","type":"post","link":"https:\/\/lagnoticias.com\/en\/2025\/10\/01\/proteccion-civil-fortalece-estrategia-integral-de-prevencion-y-respuesta-ante-emergencias-por-lluvias-en-todo-el-pais\/","title":{"rendered":"Protecci\u00f3n Civil fortalece estrategia integral de prevenci\u00f3n y respuesta ante emergencias por lluvias en todo el pa\u00eds"},"content":{"rendered":"<p>El Gobierno mantiene una estrategia integral con el despliegue de las instituciones del Sistema Nacional de Protecci\u00f3n Civil que, trabaja en la prevenci\u00f3n y respuesta ante las emergencias ocasionadas por las lluvias.&nbsp;&nbsp;<\/p>\n\n\n\n<p>El subdirector de Protecci\u00f3n Civil, Ferm\u00edn P\u00e9rez, indic\u00f3 que mantienen acciones preventivas y de respuesta inmediata en todo el territorio nacional, como monitoreo permanente de las zonas de mayor vulnerabilidad, la habilitaci\u00f3n de albergues equipados y la coordinaci\u00f3n estrecha con las comunidades para fomentar la cultura de evacuaci\u00f3n temprana, antes de que ocurran afectaciones graves.<\/p>\n\n\n\n<p>\u201cEl Gobierno del presidente Bukele cuenta con un nivel de preparaci\u00f3n para acciones de prevenci\u00f3n, intervenci\u00f3n y emergencia en todo el pa\u00eds, ante las lluvias que se nos est\u00e1n dando. Los gobiernos anteriores, Arena y el Fmln, esperaban que hubiera afectaci\u00f3n para actuar, ahora se est\u00e1 impulsando en trabajo con las comunidades y se est\u00e1 generando conciencia de evacuar antes que el impacto afecte. Estamos preparados con resguardos, camas, alimentaci\u00f3n, atenci\u00f3n en salud y servicios b\u00e1sicos en albergues equipados a escala nacional\u201d, remarc\u00f3.<\/p>\n\n\n\n<p>El funcionario afirm\u00f3 que el trabajo coordinado entre instituciones y comunidades fortalece la capacidad de respuesta ante emergencias, y cuentan con la log\u00edstica para atender de manera oportuna.&nbsp;<\/p>\n\n\n\n<p>\u201cLos albergues est\u00e1n listos para atender a las personas en el momento que sea necesario. La alerta amarilla se ha emitido por las condiciones de vulnerabilidad de nuestro pa\u00eds, hay suelos saturados, hemos tenido lluvias todos los d\u00edas. La Zona de Convergencia Intertropical est\u00e1 generando presi\u00f3n y hemos tenido el paso de una serie de ondas tropicales que nos est\u00e1n generando precipitaciones\u201d, indic\u00f3.&nbsp;<\/p>\n\n\n\n<p>Detall\u00f3 que el Centro de Operaciones de Emergencia (COE) gestiona las emergencias por lluvias a escala nacional, en este esfuerzo participa el Ministerio de Obras P\u00fablicas, Ministerio de Medio Ambiente, Ministerio de Salud, Fondo Solidario para la Salud (Fosalud), y Cuerpo de Bomberos, entre otros.&nbsp;<\/p>","protected":false},"excerpt":{"rendered":"<p>El Gobierno mantiene una estrategia integral con el despliegue de las instituciones del Sistema Nacional de Protecci\u00f3n Civil que, trabaja en la prevenci\u00f3n y respuesta ante las emergencias ocasionadas por las lluvias.&nbsp;&nbsp; El subdirector de Protecci\u00f3n Civil, Ferm\u00edn P\u00e9rez, indic\u00f3 que mantienen acciones preventivas y de respuesta inmediata en todo el territorio nacional, como monitoreo [&hellip;]<\/p>","protected":false},"author":2,"featured_media":5539,"comment_status":"open","ping_status":"open","sticky":false,"template":"","format":"standard","meta":{"_et_pb_use_builder":"off","_et_pb_old_content":"","_et_gb_content_width":"","footnotes":""},"categories":[244],"tags":[1151,267,572,268,452,408],"class_list":["post-5538","post","type-post","status-publish","format-standard","has-post-thumbnail","hentry","category-nacionales","tag-alerta-amarilla","tag-el-salvador","tag-emergencias","tag-gobierno-de-el-salvador","tag-lluvias","tag-proteccion-civil"],"yoast_head":"<!-- This site is optimized with the Yoast SEO plugin v27.4 - https:\/\/yoast.com\/product\/yoast-seo-wordpress\/ -->\n<title>Protecci\u00f3n Civil fortalece estrategia integral de prevenci\u00f3n y respuesta ante emergencias por lluvias en todo el pa\u00eds - La G Noticias<\/title>\n<meta name=\"robots\" content=\"index, follow, max-snippet:-1, max-image-preview:large, max-video-preview:-1\" \/>\n<link rel=\"canonical\" href=\"https:\/\/lagnoticias.com\/en\/2025\/10\/01\/proteccion-civil-fortalece-estrategia-integral-de-prevencion-y-respuesta-ante-emergencias-por-lluvias-en-todo-el-pais\/\" \/>\n<meta property=\"og:locale\" content=\"en_US\" \/>\n<meta property=\"og:type\" content=\"article\" \/>\n<meta property=\"og:title\" content=\"Protecci\u00f3n Civil fortalece estrategia integral de prevenci\u00f3n y respuesta ante emergencias por lluvias en todo el pa\u00eds - La G Noticias\" \/>\n<meta property=\"og:description\" content=\"El Gobierno mantiene una estrategia integral con el despliegue de las instituciones del Sistema Nacional de Protecci\u00f3n Civil que, trabaja en la prevenci\u00f3n y respuesta ante las emergencias ocasionadas por las lluvias.&nbsp;&nbsp; El subdirector de Protecci\u00f3n Civil, Ferm\u00edn P\u00e9rez, indic\u00f3 que mantienen acciones preventivas y de respuesta inmediata en todo el territorio nacional, como monitoreo [&hellip;]\" \/>\n<meta property=\"og:url\" content=\"https:\/\/lagnoticias.com\/en\/2025\/10\/01\/proteccion-civil-fortalece-estrategia-integral-de-prevencion-y-respuesta-ante-emergencias-por-lluvias-en-todo-el-pais\/\" \/>\n<meta property=\"og:site_name\" content=\"La G Noticias\" \/>\n<meta property=\"article:publisher\" content=\"https:\/\/www.facebook.com\/LaGNoticias\" \/>\n<meta property=\"article:published_time\" content=\"2025-10-01T21:26:18+00:00\" \/>\n<meta property=\"og:image\" content=\"https:\/\/lagnoticias.com\/wp-content\/uploads\/2025\/10\/64-scaled.jpg\" \/>\n\t<meta property=\"og:image:width\" content=\"2560\" \/>\n\t<meta property=\"og:image:height\" content=\"1707\" \/>\n\t<meta property=\"og:image:type\" content=\"image\/jpeg\" \/>\n<meta name=\"author\" content=\"Oscar\" \/>\n<meta name=\"twitter:card\" content=\"summary_large_image\" \/>\n<meta name=\"twitter:creator\" content=\"@lagnoticias\" \/>\n<meta name=\"twitter:site\" content=\"@lagnoticias\" \/>\n<meta name=\"twitter:label1\" content=\"Written by\" \/>\n\t<meta name=\"twitter:data1\" content=\"Oscar\" \/>\n\t<meta name=\"twitter:label2\" content=\"Est. reading time\" \/>\n\t<meta name=\"twitter:data2\" content=\"2 minutes\" \/>\n<script type=\"application\/ld+json\" class=\"yoast-schema-graph\">{\"@context\":\"https:\\\/\\\/schema.org\",\"@graph\":[{\"@type\":\"Article\",\"@id\":\"https:\\\/\\\/lagnoticias.com\\\/2025\\\/10\\\/01\\\/proteccion-civil-fortalece-estrategia-integral-de-prevencion-y-respuesta-ante-emergencias-por-lluvias-en-todo-el-pais\\\/#article\",\"isPartOf\":{\"@id\":\"https:\\\/\\\/lagnoticias.com\\\/2025\\\/10\\\/01\\\/proteccion-civil-fortalece-estrategia-integral-de-prevencion-y-respuesta-ante-emergencias-por-lluvias-en-todo-el-pais\\\/\"},\"author\":{\"name\":\"Oscar\",\"@id\":\"https:\\\/\\\/lagnoticias.com\\\/#\\\/schema\\\/person\\\/cb9bfe13f8de05d2c55270be25c6a550\"},\"headline\":\"Protecci\u00f3n Civil fortalece estrategia integral de prevenci\u00f3n y respuesta ante emergencias por lluvias en todo el pa\u00eds\",\"datePublished\":\"2025-10-01T21:26:18+00:00\",\"mainEntityOfPage\":{\"@id\":\"https:\\\/\\\/lagnoticias.com\\\/2025\\\/10\\\/01\\\/proteccion-civil-fortalece-estrategia-integral-de-prevencion-y-respuesta-ante-emergencias-por-lluvias-en-todo-el-pais\\\/\"},\"wordCount\":355,\"commentCount\":0,\"image\":{\"@id\":\"https:\\\/\\\/lagnoticias.com\\\/2025\\\/10\\\/01\\\/proteccion-civil-fortalece-estrategia-integral-de-prevencion-y-respuesta-ante-emergencias-por-lluvias-en-todo-el-pais\\\/#primaryimage\"},\"thumbnailUrl\":\"https:\\\/\\\/lagnoticias.com\\\/wp-content\\\/uploads\\\/2025\\\/10\\\/64-scaled.jpg\",\"keywords\":[\"ALERTA AMARILLA\",\"EL SALVADOR\",\"EMERGENCIAS\",\"GOBIERNO DE EL SALVADOR\",\"LLUVIAS\",\"PROTECCI\u00d3N CIVIL\"],\"articleSection\":[\"NACIONALES\"],\"inLanguage\":\"en-US\",\"potentialAction\":[{\"@type\":\"CommentAction\",\"name\":\"Comment\",\"target\":[\"https:\\\/\\\/lagnoticias.com\\\/2025\\\/10\\\/01\\\/proteccion-civil-fortalece-estrategia-integral-de-prevencion-y-respuesta-ante-emergencias-por-lluvias-en-todo-el-pais\\\/#respond\"]}]},{\"@type\":\"WebPage\",\"@id\":\"https:\\\/\\\/lagnoticias.com\\\/2025\\\/10\\\/01\\\/proteccion-civil-fortalece-estrategia-integral-de-prevencion-y-respuesta-ante-emergencias-por-lluvias-en-todo-el-pais\\\/\",\"url\":\"https:\\\/\\\/lagnoticias.com\\\/2025\\\/10\\\/01\\\/proteccion-civil-fortalece-estrategia-integral-de-prevencion-y-respuesta-ante-emergencias-por-lluvias-en-todo-el-pais\\\/\",\"name\":\"Protecci\u00f3n Civil fortalece estrategia integral de prevenci\u00f3n y respuesta ante emergencias por lluvias en todo el pa\u00eds - La G Noticias\",\"isPartOf\":{\"@id\":\"https:\\\/\\\/lagnoticias.com\\\/#website\"},\"primaryImageOfPage\":{\"@id\":\"https:\\\/\\\/lagnoticias.com\\\/2025\\\/10\\\/01\\\/proteccion-civil-fortalece-estrategia-integral-de-prevencion-y-respuesta-ante-emergencias-por-lluvias-en-todo-el-pais\\\/#primaryimage\"},\"image\":{\"@id\":\"https:\\\/\\\/lagnoticias.com\\\/2025\\\/10\\\/01\\\/proteccion-civil-fortalece-estrategia-integral-de-prevencion-y-respuesta-ante-emergencias-por-lluvias-en-todo-el-pais\\\/#primaryimage\"},\"thumbnailUrl\":\"https:\\\/\\\/lagnoticias.com\\\/wp-content\\\/uploads\\\/2025\\\/10\\\/64-scaled.jpg\",\"datePublished\":\"2025-10-01T21:26:18+00:00\",\"author\":{\"@id\":\"https:\\\/\\\/lagnoticias.com\\\/#\\\/schema\\\/person\\\/cb9bfe13f8de05d2c55270be25c6a550\"},\"breadcrumb\":{\"@id\":\"https:\\\/\\\/lagnoticias.com\\\/2025\\\/10\\\/01\\\/proteccion-civil-fortalece-estrategia-integral-de-prevencion-y-respuesta-ante-emergencias-por-lluvias-en-todo-el-pais\\\/#breadcrumb\"},\"inLanguage\":\"en-US\",\"potentialAction\":[{\"@type\":\"ReadAction\",\"target\":[\"https:\\\/\\\/lagnoticias.com\\\/2025\\\/10\\\/01\\\/proteccion-civil-fortalece-estrategia-integral-de-prevencion-y-respuesta-ante-emergencias-por-lluvias-en-todo-el-pais\\\/\"]}]},{\"@type\":\"ImageObject\",\"inLanguage\":\"en-US\",\"@id\":\"https:\\\/\\\/lagnoticias.com\\\/2025\\\/10\\\/01\\\/proteccion-civil-fortalece-estrategia-integral-de-prevencion-y-respuesta-ante-emergencias-por-lluvias-en-todo-el-pais\\\/#primaryimage\",\"url\":\"https:\\\/\\\/lagnoticias.com\\\/wp-content\\\/uploads\\\/2025\\\/10\\\/64-scaled.jpg\",\"contentUrl\":\"https:\\\/\\\/lagnoticias.com\\\/wp-content\\\/uploads\\\/2025\\\/10\\\/64-scaled.jpg\",\"width\":2560,\"height\":1707},{\"@type\":\"BreadcrumbList\",\"@id\":\"https:\\\/\\\/lagnoticias.com\\\/2025\\\/10\\\/01\\\/proteccion-civil-fortalece-estrategia-integral-de-prevencion-y-respuesta-ante-emergencias-por-lluvias-en-todo-el-pais\\\/#breadcrumb\",\"itemListElement\":[{\"@type\":\"ListItem\",\"position\":1,\"name\":\"Portada\",\"item\":\"https:\\\/\\\/lagnoticias.com\\\/\"},{\"@type\":\"ListItem\",\"position\":2,\"name\":\"Protecci\u00f3n Civil fortalece estrategia integral de prevenci\u00f3n y respuesta ante emergencias por lluvias en todo el pa\u00eds\"}]},{\"@type\":\"WebSite\",\"@id\":\"https:\\\/\\\/lagnoticias.com\\\/#website\",\"url\":\"https:\\\/\\\/lagnoticias.com\\\/\",\"name\":\"La G Noticias\",\"description\":\"Noticias Positivas\",\"potentialAction\":[{\"@type\":\"SearchAction\",\"target\":{\"@type\":\"EntryPoint\",\"urlTemplate\":\"https:\\\/\\\/lagnoticias.com\\\/?s={search_term_string}\"},\"query-input\":{\"@type\":\"PropertyValueSpecification\",\"valueRequired\":true,\"valueName\":\"search_term_string\"}}],\"inLanguage\":\"en-US\"},{\"@type\":\"Person\",\"@id\":\"https:\\\/\\\/lagnoticias.com\\\/#\\\/schema\\\/person\\\/cb9bfe13f8de05d2c55270be25c6a550\",\"name\":\"Oscar\",\"image\":{\"@type\":\"ImageObject\",\"inLanguage\":\"en-US\",\"@id\":\"https:\\\/\\\/secure.gravatar.com\\\/avatar\\\/45c195718f652dc7ffdd591dc1f2678956ab7fdadcd359a635edc61304a8c757?s=96&d=mm&r=g\",\"url\":\"https:\\\/\\\/secure.gravatar.com\\\/avatar\\\/45c195718f652dc7ffdd591dc1f2678956ab7fdadcd359a635edc61304a8c757?s=96&d=mm&r=g\",\"contentUrl\":\"https:\\\/\\\/secure.gravatar.com\\\/avatar\\\/45c195718f652dc7ffdd591dc1f2678956ab7fdadcd359a635edc61304a8c757?s=96&d=mm&r=g\",\"caption\":\"Oscar\"},\"url\":\"https:\\\/\\\/lagnoticias.com\\\/en\\\/author\\\/oscar\\\/\"}]}<\/script>\n<!-- \/ Yoast SEO plugin. -->","yoast_head_json":{"title":"Protecci\u00f3n Civil fortalece estrategia integral de prevenci\u00f3n y respuesta ante emergencias por lluvias en todo el pa\u00eds - La G Noticias","robots":{"index":"index","follow":"follow","max-snippet":"max-snippet:-1","max-image-preview":"max-image-preview:large","max-video-preview":"max-video-preview:-1"},"canonical":"https:\/\/lagnoticias.com\/en\/2025\/10\/01\/proteccion-civil-fortalece-estrategia-integral-de-prevencion-y-respuesta-ante-emergencias-por-lluvias-en-todo-el-pais\/","og_locale":"en_US","og_type":"article","og_title":"Protecci\u00f3n Civil fortalece estrategia integral de prevenci\u00f3n y respuesta ante emergencias por lluvias en todo el pa\u00eds - La G Noticias","og_description":"El Gobierno mantiene una estrategia integral con el despliegue de las instituciones del Sistema Nacional de Protecci\u00f3n Civil que, trabaja en la prevenci\u00f3n y respuesta ante las emergencias ocasionadas por las lluvias.&nbsp;&nbsp; El subdirector de Protecci\u00f3n Civil, Ferm\u00edn P\u00e9rez, indic\u00f3 que mantienen acciones preventivas y de respuesta inmediata en todo el territorio nacional, como monitoreo [&hellip;]","og_url":"https:\/\/lagnoticias.com\/en\/2025\/10\/01\/proteccion-civil-fortalece-estrategia-integral-de-prevencion-y-respuesta-ante-emergencias-por-lluvias-en-todo-el-pais\/","og_site_name":"La G Noticias","article_publisher":"https:\/\/www.facebook.com\/LaGNoticias","article_published_time":"2025-10-01T21:26:18+00:00","og_image":[{"width":2560,"height":1707,"url":"https:\/\/lagnoticias.com\/wp-content\/uploads\/2025\/10\/64-scaled.jpg","type":"image\/jpeg"}],"author":"Oscar","twitter_card":"summary_large_image","twitter_creator":"@lagnoticias","twitter_site":"@lagnoticias","twitter_misc":{"Written by":"Oscar","Est. reading time":"2 minutes"},"schema":{"@context":"https:\/\/schema.org","@graph":[{"@type":"Article","@id":"https:\/\/lagnoticias.com\/2025\/10\/01\/proteccion-civil-fortalece-estrategia-integral-de-prevencion-y-respuesta-ante-emergencias-por-lluvias-en-todo-el-pais\/#article","isPartOf":{"@id":"https:\/\/lagnoticias.com\/2025\/10\/01\/proteccion-civil-fortalece-estrategia-integral-de-prevencion-y-respuesta-ante-emergencias-por-lluvias-en-todo-el-pais\/"},"author":{"name":"Oscar","@id":"https:\/\/lagnoticias.com\/#\/schema\/person\/cb9bfe13f8de05d2c55270be25c6a550"},"headline":"Protecci\u00f3n Civil fortalece estrategia integral de prevenci\u00f3n y respuesta ante emergencias por lluvias en todo el pa\u00eds","datePublished":"2025-10-01T21:26:18+00:00","mainEntityOfPage":{"@id":"https:\/\/lagnoticias.com\/2025\/10\/01\/proteccion-civil-fortalece-estrategia-integral-de-prevencion-y-respuesta-ante-emergencias-por-lluvias-en-todo-el-pais\/"},"wordCount":355,"commentCount":0,"image":{"@id":"https:\/\/lagnoticias.com\/2025\/10\/01\/proteccion-civil-fortalece-estrategia-integral-de-prevencion-y-respuesta-ante-emergencias-por-lluvias-en-todo-el-pais\/#primaryimage"},"thumbnailUrl":"https:\/\/lagnoticias.com\/wp-content\/uploads\/2025\/10\/64-scaled.jpg","keywords":["ALERTA AMARILLA","EL SALVADOR","EMERGENCIAS","GOBIERNO DE EL SALVADOR","LLUVIAS","PROTECCI\u00d3N CIVIL"],"articleSection":["NACIONALES"],"inLanguage":"en-US","potentialAction":[{"@type":"CommentAction","name":"Comment","target":["https:\/\/lagnoticias.com\/2025\/10\/01\/proteccion-civil-fortalece-estrategia-integral-de-prevencion-y-respuesta-ante-emergencias-por-lluvias-en-todo-el-pais\/#respond"]}]},{"@type":"WebPage","@id":"https:\/\/lagnoticias.com\/2025\/10\/01\/proteccion-civil-fortalece-estrategia-integral-de-prevencion-y-respuesta-ante-emergencias-por-lluvias-en-todo-el-pais\/","url":"https:\/\/lagnoticias.com\/2025\/10\/01\/proteccion-civil-fortalece-estrategia-integral-de-prevencion-y-respuesta-ante-emergencias-por-lluvias-en-todo-el-pais\/","name":"Protecci\u00f3n Civil fortalece estrategia integral de prevenci\u00f3n y respuesta ante emergencias por lluvias en todo el pa\u00eds - La G Noticias","isPartOf":{"@id":"https:\/\/lagnoticias.com\/#website"},"primaryImageOfPage":{"@id":"https:\/\/lagnoticias.com\/2025\/10\/01\/proteccion-civil-fortalece-estrategia-integral-de-prevencion-y-respuesta-ante-emergencias-por-lluvias-en-todo-el-pais\/#primaryimage"},"image":{"@id":"https:\/\/lagnoticias.com\/2025\/10\/01\/proteccion-civil-fortalece-estrategia-integral-de-prevencion-y-respuesta-ante-emergencias-por-lluvias-en-todo-el-pais\/#primaryimage"},"thumbnailUrl":"https:\/\/lagnoticias.com\/wp-content\/uploads\/2025\/10\/64-scaled.jpg","datePublished":"2025-10-01T21:26:18+00:00","author":{"@id":"https:\/\/lagnoticias.com\/#\/schema\/person\/cb9bfe13f8de05d2c55270be25c6a550"},"breadcrumb":{"@id":"https:\/\/lagnoticias.com\/2025\/10\/01\/proteccion-civil-fortalece-estrategia-integral-de-prevencion-y-respuesta-ante-emergencias-por-lluvias-en-todo-el-pais\/#breadcrumb"},"inLanguage":"en-US","potentialAction":[{"@type":"ReadAction","target":["https:\/\/lagnoticias.com\/2025\/10\/01\/proteccion-civil-fortalece-estrategia-integral-de-prevencion-y-respuesta-ante-emergencias-por-lluvias-en-todo-el-pais\/"]}]},{"@type":"ImageObject","inLanguage":"en-US","@id":"https:\/\/lagnoticias.com\/2025\/10\/01\/proteccion-civil-fortalece-estrategia-integral-de-prevencion-y-respuesta-ante-emergencias-por-lluvias-en-todo-el-pais\/#primaryimage","url":"https:\/\/lagnoticias.com\/wp-content\/uploads\/2025\/10\/64-scaled.jpg","contentUrl":"https:\/\/lagnoticias.com\/wp-content\/uploads\/2025\/10\/64-scaled.jpg","width":2560,"height":1707},{"@type":"BreadcrumbList","@id":"https:\/\/lagnoticias.com\/2025\/10\/01\/proteccion-civil-fortalece-estrategia-integral-de-prevencion-y-respuesta-ante-emergencias-por-lluvias-en-todo-el-pais\/#breadcrumb","itemListElement":[{"@type":"ListItem","position":1,"name":"Portada","item":"https:\/\/lagnoticias.com\/"},{"@type":"ListItem","position":2,"name":"Protecci\u00f3n Civil fortalece estrategia integral de prevenci\u00f3n y respuesta ante emergencias por lluvias en todo el pa\u00eds"}]},{"@type":"WebSite","@id":"https:\/\/lagnoticias.com\/#website","url":"https:\/\/lagnoticias.com\/","name":"La G Noticias","description":"Noticias Positivas","potentialAction":[{"@type":"SearchAction","target":{"@type":"EntryPoint","urlTemplate":"https:\/\/lagnoticias.com\/?s={search_term_string}"},"query-input":{"@type":"PropertyValueSpecification","valueRequired":true,"valueName":"search_term_string"}}],"inLanguage":"en-US"},{"@type":"Person","@id":"https:\/\/lagnoticias.com\/#\/schema\/person\/cb9bfe13f8de05d2c55270be25c6a550","name":"Oscar","image":{"@type":"ImageObject","inLanguage":"en-US","@id":"https:\/\/secure.gravatar.com\/avatar\/45c195718f652dc7ffdd591dc1f2678956ab7fdadcd359a635edc61304a8c757?s=96&d=mm&r=g","url":"https:\/\/secure.gravatar.com\/avatar\/45c195718f652dc7ffdd591dc1f2678956ab7fdadcd359a635edc61304a8c757?s=96&d=mm&r=g","contentUrl":"https:\/\/secure.gravatar.com\/avatar\/45c195718f652dc7ffdd591dc1f2678956ab7fdadcd359a635edc61304a8c757?s=96&d=mm&r=g","caption":"Oscar"},"url":"https:\/\/lagnoticias.com\/en\/author\/oscar\/"}]}},"_links":{"self":[{"href":"https:\/\/lagnoticias.com\/en\/wp-json\/wp\/v2\/posts\/5538","targetHints":{"allow":["GET"]}}],"collection":[{"href":"https:\/\/lagnoticias.com\/en\/wp-json\/wp\/v2\/posts"}],"about":[{"href":"https:\/\/lagnoticias.com\/en\/wp-json\/wp\/v2\/types\/post"}],"author":[{"embeddable":true,"href":"https:\/\/lagnoticias.com\/en\/wp-json\/wp\/v2\/users\/2"}],"replies":[{"embeddable":true,"href":"https:\/\/lagnoticias.com\/en\/wp-json\/wp\/v2\/comments?post=5538"}],"version-history":[{"count":1,"href":"https:\/\/lagnoticias.com\/en\/wp-json\/wp\/v2\/posts\/5538\/revisions"}],"predecessor-version":[{"id":5540,"href":"https:\/\/lagnoticias.com\/en\/wp-json\/wp\/v2\/posts\/5538\/revisions\/5540"}],"wp:featuredmedia":[{"embeddable":true,"href":"https:\/\/lagnoticias.com\/en\/wp-json\/wp\/v2\/media\/5539"}],"wp:attachment":[{"href":"https:\/\/lagnoticias.com\/en\/wp-json\/wp\/v2\/media?parent=5538"}],"wp:term":[{"taxonomy":"category","embeddable":true,"href":"https:\/\/lagnoticias.com\/en\/wp-json\/wp\/v2\/categories?post=5538"},{"taxonomy":"post_tag","embeddable":true,"href":"https:\/\/lagnoticias.com\/en\/wp-json\/wp\/v2\/tags?post=5538"}],"curies":[{"name":"wp","href":"https:\/\/api.w.org\/{rel}","templated":true}]}}