{"id":5525,"date":"2025-10-01T14:12:06","date_gmt":"2025-10-01T20:12:06","guid":{"rendered":"https:\/\/lagnoticias.com\/?p=5525"},"modified":"2025-10-01T14:12:07","modified_gmt":"2025-10-01T20:12:07","slug":"entregan-pabellon-a-delegacion-que-participara-en-los-ix-juegos-deportivos-estudiantiles-centroamericanos-nivel-intermedio","status":"publish","type":"post","link":"https:\/\/lagnoticias.com\/en\/2025\/10\/01\/entregan-pabellon-a-delegacion-que-participara-en-los-ix-juegos-deportivos-estudiantiles-centroamericanos-nivel-intermedio\/","title":{"rendered":"Entregan pabell\u00f3n a delegaci\u00f3n que participar\u00e1 en los IX Juegos Deportivos Estudiantiles Centroamericanos Nivel Intermedio"},"content":{"rendered":"<p>Con el compromiso de mantener un semillero de talentos, el presidente ad honorem del Instituto Nacional de los Deportes de El Salvador (INDES), Yamil Bukele, y la titular del Ministerio de Educaci\u00f3n, Karla Trigueros, entregaron el pabell\u00f3n nacional a la delegaci\u00f3n que competir\u00e1 en los IX Juegos Deportivos Estudiantiles Centroamericanos Nivel Intermedio (13-14 a\u00f1os), en San Jos\u00e9, Costa Rica, del 2 al 8 de octubre.<\/p>\n\n\n\n<p>\u201cCuando salgan lleven en alto a su instituci\u00f3n, pero m\u00e1s que todo la bandera de El Salvador. Son 341 personas, de las cuales 242 son atletas, 36 entrenadores, 12 delegados, 17 de la jefatura de misi\u00f3n, 18 \u00e1rbitros, 12 chaperonas, cuatro m\u00e9dicos y fisioterapeutas\u201d, detall\u00f3 el presidente ad honorem del INDES.<\/p>\n\n\n\n<p>Estos juegos son organizados por el Consejo del Istmo Centroamericano de Deporte y Recreaci\u00f3n (Codicader) para promover el deporte como un derecho, mismo que se ha visto fortalecido bajo la gesti\u00f3n del presidente Bukele, que ha brindado mayores incentivos a las federaciones para la pr\u00e1ctica de distintas disciplinas. La delegaci\u00f3n salvadore\u00f1a competir\u00e1 en las disciplinas de ajedrez, atletismo, baloncesto, balonmano, f\u00fatbol, judo, karate, nataci\u00f3n, patinaje, taekwondo, tenis de mesa y voleibol.<\/p>\n\n\n\n<p>\u00abAgradezco el apoyo de los padres de familia, maestros, entrenadores y al INDES por el respaldo que les est\u00e1 brindando. Los invito a que compitan con la garra que se merece, pero tambi\u00e9n con humildad. Tengan la certeza de que todo un pa\u00eds estar\u00e1 orgulloso de ustedes\u00bb, se\u00f1al\u00f3 Trigueros.<\/p>\n\n\n\n<p>Los atletas estudiantiles cuentan con todas las facilidades para representar a El Salvador en eventos internacionales, adem\u00e1s del acompa\u00f1amiento de profesionales encargados de brindar el apoyo y las atenciones f\u00edsicas necesarias, demostrando as\u00ed toda la log\u00edstica, organizaci\u00f3n y el compromiso que se mantiene para que los ni\u00f1os y j\u00f3venes puedan sentirse respaldados y brinden el mejor de sus esfuerzos en cada competencia.<\/p>","protected":false},"excerpt":{"rendered":"<p>Con el compromiso de mantener un semillero de talentos, el presidente ad honorem del Instituto Nacional de los Deportes de El Salvador (INDES), Yamil Bukele, y la titular del Ministerio de Educaci\u00f3n, Karla Trigueros, entregaron el pabell\u00f3n nacional a la delegaci\u00f3n que competir\u00e1 en los IX Juegos Deportivos Estudiantiles Centroamericanos Nivel Intermedio (13-14 a\u00f1os), en [&hellip;]<\/p>","protected":false},"author":2,"featured_media":5526,"comment_status":"open","ping_status":"open","sticky":false,"template":"","format":"standard","meta":{"_et_pb_use_builder":"off","_et_pb_old_content":"","_et_gb_content_width":"","footnotes":""},"categories":[248],"tags":[1171,267,561,920],"class_list":["post-5525","post","type-post","status-publish","format-standard","has-post-thumbnail","hentry","category-deportes","tag-deportes","tag-el-salvador","tag-indes","tag-juegos-codicader"],"yoast_head":"<!-- This site is optimized with the Yoast SEO plugin v27.4 - https:\/\/yoast.com\/product\/yoast-seo-wordpress\/ -->\n<title>Entregan pabell\u00f3n a delegaci\u00f3n que participar\u00e1 en los IX Juegos Deportivos Estudiantiles Centroamericanos Nivel Intermedio - La G Noticias<\/title>\n<meta name=\"robots\" content=\"index, follow, max-snippet:-1, max-image-preview:large, max-video-preview:-1\" \/>\n<link rel=\"canonical\" href=\"https:\/\/lagnoticias.com\/en\/2025\/10\/01\/entregan-pabellon-a-delegacion-que-participara-en-los-ix-juegos-deportivos-estudiantiles-centroamericanos-nivel-intermedio\/\" \/>\n<meta property=\"og:locale\" content=\"en_US\" \/>\n<meta property=\"og:type\" content=\"article\" \/>\n<meta property=\"og:title\" content=\"Entregan pabell\u00f3n a delegaci\u00f3n que participar\u00e1 en los IX Juegos Deportivos Estudiantiles Centroamericanos Nivel Intermedio - La G Noticias\" \/>\n<meta property=\"og:description\" content=\"Con el compromiso de mantener un semillero de talentos, el presidente ad honorem del Instituto Nacional de los Deportes de El Salvador (INDES), Yamil Bukele, y la titular del Ministerio de Educaci\u00f3n, Karla Trigueros, entregaron el pabell\u00f3n nacional a la delegaci\u00f3n que competir\u00e1 en los IX Juegos Deportivos Estudiantiles Centroamericanos Nivel Intermedio (13-14 a\u00f1os), en [&hellip;]\" \/>\n<meta property=\"og:url\" content=\"https:\/\/lagnoticias.com\/en\/2025\/10\/01\/entregan-pabellon-a-delegacion-que-participara-en-los-ix-juegos-deportivos-estudiantiles-centroamericanos-nivel-intermedio\/\" \/>\n<meta property=\"og:site_name\" content=\"La G Noticias\" \/>\n<meta property=\"article:publisher\" content=\"https:\/\/www.facebook.com\/LaGNoticias\" \/>\n<meta property=\"article:published_time\" content=\"2025-10-01T20:12:06+00:00\" \/>\n<meta property=\"article:modified_time\" content=\"2025-10-01T20:12:07+00:00\" \/>\n<meta property=\"og:image\" content=\"https:\/\/lagnoticias.com\/wp-content\/uploads\/2025\/10\/9.jpg\" \/>\n\t<meta property=\"og:image:width\" content=\"860\" \/>\n\t<meta property=\"og:image:height\" content=\"573\" \/>\n\t<meta property=\"og:image:type\" content=\"image\/jpeg\" \/>\n<meta name=\"author\" content=\"Oscar\" \/>\n<meta name=\"twitter:card\" content=\"summary_large_image\" \/>\n<meta name=\"twitter:creator\" content=\"@lagnoticias\" \/>\n<meta name=\"twitter:site\" content=\"@lagnoticias\" \/>\n<meta name=\"twitter:label1\" content=\"Written by\" \/>\n\t<meta name=\"twitter:data1\" content=\"Oscar\" \/>\n\t<meta name=\"twitter:label2\" content=\"Est. reading time\" \/>\n\t<meta name=\"twitter:data2\" content=\"2 minutes\" \/>\n<script type=\"application\/ld+json\" class=\"yoast-schema-graph\">{\"@context\":\"https:\\\/\\\/schema.org\",\"@graph\":[{\"@type\":\"Article\",\"@id\":\"https:\\\/\\\/lagnoticias.com\\\/2025\\\/10\\\/01\\\/entregan-pabellon-a-delegacion-que-participara-en-los-ix-juegos-deportivos-estudiantiles-centroamericanos-nivel-intermedio\\\/#article\",\"isPartOf\":{\"@id\":\"https:\\\/\\\/lagnoticias.com\\\/2025\\\/10\\\/01\\\/entregan-pabellon-a-delegacion-que-participara-en-los-ix-juegos-deportivos-estudiantiles-centroamericanos-nivel-intermedio\\\/\"},\"author\":{\"name\":\"Oscar\",\"@id\":\"https:\\\/\\\/lagnoticias.com\\\/#\\\/schema\\\/person\\\/cb9bfe13f8de05d2c55270be25c6a550\"},\"headline\":\"Entregan pabell\u00f3n a delegaci\u00f3n que participar\u00e1 en los IX Juegos Deportivos Estudiantiles Centroamericanos Nivel Intermedio\",\"datePublished\":\"2025-10-01T20:12:06+00:00\",\"dateModified\":\"2025-10-01T20:12:07+00:00\",\"mainEntityOfPage\":{\"@id\":\"https:\\\/\\\/lagnoticias.com\\\/2025\\\/10\\\/01\\\/entregan-pabellon-a-delegacion-que-participara-en-los-ix-juegos-deportivos-estudiantiles-centroamericanos-nivel-intermedio\\\/\"},\"wordCount\":331,\"commentCount\":0,\"image\":{\"@id\":\"https:\\\/\\\/lagnoticias.com\\\/2025\\\/10\\\/01\\\/entregan-pabellon-a-delegacion-que-participara-en-los-ix-juegos-deportivos-estudiantiles-centroamericanos-nivel-intermedio\\\/#primaryimage\"},\"thumbnailUrl\":\"https:\\\/\\\/lagnoticias.com\\\/wp-content\\\/uploads\\\/2025\\\/10\\\/9.jpg\",\"keywords\":[\"DEPORTES\",\"EL SALVADOR\",\"INDES\",\"JUEGOS CODICADER\"],\"articleSection\":[\"DEPORTES\"],\"inLanguage\":\"en-US\",\"potentialAction\":[{\"@type\":\"CommentAction\",\"name\":\"Comment\",\"target\":[\"https:\\\/\\\/lagnoticias.com\\\/2025\\\/10\\\/01\\\/entregan-pabellon-a-delegacion-que-participara-en-los-ix-juegos-deportivos-estudiantiles-centroamericanos-nivel-intermedio\\\/#respond\"]}]},{\"@type\":\"WebPage\",\"@id\":\"https:\\\/\\\/lagnoticias.com\\\/2025\\\/10\\\/01\\\/entregan-pabellon-a-delegacion-que-participara-en-los-ix-juegos-deportivos-estudiantiles-centroamericanos-nivel-intermedio\\\/\",\"url\":\"https:\\\/\\\/lagnoticias.com\\\/2025\\\/10\\\/01\\\/entregan-pabellon-a-delegacion-que-participara-en-los-ix-juegos-deportivos-estudiantiles-centroamericanos-nivel-intermedio\\\/\",\"name\":\"Entregan pabell\u00f3n a delegaci\u00f3n que participar\u00e1 en los IX Juegos Deportivos Estudiantiles Centroamericanos Nivel Intermedio - La G Noticias\",\"isPartOf\":{\"@id\":\"https:\\\/\\\/lagnoticias.com\\\/#website\"},\"primaryImageOfPage\":{\"@id\":\"https:\\\/\\\/lagnoticias.com\\\/2025\\\/10\\\/01\\\/entregan-pabellon-a-delegacion-que-participara-en-los-ix-juegos-deportivos-estudiantiles-centroamericanos-nivel-intermedio\\\/#primaryimage\"},\"image\":{\"@id\":\"https:\\\/\\\/lagnoticias.com\\\/2025\\\/10\\\/01\\\/entregan-pabellon-a-delegacion-que-participara-en-los-ix-juegos-deportivos-estudiantiles-centroamericanos-nivel-intermedio\\\/#primaryimage\"},\"thumbnailUrl\":\"https:\\\/\\\/lagnoticias.com\\\/wp-content\\\/uploads\\\/2025\\\/10\\\/9.jpg\",\"datePublished\":\"2025-10-01T20:12:06+00:00\",\"dateModified\":\"2025-10-01T20:12:07+00:00\",\"author\":{\"@id\":\"https:\\\/\\\/lagnoticias.com\\\/#\\\/schema\\\/person\\\/cb9bfe13f8de05d2c55270be25c6a550\"},\"breadcrumb\":{\"@id\":\"https:\\\/\\\/lagnoticias.com\\\/2025\\\/10\\\/01\\\/entregan-pabellon-a-delegacion-que-participara-en-los-ix-juegos-deportivos-estudiantiles-centroamericanos-nivel-intermedio\\\/#breadcrumb\"},\"inLanguage\":\"en-US\",\"potentialAction\":[{\"@type\":\"ReadAction\",\"target\":[\"https:\\\/\\\/lagnoticias.com\\\/2025\\\/10\\\/01\\\/entregan-pabellon-a-delegacion-que-participara-en-los-ix-juegos-deportivos-estudiantiles-centroamericanos-nivel-intermedio\\\/\"]}]},{\"@type\":\"ImageObject\",\"inLanguage\":\"en-US\",\"@id\":\"https:\\\/\\\/lagnoticias.com\\\/2025\\\/10\\\/01\\\/entregan-pabellon-a-delegacion-que-participara-en-los-ix-juegos-deportivos-estudiantiles-centroamericanos-nivel-intermedio\\\/#primaryimage\",\"url\":\"https:\\\/\\\/lagnoticias.com\\\/wp-content\\\/uploads\\\/2025\\\/10\\\/9.jpg\",\"contentUrl\":\"https:\\\/\\\/lagnoticias.com\\\/wp-content\\\/uploads\\\/2025\\\/10\\\/9.jpg\",\"width\":860,\"height\":573},{\"@type\":\"BreadcrumbList\",\"@id\":\"https:\\\/\\\/lagnoticias.com\\\/2025\\\/10\\\/01\\\/entregan-pabellon-a-delegacion-que-participara-en-los-ix-juegos-deportivos-estudiantiles-centroamericanos-nivel-intermedio\\\/#breadcrumb\",\"itemListElement\":[{\"@type\":\"ListItem\",\"position\":1,\"name\":\"Portada\",\"item\":\"https:\\\/\\\/lagnoticias.com\\\/\"},{\"@type\":\"ListItem\",\"position\":2,\"name\":\"Entregan pabell\u00f3n a delegaci\u00f3n que participar\u00e1 en los IX Juegos Deportivos Estudiantiles Centroamericanos Nivel Intermedio\"}]},{\"@type\":\"WebSite\",\"@id\":\"https:\\\/\\\/lagnoticias.com\\\/#website\",\"url\":\"https:\\\/\\\/lagnoticias.com\\\/\",\"name\":\"La G Noticias\",\"description\":\"Noticias Positivas\",\"potentialAction\":[{\"@type\":\"SearchAction\",\"target\":{\"@type\":\"EntryPoint\",\"urlTemplate\":\"https:\\\/\\\/lagnoticias.com\\\/?s={search_term_string}\"},\"query-input\":{\"@type\":\"PropertyValueSpecification\",\"valueRequired\":true,\"valueName\":\"search_term_string\"}}],\"inLanguage\":\"en-US\"},{\"@type\":\"Person\",\"@id\":\"https:\\\/\\\/lagnoticias.com\\\/#\\\/schema\\\/person\\\/cb9bfe13f8de05d2c55270be25c6a550\",\"name\":\"Oscar\",\"image\":{\"@type\":\"ImageObject\",\"inLanguage\":\"en-US\",\"@id\":\"https:\\\/\\\/secure.gravatar.com\\\/avatar\\\/45c195718f652dc7ffdd591dc1f2678956ab7fdadcd359a635edc61304a8c757?s=96&d=mm&r=g\",\"url\":\"https:\\\/\\\/secure.gravatar.com\\\/avatar\\\/45c195718f652dc7ffdd591dc1f2678956ab7fdadcd359a635edc61304a8c757?s=96&d=mm&r=g\",\"contentUrl\":\"https:\\\/\\\/secure.gravatar.com\\\/avatar\\\/45c195718f652dc7ffdd591dc1f2678956ab7fdadcd359a635edc61304a8c757?s=96&d=mm&r=g\",\"caption\":\"Oscar\"},\"url\":\"https:\\\/\\\/lagnoticias.com\\\/en\\\/author\\\/oscar\\\/\"}]}<\/script>\n<!-- \/ Yoast SEO plugin. -->","yoast_head_json":{"title":"Entregan pabell\u00f3n a delegaci\u00f3n que participar\u00e1 en los IX Juegos Deportivos Estudiantiles Centroamericanos Nivel Intermedio - La G Noticias","robots":{"index":"index","follow":"follow","max-snippet":"max-snippet:-1","max-image-preview":"max-image-preview:large","max-video-preview":"max-video-preview:-1"},"canonical":"https:\/\/lagnoticias.com\/en\/2025\/10\/01\/entregan-pabellon-a-delegacion-que-participara-en-los-ix-juegos-deportivos-estudiantiles-centroamericanos-nivel-intermedio\/","og_locale":"en_US","og_type":"article","og_title":"Entregan pabell\u00f3n a delegaci\u00f3n que participar\u00e1 en los IX Juegos Deportivos Estudiantiles Centroamericanos Nivel Intermedio - La G Noticias","og_description":"Con el compromiso de mantener un semillero de talentos, el presidente ad honorem del Instituto Nacional de los Deportes de El Salvador (INDES), Yamil Bukele, y la titular del Ministerio de Educaci\u00f3n, Karla Trigueros, entregaron el pabell\u00f3n nacional a la delegaci\u00f3n que competir\u00e1 en los IX Juegos Deportivos Estudiantiles Centroamericanos Nivel Intermedio (13-14 a\u00f1os), en [&hellip;]","og_url":"https:\/\/lagnoticias.com\/en\/2025\/10\/01\/entregan-pabellon-a-delegacion-que-participara-en-los-ix-juegos-deportivos-estudiantiles-centroamericanos-nivel-intermedio\/","og_site_name":"La G Noticias","article_publisher":"https:\/\/www.facebook.com\/LaGNoticias","article_published_time":"2025-10-01T20:12:06+00:00","article_modified_time":"2025-10-01T20:12:07+00:00","og_image":[{"width":860,"height":573,"url":"https:\/\/lagnoticias.com\/wp-content\/uploads\/2025\/10\/9.jpg","type":"image\/jpeg"}],"author":"Oscar","twitter_card":"summary_large_image","twitter_creator":"@lagnoticias","twitter_site":"@lagnoticias","twitter_misc":{"Written by":"Oscar","Est. reading time":"2 minutes"},"schema":{"@context":"https:\/\/schema.org","@graph":[{"@type":"Article","@id":"https:\/\/lagnoticias.com\/2025\/10\/01\/entregan-pabellon-a-delegacion-que-participara-en-los-ix-juegos-deportivos-estudiantiles-centroamericanos-nivel-intermedio\/#article","isPartOf":{"@id":"https:\/\/lagnoticias.com\/2025\/10\/01\/entregan-pabellon-a-delegacion-que-participara-en-los-ix-juegos-deportivos-estudiantiles-centroamericanos-nivel-intermedio\/"},"author":{"name":"Oscar","@id":"https:\/\/lagnoticias.com\/#\/schema\/person\/cb9bfe13f8de05d2c55270be25c6a550"},"headline":"Entregan pabell\u00f3n a delegaci\u00f3n que participar\u00e1 en los IX Juegos Deportivos Estudiantiles Centroamericanos Nivel Intermedio","datePublished":"2025-10-01T20:12:06+00:00","dateModified":"2025-10-01T20:12:07+00:00","mainEntityOfPage":{"@id":"https:\/\/lagnoticias.com\/2025\/10\/01\/entregan-pabellon-a-delegacion-que-participara-en-los-ix-juegos-deportivos-estudiantiles-centroamericanos-nivel-intermedio\/"},"wordCount":331,"commentCount":0,"image":{"@id":"https:\/\/lagnoticias.com\/2025\/10\/01\/entregan-pabellon-a-delegacion-que-participara-en-los-ix-juegos-deportivos-estudiantiles-centroamericanos-nivel-intermedio\/#primaryimage"},"thumbnailUrl":"https:\/\/lagnoticias.com\/wp-content\/uploads\/2025\/10\/9.jpg","keywords":["DEPORTES","EL SALVADOR","INDES","JUEGOS CODICADER"],"articleSection":["DEPORTES"],"inLanguage":"en-US","potentialAction":[{"@type":"CommentAction","name":"Comment","target":["https:\/\/lagnoticias.com\/2025\/10\/01\/entregan-pabellon-a-delegacion-que-participara-en-los-ix-juegos-deportivos-estudiantiles-centroamericanos-nivel-intermedio\/#respond"]}]},{"@type":"WebPage","@id":"https:\/\/lagnoticias.com\/2025\/10\/01\/entregan-pabellon-a-delegacion-que-participara-en-los-ix-juegos-deportivos-estudiantiles-centroamericanos-nivel-intermedio\/","url":"https:\/\/lagnoticias.com\/2025\/10\/01\/entregan-pabellon-a-delegacion-que-participara-en-los-ix-juegos-deportivos-estudiantiles-centroamericanos-nivel-intermedio\/","name":"Entregan pabell\u00f3n a delegaci\u00f3n que participar\u00e1 en los IX Juegos Deportivos Estudiantiles Centroamericanos Nivel Intermedio - La G Noticias","isPartOf":{"@id":"https:\/\/lagnoticias.com\/#website"},"primaryImageOfPage":{"@id":"https:\/\/lagnoticias.com\/2025\/10\/01\/entregan-pabellon-a-delegacion-que-participara-en-los-ix-juegos-deportivos-estudiantiles-centroamericanos-nivel-intermedio\/#primaryimage"},"image":{"@id":"https:\/\/lagnoticias.com\/2025\/10\/01\/entregan-pabellon-a-delegacion-que-participara-en-los-ix-juegos-deportivos-estudiantiles-centroamericanos-nivel-intermedio\/#primaryimage"},"thumbnailUrl":"https:\/\/lagnoticias.com\/wp-content\/uploads\/2025\/10\/9.jpg","datePublished":"2025-10-01T20:12:06+00:00","dateModified":"2025-10-01T20:12:07+00:00","author":{"@id":"https:\/\/lagnoticias.com\/#\/schema\/person\/cb9bfe13f8de05d2c55270be25c6a550"},"breadcrumb":{"@id":"https:\/\/lagnoticias.com\/2025\/10\/01\/entregan-pabellon-a-delegacion-que-participara-en-los-ix-juegos-deportivos-estudiantiles-centroamericanos-nivel-intermedio\/#breadcrumb"},"inLanguage":"en-US","potentialAction":[{"@type":"ReadAction","target":["https:\/\/lagnoticias.com\/2025\/10\/01\/entregan-pabellon-a-delegacion-que-participara-en-los-ix-juegos-deportivos-estudiantiles-centroamericanos-nivel-intermedio\/"]}]},{"@type":"ImageObject","inLanguage":"en-US","@id":"https:\/\/lagnoticias.com\/2025\/10\/01\/entregan-pabellon-a-delegacion-que-participara-en-los-ix-juegos-deportivos-estudiantiles-centroamericanos-nivel-intermedio\/#primaryimage","url":"https:\/\/lagnoticias.com\/wp-content\/uploads\/2025\/10\/9.jpg","contentUrl":"https:\/\/lagnoticias.com\/wp-content\/uploads\/2025\/10\/9.jpg","width":860,"height":573},{"@type":"BreadcrumbList","@id":"https:\/\/lagnoticias.com\/2025\/10\/01\/entregan-pabellon-a-delegacion-que-participara-en-los-ix-juegos-deportivos-estudiantiles-centroamericanos-nivel-intermedio\/#breadcrumb","itemListElement":[{"@type":"ListItem","position":1,"name":"Portada","item":"https:\/\/lagnoticias.com\/"},{"@type":"ListItem","position":2,"name":"Entregan pabell\u00f3n a delegaci\u00f3n que participar\u00e1 en los IX Juegos Deportivos Estudiantiles Centroamericanos Nivel Intermedio"}]},{"@type":"WebSite","@id":"https:\/\/lagnoticias.com\/#website","url":"https:\/\/lagnoticias.com\/","name":"La G Noticias","description":"Noticias Positivas","potentialAction":[{"@type":"SearchAction","target":{"@type":"EntryPoint","urlTemplate":"https:\/\/lagnoticias.com\/?s={search_term_string}"},"query-input":{"@type":"PropertyValueSpecification","valueRequired":true,"valueName":"search_term_string"}}],"inLanguage":"en-US"},{"@type":"Person","@id":"https:\/\/lagnoticias.com\/#\/schema\/person\/cb9bfe13f8de05d2c55270be25c6a550","name":"Oscar","image":{"@type":"ImageObject","inLanguage":"en-US","@id":"https:\/\/secure.gravatar.com\/avatar\/45c195718f652dc7ffdd591dc1f2678956ab7fdadcd359a635edc61304a8c757?s=96&d=mm&r=g","url":"https:\/\/secure.gravatar.com\/avatar\/45c195718f652dc7ffdd591dc1f2678956ab7fdadcd359a635edc61304a8c757?s=96&d=mm&r=g","contentUrl":"https:\/\/secure.gravatar.com\/avatar\/45c195718f652dc7ffdd591dc1f2678956ab7fdadcd359a635edc61304a8c757?s=96&d=mm&r=g","caption":"Oscar"},"url":"https:\/\/lagnoticias.com\/en\/author\/oscar\/"}]}},"_links":{"self":[{"href":"https:\/\/lagnoticias.com\/en\/wp-json\/wp\/v2\/posts\/5525","targetHints":{"allow":["GET"]}}],"collection":[{"href":"https:\/\/lagnoticias.com\/en\/wp-json\/wp\/v2\/posts"}],"about":[{"href":"https:\/\/lagnoticias.com\/en\/wp-json\/wp\/v2\/types\/post"}],"author":[{"embeddable":true,"href":"https:\/\/lagnoticias.com\/en\/wp-json\/wp\/v2\/users\/2"}],"replies":[{"embeddable":true,"href":"https:\/\/lagnoticias.com\/en\/wp-json\/wp\/v2\/comments?post=5525"}],"version-history":[{"count":1,"href":"https:\/\/lagnoticias.com\/en\/wp-json\/wp\/v2\/posts\/5525\/revisions"}],"predecessor-version":[{"id":5527,"href":"https:\/\/lagnoticias.com\/en\/wp-json\/wp\/v2\/posts\/5525\/revisions\/5527"}],"wp:featuredmedia":[{"embeddable":true,"href":"https:\/\/lagnoticias.com\/en\/wp-json\/wp\/v2\/media\/5526"}],"wp:attachment":[{"href":"https:\/\/lagnoticias.com\/en\/wp-json\/wp\/v2\/media?parent=5525"}],"wp:term":[{"taxonomy":"category","embeddable":true,"href":"https:\/\/lagnoticias.com\/en\/wp-json\/wp\/v2\/categories?post=5525"},{"taxonomy":"post_tag","embeddable":true,"href":"https:\/\/lagnoticias.com\/en\/wp-json\/wp\/v2\/tags?post=5525"}],"curies":[{"name":"wp","href":"https:\/\/api.w.org\/{rel}","templated":true}]}}