{"id":5522,"date":"2025-10-01T13:52:21","date_gmt":"2025-10-01T19:52:21","guid":{"rendered":"https:\/\/lagnoticias.com\/?p=5522"},"modified":"2025-10-01T13:52:22","modified_gmt":"2025-10-01T19:52:22","slug":"aseguran-que-cazzu-aun-conserva-fotos-junto-a-christian-nodal-en-su-casa","status":"publish","type":"post","link":"https:\/\/lagnoticias.com\/en\/2025\/10\/01\/aseguran-que-cazzu-aun-conserva-fotos-junto-a-christian-nodal-en-su-casa\/","title":{"rendered":"Aseguran que Cazzu a\u00fan conserva fotos junto a Christian Nodal en su casa"},"content":{"rendered":"<p>La presencia de&nbsp;Christian Nodal&nbsp;sigue siendo un tema de inter\u00e9s en el entorno de&nbsp;Cazzu, a pesar de que la relaci\u00f3n entre ambos artistas lleg\u00f3 a su fin y actualmente enfrentan un proceso legal. Seg\u00fan informaci\u00f3n difundida por Infobae,&nbsp;la cantante argentina habr\u00eda decidido conservar fotograf\u00edas del int\u00e9rprete mexicano en su hogar, gesto que ha despertado diversos comentarios entre seguidores y medios de espect\u00e1culos.<\/p>\n\n\n\n<h2 class=\"wp-block-heading\">Fotos de Nodal en el hogar de la cantante<\/h2>\n\n\n\n<p>De acuerdo con la periodista Mandy Fridmann, quien comparti\u00f3 detalles en el programa&nbsp;\u00a1Tal cual sin filtro!,&nbsp;Cazzu mantiene en la habitaci\u00f3n de su hija Inti im\u00e1genes que incluyen al cantante.&nbsp;La decisi\u00f3n no se tratar\u00eda de un acto nost\u00e1lgico, sino de un esfuerzo consciente para favorecer la percepci\u00f3n positiva de su padre en la vida de la peque\u00f1a.<\/p>\n\n\n\n<p>\u201cCazzu le tiene en el cuarto de la nena unas fotos con su pap\u00e1. La \u00faltima foto que se tom\u00f3 con Christian la tiene. Tiene fotos de cuando reci\u00e9n naci\u00f3 en su casa. En el cuarto de Inti, Cazzu tiene fotos de Inti con su pap\u00e1 y ella le pone m\u00fasica de su pap\u00e1\u201d, relat\u00f3 Fridmann.<\/p>\n\n\n\n<p>El gesto busca que la ni\u00f1a desarrolle una&nbsp;inteligencia emocional s\u00f3lida&nbsp;y atraviese su infancia con la menor cantidad de conflictos posibles, manteniendo presentes los recuerdos familiares de manera equilibrada.<\/p>\n\n\n\n<p>Incluso se menciona la existencia de una supuesta fotograf\u00eda donde aparecen los tres juntos, representando una etapa familiar que la cantante desea que Inti recuerde de forma positiva.<\/p>\n\n\n\n<h2 class=\"wp-block-heading\">Prioridad: el bienestar de Inti<\/h2>\n\n\n\n<p>Pese a las diferencias entre Cazzu y Nodal, la cantante ha enfocado su atenci\u00f3n en el bienestar emocional de su hija. Mantener recuerdos y recuerdos compartidos parece ser una estrategia para que Inti crezca en un ambiente emocionalmente sano, en el que los lazos familiares ocupen un lugar central, m\u00e1s all\u00e1 de las circunstancias legales y personales que atraviesan sus padres.<\/p>\n\n\n\n<p>\u201cLa prioridad de Cazzu es que la ni\u00f1a tenga un recuerdo positivo de ambos padres, incluso cuando los adultos enfrentan conflictos legales y medi\u00e1ticos\u201d, coment\u00f3 la periodista durante el programa.<\/p>\n\n\n\n<h2 class=\"wp-block-heading\">Disputa legal por el viaje de Inti<\/h2>\n\n\n\n<p>El v\u00ednculo entre la cantante y el cantante mexicano se encuentra en un momento delicado debido a la&nbsp;disputa legal sobre el permiso de viaje de Inti. Seg\u00fan Univision y reportes de Mary Gamarra en el programa&nbsp;Tal para cual, sin filtro, un juez habr\u00eda autorizado que Inti viaje con Cazzu a M\u00e9xico para acompa\u00f1arla durante su gira, no por decisi\u00f3n de Nodal, sino como resultado de un fallo judicial.<\/p>\n\n\n\n<p>Este permiso legal permite que la hija de la expareja disfrute de experiencias fuera de Argentina, conservando la presencia simb\u00f3lica de su padre a trav\u00e9s de las fotograf\u00edas y los recuerdos que Cazzu ha decidido mantener en casa.<\/p>\n\n\n\n<h2 class=\"wp-block-heading\">Un entorno emocional saludable<\/h2>\n\n\n\n<p>La decisi\u00f3n de la cantante argentina de conservar fotos y recuerdos familiares responde a su inter\u00e9s por proporcionar un entorno emocionalmente estable para Inti.<\/p>","protected":false},"excerpt":{"rendered":"<p>La cantante argentina estar\u00eda buscando que su hija conserve una imagen positiva de su padre pese a la disputa legal que atraviesan.<\/p>","protected":false},"author":2,"featured_media":5523,"comment_status":"open","ping_status":"open","sticky":false,"template":"","format":"standard","meta":{"_et_pb_use_builder":"off","_et_pb_old_content":"","_et_gb_content_width":"","footnotes":""},"categories":[249],"tags":[849,695,693,1170],"class_list":["post-5522","post","type-post","status-publish","format-standard","has-post-thumbnail","hentry","category-entretenimiento","tag-argentina","tag-cazzu","tag-christian-nodal","tag-inti"],"yoast_head":"<!-- This site is optimized with the Yoast SEO plugin v27.4 - https:\/\/yoast.com\/product\/yoast-seo-wordpress\/ -->\n<title>Aseguran que Cazzu a\u00fan conserva fotos junto a Christian Nodal en su casa - La G Noticias<\/title>\n<meta name=\"robots\" content=\"index, follow, max-snippet:-1, max-image-preview:large, max-video-preview:-1\" \/>\n<link rel=\"canonical\" href=\"https:\/\/lagnoticias.com\/en\/2025\/10\/01\/aseguran-que-cazzu-aun-conserva-fotos-junto-a-christian-nodal-en-su-casa\/\" \/>\n<meta property=\"og:locale\" content=\"en_US\" \/>\n<meta property=\"og:type\" content=\"article\" \/>\n<meta property=\"og:title\" content=\"Aseguran que Cazzu a\u00fan conserva fotos junto a Christian Nodal en su casa - La G Noticias\" \/>\n<meta property=\"og:description\" content=\"La cantante argentina estar\u00eda buscando que su hija conserve una imagen positiva de su padre pese a la disputa legal que atraviesan.\" \/>\n<meta property=\"og:url\" content=\"https:\/\/lagnoticias.com\/en\/2025\/10\/01\/aseguran-que-cazzu-aun-conserva-fotos-junto-a-christian-nodal-en-su-casa\/\" \/>\n<meta property=\"og:site_name\" content=\"La G Noticias\" \/>\n<meta property=\"article:publisher\" content=\"https:\/\/www.facebook.com\/LaGNoticias\" \/>\n<meta property=\"article:published_time\" content=\"2025-10-01T19:52:21+00:00\" \/>\n<meta property=\"article:modified_time\" content=\"2025-10-01T19:52:22+00:00\" \/>\n<meta property=\"og:image\" content=\"https:\/\/lagnoticias.com\/wp-content\/uploads\/2025\/10\/62.jpg\" \/>\n\t<meta property=\"og:image:width\" content=\"928\" \/>\n\t<meta property=\"og:image:height\" content=\"526\" \/>\n\t<meta property=\"og:image:type\" content=\"image\/jpeg\" \/>\n<meta name=\"author\" content=\"Oscar\" \/>\n<meta name=\"twitter:card\" content=\"summary_large_image\" \/>\n<meta name=\"twitter:creator\" content=\"@lagnoticias\" \/>\n<meta name=\"twitter:site\" content=\"@lagnoticias\" \/>\n<meta name=\"twitter:label1\" content=\"Written by\" \/>\n\t<meta name=\"twitter:data1\" content=\"Oscar\" \/>\n\t<meta name=\"twitter:label2\" content=\"Est. reading time\" \/>\n\t<meta name=\"twitter:data2\" content=\"3 minutes\" \/>\n<script type=\"application\/ld+json\" class=\"yoast-schema-graph\">{\"@context\":\"https:\\\/\\\/schema.org\",\"@graph\":[{\"@type\":\"Article\",\"@id\":\"https:\\\/\\\/lagnoticias.com\\\/2025\\\/10\\\/01\\\/aseguran-que-cazzu-aun-conserva-fotos-junto-a-christian-nodal-en-su-casa\\\/#article\",\"isPartOf\":{\"@id\":\"https:\\\/\\\/lagnoticias.com\\\/2025\\\/10\\\/01\\\/aseguran-que-cazzu-aun-conserva-fotos-junto-a-christian-nodal-en-su-casa\\\/\"},\"author\":{\"name\":\"Oscar\",\"@id\":\"https:\\\/\\\/lagnoticias.com\\\/#\\\/schema\\\/person\\\/cb9bfe13f8de05d2c55270be25c6a550\"},\"headline\":\"Aseguran que Cazzu a\u00fan conserva fotos junto a Christian Nodal en su casa\",\"datePublished\":\"2025-10-01T19:52:21+00:00\",\"dateModified\":\"2025-10-01T19:52:22+00:00\",\"mainEntityOfPage\":{\"@id\":\"https:\\\/\\\/lagnoticias.com\\\/2025\\\/10\\\/01\\\/aseguran-que-cazzu-aun-conserva-fotos-junto-a-christian-nodal-en-su-casa\\\/\"},\"wordCount\":546,\"commentCount\":0,\"image\":{\"@id\":\"https:\\\/\\\/lagnoticias.com\\\/2025\\\/10\\\/01\\\/aseguran-que-cazzu-aun-conserva-fotos-junto-a-christian-nodal-en-su-casa\\\/#primaryimage\"},\"thumbnailUrl\":\"https:\\\/\\\/lagnoticias.com\\\/wp-content\\\/uploads\\\/2025\\\/10\\\/62.jpg\",\"keywords\":[\"ARGENTINA\",\"CAZZU\",\"CHRISTIAN NODAL\",\"INTI\"],\"articleSection\":[\"ENTRETENIMIENTO\"],\"inLanguage\":\"en-US\",\"potentialAction\":[{\"@type\":\"CommentAction\",\"name\":\"Comment\",\"target\":[\"https:\\\/\\\/lagnoticias.com\\\/2025\\\/10\\\/01\\\/aseguran-que-cazzu-aun-conserva-fotos-junto-a-christian-nodal-en-su-casa\\\/#respond\"]}]},{\"@type\":\"WebPage\",\"@id\":\"https:\\\/\\\/lagnoticias.com\\\/2025\\\/10\\\/01\\\/aseguran-que-cazzu-aun-conserva-fotos-junto-a-christian-nodal-en-su-casa\\\/\",\"url\":\"https:\\\/\\\/lagnoticias.com\\\/2025\\\/10\\\/01\\\/aseguran-que-cazzu-aun-conserva-fotos-junto-a-christian-nodal-en-su-casa\\\/\",\"name\":\"Aseguran que Cazzu a\u00fan conserva fotos junto a Christian Nodal en su casa - La G Noticias\",\"isPartOf\":{\"@id\":\"https:\\\/\\\/lagnoticias.com\\\/#website\"},\"primaryImageOfPage\":{\"@id\":\"https:\\\/\\\/lagnoticias.com\\\/2025\\\/10\\\/01\\\/aseguran-que-cazzu-aun-conserva-fotos-junto-a-christian-nodal-en-su-casa\\\/#primaryimage\"},\"image\":{\"@id\":\"https:\\\/\\\/lagnoticias.com\\\/2025\\\/10\\\/01\\\/aseguran-que-cazzu-aun-conserva-fotos-junto-a-christian-nodal-en-su-casa\\\/#primaryimage\"},\"thumbnailUrl\":\"https:\\\/\\\/lagnoticias.com\\\/wp-content\\\/uploads\\\/2025\\\/10\\\/62.jpg\",\"datePublished\":\"2025-10-01T19:52:21+00:00\",\"dateModified\":\"2025-10-01T19:52:22+00:00\",\"author\":{\"@id\":\"https:\\\/\\\/lagnoticias.com\\\/#\\\/schema\\\/person\\\/cb9bfe13f8de05d2c55270be25c6a550\"},\"breadcrumb\":{\"@id\":\"https:\\\/\\\/lagnoticias.com\\\/2025\\\/10\\\/01\\\/aseguran-que-cazzu-aun-conserva-fotos-junto-a-christian-nodal-en-su-casa\\\/#breadcrumb\"},\"inLanguage\":\"en-US\",\"potentialAction\":[{\"@type\":\"ReadAction\",\"target\":[\"https:\\\/\\\/lagnoticias.com\\\/2025\\\/10\\\/01\\\/aseguran-que-cazzu-aun-conserva-fotos-junto-a-christian-nodal-en-su-casa\\\/\"]}]},{\"@type\":\"ImageObject\",\"inLanguage\":\"en-US\",\"@id\":\"https:\\\/\\\/lagnoticias.com\\\/2025\\\/10\\\/01\\\/aseguran-que-cazzu-aun-conserva-fotos-junto-a-christian-nodal-en-su-casa\\\/#primaryimage\",\"url\":\"https:\\\/\\\/lagnoticias.com\\\/wp-content\\\/uploads\\\/2025\\\/10\\\/62.jpg\",\"contentUrl\":\"https:\\\/\\\/lagnoticias.com\\\/wp-content\\\/uploads\\\/2025\\\/10\\\/62.jpg\",\"width\":928,\"height\":526},{\"@type\":\"BreadcrumbList\",\"@id\":\"https:\\\/\\\/lagnoticias.com\\\/2025\\\/10\\\/01\\\/aseguran-que-cazzu-aun-conserva-fotos-junto-a-christian-nodal-en-su-casa\\\/#breadcrumb\",\"itemListElement\":[{\"@type\":\"ListItem\",\"position\":1,\"name\":\"Portada\",\"item\":\"https:\\\/\\\/lagnoticias.com\\\/\"},{\"@type\":\"ListItem\",\"position\":2,\"name\":\"Aseguran que Cazzu a\u00fan conserva fotos junto a Christian Nodal en su casa\"}]},{\"@type\":\"WebSite\",\"@id\":\"https:\\\/\\\/lagnoticias.com\\\/#website\",\"url\":\"https:\\\/\\\/lagnoticias.com\\\/\",\"name\":\"La G Noticias\",\"description\":\"Noticias Positivas\",\"potentialAction\":[{\"@type\":\"SearchAction\",\"target\":{\"@type\":\"EntryPoint\",\"urlTemplate\":\"https:\\\/\\\/lagnoticias.com\\\/?s={search_term_string}\"},\"query-input\":{\"@type\":\"PropertyValueSpecification\",\"valueRequired\":true,\"valueName\":\"search_term_string\"}}],\"inLanguage\":\"en-US\"},{\"@type\":\"Person\",\"@id\":\"https:\\\/\\\/lagnoticias.com\\\/#\\\/schema\\\/person\\\/cb9bfe13f8de05d2c55270be25c6a550\",\"name\":\"Oscar\",\"image\":{\"@type\":\"ImageObject\",\"inLanguage\":\"en-US\",\"@id\":\"https:\\\/\\\/secure.gravatar.com\\\/avatar\\\/45c195718f652dc7ffdd591dc1f2678956ab7fdadcd359a635edc61304a8c757?s=96&d=mm&r=g\",\"url\":\"https:\\\/\\\/secure.gravatar.com\\\/avatar\\\/45c195718f652dc7ffdd591dc1f2678956ab7fdadcd359a635edc61304a8c757?s=96&d=mm&r=g\",\"contentUrl\":\"https:\\\/\\\/secure.gravatar.com\\\/avatar\\\/45c195718f652dc7ffdd591dc1f2678956ab7fdadcd359a635edc61304a8c757?s=96&d=mm&r=g\",\"caption\":\"Oscar\"},\"url\":\"https:\\\/\\\/lagnoticias.com\\\/en\\\/author\\\/oscar\\\/\"}]}<\/script>\n<!-- \/ Yoast SEO plugin. -->","yoast_head_json":{"title":"Aseguran que Cazzu a\u00fan conserva fotos junto a Christian Nodal en su casa - La G Noticias","robots":{"index":"index","follow":"follow","max-snippet":"max-snippet:-1","max-image-preview":"max-image-preview:large","max-video-preview":"max-video-preview:-1"},"canonical":"https:\/\/lagnoticias.com\/en\/2025\/10\/01\/aseguran-que-cazzu-aun-conserva-fotos-junto-a-christian-nodal-en-su-casa\/","og_locale":"en_US","og_type":"article","og_title":"Aseguran que Cazzu a\u00fan conserva fotos junto a Christian Nodal en su casa - La G Noticias","og_description":"La cantante argentina estar\u00eda buscando que su hija conserve una imagen positiva de su padre pese a la disputa legal que atraviesan.","og_url":"https:\/\/lagnoticias.com\/en\/2025\/10\/01\/aseguran-que-cazzu-aun-conserva-fotos-junto-a-christian-nodal-en-su-casa\/","og_site_name":"La G Noticias","article_publisher":"https:\/\/www.facebook.com\/LaGNoticias","article_published_time":"2025-10-01T19:52:21+00:00","article_modified_time":"2025-10-01T19:52:22+00:00","og_image":[{"width":928,"height":526,"url":"https:\/\/lagnoticias.com\/wp-content\/uploads\/2025\/10\/62.jpg","type":"image\/jpeg"}],"author":"Oscar","twitter_card":"summary_large_image","twitter_creator":"@lagnoticias","twitter_site":"@lagnoticias","twitter_misc":{"Written by":"Oscar","Est. reading time":"3 minutes"},"schema":{"@context":"https:\/\/schema.org","@graph":[{"@type":"Article","@id":"https:\/\/lagnoticias.com\/2025\/10\/01\/aseguran-que-cazzu-aun-conserva-fotos-junto-a-christian-nodal-en-su-casa\/#article","isPartOf":{"@id":"https:\/\/lagnoticias.com\/2025\/10\/01\/aseguran-que-cazzu-aun-conserva-fotos-junto-a-christian-nodal-en-su-casa\/"},"author":{"name":"Oscar","@id":"https:\/\/lagnoticias.com\/#\/schema\/person\/cb9bfe13f8de05d2c55270be25c6a550"},"headline":"Aseguran que Cazzu a\u00fan conserva fotos junto a Christian Nodal en su casa","datePublished":"2025-10-01T19:52:21+00:00","dateModified":"2025-10-01T19:52:22+00:00","mainEntityOfPage":{"@id":"https:\/\/lagnoticias.com\/2025\/10\/01\/aseguran-que-cazzu-aun-conserva-fotos-junto-a-christian-nodal-en-su-casa\/"},"wordCount":546,"commentCount":0,"image":{"@id":"https:\/\/lagnoticias.com\/2025\/10\/01\/aseguran-que-cazzu-aun-conserva-fotos-junto-a-christian-nodal-en-su-casa\/#primaryimage"},"thumbnailUrl":"https:\/\/lagnoticias.com\/wp-content\/uploads\/2025\/10\/62.jpg","keywords":["ARGENTINA","CAZZU","CHRISTIAN NODAL","INTI"],"articleSection":["ENTRETENIMIENTO"],"inLanguage":"en-US","potentialAction":[{"@type":"CommentAction","name":"Comment","target":["https:\/\/lagnoticias.com\/2025\/10\/01\/aseguran-que-cazzu-aun-conserva-fotos-junto-a-christian-nodal-en-su-casa\/#respond"]}]},{"@type":"WebPage","@id":"https:\/\/lagnoticias.com\/2025\/10\/01\/aseguran-que-cazzu-aun-conserva-fotos-junto-a-christian-nodal-en-su-casa\/","url":"https:\/\/lagnoticias.com\/2025\/10\/01\/aseguran-que-cazzu-aun-conserva-fotos-junto-a-christian-nodal-en-su-casa\/","name":"Aseguran que Cazzu a\u00fan conserva fotos junto a Christian Nodal en su casa - La G Noticias","isPartOf":{"@id":"https:\/\/lagnoticias.com\/#website"},"primaryImageOfPage":{"@id":"https:\/\/lagnoticias.com\/2025\/10\/01\/aseguran-que-cazzu-aun-conserva-fotos-junto-a-christian-nodal-en-su-casa\/#primaryimage"},"image":{"@id":"https:\/\/lagnoticias.com\/2025\/10\/01\/aseguran-que-cazzu-aun-conserva-fotos-junto-a-christian-nodal-en-su-casa\/#primaryimage"},"thumbnailUrl":"https:\/\/lagnoticias.com\/wp-content\/uploads\/2025\/10\/62.jpg","datePublished":"2025-10-01T19:52:21+00:00","dateModified":"2025-10-01T19:52:22+00:00","author":{"@id":"https:\/\/lagnoticias.com\/#\/schema\/person\/cb9bfe13f8de05d2c55270be25c6a550"},"breadcrumb":{"@id":"https:\/\/lagnoticias.com\/2025\/10\/01\/aseguran-que-cazzu-aun-conserva-fotos-junto-a-christian-nodal-en-su-casa\/#breadcrumb"},"inLanguage":"en-US","potentialAction":[{"@type":"ReadAction","target":["https:\/\/lagnoticias.com\/2025\/10\/01\/aseguran-que-cazzu-aun-conserva-fotos-junto-a-christian-nodal-en-su-casa\/"]}]},{"@type":"ImageObject","inLanguage":"en-US","@id":"https:\/\/lagnoticias.com\/2025\/10\/01\/aseguran-que-cazzu-aun-conserva-fotos-junto-a-christian-nodal-en-su-casa\/#primaryimage","url":"https:\/\/lagnoticias.com\/wp-content\/uploads\/2025\/10\/62.jpg","contentUrl":"https:\/\/lagnoticias.com\/wp-content\/uploads\/2025\/10\/62.jpg","width":928,"height":526},{"@type":"BreadcrumbList","@id":"https:\/\/lagnoticias.com\/2025\/10\/01\/aseguran-que-cazzu-aun-conserva-fotos-junto-a-christian-nodal-en-su-casa\/#breadcrumb","itemListElement":[{"@type":"ListItem","position":1,"name":"Portada","item":"https:\/\/lagnoticias.com\/"},{"@type":"ListItem","position":2,"name":"Aseguran que Cazzu a\u00fan conserva fotos junto a Christian Nodal en su casa"}]},{"@type":"WebSite","@id":"https:\/\/lagnoticias.com\/#website","url":"https:\/\/lagnoticias.com\/","name":"La G Noticias","description":"Noticias Positivas","potentialAction":[{"@type":"SearchAction","target":{"@type":"EntryPoint","urlTemplate":"https:\/\/lagnoticias.com\/?s={search_term_string}"},"query-input":{"@type":"PropertyValueSpecification","valueRequired":true,"valueName":"search_term_string"}}],"inLanguage":"en-US"},{"@type":"Person","@id":"https:\/\/lagnoticias.com\/#\/schema\/person\/cb9bfe13f8de05d2c55270be25c6a550","name":"Oscar","image":{"@type":"ImageObject","inLanguage":"en-US","@id":"https:\/\/secure.gravatar.com\/avatar\/45c195718f652dc7ffdd591dc1f2678956ab7fdadcd359a635edc61304a8c757?s=96&d=mm&r=g","url":"https:\/\/secure.gravatar.com\/avatar\/45c195718f652dc7ffdd591dc1f2678956ab7fdadcd359a635edc61304a8c757?s=96&d=mm&r=g","contentUrl":"https:\/\/secure.gravatar.com\/avatar\/45c195718f652dc7ffdd591dc1f2678956ab7fdadcd359a635edc61304a8c757?s=96&d=mm&r=g","caption":"Oscar"},"url":"https:\/\/lagnoticias.com\/en\/author\/oscar\/"}]}},"_links":{"self":[{"href":"https:\/\/lagnoticias.com\/en\/wp-json\/wp\/v2\/posts\/5522","targetHints":{"allow":["GET"]}}],"collection":[{"href":"https:\/\/lagnoticias.com\/en\/wp-json\/wp\/v2\/posts"}],"about":[{"href":"https:\/\/lagnoticias.com\/en\/wp-json\/wp\/v2\/types\/post"}],"author":[{"embeddable":true,"href":"https:\/\/lagnoticias.com\/en\/wp-json\/wp\/v2\/users\/2"}],"replies":[{"embeddable":true,"href":"https:\/\/lagnoticias.com\/en\/wp-json\/wp\/v2\/comments?post=5522"}],"version-history":[{"count":1,"href":"https:\/\/lagnoticias.com\/en\/wp-json\/wp\/v2\/posts\/5522\/revisions"}],"predecessor-version":[{"id":5524,"href":"https:\/\/lagnoticias.com\/en\/wp-json\/wp\/v2\/posts\/5522\/revisions\/5524"}],"wp:featuredmedia":[{"embeddable":true,"href":"https:\/\/lagnoticias.com\/en\/wp-json\/wp\/v2\/media\/5523"}],"wp:attachment":[{"href":"https:\/\/lagnoticias.com\/en\/wp-json\/wp\/v2\/media?parent=5522"}],"wp:term":[{"taxonomy":"category","embeddable":true,"href":"https:\/\/lagnoticias.com\/en\/wp-json\/wp\/v2\/categories?post=5522"},{"taxonomy":"post_tag","embeddable":true,"href":"https:\/\/lagnoticias.com\/en\/wp-json\/wp\/v2\/tags?post=5522"}],"curies":[{"name":"wp","href":"https:\/\/api.w.org\/{rel}","templated":true}]}}