{"id":5496,"date":"2025-09-30T16:41:28","date_gmt":"2025-09-30T22:41:28","guid":{"rendered":"https:\/\/lagnoticias.com\/?p=5496"},"modified":"2025-09-30T16:41:29","modified_gmt":"2025-09-30T22:41:29","slug":"quieres-un-cabello-fuerte-abundante-o-que-crezca-lento-sigue-el-calendario-lunar-de-octubre-2025","status":"publish","type":"post","link":"https:\/\/lagnoticias.com\/en\/2025\/09\/30\/quieres-un-cabello-fuerte-abundante-o-que-crezca-lento-sigue-el-calendario-lunar-de-octubre-2025\/","title":{"rendered":"\u00bfQuieres un cabello fuerte, abundante o que crezca lento? Sigue el calendario lunar de octubre 2025"},"content":{"rendered":"<p>El&nbsp;calendario lunar de octubre 2025&nbsp;ofrece distintas recomendaciones para cortar el&nbsp;cabello&nbsp;dependiendo de tus objetivos, ya sea fortalecerlo, mantener un estilo por m\u00e1s tiempo o acelerar su crecimiento.<\/p>\n\n\n\n<p>Cada&nbsp;fase lunar&nbsp;se asocia a un efecto diferente en el crecimiento del cabello. A continuaci\u00f3n, te compartimos los d\u00edas clave y lo que significa cada uno.<\/p>\n\n\n\n<h2 class=\"wp-block-heading\">\u00bfQu\u00e9 pasa si cortas tu cabello en luna llena?<\/h2>\n\n\n\n<ul class=\"wp-block-list\">\n<li>Fecha:\u00a07 de octubre.<\/li>\n\n\n\n<li>Recomendaci\u00f3n:\u00a0Es ideal para fortalecer el\u00a0cabello maltratado\u00a0o con poco volumen.<\/li>\n\n\n\n<li>Efecto esperado:\u00a0\u201cEl crecimiento ser\u00e1 m\u00e1s lento, pero mucho m\u00e1s fuerte\u201d<\/li>\n<\/ul>\n\n\n\n<p>Si tu prioridad es que tu melena&nbsp;gane resistencia, esta es la mejor fecha para recortar puntas.<\/p>\n\n\n\n<h2 class=\"wp-block-heading\">\u00bfPor qu\u00e9 elegir el cuarto menguante?<\/h2>\n\n\n\n<ul class=\"wp-block-list\">\n<li>Fecha:\u00a013 de octubre.<\/li>\n\n\n\n<li>Recomendaci\u00f3n:\u00a0Perfecto si deseas que el corte dure m\u00e1s tiempo.<\/li>\n\n\n\n<li>Efecto esperado:\u00a0\u201cEl cabello crece lentamente\u201d<\/li>\n<\/ul>\n\n\n\n<p>Es una fase recomendable para hombres o para quienes quieren mantener un look por m\u00e1s tiempo sin tener que retocarlo pronto.<\/p>\n\n\n\n<h2 class=\"wp-block-heading\">\u00bfEs bueno cortar el cabello en luna nueva?<\/h2>\n\n\n\n<ul class=\"wp-block-list\">\n<li>Fecha:\u00a021 de octubre.<\/li>\n\n\n\n<li>Recomendaci\u00f3n:\u00a0Evita cortar o\u00a0te\u00f1ir\u00a0tu cabello.<\/li>\n\n\n\n<li>Efecto esperado:\u00a0\u201cNo favorece el crecimiento ni la vitalidad\u201d<\/li>\n<\/ul>\n\n\n\n<p>Durante esta fase, lo mejor es esperar a que pasen los d\u00edas para no afectar el brillo o la fuerza del cabello.<\/p>\n\n\n\n<h2 class=\"wp-block-heading\">\u00bfQu\u00e9 beneficios tiene el cuarto creciente?<\/h2>\n\n\n\n<ul class=\"wp-block-list\">\n<li>Fecha:\u00a029 de octubre.<\/li>\n\n\n\n<li>Recomendaci\u00f3n:\u00a0Si buscas que tu cabello crezca m\u00e1s r\u00e1pido y en mayor cantidad, este es el momento.<\/li>\n\n\n\n<li>Efecto esperado:\u00a0\u201c\u00a1Esta es tu fase!\u201d<\/li>\n<\/ul>\n\n\n\n<p>Cortar el cabello en cuarto creciente est\u00e1 asociado con un crecimiento abundante y acelerado.<\/p>\n\n\n\n<h2 class=\"wp-block-heading\">Consejo extra para el cuidado del cabello<\/h2>\n\n\n\n<p>El calendario lunar tambi\u00e9n sugiere una rutina sencilla:&nbsp;corta tus puntas una vez por semana seg\u00fan el objetivo que tengas. De esta manera, puedes ajustar tus cortes a lo que m\u00e1s necesites:&nbsp;fortaleza, durabilidad o crecimiento acelerado.<\/p>","protected":false},"excerpt":{"rendered":"<p>El&nbsp;calendario lunar de octubre 2025&nbsp;ofrece distintas recomendaciones para cortar el&nbsp;cabello&nbsp;dependiendo de tus objetivos, ya sea fortalecerlo, mantener un estilo por m\u00e1s tiempo o acelerar su crecimiento. Cada&nbsp;fase lunar&nbsp;se asocia a un efecto diferente en el crecimiento del cabello. A continuaci\u00f3n, te compartimos los d\u00edas clave y lo que significa cada uno. \u00bfQu\u00e9 pasa si cortas [&hellip;]<\/p>","protected":false},"author":2,"featured_media":5497,"comment_status":"open","ping_status":"open","sticky":false,"template":"","format":"standard","meta":{"_et_pb_use_builder":"off","_et_pb_old_content":"","_et_gb_content_width":"","footnotes":""},"categories":[929],"tags":[1158,1157,294],"class_list":["post-5496","post","type-post","status-publish","format-standard","has-post-thumbnail","hentry","category-vida","tag-cabello","tag-calendario-lunar","tag-salud"],"yoast_head":"<!-- This site is optimized with the Yoast SEO plugin v27.4 - https:\/\/yoast.com\/product\/yoast-seo-wordpress\/ -->\n<title>\u00bfQuieres un cabello fuerte, abundante o que crezca lento? Sigue el calendario lunar de octubre 2025 - La G Noticias<\/title>\n<meta name=\"robots\" content=\"index, follow, max-snippet:-1, max-image-preview:large, max-video-preview:-1\" \/>\n<link rel=\"canonical\" href=\"https:\/\/lagnoticias.com\/en\/2025\/09\/30\/quieres-un-cabello-fuerte-abundante-o-que-crezca-lento-sigue-el-calendario-lunar-de-octubre-2025\/\" \/>\n<meta property=\"og:locale\" content=\"en_US\" \/>\n<meta property=\"og:type\" content=\"article\" \/>\n<meta property=\"og:title\" content=\"\u00bfQuieres un cabello fuerte, abundante o que crezca lento? Sigue el calendario lunar de octubre 2025 - La G Noticias\" \/>\n<meta property=\"og:description\" content=\"El&nbsp;calendario lunar de octubre 2025&nbsp;ofrece distintas recomendaciones para cortar el&nbsp;cabello&nbsp;dependiendo de tus objetivos, ya sea fortalecerlo, mantener un estilo por m\u00e1s tiempo o acelerar su crecimiento. Cada&nbsp;fase lunar&nbsp;se asocia a un efecto diferente en el crecimiento del cabello. A continuaci\u00f3n, te compartimos los d\u00edas clave y lo que significa cada uno. \u00bfQu\u00e9 pasa si cortas [&hellip;]\" \/>\n<meta property=\"og:url\" content=\"https:\/\/lagnoticias.com\/en\/2025\/09\/30\/quieres-un-cabello-fuerte-abundante-o-que-crezca-lento-sigue-el-calendario-lunar-de-octubre-2025\/\" \/>\n<meta property=\"og:site_name\" content=\"La G Noticias\" \/>\n<meta property=\"article:publisher\" content=\"https:\/\/www.facebook.com\/LaGNoticias\" \/>\n<meta property=\"article:published_time\" content=\"2025-09-30T22:41:28+00:00\" \/>\n<meta property=\"article:modified_time\" content=\"2025-09-30T22:41:29+00:00\" \/>\n<meta property=\"og:image\" content=\"https:\/\/lagnoticias.com\/wp-content\/uploads\/2025\/09\/9-23.jpg\" \/>\n\t<meta property=\"og:image:width\" content=\"1200\" \/>\n\t<meta property=\"og:image:height\" content=\"675\" \/>\n\t<meta property=\"og:image:type\" content=\"image\/jpeg\" \/>\n<meta name=\"author\" content=\"Oscar\" \/>\n<meta name=\"twitter:card\" content=\"summary_large_image\" \/>\n<meta name=\"twitter:creator\" content=\"@lagnoticias\" \/>\n<meta name=\"twitter:site\" content=\"@lagnoticias\" \/>\n<meta name=\"twitter:label1\" content=\"Written by\" \/>\n\t<meta name=\"twitter:data1\" content=\"Oscar\" \/>\n\t<meta name=\"twitter:label2\" content=\"Est. reading time\" \/>\n\t<meta name=\"twitter:data2\" content=\"2 minutes\" \/>\n<script type=\"application\/ld+json\" class=\"yoast-schema-graph\">{\"@context\":\"https:\\\/\\\/schema.org\",\"@graph\":[{\"@type\":\"Article\",\"@id\":\"https:\\\/\\\/lagnoticias.com\\\/2025\\\/09\\\/30\\\/quieres-un-cabello-fuerte-abundante-o-que-crezca-lento-sigue-el-calendario-lunar-de-octubre-2025\\\/#article\",\"isPartOf\":{\"@id\":\"https:\\\/\\\/lagnoticias.com\\\/2025\\\/09\\\/30\\\/quieres-un-cabello-fuerte-abundante-o-que-crezca-lento-sigue-el-calendario-lunar-de-octubre-2025\\\/\"},\"author\":{\"name\":\"Oscar\",\"@id\":\"https:\\\/\\\/lagnoticias.com\\\/#\\\/schema\\\/person\\\/cb9bfe13f8de05d2c55270be25c6a550\"},\"headline\":\"\u00bfQuieres un cabello fuerte, abundante o que crezca lento? Sigue el calendario lunar de octubre 2025\",\"datePublished\":\"2025-09-30T22:41:28+00:00\",\"dateModified\":\"2025-09-30T22:41:29+00:00\",\"mainEntityOfPage\":{\"@id\":\"https:\\\/\\\/lagnoticias.com\\\/2025\\\/09\\\/30\\\/quieres-un-cabello-fuerte-abundante-o-que-crezca-lento-sigue-el-calendario-lunar-de-octubre-2025\\\/\"},\"wordCount\":335,\"commentCount\":0,\"image\":{\"@id\":\"https:\\\/\\\/lagnoticias.com\\\/2025\\\/09\\\/30\\\/quieres-un-cabello-fuerte-abundante-o-que-crezca-lento-sigue-el-calendario-lunar-de-octubre-2025\\\/#primaryimage\"},\"thumbnailUrl\":\"https:\\\/\\\/lagnoticias.com\\\/wp-content\\\/uploads\\\/2025\\\/09\\\/9-23.jpg\",\"keywords\":[\"CABELLO\",\"CALENDARIO LUNAR\",\"SALUD\"],\"articleSection\":[\"VIDA\"],\"inLanguage\":\"en-US\",\"potentialAction\":[{\"@type\":\"CommentAction\",\"name\":\"Comment\",\"target\":[\"https:\\\/\\\/lagnoticias.com\\\/2025\\\/09\\\/30\\\/quieres-un-cabello-fuerte-abundante-o-que-crezca-lento-sigue-el-calendario-lunar-de-octubre-2025\\\/#respond\"]}]},{\"@type\":\"WebPage\",\"@id\":\"https:\\\/\\\/lagnoticias.com\\\/2025\\\/09\\\/30\\\/quieres-un-cabello-fuerte-abundante-o-que-crezca-lento-sigue-el-calendario-lunar-de-octubre-2025\\\/\",\"url\":\"https:\\\/\\\/lagnoticias.com\\\/2025\\\/09\\\/30\\\/quieres-un-cabello-fuerte-abundante-o-que-crezca-lento-sigue-el-calendario-lunar-de-octubre-2025\\\/\",\"name\":\"\u00bfQuieres un cabello fuerte, abundante o que crezca lento? Sigue el calendario lunar de octubre 2025 - La G Noticias\",\"isPartOf\":{\"@id\":\"https:\\\/\\\/lagnoticias.com\\\/#website\"},\"primaryImageOfPage\":{\"@id\":\"https:\\\/\\\/lagnoticias.com\\\/2025\\\/09\\\/30\\\/quieres-un-cabello-fuerte-abundante-o-que-crezca-lento-sigue-el-calendario-lunar-de-octubre-2025\\\/#primaryimage\"},\"image\":{\"@id\":\"https:\\\/\\\/lagnoticias.com\\\/2025\\\/09\\\/30\\\/quieres-un-cabello-fuerte-abundante-o-que-crezca-lento-sigue-el-calendario-lunar-de-octubre-2025\\\/#primaryimage\"},\"thumbnailUrl\":\"https:\\\/\\\/lagnoticias.com\\\/wp-content\\\/uploads\\\/2025\\\/09\\\/9-23.jpg\",\"datePublished\":\"2025-09-30T22:41:28+00:00\",\"dateModified\":\"2025-09-30T22:41:29+00:00\",\"author\":{\"@id\":\"https:\\\/\\\/lagnoticias.com\\\/#\\\/schema\\\/person\\\/cb9bfe13f8de05d2c55270be25c6a550\"},\"breadcrumb\":{\"@id\":\"https:\\\/\\\/lagnoticias.com\\\/2025\\\/09\\\/30\\\/quieres-un-cabello-fuerte-abundante-o-que-crezca-lento-sigue-el-calendario-lunar-de-octubre-2025\\\/#breadcrumb\"},\"inLanguage\":\"en-US\",\"potentialAction\":[{\"@type\":\"ReadAction\",\"target\":[\"https:\\\/\\\/lagnoticias.com\\\/2025\\\/09\\\/30\\\/quieres-un-cabello-fuerte-abundante-o-que-crezca-lento-sigue-el-calendario-lunar-de-octubre-2025\\\/\"]}]},{\"@type\":\"ImageObject\",\"inLanguage\":\"en-US\",\"@id\":\"https:\\\/\\\/lagnoticias.com\\\/2025\\\/09\\\/30\\\/quieres-un-cabello-fuerte-abundante-o-que-crezca-lento-sigue-el-calendario-lunar-de-octubre-2025\\\/#primaryimage\",\"url\":\"https:\\\/\\\/lagnoticias.com\\\/wp-content\\\/uploads\\\/2025\\\/09\\\/9-23.jpg\",\"contentUrl\":\"https:\\\/\\\/lagnoticias.com\\\/wp-content\\\/uploads\\\/2025\\\/09\\\/9-23.jpg\",\"width\":1200,\"height\":675},{\"@type\":\"BreadcrumbList\",\"@id\":\"https:\\\/\\\/lagnoticias.com\\\/2025\\\/09\\\/30\\\/quieres-un-cabello-fuerte-abundante-o-que-crezca-lento-sigue-el-calendario-lunar-de-octubre-2025\\\/#breadcrumb\",\"itemListElement\":[{\"@type\":\"ListItem\",\"position\":1,\"name\":\"Portada\",\"item\":\"https:\\\/\\\/lagnoticias.com\\\/\"},{\"@type\":\"ListItem\",\"position\":2,\"name\":\"\u00bfQuieres un cabello fuerte, abundante o que crezca lento? Sigue el calendario lunar de octubre 2025\"}]},{\"@type\":\"WebSite\",\"@id\":\"https:\\\/\\\/lagnoticias.com\\\/#website\",\"url\":\"https:\\\/\\\/lagnoticias.com\\\/\",\"name\":\"La G Noticias\",\"description\":\"Noticias Positivas\",\"potentialAction\":[{\"@type\":\"SearchAction\",\"target\":{\"@type\":\"EntryPoint\",\"urlTemplate\":\"https:\\\/\\\/lagnoticias.com\\\/?s={search_term_string}\"},\"query-input\":{\"@type\":\"PropertyValueSpecification\",\"valueRequired\":true,\"valueName\":\"search_term_string\"}}],\"inLanguage\":\"en-US\"},{\"@type\":\"Person\",\"@id\":\"https:\\\/\\\/lagnoticias.com\\\/#\\\/schema\\\/person\\\/cb9bfe13f8de05d2c55270be25c6a550\",\"name\":\"Oscar\",\"image\":{\"@type\":\"ImageObject\",\"inLanguage\":\"en-US\",\"@id\":\"https:\\\/\\\/secure.gravatar.com\\\/avatar\\\/45c195718f652dc7ffdd591dc1f2678956ab7fdadcd359a635edc61304a8c757?s=96&d=mm&r=g\",\"url\":\"https:\\\/\\\/secure.gravatar.com\\\/avatar\\\/45c195718f652dc7ffdd591dc1f2678956ab7fdadcd359a635edc61304a8c757?s=96&d=mm&r=g\",\"contentUrl\":\"https:\\\/\\\/secure.gravatar.com\\\/avatar\\\/45c195718f652dc7ffdd591dc1f2678956ab7fdadcd359a635edc61304a8c757?s=96&d=mm&r=g\",\"caption\":\"Oscar\"},\"url\":\"https:\\\/\\\/lagnoticias.com\\\/en\\\/author\\\/oscar\\\/\"}]}<\/script>\n<!-- \/ Yoast SEO plugin. -->","yoast_head_json":{"title":"\u00bfQuieres un cabello fuerte, abundante o que crezca lento? Sigue el calendario lunar de octubre 2025 - La G Noticias","robots":{"index":"index","follow":"follow","max-snippet":"max-snippet:-1","max-image-preview":"max-image-preview:large","max-video-preview":"max-video-preview:-1"},"canonical":"https:\/\/lagnoticias.com\/en\/2025\/09\/30\/quieres-un-cabello-fuerte-abundante-o-que-crezca-lento-sigue-el-calendario-lunar-de-octubre-2025\/","og_locale":"en_US","og_type":"article","og_title":"\u00bfQuieres un cabello fuerte, abundante o que crezca lento? Sigue el calendario lunar de octubre 2025 - La G Noticias","og_description":"El&nbsp;calendario lunar de octubre 2025&nbsp;ofrece distintas recomendaciones para cortar el&nbsp;cabello&nbsp;dependiendo de tus objetivos, ya sea fortalecerlo, mantener un estilo por m\u00e1s tiempo o acelerar su crecimiento. Cada&nbsp;fase lunar&nbsp;se asocia a un efecto diferente en el crecimiento del cabello. A continuaci\u00f3n, te compartimos los d\u00edas clave y lo que significa cada uno. \u00bfQu\u00e9 pasa si cortas [&hellip;]","og_url":"https:\/\/lagnoticias.com\/en\/2025\/09\/30\/quieres-un-cabello-fuerte-abundante-o-que-crezca-lento-sigue-el-calendario-lunar-de-octubre-2025\/","og_site_name":"La G Noticias","article_publisher":"https:\/\/www.facebook.com\/LaGNoticias","article_published_time":"2025-09-30T22:41:28+00:00","article_modified_time":"2025-09-30T22:41:29+00:00","og_image":[{"width":1200,"height":675,"url":"https:\/\/lagnoticias.com\/wp-content\/uploads\/2025\/09\/9-23.jpg","type":"image\/jpeg"}],"author":"Oscar","twitter_card":"summary_large_image","twitter_creator":"@lagnoticias","twitter_site":"@lagnoticias","twitter_misc":{"Written by":"Oscar","Est. reading time":"2 minutes"},"schema":{"@context":"https:\/\/schema.org","@graph":[{"@type":"Article","@id":"https:\/\/lagnoticias.com\/2025\/09\/30\/quieres-un-cabello-fuerte-abundante-o-que-crezca-lento-sigue-el-calendario-lunar-de-octubre-2025\/#article","isPartOf":{"@id":"https:\/\/lagnoticias.com\/2025\/09\/30\/quieres-un-cabello-fuerte-abundante-o-que-crezca-lento-sigue-el-calendario-lunar-de-octubre-2025\/"},"author":{"name":"Oscar","@id":"https:\/\/lagnoticias.com\/#\/schema\/person\/cb9bfe13f8de05d2c55270be25c6a550"},"headline":"\u00bfQuieres un cabello fuerte, abundante o que crezca lento? Sigue el calendario lunar de octubre 2025","datePublished":"2025-09-30T22:41:28+00:00","dateModified":"2025-09-30T22:41:29+00:00","mainEntityOfPage":{"@id":"https:\/\/lagnoticias.com\/2025\/09\/30\/quieres-un-cabello-fuerte-abundante-o-que-crezca-lento-sigue-el-calendario-lunar-de-octubre-2025\/"},"wordCount":335,"commentCount":0,"image":{"@id":"https:\/\/lagnoticias.com\/2025\/09\/30\/quieres-un-cabello-fuerte-abundante-o-que-crezca-lento-sigue-el-calendario-lunar-de-octubre-2025\/#primaryimage"},"thumbnailUrl":"https:\/\/lagnoticias.com\/wp-content\/uploads\/2025\/09\/9-23.jpg","keywords":["CABELLO","CALENDARIO LUNAR","SALUD"],"articleSection":["VIDA"],"inLanguage":"en-US","potentialAction":[{"@type":"CommentAction","name":"Comment","target":["https:\/\/lagnoticias.com\/2025\/09\/30\/quieres-un-cabello-fuerte-abundante-o-que-crezca-lento-sigue-el-calendario-lunar-de-octubre-2025\/#respond"]}]},{"@type":"WebPage","@id":"https:\/\/lagnoticias.com\/2025\/09\/30\/quieres-un-cabello-fuerte-abundante-o-que-crezca-lento-sigue-el-calendario-lunar-de-octubre-2025\/","url":"https:\/\/lagnoticias.com\/2025\/09\/30\/quieres-un-cabello-fuerte-abundante-o-que-crezca-lento-sigue-el-calendario-lunar-de-octubre-2025\/","name":"\u00bfQuieres un cabello fuerte, abundante o que crezca lento? Sigue el calendario lunar de octubre 2025 - La G Noticias","isPartOf":{"@id":"https:\/\/lagnoticias.com\/#website"},"primaryImageOfPage":{"@id":"https:\/\/lagnoticias.com\/2025\/09\/30\/quieres-un-cabello-fuerte-abundante-o-que-crezca-lento-sigue-el-calendario-lunar-de-octubre-2025\/#primaryimage"},"image":{"@id":"https:\/\/lagnoticias.com\/2025\/09\/30\/quieres-un-cabello-fuerte-abundante-o-que-crezca-lento-sigue-el-calendario-lunar-de-octubre-2025\/#primaryimage"},"thumbnailUrl":"https:\/\/lagnoticias.com\/wp-content\/uploads\/2025\/09\/9-23.jpg","datePublished":"2025-09-30T22:41:28+00:00","dateModified":"2025-09-30T22:41:29+00:00","author":{"@id":"https:\/\/lagnoticias.com\/#\/schema\/person\/cb9bfe13f8de05d2c55270be25c6a550"},"breadcrumb":{"@id":"https:\/\/lagnoticias.com\/2025\/09\/30\/quieres-un-cabello-fuerte-abundante-o-que-crezca-lento-sigue-el-calendario-lunar-de-octubre-2025\/#breadcrumb"},"inLanguage":"en-US","potentialAction":[{"@type":"ReadAction","target":["https:\/\/lagnoticias.com\/2025\/09\/30\/quieres-un-cabello-fuerte-abundante-o-que-crezca-lento-sigue-el-calendario-lunar-de-octubre-2025\/"]}]},{"@type":"ImageObject","inLanguage":"en-US","@id":"https:\/\/lagnoticias.com\/2025\/09\/30\/quieres-un-cabello-fuerte-abundante-o-que-crezca-lento-sigue-el-calendario-lunar-de-octubre-2025\/#primaryimage","url":"https:\/\/lagnoticias.com\/wp-content\/uploads\/2025\/09\/9-23.jpg","contentUrl":"https:\/\/lagnoticias.com\/wp-content\/uploads\/2025\/09\/9-23.jpg","width":1200,"height":675},{"@type":"BreadcrumbList","@id":"https:\/\/lagnoticias.com\/2025\/09\/30\/quieres-un-cabello-fuerte-abundante-o-que-crezca-lento-sigue-el-calendario-lunar-de-octubre-2025\/#breadcrumb","itemListElement":[{"@type":"ListItem","position":1,"name":"Portada","item":"https:\/\/lagnoticias.com\/"},{"@type":"ListItem","position":2,"name":"\u00bfQuieres un cabello fuerte, abundante o que crezca lento? Sigue el calendario lunar de octubre 2025"}]},{"@type":"WebSite","@id":"https:\/\/lagnoticias.com\/#website","url":"https:\/\/lagnoticias.com\/","name":"La G Noticias","description":"Noticias Positivas","potentialAction":[{"@type":"SearchAction","target":{"@type":"EntryPoint","urlTemplate":"https:\/\/lagnoticias.com\/?s={search_term_string}"},"query-input":{"@type":"PropertyValueSpecification","valueRequired":true,"valueName":"search_term_string"}}],"inLanguage":"en-US"},{"@type":"Person","@id":"https:\/\/lagnoticias.com\/#\/schema\/person\/cb9bfe13f8de05d2c55270be25c6a550","name":"Oscar","image":{"@type":"ImageObject","inLanguage":"en-US","@id":"https:\/\/secure.gravatar.com\/avatar\/45c195718f652dc7ffdd591dc1f2678956ab7fdadcd359a635edc61304a8c757?s=96&d=mm&r=g","url":"https:\/\/secure.gravatar.com\/avatar\/45c195718f652dc7ffdd591dc1f2678956ab7fdadcd359a635edc61304a8c757?s=96&d=mm&r=g","contentUrl":"https:\/\/secure.gravatar.com\/avatar\/45c195718f652dc7ffdd591dc1f2678956ab7fdadcd359a635edc61304a8c757?s=96&d=mm&r=g","caption":"Oscar"},"url":"https:\/\/lagnoticias.com\/en\/author\/oscar\/"}]}},"_links":{"self":[{"href":"https:\/\/lagnoticias.com\/en\/wp-json\/wp\/v2\/posts\/5496","targetHints":{"allow":["GET"]}}],"collection":[{"href":"https:\/\/lagnoticias.com\/en\/wp-json\/wp\/v2\/posts"}],"about":[{"href":"https:\/\/lagnoticias.com\/en\/wp-json\/wp\/v2\/types\/post"}],"author":[{"embeddable":true,"href":"https:\/\/lagnoticias.com\/en\/wp-json\/wp\/v2\/users\/2"}],"replies":[{"embeddable":true,"href":"https:\/\/lagnoticias.com\/en\/wp-json\/wp\/v2\/comments?post=5496"}],"version-history":[{"count":1,"href":"https:\/\/lagnoticias.com\/en\/wp-json\/wp\/v2\/posts\/5496\/revisions"}],"predecessor-version":[{"id":5498,"href":"https:\/\/lagnoticias.com\/en\/wp-json\/wp\/v2\/posts\/5496\/revisions\/5498"}],"wp:featuredmedia":[{"embeddable":true,"href":"https:\/\/lagnoticias.com\/en\/wp-json\/wp\/v2\/media\/5497"}],"wp:attachment":[{"href":"https:\/\/lagnoticias.com\/en\/wp-json\/wp\/v2\/media?parent=5496"}],"wp:term":[{"taxonomy":"category","embeddable":true,"href":"https:\/\/lagnoticias.com\/en\/wp-json\/wp\/v2\/categories?post=5496"},{"taxonomy":"post_tag","embeddable":true,"href":"https:\/\/lagnoticias.com\/en\/wp-json\/wp\/v2\/tags?post=5496"}],"curies":[{"name":"wp","href":"https:\/\/api.w.org\/{rel}","templated":true}]}}