{"id":5488,"date":"2025-09-30T15:55:52","date_gmt":"2025-09-30T21:55:52","guid":{"rendered":"https:\/\/lagnoticias.com\/?p=5488"},"modified":"2025-09-30T15:55:53","modified_gmt":"2025-09-30T21:55:53","slug":"lucero-y-christian-nodal-protagonizan-portada-juntos-y-causan-revuelo","status":"publish","type":"post","link":"https:\/\/lagnoticias.com\/en\/2025\/09\/30\/lucero-y-christian-nodal-protagonizan-portada-juntos-y-causan-revuelo\/","title":{"rendered":"Lucero y Christian Nodal protagonizan portada juntos y causan revuelo"},"content":{"rendered":"<p>Christian Nodal&nbsp;y&nbsp;Lucero&nbsp;se encuentran nuevamente en el ojo p\u00fablico tras&nbsp;aparecer juntos en la portada de la revista&nbsp;Eres. La imagen muestra a ambos artistas sonrientes, abrazados, y con un mensaje impl\u00edcito que ha sido interpretado como el anuncio de una colaboraci\u00f3n futura, seg\u00fan reporta&nbsp;Infobae.<\/p>\n\n\n\n<p>La portada destaca con el encabezado principal:&nbsp;\u201cGeneraciones unidas en el crossover del a\u00f1o\u201d, un texto que ha motivado tanto entusiasmo como cr\u00edticas entre los seguidores de la m\u00fasica regional mexicana.<\/p>\n\n\n\n<p><\/p>\n\n\n\n<p><\/p>\n\n\n\n<figure class=\"wp-block-image aligncenter size-full\"><img loading=\"lazy\" decoding=\"async\" width=\"992\" height=\"702\" src=\"https:\/\/lagnoticias.com\/wp-content\/uploads\/2025\/09\/3-18.jpg\" alt=\"\" class=\"wp-image-5489\" srcset=\"https:\/\/lagnoticias.com\/wp-content\/uploads\/2025\/09\/3-18.jpg 992w, https:\/\/lagnoticias.com\/wp-content\/uploads\/2025\/09\/3-18-980x694.jpg 980w, https:\/\/lagnoticias.com\/wp-content\/uploads\/2025\/09\/3-18-480x340.jpg 480w\" sizes=\"(min-width: 0px) and (max-width: 480px) 480px, (min-width: 481px) and (max-width: 980px) 980px, (min-width: 981px) 992px, 100vw\" \/><\/figure>\n\n\n\n<p><\/p>\n\n\n\n<p><\/p>\n\n\n\n<h2 class=\"wp-block-heading\">Reacciones divididas en redes sociales<\/h2>\n\n\n\n<p>En plataformas digitales, los fan\u00e1ticos m\u00e1s optimistas celebraron la aparici\u00f3n de los artistas y expresaron su expectativa por un posible dueto musical. Entre los comentarios, se lee: \u201cFelicidades por tremenda portada Christian Nodal y Lucero, grandes talentos de la m\u00fasica mexicana y que nos han representado a nivel internacional. Esperando un dueto musical\u201d.<\/p>\n\n\n\n<p>Sin embargo, no todas las reacciones fueron positivas. Algunos usuarios cuestionaron la decisi\u00f3n de Nodal de aparecer junto a Lucero, sugiriendo que podr\u00eda tratarse de una estrategia para mejorar su imagen tras sus recientes controversias sentimentales.<\/p>\n\n\n\n<p>Comentarios como \u201cLucero, \u00bftan necesitada de dinero? Para que termines colaborando con este\u201d y \u201cRevista vendida\u201d se hicieron visibles en la publicaci\u00f3n del medio en Instagram, evidenciando el debate que se gener\u00f3.<\/p>\n\n\n\n<h2 class=\"wp-block-heading\">La trayectoria de ambos artistas<\/h2>\n\n\n\n<p>Tanto Lucero como Christian Nodal son figuras destacadas dentro de la m\u00fasica regional mexicana, cada uno l\u00edder en su generaci\u00f3n.&nbsp;La portada ha reunido a dos exponentes con gran arrastre medi\u00e1tico, generando miles de impresiones y comentarios en cuesti\u00f3n de horas.<\/p>\n\n\n\n<p>Cabe recordar que ambos ya han compartido escenario y momentos musicales en programas como&nbsp;Juego de voces. No obstante, hasta el momento, ninguno de los dos ha confirmado si se trata de un proyecto musical formal o si la portada es \u00fanicamente un encuentro medi\u00e1tico.<\/p>\n\n\n\n<h2 class=\"wp-block-heading\">Controversias y la imagen p\u00fablica de Nodal<\/h2>\n\n\n\n<p>La figura de Christian Nodal ha estado acompa\u00f1ada de constantes titulares sobre su vida personal. Sus relaciones sentimentales con&nbsp;Belinda, Cazzu&nbsp;(madre de su hija&nbsp;Inti), y recientemente su matrimonio con&nbsp;\u00c1ngela Aguilar, han generado debates en redes sociales y en la prensa.<\/p>\n\n\n\n<p>Por ahora, la portada de&nbsp;Eres&nbsp;funciona m\u00e1s como un anuncio simb\u00f3lico que como una confirmaci\u00f3n de proyecto musical. Los fan\u00e1ticos esperan que se anuncie un dueto formal.<\/p>\n\n\n\n<p>La situaci\u00f3n refleja el peso medi\u00e1tico que tienen los artistas en la industria musical mexicana y c\u00f3mo un simple encuentro en portada puede detonar reacciones de gran magnitud, tanto positivas como negativas.<\/p>","protected":false},"excerpt":{"rendered":"<p>La nueva portada de la revista \u201cEres\u201d ha generado un intenso debate en redes sociales.<\/p>","protected":false},"author":2,"featured_media":5490,"comment_status":"open","ping_status":"open","sticky":false,"template":"","format":"standard","meta":{"_et_pb_use_builder":"off","_et_pb_old_content":"","_et_gb_content_width":"","footnotes":""},"categories":[249],"tags":[693,1153,1154,1155],"class_list":["post-5488","post","type-post","status-publish","format-standard","has-post-thumbnail","hentry","category-entretenimiento","tag-christian-nodal","tag-lucero","tag-revista","tag-revista-eres"],"yoast_head":"<!-- This site is optimized with the Yoast SEO plugin v27.4 - https:\/\/yoast.com\/product\/yoast-seo-wordpress\/ -->\n<title>Lucero y Christian Nodal protagonizan portada juntos y causan revuelo - La G Noticias<\/title>\n<meta name=\"robots\" content=\"index, follow, max-snippet:-1, max-image-preview:large, max-video-preview:-1\" \/>\n<link rel=\"canonical\" href=\"https:\/\/lagnoticias.com\/en\/2025\/09\/30\/lucero-y-christian-nodal-protagonizan-portada-juntos-y-causan-revuelo\/\" \/>\n<meta property=\"og:locale\" content=\"en_US\" \/>\n<meta property=\"og:type\" content=\"article\" \/>\n<meta property=\"og:title\" content=\"Lucero y Christian Nodal protagonizan portada juntos y causan revuelo - La G Noticias\" \/>\n<meta property=\"og:description\" content=\"La nueva portada de la revista \u201cEres\u201d ha generado un intenso debate en redes sociales.\" \/>\n<meta property=\"og:url\" content=\"https:\/\/lagnoticias.com\/en\/2025\/09\/30\/lucero-y-christian-nodal-protagonizan-portada-juntos-y-causan-revuelo\/\" \/>\n<meta property=\"og:site_name\" content=\"La G Noticias\" \/>\n<meta property=\"article:publisher\" content=\"https:\/\/www.facebook.com\/LaGNoticias\" \/>\n<meta property=\"article:published_time\" content=\"2025-09-30T21:55:52+00:00\" \/>\n<meta property=\"article:modified_time\" content=\"2025-09-30T21:55:53+00:00\" \/>\n<meta property=\"og:image\" content=\"https:\/\/lagnoticias.com\/wp-content\/uploads\/2025\/09\/6-21.jpg\" \/>\n\t<meta property=\"og:image:width\" content=\"992\" \/>\n\t<meta property=\"og:image:height\" content=\"558\" \/>\n\t<meta property=\"og:image:type\" content=\"image\/jpeg\" \/>\n<meta name=\"author\" content=\"Oscar\" \/>\n<meta name=\"twitter:card\" content=\"summary_large_image\" \/>\n<meta name=\"twitter:creator\" content=\"@lagnoticias\" \/>\n<meta name=\"twitter:site\" content=\"@lagnoticias\" \/>\n<meta name=\"twitter:label1\" content=\"Written by\" \/>\n\t<meta name=\"twitter:data1\" content=\"Oscar\" \/>\n\t<meta name=\"twitter:label2\" content=\"Est. reading time\" \/>\n\t<meta name=\"twitter:data2\" content=\"3 minutes\" \/>\n<script type=\"application\/ld+json\" class=\"yoast-schema-graph\">{\"@context\":\"https:\\\/\\\/schema.org\",\"@graph\":[{\"@type\":\"Article\",\"@id\":\"https:\\\/\\\/lagnoticias.com\\\/2025\\\/09\\\/30\\\/lucero-y-christian-nodal-protagonizan-portada-juntos-y-causan-revuelo\\\/#article\",\"isPartOf\":{\"@id\":\"https:\\\/\\\/lagnoticias.com\\\/2025\\\/09\\\/30\\\/lucero-y-christian-nodal-protagonizan-portada-juntos-y-causan-revuelo\\\/\"},\"author\":{\"name\":\"Oscar\",\"@id\":\"https:\\\/\\\/lagnoticias.com\\\/#\\\/schema\\\/person\\\/cb9bfe13f8de05d2c55270be25c6a550\"},\"headline\":\"Lucero y Christian Nodal protagonizan portada juntos y causan revuelo\",\"datePublished\":\"2025-09-30T21:55:52+00:00\",\"dateModified\":\"2025-09-30T21:55:53+00:00\",\"mainEntityOfPage\":{\"@id\":\"https:\\\/\\\/lagnoticias.com\\\/2025\\\/09\\\/30\\\/lucero-y-christian-nodal-protagonizan-portada-juntos-y-causan-revuelo\\\/\"},\"wordCount\":460,\"commentCount\":0,\"image\":{\"@id\":\"https:\\\/\\\/lagnoticias.com\\\/2025\\\/09\\\/30\\\/lucero-y-christian-nodal-protagonizan-portada-juntos-y-causan-revuelo\\\/#primaryimage\"},\"thumbnailUrl\":\"https:\\\/\\\/lagnoticias.com\\\/wp-content\\\/uploads\\\/2025\\\/09\\\/6-21.jpg\",\"keywords\":[\"CHRISTIAN NODAL\",\"LUCERO\",\"REVISTA\",\"REVISTA ERES\"],\"articleSection\":[\"ENTRETENIMIENTO\"],\"inLanguage\":\"en-US\",\"potentialAction\":[{\"@type\":\"CommentAction\",\"name\":\"Comment\",\"target\":[\"https:\\\/\\\/lagnoticias.com\\\/2025\\\/09\\\/30\\\/lucero-y-christian-nodal-protagonizan-portada-juntos-y-causan-revuelo\\\/#respond\"]}]},{\"@type\":\"WebPage\",\"@id\":\"https:\\\/\\\/lagnoticias.com\\\/2025\\\/09\\\/30\\\/lucero-y-christian-nodal-protagonizan-portada-juntos-y-causan-revuelo\\\/\",\"url\":\"https:\\\/\\\/lagnoticias.com\\\/2025\\\/09\\\/30\\\/lucero-y-christian-nodal-protagonizan-portada-juntos-y-causan-revuelo\\\/\",\"name\":\"Lucero y Christian Nodal protagonizan portada juntos y causan revuelo - La G Noticias\",\"isPartOf\":{\"@id\":\"https:\\\/\\\/lagnoticias.com\\\/#website\"},\"primaryImageOfPage\":{\"@id\":\"https:\\\/\\\/lagnoticias.com\\\/2025\\\/09\\\/30\\\/lucero-y-christian-nodal-protagonizan-portada-juntos-y-causan-revuelo\\\/#primaryimage\"},\"image\":{\"@id\":\"https:\\\/\\\/lagnoticias.com\\\/2025\\\/09\\\/30\\\/lucero-y-christian-nodal-protagonizan-portada-juntos-y-causan-revuelo\\\/#primaryimage\"},\"thumbnailUrl\":\"https:\\\/\\\/lagnoticias.com\\\/wp-content\\\/uploads\\\/2025\\\/09\\\/6-21.jpg\",\"datePublished\":\"2025-09-30T21:55:52+00:00\",\"dateModified\":\"2025-09-30T21:55:53+00:00\",\"author\":{\"@id\":\"https:\\\/\\\/lagnoticias.com\\\/#\\\/schema\\\/person\\\/cb9bfe13f8de05d2c55270be25c6a550\"},\"breadcrumb\":{\"@id\":\"https:\\\/\\\/lagnoticias.com\\\/2025\\\/09\\\/30\\\/lucero-y-christian-nodal-protagonizan-portada-juntos-y-causan-revuelo\\\/#breadcrumb\"},\"inLanguage\":\"en-US\",\"potentialAction\":[{\"@type\":\"ReadAction\",\"target\":[\"https:\\\/\\\/lagnoticias.com\\\/2025\\\/09\\\/30\\\/lucero-y-christian-nodal-protagonizan-portada-juntos-y-causan-revuelo\\\/\"]}]},{\"@type\":\"ImageObject\",\"inLanguage\":\"en-US\",\"@id\":\"https:\\\/\\\/lagnoticias.com\\\/2025\\\/09\\\/30\\\/lucero-y-christian-nodal-protagonizan-portada-juntos-y-causan-revuelo\\\/#primaryimage\",\"url\":\"https:\\\/\\\/lagnoticias.com\\\/wp-content\\\/uploads\\\/2025\\\/09\\\/6-21.jpg\",\"contentUrl\":\"https:\\\/\\\/lagnoticias.com\\\/wp-content\\\/uploads\\\/2025\\\/09\\\/6-21.jpg\",\"width\":992,\"height\":558},{\"@type\":\"BreadcrumbList\",\"@id\":\"https:\\\/\\\/lagnoticias.com\\\/2025\\\/09\\\/30\\\/lucero-y-christian-nodal-protagonizan-portada-juntos-y-causan-revuelo\\\/#breadcrumb\",\"itemListElement\":[{\"@type\":\"ListItem\",\"position\":1,\"name\":\"Portada\",\"item\":\"https:\\\/\\\/lagnoticias.com\\\/\"},{\"@type\":\"ListItem\",\"position\":2,\"name\":\"Lucero y Christian Nodal protagonizan portada juntos y causan revuelo\"}]},{\"@type\":\"WebSite\",\"@id\":\"https:\\\/\\\/lagnoticias.com\\\/#website\",\"url\":\"https:\\\/\\\/lagnoticias.com\\\/\",\"name\":\"La G Noticias\",\"description\":\"Noticias Positivas\",\"potentialAction\":[{\"@type\":\"SearchAction\",\"target\":{\"@type\":\"EntryPoint\",\"urlTemplate\":\"https:\\\/\\\/lagnoticias.com\\\/?s={search_term_string}\"},\"query-input\":{\"@type\":\"PropertyValueSpecification\",\"valueRequired\":true,\"valueName\":\"search_term_string\"}}],\"inLanguage\":\"en-US\"},{\"@type\":\"Person\",\"@id\":\"https:\\\/\\\/lagnoticias.com\\\/#\\\/schema\\\/person\\\/cb9bfe13f8de05d2c55270be25c6a550\",\"name\":\"Oscar\",\"image\":{\"@type\":\"ImageObject\",\"inLanguage\":\"en-US\",\"@id\":\"https:\\\/\\\/secure.gravatar.com\\\/avatar\\\/45c195718f652dc7ffdd591dc1f2678956ab7fdadcd359a635edc61304a8c757?s=96&d=mm&r=g\",\"url\":\"https:\\\/\\\/secure.gravatar.com\\\/avatar\\\/45c195718f652dc7ffdd591dc1f2678956ab7fdadcd359a635edc61304a8c757?s=96&d=mm&r=g\",\"contentUrl\":\"https:\\\/\\\/secure.gravatar.com\\\/avatar\\\/45c195718f652dc7ffdd591dc1f2678956ab7fdadcd359a635edc61304a8c757?s=96&d=mm&r=g\",\"caption\":\"Oscar\"},\"url\":\"https:\\\/\\\/lagnoticias.com\\\/en\\\/author\\\/oscar\\\/\"}]}<\/script>\n<!-- \/ Yoast SEO plugin. -->","yoast_head_json":{"title":"Lucero y Christian Nodal protagonizan portada juntos y causan revuelo - La G Noticias","robots":{"index":"index","follow":"follow","max-snippet":"max-snippet:-1","max-image-preview":"max-image-preview:large","max-video-preview":"max-video-preview:-1"},"canonical":"https:\/\/lagnoticias.com\/en\/2025\/09\/30\/lucero-y-christian-nodal-protagonizan-portada-juntos-y-causan-revuelo\/","og_locale":"en_US","og_type":"article","og_title":"Lucero y Christian Nodal protagonizan portada juntos y causan revuelo - La G Noticias","og_description":"La nueva portada de la revista \u201cEres\u201d ha generado un intenso debate en redes sociales.","og_url":"https:\/\/lagnoticias.com\/en\/2025\/09\/30\/lucero-y-christian-nodal-protagonizan-portada-juntos-y-causan-revuelo\/","og_site_name":"La G Noticias","article_publisher":"https:\/\/www.facebook.com\/LaGNoticias","article_published_time":"2025-09-30T21:55:52+00:00","article_modified_time":"2025-09-30T21:55:53+00:00","og_image":[{"width":992,"height":558,"url":"https:\/\/lagnoticias.com\/wp-content\/uploads\/2025\/09\/6-21.jpg","type":"image\/jpeg"}],"author":"Oscar","twitter_card":"summary_large_image","twitter_creator":"@lagnoticias","twitter_site":"@lagnoticias","twitter_misc":{"Written by":"Oscar","Est. reading time":"3 minutes"},"schema":{"@context":"https:\/\/schema.org","@graph":[{"@type":"Article","@id":"https:\/\/lagnoticias.com\/2025\/09\/30\/lucero-y-christian-nodal-protagonizan-portada-juntos-y-causan-revuelo\/#article","isPartOf":{"@id":"https:\/\/lagnoticias.com\/2025\/09\/30\/lucero-y-christian-nodal-protagonizan-portada-juntos-y-causan-revuelo\/"},"author":{"name":"Oscar","@id":"https:\/\/lagnoticias.com\/#\/schema\/person\/cb9bfe13f8de05d2c55270be25c6a550"},"headline":"Lucero y Christian Nodal protagonizan portada juntos y causan revuelo","datePublished":"2025-09-30T21:55:52+00:00","dateModified":"2025-09-30T21:55:53+00:00","mainEntityOfPage":{"@id":"https:\/\/lagnoticias.com\/2025\/09\/30\/lucero-y-christian-nodal-protagonizan-portada-juntos-y-causan-revuelo\/"},"wordCount":460,"commentCount":0,"image":{"@id":"https:\/\/lagnoticias.com\/2025\/09\/30\/lucero-y-christian-nodal-protagonizan-portada-juntos-y-causan-revuelo\/#primaryimage"},"thumbnailUrl":"https:\/\/lagnoticias.com\/wp-content\/uploads\/2025\/09\/6-21.jpg","keywords":["CHRISTIAN NODAL","LUCERO","REVISTA","REVISTA ERES"],"articleSection":["ENTRETENIMIENTO"],"inLanguage":"en-US","potentialAction":[{"@type":"CommentAction","name":"Comment","target":["https:\/\/lagnoticias.com\/2025\/09\/30\/lucero-y-christian-nodal-protagonizan-portada-juntos-y-causan-revuelo\/#respond"]}]},{"@type":"WebPage","@id":"https:\/\/lagnoticias.com\/2025\/09\/30\/lucero-y-christian-nodal-protagonizan-portada-juntos-y-causan-revuelo\/","url":"https:\/\/lagnoticias.com\/2025\/09\/30\/lucero-y-christian-nodal-protagonizan-portada-juntos-y-causan-revuelo\/","name":"Lucero y Christian Nodal protagonizan portada juntos y causan revuelo - La G Noticias","isPartOf":{"@id":"https:\/\/lagnoticias.com\/#website"},"primaryImageOfPage":{"@id":"https:\/\/lagnoticias.com\/2025\/09\/30\/lucero-y-christian-nodal-protagonizan-portada-juntos-y-causan-revuelo\/#primaryimage"},"image":{"@id":"https:\/\/lagnoticias.com\/2025\/09\/30\/lucero-y-christian-nodal-protagonizan-portada-juntos-y-causan-revuelo\/#primaryimage"},"thumbnailUrl":"https:\/\/lagnoticias.com\/wp-content\/uploads\/2025\/09\/6-21.jpg","datePublished":"2025-09-30T21:55:52+00:00","dateModified":"2025-09-30T21:55:53+00:00","author":{"@id":"https:\/\/lagnoticias.com\/#\/schema\/person\/cb9bfe13f8de05d2c55270be25c6a550"},"breadcrumb":{"@id":"https:\/\/lagnoticias.com\/2025\/09\/30\/lucero-y-christian-nodal-protagonizan-portada-juntos-y-causan-revuelo\/#breadcrumb"},"inLanguage":"en-US","potentialAction":[{"@type":"ReadAction","target":["https:\/\/lagnoticias.com\/2025\/09\/30\/lucero-y-christian-nodal-protagonizan-portada-juntos-y-causan-revuelo\/"]}]},{"@type":"ImageObject","inLanguage":"en-US","@id":"https:\/\/lagnoticias.com\/2025\/09\/30\/lucero-y-christian-nodal-protagonizan-portada-juntos-y-causan-revuelo\/#primaryimage","url":"https:\/\/lagnoticias.com\/wp-content\/uploads\/2025\/09\/6-21.jpg","contentUrl":"https:\/\/lagnoticias.com\/wp-content\/uploads\/2025\/09\/6-21.jpg","width":992,"height":558},{"@type":"BreadcrumbList","@id":"https:\/\/lagnoticias.com\/2025\/09\/30\/lucero-y-christian-nodal-protagonizan-portada-juntos-y-causan-revuelo\/#breadcrumb","itemListElement":[{"@type":"ListItem","position":1,"name":"Portada","item":"https:\/\/lagnoticias.com\/"},{"@type":"ListItem","position":2,"name":"Lucero y Christian Nodal protagonizan portada juntos y causan revuelo"}]},{"@type":"WebSite","@id":"https:\/\/lagnoticias.com\/#website","url":"https:\/\/lagnoticias.com\/","name":"La G Noticias","description":"Noticias Positivas","potentialAction":[{"@type":"SearchAction","target":{"@type":"EntryPoint","urlTemplate":"https:\/\/lagnoticias.com\/?s={search_term_string}"},"query-input":{"@type":"PropertyValueSpecification","valueRequired":true,"valueName":"search_term_string"}}],"inLanguage":"en-US"},{"@type":"Person","@id":"https:\/\/lagnoticias.com\/#\/schema\/person\/cb9bfe13f8de05d2c55270be25c6a550","name":"Oscar","image":{"@type":"ImageObject","inLanguage":"en-US","@id":"https:\/\/secure.gravatar.com\/avatar\/45c195718f652dc7ffdd591dc1f2678956ab7fdadcd359a635edc61304a8c757?s=96&d=mm&r=g","url":"https:\/\/secure.gravatar.com\/avatar\/45c195718f652dc7ffdd591dc1f2678956ab7fdadcd359a635edc61304a8c757?s=96&d=mm&r=g","contentUrl":"https:\/\/secure.gravatar.com\/avatar\/45c195718f652dc7ffdd591dc1f2678956ab7fdadcd359a635edc61304a8c757?s=96&d=mm&r=g","caption":"Oscar"},"url":"https:\/\/lagnoticias.com\/en\/author\/oscar\/"}]}},"_links":{"self":[{"href":"https:\/\/lagnoticias.com\/en\/wp-json\/wp\/v2\/posts\/5488","targetHints":{"allow":["GET"]}}],"collection":[{"href":"https:\/\/lagnoticias.com\/en\/wp-json\/wp\/v2\/posts"}],"about":[{"href":"https:\/\/lagnoticias.com\/en\/wp-json\/wp\/v2\/types\/post"}],"author":[{"embeddable":true,"href":"https:\/\/lagnoticias.com\/en\/wp-json\/wp\/v2\/users\/2"}],"replies":[{"embeddable":true,"href":"https:\/\/lagnoticias.com\/en\/wp-json\/wp\/v2\/comments?post=5488"}],"version-history":[{"count":1,"href":"https:\/\/lagnoticias.com\/en\/wp-json\/wp\/v2\/posts\/5488\/revisions"}],"predecessor-version":[{"id":5491,"href":"https:\/\/lagnoticias.com\/en\/wp-json\/wp\/v2\/posts\/5488\/revisions\/5491"}],"wp:featuredmedia":[{"embeddable":true,"href":"https:\/\/lagnoticias.com\/en\/wp-json\/wp\/v2\/media\/5490"}],"wp:attachment":[{"href":"https:\/\/lagnoticias.com\/en\/wp-json\/wp\/v2\/media?parent=5488"}],"wp:term":[{"taxonomy":"category","embeddable":true,"href":"https:\/\/lagnoticias.com\/en\/wp-json\/wp\/v2\/categories?post=5488"},{"taxonomy":"post_tag","embeddable":true,"href":"https:\/\/lagnoticias.com\/en\/wp-json\/wp\/v2\/tags?post=5488"}],"curies":[{"name":"wp","href":"https:\/\/api.w.org\/{rel}","templated":true}]}}