{"id":5441,"date":"2025-09-29T13:56:32","date_gmt":"2025-09-29T19:56:32","guid":{"rendered":"https:\/\/lagnoticias.com\/?p=5441"},"modified":"2025-09-30T16:23:12","modified_gmt":"2025-09-30T22:23:12","slug":"selena-gomez-se-caso-con-el-productor-musical-benny-blanco","status":"publish","type":"post","link":"https:\/\/lagnoticias.com\/en\/2025\/09\/29\/selena-gomez-se-caso-con-el-productor-musical-benny-blanco\/","title":{"rendered":"Selena G\u00f3mez se cas\u00f3 con el productor musical Benny Blanco"},"content":{"rendered":"<p>La cantante y actriz estadounidense Selena G\u00f3mez, de 33 a\u00f1os, y el productor y compositor musical Benny Blanco, de 37, se casaron este fin de semana y dieron a conocer la buena noticia a sus seguidores con una serie de fotos en Instagram, que la muestra en su vestido de novia ce\u00f1ido a la cintura y cuello halter con detalles florales, y a \u00e9l en su chaqueta y lazo (pajarita) oscuro y camisa blanca, ambos de Ralph Lauren, de acuerdo con People.<\/p>\n\n\n\n<p><\/p>\n\n\n\n<figure class=\"wp-block-image aligncenter size-full\"><img loading=\"lazy\" decoding=\"async\" width=\"960\" height=\"540\" src=\"https:\/\/lagnoticias.com\/wp-content\/uploads\/2025\/09\/1-24.jpg\" alt=\"\" class=\"wp-image-5442\" srcset=\"https:\/\/lagnoticias.com\/wp-content\/uploads\/2025\/09\/1-24.jpg 960w, https:\/\/lagnoticias.com\/wp-content\/uploads\/2025\/09\/1-24-480x270.jpg 480w\" sizes=\"(min-width: 0px) and (max-width: 480px) 480px, (min-width: 481px) 960px, 100vw\" \/><\/figure>\n\n\n\n<p><\/p>\n\n\n\n<p>La serie de fotos les muestra felices, tomados de la mano, su ramo de flores, mientras que en otra ella le arregla el lazo y le da un beso, todas en el amplio patio de una residencia.<\/p>\n\n\n\n<p><\/p>\n\n\n\n<figure class=\"wp-block-image aligncenter size-full\"><img loading=\"lazy\" decoding=\"async\" width=\"640\" height=\"593\" src=\"https:\/\/lagnoticias.com\/wp-content\/uploads\/2025\/09\/5-11.jpg\" alt=\"\" class=\"wp-image-5443\" srcset=\"https:\/\/lagnoticias.com\/wp-content\/uploads\/2025\/09\/5-11.jpg 640w, https:\/\/lagnoticias.com\/wp-content\/uploads\/2025\/09\/5-11-480x445.jpg 480w\" sizes=\"(min-width: 0px) and (max-width: 480px) 480px, (min-width: 481px) 640px, 100vw\" \/><\/figure>\n\n\n\n<p><\/p>\n\n\n\n<p>Seg\u00fan la revista, la int\u00e9rprete tuvo su despedida de soltera en Cabo San Lucas (M\u00e9xico), al parecer el 23 de septiembre, cuando fue vista con sus amigas bailando y tomando el sol en un yate, mientras que Blanco celebr\u00f3 la suya en Las Vegas (EE.UU.).<\/p>\n\n\n\n<p>G\u00f3mez ya hab\u00eda adelantado a sus admiradores lo de su boda, posterior a su fiesta, con fotos en que mostraba su despedida de soltera, as\u00ed como de su atuendo nupcial, incluyendo un velo con la palabra \u201cfutura novia\u201d bordada., record\u00f3 la revista. <\/p>\n\n\n\n<p>Otra foto le mostraba ante una pancarta con globos con el mensaje \u201cSra. Levin\u201d al referirse al verdadero nombre de Benny Blanco, de Benjamin Joseph Levin.<\/p>\n\n\n\n<p>La estrella del pop, que inici\u00f3 su carrera con apenas 10 a\u00f1os y es exestrella infantil de Disney, tambi\u00e9n recurri\u00f3 a Instagram el pasado 11 de diciembre para anunciar su compromiso.<\/p>\n\n\n\n<p>La pareja colabor\u00f3 \u200b\u200ben varias canciones, incluido el \u00e9xito de G\u00f3mez de 2023, \u00abSingle Soon\u00bb, y \u00abI Can\u2019t Get Enough\u00bb en 2019.<\/p>","protected":false},"excerpt":{"rendered":"<p>Selena G\u00f3mez y Benny Blanco celebraron su boda en California, tras dos a\u00f1os de relaci\u00f3n.<\/p>","protected":false},"author":2,"featured_media":5444,"comment_status":"open","ping_status":"open","sticky":false,"template":"","format":"standard","meta":{"_et_pb_use_builder":"off","_et_pb_old_content":"","_et_gb_content_width":"","footnotes":""},"categories":[249],"tags":[1142,672,260,952],"class_list":["post-5441","post","type-post","status-publish","format-standard","has-post-thumbnail","hentry","category-entretenimiento","tag-benny-blanco","tag-boda","tag-estados-unidos","tag-selena-gomez"],"yoast_head":"<!-- This site is optimized with the Yoast SEO plugin v27.4 - https:\/\/yoast.com\/product\/yoast-seo-wordpress\/ -->\n<title>Selena G\u00f3mez se cas\u00f3 con el productor musical Benny Blanco - La G Noticias<\/title>\n<meta name=\"robots\" content=\"index, follow, max-snippet:-1, max-image-preview:large, max-video-preview:-1\" \/>\n<link rel=\"canonical\" href=\"https:\/\/lagnoticias.com\/en\/2025\/09\/29\/selena-gomez-se-caso-con-el-productor-musical-benny-blanco\/\" \/>\n<meta property=\"og:locale\" content=\"en_US\" \/>\n<meta property=\"og:type\" content=\"article\" \/>\n<meta property=\"og:title\" content=\"Selena G\u00f3mez se cas\u00f3 con el productor musical Benny Blanco - La G Noticias\" \/>\n<meta property=\"og:description\" content=\"Selena G\u00f3mez y Benny Blanco celebraron su boda en California, tras dos a\u00f1os de relaci\u00f3n.\" \/>\n<meta property=\"og:url\" content=\"https:\/\/lagnoticias.com\/en\/2025\/09\/29\/selena-gomez-se-caso-con-el-productor-musical-benny-blanco\/\" \/>\n<meta property=\"og:site_name\" content=\"La G Noticias\" \/>\n<meta property=\"article:publisher\" content=\"https:\/\/www.facebook.com\/LaGNoticias\" \/>\n<meta property=\"article:published_time\" content=\"2025-09-29T19:56:32+00:00\" \/>\n<meta property=\"article:modified_time\" content=\"2025-09-30T22:23:12+00:00\" \/>\n<meta property=\"og:image\" content=\"https:\/\/lagnoticias.com\/wp-content\/uploads\/2025\/09\/7-30.jpg\" \/>\n\t<meta property=\"og:image:width\" content=\"1920\" \/>\n\t<meta property=\"og:image:height\" content=\"1080\" \/>\n\t<meta property=\"og:image:type\" content=\"image\/jpeg\" \/>\n<meta name=\"author\" content=\"Oscar\" \/>\n<meta name=\"twitter:card\" content=\"summary_large_image\" \/>\n<meta name=\"twitter:creator\" content=\"@lagnoticias\" \/>\n<meta name=\"twitter:site\" content=\"@lagnoticias\" \/>\n<meta name=\"twitter:label1\" content=\"Written by\" \/>\n\t<meta name=\"twitter:data1\" content=\"Oscar\" \/>\n\t<meta name=\"twitter:label2\" content=\"Est. reading time\" \/>\n\t<meta name=\"twitter:data2\" content=\"2 minutes\" \/>\n<script type=\"application\/ld+json\" class=\"yoast-schema-graph\">{\"@context\":\"https:\\\/\\\/schema.org\",\"@graph\":[{\"@type\":\"Article\",\"@id\":\"https:\\\/\\\/lagnoticias.com\\\/2025\\\/09\\\/29\\\/selena-gomez-se-caso-con-el-productor-musical-benny-blanco\\\/#article\",\"isPartOf\":{\"@id\":\"https:\\\/\\\/lagnoticias.com\\\/2025\\\/09\\\/29\\\/selena-gomez-se-caso-con-el-productor-musical-benny-blanco\\\/\"},\"author\":{\"name\":\"Oscar\",\"@id\":\"https:\\\/\\\/lagnoticias.com\\\/#\\\/schema\\\/person\\\/cb9bfe13f8de05d2c55270be25c6a550\"},\"headline\":\"Selena G\u00f3mez se cas\u00f3 con el productor musical Benny Blanco\",\"datePublished\":\"2025-09-29T19:56:32+00:00\",\"dateModified\":\"2025-09-30T22:23:12+00:00\",\"mainEntityOfPage\":{\"@id\":\"https:\\\/\\\/lagnoticias.com\\\/2025\\\/09\\\/29\\\/selena-gomez-se-caso-con-el-productor-musical-benny-blanco\\\/\"},\"wordCount\":302,\"commentCount\":0,\"image\":{\"@id\":\"https:\\\/\\\/lagnoticias.com\\\/2025\\\/09\\\/29\\\/selena-gomez-se-caso-con-el-productor-musical-benny-blanco\\\/#primaryimage\"},\"thumbnailUrl\":\"https:\\\/\\\/lagnoticias.com\\\/wp-content\\\/uploads\\\/2025\\\/09\\\/7-30.jpg\",\"keywords\":[\"BENNY BLANCO\",\"BODA\",\"ESTADOS UNIDOS\",\"SELENA GOMEZ\"],\"articleSection\":[\"ENTRETENIMIENTO\"],\"inLanguage\":\"en-US\",\"potentialAction\":[{\"@type\":\"CommentAction\",\"name\":\"Comment\",\"target\":[\"https:\\\/\\\/lagnoticias.com\\\/2025\\\/09\\\/29\\\/selena-gomez-se-caso-con-el-productor-musical-benny-blanco\\\/#respond\"]}]},{\"@type\":\"WebPage\",\"@id\":\"https:\\\/\\\/lagnoticias.com\\\/2025\\\/09\\\/29\\\/selena-gomez-se-caso-con-el-productor-musical-benny-blanco\\\/\",\"url\":\"https:\\\/\\\/lagnoticias.com\\\/2025\\\/09\\\/29\\\/selena-gomez-se-caso-con-el-productor-musical-benny-blanco\\\/\",\"name\":\"Selena G\u00f3mez se cas\u00f3 con el productor musical Benny Blanco - La G Noticias\",\"isPartOf\":{\"@id\":\"https:\\\/\\\/lagnoticias.com\\\/#website\"},\"primaryImageOfPage\":{\"@id\":\"https:\\\/\\\/lagnoticias.com\\\/2025\\\/09\\\/29\\\/selena-gomez-se-caso-con-el-productor-musical-benny-blanco\\\/#primaryimage\"},\"image\":{\"@id\":\"https:\\\/\\\/lagnoticias.com\\\/2025\\\/09\\\/29\\\/selena-gomez-se-caso-con-el-productor-musical-benny-blanco\\\/#primaryimage\"},\"thumbnailUrl\":\"https:\\\/\\\/lagnoticias.com\\\/wp-content\\\/uploads\\\/2025\\\/09\\\/7-30.jpg\",\"datePublished\":\"2025-09-29T19:56:32+00:00\",\"dateModified\":\"2025-09-30T22:23:12+00:00\",\"author\":{\"@id\":\"https:\\\/\\\/lagnoticias.com\\\/#\\\/schema\\\/person\\\/cb9bfe13f8de05d2c55270be25c6a550\"},\"breadcrumb\":{\"@id\":\"https:\\\/\\\/lagnoticias.com\\\/2025\\\/09\\\/29\\\/selena-gomez-se-caso-con-el-productor-musical-benny-blanco\\\/#breadcrumb\"},\"inLanguage\":\"en-US\",\"potentialAction\":[{\"@type\":\"ReadAction\",\"target\":[\"https:\\\/\\\/lagnoticias.com\\\/2025\\\/09\\\/29\\\/selena-gomez-se-caso-con-el-productor-musical-benny-blanco\\\/\"]}]},{\"@type\":\"ImageObject\",\"inLanguage\":\"en-US\",\"@id\":\"https:\\\/\\\/lagnoticias.com\\\/2025\\\/09\\\/29\\\/selena-gomez-se-caso-con-el-productor-musical-benny-blanco\\\/#primaryimage\",\"url\":\"https:\\\/\\\/lagnoticias.com\\\/wp-content\\\/uploads\\\/2025\\\/09\\\/7-30.jpg\",\"contentUrl\":\"https:\\\/\\\/lagnoticias.com\\\/wp-content\\\/uploads\\\/2025\\\/09\\\/7-30.jpg\",\"width\":1920,\"height\":1080},{\"@type\":\"BreadcrumbList\",\"@id\":\"https:\\\/\\\/lagnoticias.com\\\/2025\\\/09\\\/29\\\/selena-gomez-se-caso-con-el-productor-musical-benny-blanco\\\/#breadcrumb\",\"itemListElement\":[{\"@type\":\"ListItem\",\"position\":1,\"name\":\"Portada\",\"item\":\"https:\\\/\\\/lagnoticias.com\\\/\"},{\"@type\":\"ListItem\",\"position\":2,\"name\":\"Selena G\u00f3mez se cas\u00f3 con el productor musical Benny Blanco\"}]},{\"@type\":\"WebSite\",\"@id\":\"https:\\\/\\\/lagnoticias.com\\\/#website\",\"url\":\"https:\\\/\\\/lagnoticias.com\\\/\",\"name\":\"La G Noticias\",\"description\":\"Noticias Positivas\",\"potentialAction\":[{\"@type\":\"SearchAction\",\"target\":{\"@type\":\"EntryPoint\",\"urlTemplate\":\"https:\\\/\\\/lagnoticias.com\\\/?s={search_term_string}\"},\"query-input\":{\"@type\":\"PropertyValueSpecification\",\"valueRequired\":true,\"valueName\":\"search_term_string\"}}],\"inLanguage\":\"en-US\"},{\"@type\":\"Person\",\"@id\":\"https:\\\/\\\/lagnoticias.com\\\/#\\\/schema\\\/person\\\/cb9bfe13f8de05d2c55270be25c6a550\",\"name\":\"Oscar\",\"image\":{\"@type\":\"ImageObject\",\"inLanguage\":\"en-US\",\"@id\":\"https:\\\/\\\/secure.gravatar.com\\\/avatar\\\/45c195718f652dc7ffdd591dc1f2678956ab7fdadcd359a635edc61304a8c757?s=96&d=mm&r=g\",\"url\":\"https:\\\/\\\/secure.gravatar.com\\\/avatar\\\/45c195718f652dc7ffdd591dc1f2678956ab7fdadcd359a635edc61304a8c757?s=96&d=mm&r=g\",\"contentUrl\":\"https:\\\/\\\/secure.gravatar.com\\\/avatar\\\/45c195718f652dc7ffdd591dc1f2678956ab7fdadcd359a635edc61304a8c757?s=96&d=mm&r=g\",\"caption\":\"Oscar\"},\"url\":\"https:\\\/\\\/lagnoticias.com\\\/en\\\/author\\\/oscar\\\/\"}]}<\/script>\n<!-- \/ Yoast SEO plugin. -->","yoast_head_json":{"title":"Selena G\u00f3mez se cas\u00f3 con el productor musical Benny Blanco - La G Noticias","robots":{"index":"index","follow":"follow","max-snippet":"max-snippet:-1","max-image-preview":"max-image-preview:large","max-video-preview":"max-video-preview:-1"},"canonical":"https:\/\/lagnoticias.com\/en\/2025\/09\/29\/selena-gomez-se-caso-con-el-productor-musical-benny-blanco\/","og_locale":"en_US","og_type":"article","og_title":"Selena G\u00f3mez se cas\u00f3 con el productor musical Benny Blanco - La G Noticias","og_description":"Selena G\u00f3mez y Benny Blanco celebraron su boda en California, tras dos a\u00f1os de relaci\u00f3n.","og_url":"https:\/\/lagnoticias.com\/en\/2025\/09\/29\/selena-gomez-se-caso-con-el-productor-musical-benny-blanco\/","og_site_name":"La G Noticias","article_publisher":"https:\/\/www.facebook.com\/LaGNoticias","article_published_time":"2025-09-29T19:56:32+00:00","article_modified_time":"2025-09-30T22:23:12+00:00","og_image":[{"width":1920,"height":1080,"url":"https:\/\/lagnoticias.com\/wp-content\/uploads\/2025\/09\/7-30.jpg","type":"image\/jpeg"}],"author":"Oscar","twitter_card":"summary_large_image","twitter_creator":"@lagnoticias","twitter_site":"@lagnoticias","twitter_misc":{"Written by":"Oscar","Est. reading time":"2 minutes"},"schema":{"@context":"https:\/\/schema.org","@graph":[{"@type":"Article","@id":"https:\/\/lagnoticias.com\/2025\/09\/29\/selena-gomez-se-caso-con-el-productor-musical-benny-blanco\/#article","isPartOf":{"@id":"https:\/\/lagnoticias.com\/2025\/09\/29\/selena-gomez-se-caso-con-el-productor-musical-benny-blanco\/"},"author":{"name":"Oscar","@id":"https:\/\/lagnoticias.com\/#\/schema\/person\/cb9bfe13f8de05d2c55270be25c6a550"},"headline":"Selena G\u00f3mez se cas\u00f3 con el productor musical Benny Blanco","datePublished":"2025-09-29T19:56:32+00:00","dateModified":"2025-09-30T22:23:12+00:00","mainEntityOfPage":{"@id":"https:\/\/lagnoticias.com\/2025\/09\/29\/selena-gomez-se-caso-con-el-productor-musical-benny-blanco\/"},"wordCount":302,"commentCount":0,"image":{"@id":"https:\/\/lagnoticias.com\/2025\/09\/29\/selena-gomez-se-caso-con-el-productor-musical-benny-blanco\/#primaryimage"},"thumbnailUrl":"https:\/\/lagnoticias.com\/wp-content\/uploads\/2025\/09\/7-30.jpg","keywords":["BENNY BLANCO","BODA","ESTADOS UNIDOS","SELENA GOMEZ"],"articleSection":["ENTRETENIMIENTO"],"inLanguage":"en-US","potentialAction":[{"@type":"CommentAction","name":"Comment","target":["https:\/\/lagnoticias.com\/2025\/09\/29\/selena-gomez-se-caso-con-el-productor-musical-benny-blanco\/#respond"]}]},{"@type":"WebPage","@id":"https:\/\/lagnoticias.com\/2025\/09\/29\/selena-gomez-se-caso-con-el-productor-musical-benny-blanco\/","url":"https:\/\/lagnoticias.com\/2025\/09\/29\/selena-gomez-se-caso-con-el-productor-musical-benny-blanco\/","name":"Selena G\u00f3mez se cas\u00f3 con el productor musical Benny Blanco - La G Noticias","isPartOf":{"@id":"https:\/\/lagnoticias.com\/#website"},"primaryImageOfPage":{"@id":"https:\/\/lagnoticias.com\/2025\/09\/29\/selena-gomez-se-caso-con-el-productor-musical-benny-blanco\/#primaryimage"},"image":{"@id":"https:\/\/lagnoticias.com\/2025\/09\/29\/selena-gomez-se-caso-con-el-productor-musical-benny-blanco\/#primaryimage"},"thumbnailUrl":"https:\/\/lagnoticias.com\/wp-content\/uploads\/2025\/09\/7-30.jpg","datePublished":"2025-09-29T19:56:32+00:00","dateModified":"2025-09-30T22:23:12+00:00","author":{"@id":"https:\/\/lagnoticias.com\/#\/schema\/person\/cb9bfe13f8de05d2c55270be25c6a550"},"breadcrumb":{"@id":"https:\/\/lagnoticias.com\/2025\/09\/29\/selena-gomez-se-caso-con-el-productor-musical-benny-blanco\/#breadcrumb"},"inLanguage":"en-US","potentialAction":[{"@type":"ReadAction","target":["https:\/\/lagnoticias.com\/2025\/09\/29\/selena-gomez-se-caso-con-el-productor-musical-benny-blanco\/"]}]},{"@type":"ImageObject","inLanguage":"en-US","@id":"https:\/\/lagnoticias.com\/2025\/09\/29\/selena-gomez-se-caso-con-el-productor-musical-benny-blanco\/#primaryimage","url":"https:\/\/lagnoticias.com\/wp-content\/uploads\/2025\/09\/7-30.jpg","contentUrl":"https:\/\/lagnoticias.com\/wp-content\/uploads\/2025\/09\/7-30.jpg","width":1920,"height":1080},{"@type":"BreadcrumbList","@id":"https:\/\/lagnoticias.com\/2025\/09\/29\/selena-gomez-se-caso-con-el-productor-musical-benny-blanco\/#breadcrumb","itemListElement":[{"@type":"ListItem","position":1,"name":"Portada","item":"https:\/\/lagnoticias.com\/"},{"@type":"ListItem","position":2,"name":"Selena G\u00f3mez se cas\u00f3 con el productor musical Benny Blanco"}]},{"@type":"WebSite","@id":"https:\/\/lagnoticias.com\/#website","url":"https:\/\/lagnoticias.com\/","name":"La G Noticias","description":"Noticias Positivas","potentialAction":[{"@type":"SearchAction","target":{"@type":"EntryPoint","urlTemplate":"https:\/\/lagnoticias.com\/?s={search_term_string}"},"query-input":{"@type":"PropertyValueSpecification","valueRequired":true,"valueName":"search_term_string"}}],"inLanguage":"en-US"},{"@type":"Person","@id":"https:\/\/lagnoticias.com\/#\/schema\/person\/cb9bfe13f8de05d2c55270be25c6a550","name":"Oscar","image":{"@type":"ImageObject","inLanguage":"en-US","@id":"https:\/\/secure.gravatar.com\/avatar\/45c195718f652dc7ffdd591dc1f2678956ab7fdadcd359a635edc61304a8c757?s=96&d=mm&r=g","url":"https:\/\/secure.gravatar.com\/avatar\/45c195718f652dc7ffdd591dc1f2678956ab7fdadcd359a635edc61304a8c757?s=96&d=mm&r=g","contentUrl":"https:\/\/secure.gravatar.com\/avatar\/45c195718f652dc7ffdd591dc1f2678956ab7fdadcd359a635edc61304a8c757?s=96&d=mm&r=g","caption":"Oscar"},"url":"https:\/\/lagnoticias.com\/en\/author\/oscar\/"}]}},"_links":{"self":[{"href":"https:\/\/lagnoticias.com\/en\/wp-json\/wp\/v2\/posts\/5441","targetHints":{"allow":["GET"]}}],"collection":[{"href":"https:\/\/lagnoticias.com\/en\/wp-json\/wp\/v2\/posts"}],"about":[{"href":"https:\/\/lagnoticias.com\/en\/wp-json\/wp\/v2\/types\/post"}],"author":[{"embeddable":true,"href":"https:\/\/lagnoticias.com\/en\/wp-json\/wp\/v2\/users\/2"}],"replies":[{"embeddable":true,"href":"https:\/\/lagnoticias.com\/en\/wp-json\/wp\/v2\/comments?post=5441"}],"version-history":[{"count":1,"href":"https:\/\/lagnoticias.com\/en\/wp-json\/wp\/v2\/posts\/5441\/revisions"}],"predecessor-version":[{"id":5445,"href":"https:\/\/lagnoticias.com\/en\/wp-json\/wp\/v2\/posts\/5441\/revisions\/5445"}],"wp:featuredmedia":[{"embeddable":true,"href":"https:\/\/lagnoticias.com\/en\/wp-json\/wp\/v2\/media\/5444"}],"wp:attachment":[{"href":"https:\/\/lagnoticias.com\/en\/wp-json\/wp\/v2\/media?parent=5441"}],"wp:term":[{"taxonomy":"category","embeddable":true,"href":"https:\/\/lagnoticias.com\/en\/wp-json\/wp\/v2\/categories?post=5441"},{"taxonomy":"post_tag","embeddable":true,"href":"https:\/\/lagnoticias.com\/en\/wp-json\/wp\/v2\/tags?post=5441"}],"curies":[{"name":"wp","href":"https:\/\/api.w.org\/{rel}","templated":true}]}}