{"id":5438,"date":"2025-09-29T13:37:36","date_gmt":"2025-09-29T19:37:36","guid":{"rendered":"https:\/\/lagnoticias.com\/?p=5438"},"modified":"2025-09-30T16:23:18","modified_gmt":"2025-09-30T22:23:18","slug":"fifa-sanciona-a-el-salvador-por-actos-de-racismo-en-el-cuscatlan","status":"publish","type":"post","link":"https:\/\/lagnoticias.com\/en\/2025\/09\/29\/fifa-sanciona-a-el-salvador-por-actos-de-racismo-en-el-cuscatlan\/","title":{"rendered":"FIFA sanciona a El Salvador por actos de racismo en el Cuscatl\u00e1n"},"content":{"rendered":"<p>La&nbsp;Federaci\u00f3n Salvadore\u00f1a de F\u00fatbol (Fesfut)&nbsp;confirm\u00f3 este lunes que la&nbsp;FIFA&nbsp;le impuso sanciones como consecuencia de los incidentes de racismo y discriminaci\u00f3n ocurridos durante el partido de eliminatorias rumbo al Mundial 2026 ante&nbsp;Surinam, disputado el pasado 8 de septiembre en el estadio Cuscatl\u00e1n.<\/p>\n\n\n\n<p>A trav\u00e9s de su\u00a0Comit\u00e9 Disciplinario, el m\u00e1ximo ente del f\u00fatbol mundial notific\u00f3 una multa de\u00a050 mil francos suizos ($62,715 d\u00f3lares), que deber\u00e1 ser destinada a la creaci\u00f3n de un plan integral contra la discriminaci\u00f3n, el cual deber\u00e1 contar con la aprobaci\u00f3n de la propia FIFA.<\/p>\n\n\n\n<p>Adem\u00e1s, la FESFUT estar\u00e1 obligada a disputar su pr\u00f3ximo partido oficial con un cierre m\u00ednimo del&nbsp;15 % del aforo&nbsp;en las gradas detr\u00e1s de las porter\u00edas, como medida correctiva ante los incidentes registrados.<\/p>\n\n\n\n<p>La federaci\u00f3n salvadore\u00f1a expres\u00f3, en el comunicado, su rechazo categ\u00f3rico a cualquier manifestaci\u00f3n de racismo o discriminaci\u00f3n y reiter\u00f3 su compromiso de trabajar junto a la FIFA, la CONCACAF y otros organismos internacionales para erradicar este tipo de comportamientos en los estadios.<\/p>\n\n\n\n<p>\u201cEl futuro de nuestro f\u00fatbol depende del comportamiento en los estadios\u201d, enfatiz\u00f3 la FESFUT, advirtiendo que nuevos actos discriminatorios podr\u00edan derivar en sanciones m\u00e1s severas, incluyendo la p\u00e9rdida de partidos o la exclusi\u00f3n de competencias internacionales.<\/p>\n\n\n\n<p><\/p>\n\n\n\n<figure class=\"wp-block-embed is-type-rich is-provider-twitter wp-block-embed-twitter\"><div class=\"wp-block-embed__wrapper\">\nhttps:\/\/twitter.com\/fesfut_sv\/status\/1972726319059251389\n<\/div><\/figure>","protected":false},"excerpt":{"rendered":"<p>La federaci\u00f3n salvadore\u00f1a deber\u00e1 pagar m\u00e1s de 62 mil d\u00f3lares y jugar con aforo reducido.<\/p>","protected":false},"author":2,"featured_media":5439,"comment_status":"open","ping_status":"open","sticky":false,"template":"","format":"standard","meta":{"_et_pb_use_builder":"off","_et_pb_old_content":"","_et_gb_content_width":"","footnotes":""},"categories":[248],"tags":[267,1140,1141,285,286,1139],"class_list":["post-5438","post","type-post","status-publish","format-standard","has-post-thumbnail","hentry","category-deportes","tag-el-salvador","tag-estadio-cuscatlan","tag-fesfut","tag-fifa","tag-futbol","tag-sanciones"],"yoast_head":"<!-- This site is optimized with the Yoast SEO plugin v27.4 - https:\/\/yoast.com\/product\/yoast-seo-wordpress\/ -->\n<title>FIFA sanciona a El Salvador por actos de racismo en el Cuscatl\u00e1n - La G Noticias<\/title>\n<meta name=\"robots\" content=\"index, follow, max-snippet:-1, max-image-preview:large, max-video-preview:-1\" \/>\n<link rel=\"canonical\" href=\"https:\/\/lagnoticias.com\/en\/2025\/09\/29\/fifa-sanciona-a-el-salvador-por-actos-de-racismo-en-el-cuscatlan\/\" \/>\n<meta property=\"og:locale\" content=\"en_US\" \/>\n<meta property=\"og:type\" content=\"article\" \/>\n<meta property=\"og:title\" content=\"FIFA sanciona a El Salvador por actos de racismo en el Cuscatl\u00e1n - La G Noticias\" \/>\n<meta property=\"og:description\" content=\"La federaci\u00f3n salvadore\u00f1a deber\u00e1 pagar m\u00e1s de 62 mil d\u00f3lares y jugar con aforo reducido.\" \/>\n<meta property=\"og:url\" content=\"https:\/\/lagnoticias.com\/en\/2025\/09\/29\/fifa-sanciona-a-el-salvador-por-actos-de-racismo-en-el-cuscatlan\/\" \/>\n<meta property=\"og:site_name\" content=\"La G Noticias\" \/>\n<meta property=\"article:publisher\" content=\"https:\/\/www.facebook.com\/LaGNoticias\" \/>\n<meta property=\"article:published_time\" content=\"2025-09-29T19:37:36+00:00\" \/>\n<meta property=\"article:modified_time\" content=\"2025-09-30T22:23:18+00:00\" \/>\n<meta property=\"og:image\" content=\"https:\/\/lagnoticias.com\/wp-content\/uploads\/2025\/09\/54.jpg\" \/>\n\t<meta property=\"og:image:width\" content=\"950\" \/>\n\t<meta property=\"og:image:height\" content=\"633\" \/>\n\t<meta property=\"og:image:type\" content=\"image\/jpeg\" \/>\n<meta name=\"author\" content=\"Oscar\" \/>\n<meta name=\"twitter:card\" content=\"summary_large_image\" \/>\n<meta name=\"twitter:creator\" content=\"@lagnoticias\" \/>\n<meta name=\"twitter:site\" content=\"@lagnoticias\" \/>\n<meta name=\"twitter:label1\" content=\"Written by\" \/>\n\t<meta name=\"twitter:data1\" content=\"Oscar\" \/>\n\t<meta name=\"twitter:label2\" content=\"Est. reading time\" \/>\n\t<meta name=\"twitter:data2\" content=\"2 minutes\" \/>\n<script type=\"application\/ld+json\" class=\"yoast-schema-graph\">{\"@context\":\"https:\\\/\\\/schema.org\",\"@graph\":[{\"@type\":\"Article\",\"@id\":\"https:\\\/\\\/lagnoticias.com\\\/2025\\\/09\\\/29\\\/fifa-sanciona-a-el-salvador-por-actos-de-racismo-en-el-cuscatlan\\\/#article\",\"isPartOf\":{\"@id\":\"https:\\\/\\\/lagnoticias.com\\\/2025\\\/09\\\/29\\\/fifa-sanciona-a-el-salvador-por-actos-de-racismo-en-el-cuscatlan\\\/\"},\"author\":{\"name\":\"Oscar\",\"@id\":\"https:\\\/\\\/lagnoticias.com\\\/#\\\/schema\\\/person\\\/cb9bfe13f8de05d2c55270be25c6a550\"},\"headline\":\"FIFA sanciona a El Salvador por actos de racismo en el Cuscatl\u00e1n\",\"datePublished\":\"2025-09-29T19:37:36+00:00\",\"dateModified\":\"2025-09-30T22:23:18+00:00\",\"mainEntityOfPage\":{\"@id\":\"https:\\\/\\\/lagnoticias.com\\\/2025\\\/09\\\/29\\\/fifa-sanciona-a-el-salvador-por-actos-de-racismo-en-el-cuscatlan\\\/\"},\"wordCount\":252,\"commentCount\":0,\"image\":{\"@id\":\"https:\\\/\\\/lagnoticias.com\\\/2025\\\/09\\\/29\\\/fifa-sanciona-a-el-salvador-por-actos-de-racismo-en-el-cuscatlan\\\/#primaryimage\"},\"thumbnailUrl\":\"https:\\\/\\\/lagnoticias.com\\\/wp-content\\\/uploads\\\/2025\\\/09\\\/54.jpg\",\"keywords\":[\"EL SALVADOR\",\"ESTADIO CUSCATL\u00c1N\",\"FESFUT\",\"FIFA\",\"F\u00daTBOL\",\"SANCIONES\"],\"articleSection\":[\"DEPORTES\"],\"inLanguage\":\"en-US\",\"potentialAction\":[{\"@type\":\"CommentAction\",\"name\":\"Comment\",\"target\":[\"https:\\\/\\\/lagnoticias.com\\\/2025\\\/09\\\/29\\\/fifa-sanciona-a-el-salvador-por-actos-de-racismo-en-el-cuscatlan\\\/#respond\"]}]},{\"@type\":\"WebPage\",\"@id\":\"https:\\\/\\\/lagnoticias.com\\\/2025\\\/09\\\/29\\\/fifa-sanciona-a-el-salvador-por-actos-de-racismo-en-el-cuscatlan\\\/\",\"url\":\"https:\\\/\\\/lagnoticias.com\\\/2025\\\/09\\\/29\\\/fifa-sanciona-a-el-salvador-por-actos-de-racismo-en-el-cuscatlan\\\/\",\"name\":\"FIFA sanciona a El Salvador por actos de racismo en el Cuscatl\u00e1n - La G Noticias\",\"isPartOf\":{\"@id\":\"https:\\\/\\\/lagnoticias.com\\\/#website\"},\"primaryImageOfPage\":{\"@id\":\"https:\\\/\\\/lagnoticias.com\\\/2025\\\/09\\\/29\\\/fifa-sanciona-a-el-salvador-por-actos-de-racismo-en-el-cuscatlan\\\/#primaryimage\"},\"image\":{\"@id\":\"https:\\\/\\\/lagnoticias.com\\\/2025\\\/09\\\/29\\\/fifa-sanciona-a-el-salvador-por-actos-de-racismo-en-el-cuscatlan\\\/#primaryimage\"},\"thumbnailUrl\":\"https:\\\/\\\/lagnoticias.com\\\/wp-content\\\/uploads\\\/2025\\\/09\\\/54.jpg\",\"datePublished\":\"2025-09-29T19:37:36+00:00\",\"dateModified\":\"2025-09-30T22:23:18+00:00\",\"author\":{\"@id\":\"https:\\\/\\\/lagnoticias.com\\\/#\\\/schema\\\/person\\\/cb9bfe13f8de05d2c55270be25c6a550\"},\"breadcrumb\":{\"@id\":\"https:\\\/\\\/lagnoticias.com\\\/2025\\\/09\\\/29\\\/fifa-sanciona-a-el-salvador-por-actos-de-racismo-en-el-cuscatlan\\\/#breadcrumb\"},\"inLanguage\":\"en-US\",\"potentialAction\":[{\"@type\":\"ReadAction\",\"target\":[\"https:\\\/\\\/lagnoticias.com\\\/2025\\\/09\\\/29\\\/fifa-sanciona-a-el-salvador-por-actos-de-racismo-en-el-cuscatlan\\\/\"]}]},{\"@type\":\"ImageObject\",\"inLanguage\":\"en-US\",\"@id\":\"https:\\\/\\\/lagnoticias.com\\\/2025\\\/09\\\/29\\\/fifa-sanciona-a-el-salvador-por-actos-de-racismo-en-el-cuscatlan\\\/#primaryimage\",\"url\":\"https:\\\/\\\/lagnoticias.com\\\/wp-content\\\/uploads\\\/2025\\\/09\\\/54.jpg\",\"contentUrl\":\"https:\\\/\\\/lagnoticias.com\\\/wp-content\\\/uploads\\\/2025\\\/09\\\/54.jpg\",\"width\":950,\"height\":633},{\"@type\":\"BreadcrumbList\",\"@id\":\"https:\\\/\\\/lagnoticias.com\\\/2025\\\/09\\\/29\\\/fifa-sanciona-a-el-salvador-por-actos-de-racismo-en-el-cuscatlan\\\/#breadcrumb\",\"itemListElement\":[{\"@type\":\"ListItem\",\"position\":1,\"name\":\"Portada\",\"item\":\"https:\\\/\\\/lagnoticias.com\\\/\"},{\"@type\":\"ListItem\",\"position\":2,\"name\":\"FIFA sanciona a El Salvador por actos de racismo en el Cuscatl\u00e1n\"}]},{\"@type\":\"WebSite\",\"@id\":\"https:\\\/\\\/lagnoticias.com\\\/#website\",\"url\":\"https:\\\/\\\/lagnoticias.com\\\/\",\"name\":\"La G Noticias\",\"description\":\"Noticias Positivas\",\"potentialAction\":[{\"@type\":\"SearchAction\",\"target\":{\"@type\":\"EntryPoint\",\"urlTemplate\":\"https:\\\/\\\/lagnoticias.com\\\/?s={search_term_string}\"},\"query-input\":{\"@type\":\"PropertyValueSpecification\",\"valueRequired\":true,\"valueName\":\"search_term_string\"}}],\"inLanguage\":\"en-US\"},{\"@type\":\"Person\",\"@id\":\"https:\\\/\\\/lagnoticias.com\\\/#\\\/schema\\\/person\\\/cb9bfe13f8de05d2c55270be25c6a550\",\"name\":\"Oscar\",\"image\":{\"@type\":\"ImageObject\",\"inLanguage\":\"en-US\",\"@id\":\"https:\\\/\\\/secure.gravatar.com\\\/avatar\\\/45c195718f652dc7ffdd591dc1f2678956ab7fdadcd359a635edc61304a8c757?s=96&d=mm&r=g\",\"url\":\"https:\\\/\\\/secure.gravatar.com\\\/avatar\\\/45c195718f652dc7ffdd591dc1f2678956ab7fdadcd359a635edc61304a8c757?s=96&d=mm&r=g\",\"contentUrl\":\"https:\\\/\\\/secure.gravatar.com\\\/avatar\\\/45c195718f652dc7ffdd591dc1f2678956ab7fdadcd359a635edc61304a8c757?s=96&d=mm&r=g\",\"caption\":\"Oscar\"},\"url\":\"https:\\\/\\\/lagnoticias.com\\\/en\\\/author\\\/oscar\\\/\"}]}<\/script>\n<!-- \/ Yoast SEO plugin. -->","yoast_head_json":{"title":"FIFA sanciona a El Salvador por actos de racismo en el Cuscatl\u00e1n - La G Noticias","robots":{"index":"index","follow":"follow","max-snippet":"max-snippet:-1","max-image-preview":"max-image-preview:large","max-video-preview":"max-video-preview:-1"},"canonical":"https:\/\/lagnoticias.com\/en\/2025\/09\/29\/fifa-sanciona-a-el-salvador-por-actos-de-racismo-en-el-cuscatlan\/","og_locale":"en_US","og_type":"article","og_title":"FIFA sanciona a El Salvador por actos de racismo en el Cuscatl\u00e1n - La G Noticias","og_description":"La federaci\u00f3n salvadore\u00f1a deber\u00e1 pagar m\u00e1s de 62 mil d\u00f3lares y jugar con aforo reducido.","og_url":"https:\/\/lagnoticias.com\/en\/2025\/09\/29\/fifa-sanciona-a-el-salvador-por-actos-de-racismo-en-el-cuscatlan\/","og_site_name":"La G Noticias","article_publisher":"https:\/\/www.facebook.com\/LaGNoticias","article_published_time":"2025-09-29T19:37:36+00:00","article_modified_time":"2025-09-30T22:23:18+00:00","og_image":[{"width":950,"height":633,"url":"https:\/\/lagnoticias.com\/wp-content\/uploads\/2025\/09\/54.jpg","type":"image\/jpeg"}],"author":"Oscar","twitter_card":"summary_large_image","twitter_creator":"@lagnoticias","twitter_site":"@lagnoticias","twitter_misc":{"Written by":"Oscar","Est. reading time":"2 minutes"},"schema":{"@context":"https:\/\/schema.org","@graph":[{"@type":"Article","@id":"https:\/\/lagnoticias.com\/2025\/09\/29\/fifa-sanciona-a-el-salvador-por-actos-de-racismo-en-el-cuscatlan\/#article","isPartOf":{"@id":"https:\/\/lagnoticias.com\/2025\/09\/29\/fifa-sanciona-a-el-salvador-por-actos-de-racismo-en-el-cuscatlan\/"},"author":{"name":"Oscar","@id":"https:\/\/lagnoticias.com\/#\/schema\/person\/cb9bfe13f8de05d2c55270be25c6a550"},"headline":"FIFA sanciona a El Salvador por actos de racismo en el Cuscatl\u00e1n","datePublished":"2025-09-29T19:37:36+00:00","dateModified":"2025-09-30T22:23:18+00:00","mainEntityOfPage":{"@id":"https:\/\/lagnoticias.com\/2025\/09\/29\/fifa-sanciona-a-el-salvador-por-actos-de-racismo-en-el-cuscatlan\/"},"wordCount":252,"commentCount":0,"image":{"@id":"https:\/\/lagnoticias.com\/2025\/09\/29\/fifa-sanciona-a-el-salvador-por-actos-de-racismo-en-el-cuscatlan\/#primaryimage"},"thumbnailUrl":"https:\/\/lagnoticias.com\/wp-content\/uploads\/2025\/09\/54.jpg","keywords":["EL SALVADOR","ESTADIO CUSCATL\u00c1N","FESFUT","FIFA","F\u00daTBOL","SANCIONES"],"articleSection":["DEPORTES"],"inLanguage":"en-US","potentialAction":[{"@type":"CommentAction","name":"Comment","target":["https:\/\/lagnoticias.com\/2025\/09\/29\/fifa-sanciona-a-el-salvador-por-actos-de-racismo-en-el-cuscatlan\/#respond"]}]},{"@type":"WebPage","@id":"https:\/\/lagnoticias.com\/2025\/09\/29\/fifa-sanciona-a-el-salvador-por-actos-de-racismo-en-el-cuscatlan\/","url":"https:\/\/lagnoticias.com\/2025\/09\/29\/fifa-sanciona-a-el-salvador-por-actos-de-racismo-en-el-cuscatlan\/","name":"FIFA sanciona a El Salvador por actos de racismo en el Cuscatl\u00e1n - La G Noticias","isPartOf":{"@id":"https:\/\/lagnoticias.com\/#website"},"primaryImageOfPage":{"@id":"https:\/\/lagnoticias.com\/2025\/09\/29\/fifa-sanciona-a-el-salvador-por-actos-de-racismo-en-el-cuscatlan\/#primaryimage"},"image":{"@id":"https:\/\/lagnoticias.com\/2025\/09\/29\/fifa-sanciona-a-el-salvador-por-actos-de-racismo-en-el-cuscatlan\/#primaryimage"},"thumbnailUrl":"https:\/\/lagnoticias.com\/wp-content\/uploads\/2025\/09\/54.jpg","datePublished":"2025-09-29T19:37:36+00:00","dateModified":"2025-09-30T22:23:18+00:00","author":{"@id":"https:\/\/lagnoticias.com\/#\/schema\/person\/cb9bfe13f8de05d2c55270be25c6a550"},"breadcrumb":{"@id":"https:\/\/lagnoticias.com\/2025\/09\/29\/fifa-sanciona-a-el-salvador-por-actos-de-racismo-en-el-cuscatlan\/#breadcrumb"},"inLanguage":"en-US","potentialAction":[{"@type":"ReadAction","target":["https:\/\/lagnoticias.com\/2025\/09\/29\/fifa-sanciona-a-el-salvador-por-actos-de-racismo-en-el-cuscatlan\/"]}]},{"@type":"ImageObject","inLanguage":"en-US","@id":"https:\/\/lagnoticias.com\/2025\/09\/29\/fifa-sanciona-a-el-salvador-por-actos-de-racismo-en-el-cuscatlan\/#primaryimage","url":"https:\/\/lagnoticias.com\/wp-content\/uploads\/2025\/09\/54.jpg","contentUrl":"https:\/\/lagnoticias.com\/wp-content\/uploads\/2025\/09\/54.jpg","width":950,"height":633},{"@type":"BreadcrumbList","@id":"https:\/\/lagnoticias.com\/2025\/09\/29\/fifa-sanciona-a-el-salvador-por-actos-de-racismo-en-el-cuscatlan\/#breadcrumb","itemListElement":[{"@type":"ListItem","position":1,"name":"Portada","item":"https:\/\/lagnoticias.com\/"},{"@type":"ListItem","position":2,"name":"FIFA sanciona a El Salvador por actos de racismo en el Cuscatl\u00e1n"}]},{"@type":"WebSite","@id":"https:\/\/lagnoticias.com\/#website","url":"https:\/\/lagnoticias.com\/","name":"La G Noticias","description":"Noticias Positivas","potentialAction":[{"@type":"SearchAction","target":{"@type":"EntryPoint","urlTemplate":"https:\/\/lagnoticias.com\/?s={search_term_string}"},"query-input":{"@type":"PropertyValueSpecification","valueRequired":true,"valueName":"search_term_string"}}],"inLanguage":"en-US"},{"@type":"Person","@id":"https:\/\/lagnoticias.com\/#\/schema\/person\/cb9bfe13f8de05d2c55270be25c6a550","name":"Oscar","image":{"@type":"ImageObject","inLanguage":"en-US","@id":"https:\/\/secure.gravatar.com\/avatar\/45c195718f652dc7ffdd591dc1f2678956ab7fdadcd359a635edc61304a8c757?s=96&d=mm&r=g","url":"https:\/\/secure.gravatar.com\/avatar\/45c195718f652dc7ffdd591dc1f2678956ab7fdadcd359a635edc61304a8c757?s=96&d=mm&r=g","contentUrl":"https:\/\/secure.gravatar.com\/avatar\/45c195718f652dc7ffdd591dc1f2678956ab7fdadcd359a635edc61304a8c757?s=96&d=mm&r=g","caption":"Oscar"},"url":"https:\/\/lagnoticias.com\/en\/author\/oscar\/"}]}},"_links":{"self":[{"href":"https:\/\/lagnoticias.com\/en\/wp-json\/wp\/v2\/posts\/5438","targetHints":{"allow":["GET"]}}],"collection":[{"href":"https:\/\/lagnoticias.com\/en\/wp-json\/wp\/v2\/posts"}],"about":[{"href":"https:\/\/lagnoticias.com\/en\/wp-json\/wp\/v2\/types\/post"}],"author":[{"embeddable":true,"href":"https:\/\/lagnoticias.com\/en\/wp-json\/wp\/v2\/users\/2"}],"replies":[{"embeddable":true,"href":"https:\/\/lagnoticias.com\/en\/wp-json\/wp\/v2\/comments?post=5438"}],"version-history":[{"count":1,"href":"https:\/\/lagnoticias.com\/en\/wp-json\/wp\/v2\/posts\/5438\/revisions"}],"predecessor-version":[{"id":5440,"href":"https:\/\/lagnoticias.com\/en\/wp-json\/wp\/v2\/posts\/5438\/revisions\/5440"}],"wp:featuredmedia":[{"embeddable":true,"href":"https:\/\/lagnoticias.com\/en\/wp-json\/wp\/v2\/media\/5439"}],"wp:attachment":[{"href":"https:\/\/lagnoticias.com\/en\/wp-json\/wp\/v2\/media?parent=5438"}],"wp:term":[{"taxonomy":"category","embeddable":true,"href":"https:\/\/lagnoticias.com\/en\/wp-json\/wp\/v2\/categories?post=5438"},{"taxonomy":"post_tag","embeddable":true,"href":"https:\/\/lagnoticias.com\/en\/wp-json\/wp\/v2\/tags?post=5438"}],"curies":[{"name":"wp","href":"https:\/\/api.w.org\/{rel}","templated":true}]}}