{"id":5428,"date":"2025-09-29T12:37:39","date_gmt":"2025-09-29T18:37:39","guid":{"rendered":"https:\/\/lagnoticias.com\/?p=5428"},"modified":"2025-09-29T12:37:40","modified_gmt":"2025-09-29T18:37:40","slug":"la-onu-denuncia-tortura-sistematica-a-detenidos-por-rusia","status":"publish","type":"post","link":"https:\/\/lagnoticias.com\/en\/2025\/09\/29\/la-onu-denuncia-tortura-sistematica-a-detenidos-por-rusia\/","title":{"rendered":"La ONU denuncia tortura \u00absistem\u00e1tica\u00bb a detenidos por Rusia"},"content":{"rendered":"<p>Las autoridades rusas sometieron de manera \u00abamplia y sistem\u00e1tica\u00bb a los detenidos civiles en las zonas ucranianas ocupadas a actos de tortura, incluyendo violencia sexual, denunci\u00f3 el martes un informe&nbsp;de la Oficina del&nbsp;Alto Comisionado para los Derechos Humanos de la ONU (OHCHR, por sus siglas en ingl\u00e9s).&nbsp;Rusia denuncia, adem\u00e1s, est\u00e1 aplicando su propia legislaci\u00f3n en esos lugares a pesar de que esto es contrario al derecho internacional humanitario.&nbsp;<\/p>\n\n\n\n<p>Los investigadores de&nbsp;Naciones Unidas&nbsp;interrogaron a 216 civiles liberados desde junio de 2023. Entre ellos, el 92\u2009% presentaron \u00abrelatos coherentes y detallados de tortura o de malos tratos durante su cautiverio\u00bb, seg\u00fan el informe.<\/p>\n\n\n\n<p>Describieron \u00abgolpizas severas con diversos instrumentos, como palos y porras, descargas el\u00e9ctricas en diversas partes del cuerpo y simulacros de ejecuci\u00f3n\u00bb, adem\u00e1s de amenazas de muerte, contra ellos o sus familiares.<\/p>\n\n\n\n<h2 class=\"wp-block-heading\">Tema prioritario en cualquier acuerdo de paz<\/h2>\n\n\n\n<p>Asimismo, describieron condiciones deficientes de detenci\u00f3n, incluida la falta de alimentos y de atenci\u00f3n m\u00e9dica adecuada, a lo que se suma que en la mayor\u00eda de casos sus familias se han quedado sin informaci\u00f3n de ellos y desconocen su paradero.<\/p>\n\n\n\n<p>Ayer, una Comisi\u00f3n de investigaci\u00f3n denunci\u00f3&nbsp;ante el Consejo de Derechos Humanos de la ONU tambi\u00e9n&nbsp;los traslados forzosos de poblaci\u00f3n&nbsp;en la zona ocupada de Ucrania.&nbsp;Esta Comisi\u00f3n ya denunci\u00f3 en marzo las torturas&nbsp;por parte de las tropas de ocupaci\u00f3n rusas.<\/p>\n\n\n\n<p>\u00abVarias personas fueron arbitrariamente detenidas en las calles de los territorios ocupados, inculpadas con bases jur\u00eddicas cambiantes y detenidas durante d\u00edas, semanas, meses, e incluso a\u00f1os\u00bb, denunci\u00f3 el Alto Comisionado para los Derechos Humanos de la ONU, Volker T\u00fcrk, en un comunicado.<\/p>\n\n\n\n<p>\u00abEs esencial que los derechos de los detenidos civiles, que se vieron gravemente afectados por ese terrible conflicto, sean una&nbsp;prioridad en cualquier discusi\u00f3n de paz\u00bb, declar\u00f3 T\u00fcrk, quien ya.<\/p>\n\n\n\n<h2 class=\"wp-block-heading\">Trato inadecuado tambi\u00e9n en Ucrania<\/h2>\n\n\n\n<p>En mayo de 2025, las autoridades ucranianas evaluaban en unos 1,800 los civiles ucranianos detenidos por Rusia, una cifra probablemente subestimada, seg\u00fan la ONU. Para entonces,&nbsp;Ucrania&nbsp;ten\u00eda tambi\u00e9n oficialmente m\u00e1s de 2,250 detenidos relacionados con el conflicto, principalmente ucranianos acusados de traici\u00f3n, espionaje o colaboraci\u00f3n con las autoridades rusas ocupantes.<\/p>\n\n\n\n<p>El informe de la ONU tambi\u00e9n document\u00f3 \u00abcasos de tortura y malos tratos\u00bb aplicados a civiles detenidos por las autoridades ucranianas. \u00abPersonas han sido procesadas por llevar a cabo servicios de emergencia, construcci\u00f3n, asistencia humanitaria y recolecci\u00f3n de basura durante la ocupaci\u00f3n, actividades que legalmente pueden ser exigidas por las autoridades ocupantes\u00bb, indica el informe.<\/p>\n\n\n\n<p><\/p>\n\n\n\n<p><\/p>\n\n\n\n<p><\/p>\n\n\n\n<p><\/p>\n\n\n\n<p><\/p>\n\n\n\n<p>(DW)<\/p>","protected":false},"excerpt":{"rendered":"<p>Un nuevo informe de la Oficina del Alto Comisionado de Naciones Unidas para los Derechos Humanos, Volker T\u00fcrk, insiste en que se tortura a los civiles ucranianos detenidos por las tropas rusas.<\/p>","protected":false},"author":2,"featured_media":5429,"comment_status":"open","ping_status":"open","sticky":false,"template":"","format":"standard","meta":{"_et_pb_use_builder":"","_et_pb_old_content":"","_et_gb_content_width":"","footnotes":""},"categories":[245],"tags":[392,406,391,390],"class_list":["post-5428","post","type-post","status-publish","format-standard","has-post-thumbnail","hentry","category-internacionales","tag-guerra-rusa-ucrania","tag-onu","tag-rusia","tag-ucrania"],"yoast_head":"<!-- This site is optimized with the Yoast SEO plugin v27.4 - https:\/\/yoast.com\/product\/yoast-seo-wordpress\/ -->\n<title>La ONU denuncia tortura &quot;sistem\u00e1tica&quot; a detenidos por Rusia - La G Noticias<\/title>\n<meta name=\"robots\" content=\"index, follow, max-snippet:-1, max-image-preview:large, max-video-preview:-1\" \/>\n<link rel=\"canonical\" href=\"https:\/\/lagnoticias.com\/en\/2025\/09\/29\/la-onu-denuncia-tortura-sistematica-a-detenidos-por-rusia\/\" \/>\n<meta property=\"og:locale\" content=\"en_US\" \/>\n<meta property=\"og:type\" content=\"article\" \/>\n<meta property=\"og:title\" content=\"La ONU denuncia tortura &quot;sistem\u00e1tica&quot; a detenidos por Rusia - La G Noticias\" \/>\n<meta property=\"og:description\" content=\"Un nuevo informe de la Oficina del Alto Comisionado de Naciones Unidas para los Derechos Humanos, Volker T\u00fcrk, insiste en que se tortura a los civiles ucranianos detenidos por las tropas rusas.\" \/>\n<meta property=\"og:url\" content=\"https:\/\/lagnoticias.com\/en\/2025\/09\/29\/la-onu-denuncia-tortura-sistematica-a-detenidos-por-rusia\/\" \/>\n<meta property=\"og:site_name\" content=\"La G Noticias\" \/>\n<meta property=\"article:publisher\" content=\"https:\/\/www.facebook.com\/LaGNoticias\" \/>\n<meta property=\"article:published_time\" content=\"2025-09-29T18:37:39+00:00\" \/>\n<meta property=\"article:modified_time\" content=\"2025-09-29T18:37:40+00:00\" \/>\n<meta property=\"og:image\" content=\"https:\/\/lagnoticias.com\/wp-content\/uploads\/2025\/09\/1-23.jpg\" \/>\n\t<meta property=\"og:image:width\" content=\"1092\" \/>\n\t<meta property=\"og:image:height\" content=\"510\" \/>\n\t<meta property=\"og:image:type\" content=\"image\/jpeg\" \/>\n<meta name=\"author\" content=\"Oscar\" \/>\n<meta name=\"twitter:card\" content=\"summary_large_image\" \/>\n<meta name=\"twitter:creator\" content=\"@lagnoticias\" \/>\n<meta name=\"twitter:site\" content=\"@lagnoticias\" \/>\n<meta name=\"twitter:label1\" content=\"Written by\" \/>\n\t<meta name=\"twitter:data1\" content=\"Oscar\" \/>\n\t<meta name=\"twitter:label2\" content=\"Est. reading time\" \/>\n\t<meta name=\"twitter:data2\" content=\"3 minutes\" \/>\n<script type=\"application\/ld+json\" class=\"yoast-schema-graph\">{\"@context\":\"https:\\\/\\\/schema.org\",\"@graph\":[{\"@type\":\"Article\",\"@id\":\"https:\\\/\\\/lagnoticias.com\\\/2025\\\/09\\\/29\\\/la-onu-denuncia-tortura-sistematica-a-detenidos-por-rusia\\\/#article\",\"isPartOf\":{\"@id\":\"https:\\\/\\\/lagnoticias.com\\\/2025\\\/09\\\/29\\\/la-onu-denuncia-tortura-sistematica-a-detenidos-por-rusia\\\/\"},\"author\":{\"name\":\"Oscar\",\"@id\":\"https:\\\/\\\/lagnoticias.com\\\/#\\\/schema\\\/person\\\/cb9bfe13f8de05d2c55270be25c6a550\"},\"headline\":\"La ONU denuncia tortura \u00absistem\u00e1tica\u00bb a detenidos por Rusia\",\"datePublished\":\"2025-09-29T18:37:39+00:00\",\"dateModified\":\"2025-09-29T18:37:40+00:00\",\"mainEntityOfPage\":{\"@id\":\"https:\\\/\\\/lagnoticias.com\\\/2025\\\/09\\\/29\\\/la-onu-denuncia-tortura-sistematica-a-detenidos-por-rusia\\\/\"},\"wordCount\":465,\"commentCount\":0,\"image\":{\"@id\":\"https:\\\/\\\/lagnoticias.com\\\/2025\\\/09\\\/29\\\/la-onu-denuncia-tortura-sistematica-a-detenidos-por-rusia\\\/#primaryimage\"},\"thumbnailUrl\":\"https:\\\/\\\/lagnoticias.com\\\/wp-content\\\/uploads\\\/2025\\\/09\\\/1-23.jpg\",\"keywords\":[\"GUERRA RUSA UCRANIA\",\"ONU\",\"RUSIA\",\"UCRANIA\"],\"articleSection\":[\"INTERNACIONALES\"],\"inLanguage\":\"en-US\",\"potentialAction\":[{\"@type\":\"CommentAction\",\"name\":\"Comment\",\"target\":[\"https:\\\/\\\/lagnoticias.com\\\/2025\\\/09\\\/29\\\/la-onu-denuncia-tortura-sistematica-a-detenidos-por-rusia\\\/#respond\"]}]},{\"@type\":\"WebPage\",\"@id\":\"https:\\\/\\\/lagnoticias.com\\\/2025\\\/09\\\/29\\\/la-onu-denuncia-tortura-sistematica-a-detenidos-por-rusia\\\/\",\"url\":\"https:\\\/\\\/lagnoticias.com\\\/2025\\\/09\\\/29\\\/la-onu-denuncia-tortura-sistematica-a-detenidos-por-rusia\\\/\",\"name\":\"La ONU denuncia tortura \\\"sistem\u00e1tica\\\" a detenidos por Rusia - La G Noticias\",\"isPartOf\":{\"@id\":\"https:\\\/\\\/lagnoticias.com\\\/#website\"},\"primaryImageOfPage\":{\"@id\":\"https:\\\/\\\/lagnoticias.com\\\/2025\\\/09\\\/29\\\/la-onu-denuncia-tortura-sistematica-a-detenidos-por-rusia\\\/#primaryimage\"},\"image\":{\"@id\":\"https:\\\/\\\/lagnoticias.com\\\/2025\\\/09\\\/29\\\/la-onu-denuncia-tortura-sistematica-a-detenidos-por-rusia\\\/#primaryimage\"},\"thumbnailUrl\":\"https:\\\/\\\/lagnoticias.com\\\/wp-content\\\/uploads\\\/2025\\\/09\\\/1-23.jpg\",\"datePublished\":\"2025-09-29T18:37:39+00:00\",\"dateModified\":\"2025-09-29T18:37:40+00:00\",\"author\":{\"@id\":\"https:\\\/\\\/lagnoticias.com\\\/#\\\/schema\\\/person\\\/cb9bfe13f8de05d2c55270be25c6a550\"},\"breadcrumb\":{\"@id\":\"https:\\\/\\\/lagnoticias.com\\\/2025\\\/09\\\/29\\\/la-onu-denuncia-tortura-sistematica-a-detenidos-por-rusia\\\/#breadcrumb\"},\"inLanguage\":\"en-US\",\"potentialAction\":[{\"@type\":\"ReadAction\",\"target\":[\"https:\\\/\\\/lagnoticias.com\\\/2025\\\/09\\\/29\\\/la-onu-denuncia-tortura-sistematica-a-detenidos-por-rusia\\\/\"]}]},{\"@type\":\"ImageObject\",\"inLanguage\":\"en-US\",\"@id\":\"https:\\\/\\\/lagnoticias.com\\\/2025\\\/09\\\/29\\\/la-onu-denuncia-tortura-sistematica-a-detenidos-por-rusia\\\/#primaryimage\",\"url\":\"https:\\\/\\\/lagnoticias.com\\\/wp-content\\\/uploads\\\/2025\\\/09\\\/1-23.jpg\",\"contentUrl\":\"https:\\\/\\\/lagnoticias.com\\\/wp-content\\\/uploads\\\/2025\\\/09\\\/1-23.jpg\",\"width\":1092,\"height\":510},{\"@type\":\"BreadcrumbList\",\"@id\":\"https:\\\/\\\/lagnoticias.com\\\/2025\\\/09\\\/29\\\/la-onu-denuncia-tortura-sistematica-a-detenidos-por-rusia\\\/#breadcrumb\",\"itemListElement\":[{\"@type\":\"ListItem\",\"position\":1,\"name\":\"Portada\",\"item\":\"https:\\\/\\\/lagnoticias.com\\\/\"},{\"@type\":\"ListItem\",\"position\":2,\"name\":\"La ONU denuncia tortura \u00absistem\u00e1tica\u00bb a detenidos por Rusia\"}]},{\"@type\":\"WebSite\",\"@id\":\"https:\\\/\\\/lagnoticias.com\\\/#website\",\"url\":\"https:\\\/\\\/lagnoticias.com\\\/\",\"name\":\"La G Noticias\",\"description\":\"Noticias Positivas\",\"potentialAction\":[{\"@type\":\"SearchAction\",\"target\":{\"@type\":\"EntryPoint\",\"urlTemplate\":\"https:\\\/\\\/lagnoticias.com\\\/?s={search_term_string}\"},\"query-input\":{\"@type\":\"PropertyValueSpecification\",\"valueRequired\":true,\"valueName\":\"search_term_string\"}}],\"inLanguage\":\"en-US\"},{\"@type\":\"Person\",\"@id\":\"https:\\\/\\\/lagnoticias.com\\\/#\\\/schema\\\/person\\\/cb9bfe13f8de05d2c55270be25c6a550\",\"name\":\"Oscar\",\"image\":{\"@type\":\"ImageObject\",\"inLanguage\":\"en-US\",\"@id\":\"https:\\\/\\\/secure.gravatar.com\\\/avatar\\\/45c195718f652dc7ffdd591dc1f2678956ab7fdadcd359a635edc61304a8c757?s=96&d=mm&r=g\",\"url\":\"https:\\\/\\\/secure.gravatar.com\\\/avatar\\\/45c195718f652dc7ffdd591dc1f2678956ab7fdadcd359a635edc61304a8c757?s=96&d=mm&r=g\",\"contentUrl\":\"https:\\\/\\\/secure.gravatar.com\\\/avatar\\\/45c195718f652dc7ffdd591dc1f2678956ab7fdadcd359a635edc61304a8c757?s=96&d=mm&r=g\",\"caption\":\"Oscar\"},\"url\":\"https:\\\/\\\/lagnoticias.com\\\/en\\\/author\\\/oscar\\\/\"}]}<\/script>\n<!-- \/ Yoast SEO plugin. -->","yoast_head_json":{"title":"La ONU denuncia tortura \"sistem\u00e1tica\" a detenidos por Rusia - La G Noticias","robots":{"index":"index","follow":"follow","max-snippet":"max-snippet:-1","max-image-preview":"max-image-preview:large","max-video-preview":"max-video-preview:-1"},"canonical":"https:\/\/lagnoticias.com\/en\/2025\/09\/29\/la-onu-denuncia-tortura-sistematica-a-detenidos-por-rusia\/","og_locale":"en_US","og_type":"article","og_title":"La ONU denuncia tortura \"sistem\u00e1tica\" a detenidos por Rusia - La G Noticias","og_description":"Un nuevo informe de la Oficina del Alto Comisionado de Naciones Unidas para los Derechos Humanos, Volker T\u00fcrk, insiste en que se tortura a los civiles ucranianos detenidos por las tropas rusas.","og_url":"https:\/\/lagnoticias.com\/en\/2025\/09\/29\/la-onu-denuncia-tortura-sistematica-a-detenidos-por-rusia\/","og_site_name":"La G Noticias","article_publisher":"https:\/\/www.facebook.com\/LaGNoticias","article_published_time":"2025-09-29T18:37:39+00:00","article_modified_time":"2025-09-29T18:37:40+00:00","og_image":[{"width":1092,"height":510,"url":"https:\/\/lagnoticias.com\/wp-content\/uploads\/2025\/09\/1-23.jpg","type":"image\/jpeg"}],"author":"Oscar","twitter_card":"summary_large_image","twitter_creator":"@lagnoticias","twitter_site":"@lagnoticias","twitter_misc":{"Written by":"Oscar","Est. reading time":"3 minutes"},"schema":{"@context":"https:\/\/schema.org","@graph":[{"@type":"Article","@id":"https:\/\/lagnoticias.com\/2025\/09\/29\/la-onu-denuncia-tortura-sistematica-a-detenidos-por-rusia\/#article","isPartOf":{"@id":"https:\/\/lagnoticias.com\/2025\/09\/29\/la-onu-denuncia-tortura-sistematica-a-detenidos-por-rusia\/"},"author":{"name":"Oscar","@id":"https:\/\/lagnoticias.com\/#\/schema\/person\/cb9bfe13f8de05d2c55270be25c6a550"},"headline":"La ONU denuncia tortura \u00absistem\u00e1tica\u00bb a detenidos por Rusia","datePublished":"2025-09-29T18:37:39+00:00","dateModified":"2025-09-29T18:37:40+00:00","mainEntityOfPage":{"@id":"https:\/\/lagnoticias.com\/2025\/09\/29\/la-onu-denuncia-tortura-sistematica-a-detenidos-por-rusia\/"},"wordCount":465,"commentCount":0,"image":{"@id":"https:\/\/lagnoticias.com\/2025\/09\/29\/la-onu-denuncia-tortura-sistematica-a-detenidos-por-rusia\/#primaryimage"},"thumbnailUrl":"https:\/\/lagnoticias.com\/wp-content\/uploads\/2025\/09\/1-23.jpg","keywords":["GUERRA RUSA UCRANIA","ONU","RUSIA","UCRANIA"],"articleSection":["INTERNACIONALES"],"inLanguage":"en-US","potentialAction":[{"@type":"CommentAction","name":"Comment","target":["https:\/\/lagnoticias.com\/2025\/09\/29\/la-onu-denuncia-tortura-sistematica-a-detenidos-por-rusia\/#respond"]}]},{"@type":"WebPage","@id":"https:\/\/lagnoticias.com\/2025\/09\/29\/la-onu-denuncia-tortura-sistematica-a-detenidos-por-rusia\/","url":"https:\/\/lagnoticias.com\/2025\/09\/29\/la-onu-denuncia-tortura-sistematica-a-detenidos-por-rusia\/","name":"La ONU denuncia tortura \"sistem\u00e1tica\" a detenidos por Rusia - La G Noticias","isPartOf":{"@id":"https:\/\/lagnoticias.com\/#website"},"primaryImageOfPage":{"@id":"https:\/\/lagnoticias.com\/2025\/09\/29\/la-onu-denuncia-tortura-sistematica-a-detenidos-por-rusia\/#primaryimage"},"image":{"@id":"https:\/\/lagnoticias.com\/2025\/09\/29\/la-onu-denuncia-tortura-sistematica-a-detenidos-por-rusia\/#primaryimage"},"thumbnailUrl":"https:\/\/lagnoticias.com\/wp-content\/uploads\/2025\/09\/1-23.jpg","datePublished":"2025-09-29T18:37:39+00:00","dateModified":"2025-09-29T18:37:40+00:00","author":{"@id":"https:\/\/lagnoticias.com\/#\/schema\/person\/cb9bfe13f8de05d2c55270be25c6a550"},"breadcrumb":{"@id":"https:\/\/lagnoticias.com\/2025\/09\/29\/la-onu-denuncia-tortura-sistematica-a-detenidos-por-rusia\/#breadcrumb"},"inLanguage":"en-US","potentialAction":[{"@type":"ReadAction","target":["https:\/\/lagnoticias.com\/2025\/09\/29\/la-onu-denuncia-tortura-sistematica-a-detenidos-por-rusia\/"]}]},{"@type":"ImageObject","inLanguage":"en-US","@id":"https:\/\/lagnoticias.com\/2025\/09\/29\/la-onu-denuncia-tortura-sistematica-a-detenidos-por-rusia\/#primaryimage","url":"https:\/\/lagnoticias.com\/wp-content\/uploads\/2025\/09\/1-23.jpg","contentUrl":"https:\/\/lagnoticias.com\/wp-content\/uploads\/2025\/09\/1-23.jpg","width":1092,"height":510},{"@type":"BreadcrumbList","@id":"https:\/\/lagnoticias.com\/2025\/09\/29\/la-onu-denuncia-tortura-sistematica-a-detenidos-por-rusia\/#breadcrumb","itemListElement":[{"@type":"ListItem","position":1,"name":"Portada","item":"https:\/\/lagnoticias.com\/"},{"@type":"ListItem","position":2,"name":"La ONU denuncia tortura \u00absistem\u00e1tica\u00bb a detenidos por Rusia"}]},{"@type":"WebSite","@id":"https:\/\/lagnoticias.com\/#website","url":"https:\/\/lagnoticias.com\/","name":"La G Noticias","description":"Noticias Positivas","potentialAction":[{"@type":"SearchAction","target":{"@type":"EntryPoint","urlTemplate":"https:\/\/lagnoticias.com\/?s={search_term_string}"},"query-input":{"@type":"PropertyValueSpecification","valueRequired":true,"valueName":"search_term_string"}}],"inLanguage":"en-US"},{"@type":"Person","@id":"https:\/\/lagnoticias.com\/#\/schema\/person\/cb9bfe13f8de05d2c55270be25c6a550","name":"Oscar","image":{"@type":"ImageObject","inLanguage":"en-US","@id":"https:\/\/secure.gravatar.com\/avatar\/45c195718f652dc7ffdd591dc1f2678956ab7fdadcd359a635edc61304a8c757?s=96&d=mm&r=g","url":"https:\/\/secure.gravatar.com\/avatar\/45c195718f652dc7ffdd591dc1f2678956ab7fdadcd359a635edc61304a8c757?s=96&d=mm&r=g","contentUrl":"https:\/\/secure.gravatar.com\/avatar\/45c195718f652dc7ffdd591dc1f2678956ab7fdadcd359a635edc61304a8c757?s=96&d=mm&r=g","caption":"Oscar"},"url":"https:\/\/lagnoticias.com\/en\/author\/oscar\/"}]}},"_links":{"self":[{"href":"https:\/\/lagnoticias.com\/en\/wp-json\/wp\/v2\/posts\/5428","targetHints":{"allow":["GET"]}}],"collection":[{"href":"https:\/\/lagnoticias.com\/en\/wp-json\/wp\/v2\/posts"}],"about":[{"href":"https:\/\/lagnoticias.com\/en\/wp-json\/wp\/v2\/types\/post"}],"author":[{"embeddable":true,"href":"https:\/\/lagnoticias.com\/en\/wp-json\/wp\/v2\/users\/2"}],"replies":[{"embeddable":true,"href":"https:\/\/lagnoticias.com\/en\/wp-json\/wp\/v2\/comments?post=5428"}],"version-history":[{"count":1,"href":"https:\/\/lagnoticias.com\/en\/wp-json\/wp\/v2\/posts\/5428\/revisions"}],"predecessor-version":[{"id":5430,"href":"https:\/\/lagnoticias.com\/en\/wp-json\/wp\/v2\/posts\/5428\/revisions\/5430"}],"wp:featuredmedia":[{"embeddable":true,"href":"https:\/\/lagnoticias.com\/en\/wp-json\/wp\/v2\/media\/5429"}],"wp:attachment":[{"href":"https:\/\/lagnoticias.com\/en\/wp-json\/wp\/v2\/media?parent=5428"}],"wp:term":[{"taxonomy":"category","embeddable":true,"href":"https:\/\/lagnoticias.com\/en\/wp-json\/wp\/v2\/categories?post=5428"},{"taxonomy":"post_tag","embeddable":true,"href":"https:\/\/lagnoticias.com\/en\/wp-json\/wp\/v2\/tags?post=5428"}],"curies":[{"name":"wp","href":"https:\/\/api.w.org\/{rel}","templated":true}]}}