{"id":5420,"date":"2025-09-29T09:03:05","date_gmt":"2025-09-29T15:03:05","guid":{"rendered":"https:\/\/lagnoticias.com\/?p=5420"},"modified":"2025-09-29T09:03:06","modified_gmt":"2025-09-29T15:03:06","slug":"bad-bunny-sera-el-encargado-del-show-de-medio-tiempo-del-super-bowl-lx","status":"publish","type":"post","link":"https:\/\/lagnoticias.com\/en\/2025\/09\/29\/bad-bunny-sera-el-encargado-del-show-de-medio-tiempo-del-super-bowl-lx\/","title":{"rendered":"Bad Bunny ser\u00e1 el encargado del show de medio tiempo del Super Bowl LX"},"content":{"rendered":"<p>En un anuncio que ha causado sensaci\u00f3n en redes sociales y medios internacionales, el cantante&nbsp;Bad Bunny&nbsp;fue confirmado como&nbsp;artista principal del espect\u00e1culo de medio tiempo del Super Bowl LX.<\/p>\n\n\n\n<p>La noticia se dio a conocer durante el medio tiempo del partido de&nbsp;Sunday Night Football&nbsp;entre los&nbsp;Green Bay Packers&nbsp;y los&nbsp;Dallas Cowboys.<\/p>\n\n\n\n<h2 class=\"wp-block-heading\">El anuncio de Bad Bunny<\/h2>\n\n\n\n<p>El cantante puertorrique\u00f1o comparti\u00f3 un post donde destacaba que confirmar\u00eda una fecha para Estados Unidos en su tour,&nbsp;dejando en claro que ser\u00eda para el show de medio tiempo del m\u00e1ximo espect\u00e1culo deportivo del pa\u00eds norteamericano.<\/p>\n\n\n\n<p><\/p>\n\n\n\n<figure class=\"wp-block-embed is-type-rich is-provider-twitter wp-block-embed-twitter\"><div class=\"wp-block-embed__wrapper\">\n<blockquote class=\"twitter-tweet\" data-width=\"550\" data-dnt=\"true\"><p lang=\"ro\" dir=\"ltr\">Super Bowl LX. <br>Bay Area. <br>February 2026.<a href=\"https:\/\/twitter.com\/hashtag\/AppleMusicHalftime?src=hash&amp;ref_src=twsrc%5Etfw\" target=\"_blank\" rel=\"noopener noreferrer nofollow\">#AppleMusicHalftime<\/a><a href=\"https:\/\/twitter.com\/NFL?ref_src=twsrc%5Etfw\" target=\"_blank\" rel=\"noopener noreferrer nofollow\">@NFL<\/a> <a href=\"https:\/\/twitter.com\/AppleMusic?ref_src=twsrc%5Etfw\" target=\"_blank\" rel=\"noopener noreferrer nofollow\">@AppleMusic<\/a> <a href=\"https:\/\/twitter.com\/RocNation?ref_src=twsrc%5Etfw\" target=\"_blank\" rel=\"noopener noreferrer nofollow\">@RocNation<\/a> <a href=\"https:\/\/twitter.com\/SNFonNBC?ref_src=twsrc%5Etfw\" target=\"_blank\" rel=\"noopener noreferrer nofollow\">@SNFonNBC<\/a> <a href=\"https:\/\/twitter.com\/nbc?ref_src=twsrc%5Etfw\" target=\"_blank\" rel=\"noopener noreferrer nofollow\">@nbc<\/a> <a href=\"https:\/\/twitter.com\/peacock?ref_src=twsrc%5Etfw\" target=\"_blank\" rel=\"noopener noreferrer nofollow\">@peacock<\/a> <a href=\"https:\/\/t.co\/XEWpAldrlS\" target=\"_blank\" rel=\"noopener noreferrer nofollow\">pic.twitter.com\/XEWpAldrlS<\/a><\/p>&mdash; Benito Antonio (@sanbenito) <a href=\"https:\/\/twitter.com\/sanbenito\/status\/1972480343489012090?ref_src=twsrc%5Etfw\" target=\"_blank\" rel=\"noopener noreferrer nofollow\">September 29, 2025<\/a><\/blockquote><script async src=\"https:\/\/platform.twitter.com\/widgets.js\" charset=\"utf-8\"><\/script>\n<\/div><\/figure>\n\n\n\n<p><\/p>\n\n\n\n<p>Benito apenas cerr\u00f3 con una residencia de 30 conciertos desde su natal Puerto Rico.<\/p>\n\n\n\n<p>El&nbsp;Super Bowl LX&nbsp;se celebrar\u00e1 el&nbsp;8 de febrero de 2026&nbsp;en el&nbsp;Levi\u2019s Stadium de Santa Clara, California, casa de los&nbsp;San Francisco 49ers.<\/p>\n\n\n\n<h2 class=\"wp-block-heading\">Busca superar a Kendrick Lamar<\/h2>\n\n\n\n<p>Este anuncio sigue a la hist\u00f3rica actuaci\u00f3n de&nbsp;Kendrick Lamar&nbsp;en el Super Bowl LIX (febrero de 2025), que logr\u00f3&nbsp;133.5 millones de espectadores, superando incluso la audiencia del partido.&nbsp;Bad Bunny podr\u00eda encaminarse a superar al rapero estadounidense.<\/p>\n\n\n\n<p>Con&nbsp;tres premios Grammy&nbsp;y m\u00e1s de&nbsp;50 mil millones de streams en Spotify, Bad Bunny se suma a la lista de headliners legendarios que incluye a&nbsp;Michael Jackson, Beyonc\u00e9, Rihanna, Madonna y Usher.<\/p>\n\n\n\n<h2 class=\"wp-block-heading\">Taylor y Adele no van<\/h2>\n\n\n\n<p>Durante meses se especul\u00f3 sobre qui\u00e9n encabezar\u00eda el show. Inicialmente se mencion\u00f3 a&nbsp;Taylor Swift, debido a su relaci\u00f3n con la NFL por Travis Kelce, pero la cantante habr\u00eda rechazado la propuesta por desacuerdos con la liga.<\/p>\n\n\n\n<p>Adele&nbsp;tambi\u00e9n estuvo en consideraci\u00f3n, pero finalmente&nbsp;Bad Bunny&nbsp;se impuso gracias a su capacidad de conectar con audiencias multiling\u00fces y su estilo vibrante, seg\u00fan&nbsp;Jon Barker, vicepresidente senior de producci\u00f3n de eventos globales de la NFL.<\/p>","protected":false},"excerpt":{"rendered":"<p>El cantante puertorrique\u00f1o comparti\u00f3 un post donde destacaba que confirmar\u00eda una fecha para Estados Unidos en su tour en el Super Bowl de 2026.<\/p>","protected":false},"author":2,"featured_media":5421,"comment_status":"open","ping_status":"open","sticky":false,"template":"","format":"standard","meta":{"_et_pb_use_builder":"off","_et_pb_old_content":"","_et_gb_content_width":"","footnotes":""},"categories":[679,249],"tags":[764,260,1134],"class_list":["post-5420","post","type-post","status-publish","format-standard","has-post-thumbnail","hentry","category-destacados","category-entretenimiento","tag-bad-bunny","tag-estados-unidos","tag-super-bowl-lx-2026"],"yoast_head":"<!-- This site is optimized with the Yoast SEO plugin v27.4 - https:\/\/yoast.com\/product\/yoast-seo-wordpress\/ -->\n<title>Bad Bunny ser\u00e1 el encargado del show de medio tiempo del Super Bowl LX - La G Noticias<\/title>\n<meta name=\"robots\" content=\"index, follow, max-snippet:-1, max-image-preview:large, max-video-preview:-1\" \/>\n<link rel=\"canonical\" href=\"https:\/\/lagnoticias.com\/en\/2025\/09\/29\/bad-bunny-sera-el-encargado-del-show-de-medio-tiempo-del-super-bowl-lx\/\" \/>\n<meta property=\"og:locale\" content=\"en_US\" \/>\n<meta property=\"og:type\" content=\"article\" \/>\n<meta property=\"og:title\" content=\"Bad Bunny ser\u00e1 el encargado del show de medio tiempo del Super Bowl LX - La G Noticias\" \/>\n<meta property=\"og:description\" content=\"El cantante puertorrique\u00f1o comparti\u00f3 un post donde destacaba que confirmar\u00eda una fecha para Estados Unidos en su tour en el Super Bowl de 2026.\" \/>\n<meta property=\"og:url\" content=\"https:\/\/lagnoticias.com\/en\/2025\/09\/29\/bad-bunny-sera-el-encargado-del-show-de-medio-tiempo-del-super-bowl-lx\/\" \/>\n<meta property=\"og:site_name\" content=\"La G Noticias\" \/>\n<meta property=\"article:publisher\" content=\"https:\/\/www.facebook.com\/LaGNoticias\" \/>\n<meta property=\"article:published_time\" content=\"2025-09-29T15:03:05+00:00\" \/>\n<meta property=\"article:modified_time\" content=\"2025-09-29T15:03:06+00:00\" \/>\n<meta property=\"og:image\" content=\"https:\/\/lagnoticias.com\/wp-content\/uploads\/2025\/09\/45-4.jpg\" \/>\n\t<meta property=\"og:image:width\" content=\"1200\" \/>\n\t<meta property=\"og:image:height\" content=\"800\" \/>\n\t<meta property=\"og:image:type\" content=\"image\/jpeg\" \/>\n<meta name=\"author\" content=\"Oscar\" \/>\n<meta name=\"twitter:card\" content=\"summary_large_image\" \/>\n<meta name=\"twitter:creator\" content=\"@lagnoticias\" \/>\n<meta name=\"twitter:site\" content=\"@lagnoticias\" \/>\n<meta name=\"twitter:label1\" content=\"Written by\" \/>\n\t<meta name=\"twitter:data1\" content=\"Oscar\" \/>\n\t<meta name=\"twitter:label2\" content=\"Est. reading time\" \/>\n\t<meta name=\"twitter:data2\" content=\"2 minutes\" \/>\n<script type=\"application\/ld+json\" class=\"yoast-schema-graph\">{\"@context\":\"https:\\\/\\\/schema.org\",\"@graph\":[{\"@type\":\"Article\",\"@id\":\"https:\\\/\\\/lagnoticias.com\\\/2025\\\/09\\\/29\\\/bad-bunny-sera-el-encargado-del-show-de-medio-tiempo-del-super-bowl-lx\\\/#article\",\"isPartOf\":{\"@id\":\"https:\\\/\\\/lagnoticias.com\\\/2025\\\/09\\\/29\\\/bad-bunny-sera-el-encargado-del-show-de-medio-tiempo-del-super-bowl-lx\\\/\"},\"author\":{\"name\":\"Oscar\",\"@id\":\"https:\\\/\\\/lagnoticias.com\\\/#\\\/schema\\\/person\\\/cb9bfe13f8de05d2c55270be25c6a550\"},\"headline\":\"Bad Bunny ser\u00e1 el encargado del show de medio tiempo del Super Bowl LX\",\"datePublished\":\"2025-09-29T15:03:05+00:00\",\"dateModified\":\"2025-09-29T15:03:06+00:00\",\"mainEntityOfPage\":{\"@id\":\"https:\\\/\\\/lagnoticias.com\\\/2025\\\/09\\\/29\\\/bad-bunny-sera-el-encargado-del-show-de-medio-tiempo-del-super-bowl-lx\\\/\"},\"wordCount\":357,\"commentCount\":0,\"image\":{\"@id\":\"https:\\\/\\\/lagnoticias.com\\\/2025\\\/09\\\/29\\\/bad-bunny-sera-el-encargado-del-show-de-medio-tiempo-del-super-bowl-lx\\\/#primaryimage\"},\"thumbnailUrl\":\"https:\\\/\\\/lagnoticias.com\\\/wp-content\\\/uploads\\\/2025\\\/09\\\/45-4.jpg\",\"keywords\":[\"BAD BUNNY\",\"ESTADOS UNIDOS\",\"SUPER BOWL LX 2026\"],\"articleSection\":[\"DESTACADOS\",\"ENTRETENIMIENTO\"],\"inLanguage\":\"en-US\",\"potentialAction\":[{\"@type\":\"CommentAction\",\"name\":\"Comment\",\"target\":[\"https:\\\/\\\/lagnoticias.com\\\/2025\\\/09\\\/29\\\/bad-bunny-sera-el-encargado-del-show-de-medio-tiempo-del-super-bowl-lx\\\/#respond\"]}]},{\"@type\":\"WebPage\",\"@id\":\"https:\\\/\\\/lagnoticias.com\\\/2025\\\/09\\\/29\\\/bad-bunny-sera-el-encargado-del-show-de-medio-tiempo-del-super-bowl-lx\\\/\",\"url\":\"https:\\\/\\\/lagnoticias.com\\\/2025\\\/09\\\/29\\\/bad-bunny-sera-el-encargado-del-show-de-medio-tiempo-del-super-bowl-lx\\\/\",\"name\":\"Bad Bunny ser\u00e1 el encargado del show de medio tiempo del Super Bowl LX - La G Noticias\",\"isPartOf\":{\"@id\":\"https:\\\/\\\/lagnoticias.com\\\/#website\"},\"primaryImageOfPage\":{\"@id\":\"https:\\\/\\\/lagnoticias.com\\\/2025\\\/09\\\/29\\\/bad-bunny-sera-el-encargado-del-show-de-medio-tiempo-del-super-bowl-lx\\\/#primaryimage\"},\"image\":{\"@id\":\"https:\\\/\\\/lagnoticias.com\\\/2025\\\/09\\\/29\\\/bad-bunny-sera-el-encargado-del-show-de-medio-tiempo-del-super-bowl-lx\\\/#primaryimage\"},\"thumbnailUrl\":\"https:\\\/\\\/lagnoticias.com\\\/wp-content\\\/uploads\\\/2025\\\/09\\\/45-4.jpg\",\"datePublished\":\"2025-09-29T15:03:05+00:00\",\"dateModified\":\"2025-09-29T15:03:06+00:00\",\"author\":{\"@id\":\"https:\\\/\\\/lagnoticias.com\\\/#\\\/schema\\\/person\\\/cb9bfe13f8de05d2c55270be25c6a550\"},\"breadcrumb\":{\"@id\":\"https:\\\/\\\/lagnoticias.com\\\/2025\\\/09\\\/29\\\/bad-bunny-sera-el-encargado-del-show-de-medio-tiempo-del-super-bowl-lx\\\/#breadcrumb\"},\"inLanguage\":\"en-US\",\"potentialAction\":[{\"@type\":\"ReadAction\",\"target\":[\"https:\\\/\\\/lagnoticias.com\\\/2025\\\/09\\\/29\\\/bad-bunny-sera-el-encargado-del-show-de-medio-tiempo-del-super-bowl-lx\\\/\"]}]},{\"@type\":\"ImageObject\",\"inLanguage\":\"en-US\",\"@id\":\"https:\\\/\\\/lagnoticias.com\\\/2025\\\/09\\\/29\\\/bad-bunny-sera-el-encargado-del-show-de-medio-tiempo-del-super-bowl-lx\\\/#primaryimage\",\"url\":\"https:\\\/\\\/lagnoticias.com\\\/wp-content\\\/uploads\\\/2025\\\/09\\\/45-4.jpg\",\"contentUrl\":\"https:\\\/\\\/lagnoticias.com\\\/wp-content\\\/uploads\\\/2025\\\/09\\\/45-4.jpg\",\"width\":1200,\"height\":800},{\"@type\":\"BreadcrumbList\",\"@id\":\"https:\\\/\\\/lagnoticias.com\\\/2025\\\/09\\\/29\\\/bad-bunny-sera-el-encargado-del-show-de-medio-tiempo-del-super-bowl-lx\\\/#breadcrumb\",\"itemListElement\":[{\"@type\":\"ListItem\",\"position\":1,\"name\":\"Portada\",\"item\":\"https:\\\/\\\/lagnoticias.com\\\/\"},{\"@type\":\"ListItem\",\"position\":2,\"name\":\"Bad Bunny ser\u00e1 el encargado del show de medio tiempo del Super Bowl LX\"}]},{\"@type\":\"WebSite\",\"@id\":\"https:\\\/\\\/lagnoticias.com\\\/#website\",\"url\":\"https:\\\/\\\/lagnoticias.com\\\/\",\"name\":\"La G Noticias\",\"description\":\"Noticias Positivas\",\"potentialAction\":[{\"@type\":\"SearchAction\",\"target\":{\"@type\":\"EntryPoint\",\"urlTemplate\":\"https:\\\/\\\/lagnoticias.com\\\/?s={search_term_string}\"},\"query-input\":{\"@type\":\"PropertyValueSpecification\",\"valueRequired\":true,\"valueName\":\"search_term_string\"}}],\"inLanguage\":\"en-US\"},{\"@type\":\"Person\",\"@id\":\"https:\\\/\\\/lagnoticias.com\\\/#\\\/schema\\\/person\\\/cb9bfe13f8de05d2c55270be25c6a550\",\"name\":\"Oscar\",\"image\":{\"@type\":\"ImageObject\",\"inLanguage\":\"en-US\",\"@id\":\"https:\\\/\\\/secure.gravatar.com\\\/avatar\\\/45c195718f652dc7ffdd591dc1f2678956ab7fdadcd359a635edc61304a8c757?s=96&d=mm&r=g\",\"url\":\"https:\\\/\\\/secure.gravatar.com\\\/avatar\\\/45c195718f652dc7ffdd591dc1f2678956ab7fdadcd359a635edc61304a8c757?s=96&d=mm&r=g\",\"contentUrl\":\"https:\\\/\\\/secure.gravatar.com\\\/avatar\\\/45c195718f652dc7ffdd591dc1f2678956ab7fdadcd359a635edc61304a8c757?s=96&d=mm&r=g\",\"caption\":\"Oscar\"},\"url\":\"https:\\\/\\\/lagnoticias.com\\\/en\\\/author\\\/oscar\\\/\"}]}<\/script>\n<!-- \/ Yoast SEO plugin. -->","yoast_head_json":{"title":"Bad Bunny ser\u00e1 el encargado del show de medio tiempo del Super Bowl LX - La G Noticias","robots":{"index":"index","follow":"follow","max-snippet":"max-snippet:-1","max-image-preview":"max-image-preview:large","max-video-preview":"max-video-preview:-1"},"canonical":"https:\/\/lagnoticias.com\/en\/2025\/09\/29\/bad-bunny-sera-el-encargado-del-show-de-medio-tiempo-del-super-bowl-lx\/","og_locale":"en_US","og_type":"article","og_title":"Bad Bunny ser\u00e1 el encargado del show de medio tiempo del Super Bowl LX - La G Noticias","og_description":"El cantante puertorrique\u00f1o comparti\u00f3 un post donde destacaba que confirmar\u00eda una fecha para Estados Unidos en su tour en el Super Bowl de 2026.","og_url":"https:\/\/lagnoticias.com\/en\/2025\/09\/29\/bad-bunny-sera-el-encargado-del-show-de-medio-tiempo-del-super-bowl-lx\/","og_site_name":"La G Noticias","article_publisher":"https:\/\/www.facebook.com\/LaGNoticias","article_published_time":"2025-09-29T15:03:05+00:00","article_modified_time":"2025-09-29T15:03:06+00:00","og_image":[{"width":1200,"height":800,"url":"https:\/\/lagnoticias.com\/wp-content\/uploads\/2025\/09\/45-4.jpg","type":"image\/jpeg"}],"author":"Oscar","twitter_card":"summary_large_image","twitter_creator":"@lagnoticias","twitter_site":"@lagnoticias","twitter_misc":{"Written by":"Oscar","Est. reading time":"2 minutes"},"schema":{"@context":"https:\/\/schema.org","@graph":[{"@type":"Article","@id":"https:\/\/lagnoticias.com\/2025\/09\/29\/bad-bunny-sera-el-encargado-del-show-de-medio-tiempo-del-super-bowl-lx\/#article","isPartOf":{"@id":"https:\/\/lagnoticias.com\/2025\/09\/29\/bad-bunny-sera-el-encargado-del-show-de-medio-tiempo-del-super-bowl-lx\/"},"author":{"name":"Oscar","@id":"https:\/\/lagnoticias.com\/#\/schema\/person\/cb9bfe13f8de05d2c55270be25c6a550"},"headline":"Bad Bunny ser\u00e1 el encargado del show de medio tiempo del Super Bowl LX","datePublished":"2025-09-29T15:03:05+00:00","dateModified":"2025-09-29T15:03:06+00:00","mainEntityOfPage":{"@id":"https:\/\/lagnoticias.com\/2025\/09\/29\/bad-bunny-sera-el-encargado-del-show-de-medio-tiempo-del-super-bowl-lx\/"},"wordCount":357,"commentCount":0,"image":{"@id":"https:\/\/lagnoticias.com\/2025\/09\/29\/bad-bunny-sera-el-encargado-del-show-de-medio-tiempo-del-super-bowl-lx\/#primaryimage"},"thumbnailUrl":"https:\/\/lagnoticias.com\/wp-content\/uploads\/2025\/09\/45-4.jpg","keywords":["BAD BUNNY","ESTADOS UNIDOS","SUPER BOWL LX 2026"],"articleSection":["DESTACADOS","ENTRETENIMIENTO"],"inLanguage":"en-US","potentialAction":[{"@type":"CommentAction","name":"Comment","target":["https:\/\/lagnoticias.com\/2025\/09\/29\/bad-bunny-sera-el-encargado-del-show-de-medio-tiempo-del-super-bowl-lx\/#respond"]}]},{"@type":"WebPage","@id":"https:\/\/lagnoticias.com\/2025\/09\/29\/bad-bunny-sera-el-encargado-del-show-de-medio-tiempo-del-super-bowl-lx\/","url":"https:\/\/lagnoticias.com\/2025\/09\/29\/bad-bunny-sera-el-encargado-del-show-de-medio-tiempo-del-super-bowl-lx\/","name":"Bad Bunny ser\u00e1 el encargado del show de medio tiempo del Super Bowl LX - La G Noticias","isPartOf":{"@id":"https:\/\/lagnoticias.com\/#website"},"primaryImageOfPage":{"@id":"https:\/\/lagnoticias.com\/2025\/09\/29\/bad-bunny-sera-el-encargado-del-show-de-medio-tiempo-del-super-bowl-lx\/#primaryimage"},"image":{"@id":"https:\/\/lagnoticias.com\/2025\/09\/29\/bad-bunny-sera-el-encargado-del-show-de-medio-tiempo-del-super-bowl-lx\/#primaryimage"},"thumbnailUrl":"https:\/\/lagnoticias.com\/wp-content\/uploads\/2025\/09\/45-4.jpg","datePublished":"2025-09-29T15:03:05+00:00","dateModified":"2025-09-29T15:03:06+00:00","author":{"@id":"https:\/\/lagnoticias.com\/#\/schema\/person\/cb9bfe13f8de05d2c55270be25c6a550"},"breadcrumb":{"@id":"https:\/\/lagnoticias.com\/2025\/09\/29\/bad-bunny-sera-el-encargado-del-show-de-medio-tiempo-del-super-bowl-lx\/#breadcrumb"},"inLanguage":"en-US","potentialAction":[{"@type":"ReadAction","target":["https:\/\/lagnoticias.com\/2025\/09\/29\/bad-bunny-sera-el-encargado-del-show-de-medio-tiempo-del-super-bowl-lx\/"]}]},{"@type":"ImageObject","inLanguage":"en-US","@id":"https:\/\/lagnoticias.com\/2025\/09\/29\/bad-bunny-sera-el-encargado-del-show-de-medio-tiempo-del-super-bowl-lx\/#primaryimage","url":"https:\/\/lagnoticias.com\/wp-content\/uploads\/2025\/09\/45-4.jpg","contentUrl":"https:\/\/lagnoticias.com\/wp-content\/uploads\/2025\/09\/45-4.jpg","width":1200,"height":800},{"@type":"BreadcrumbList","@id":"https:\/\/lagnoticias.com\/2025\/09\/29\/bad-bunny-sera-el-encargado-del-show-de-medio-tiempo-del-super-bowl-lx\/#breadcrumb","itemListElement":[{"@type":"ListItem","position":1,"name":"Portada","item":"https:\/\/lagnoticias.com\/"},{"@type":"ListItem","position":2,"name":"Bad Bunny ser\u00e1 el encargado del show de medio tiempo del Super Bowl LX"}]},{"@type":"WebSite","@id":"https:\/\/lagnoticias.com\/#website","url":"https:\/\/lagnoticias.com\/","name":"La G Noticias","description":"Noticias Positivas","potentialAction":[{"@type":"SearchAction","target":{"@type":"EntryPoint","urlTemplate":"https:\/\/lagnoticias.com\/?s={search_term_string}"},"query-input":{"@type":"PropertyValueSpecification","valueRequired":true,"valueName":"search_term_string"}}],"inLanguage":"en-US"},{"@type":"Person","@id":"https:\/\/lagnoticias.com\/#\/schema\/person\/cb9bfe13f8de05d2c55270be25c6a550","name":"Oscar","image":{"@type":"ImageObject","inLanguage":"en-US","@id":"https:\/\/secure.gravatar.com\/avatar\/45c195718f652dc7ffdd591dc1f2678956ab7fdadcd359a635edc61304a8c757?s=96&d=mm&r=g","url":"https:\/\/secure.gravatar.com\/avatar\/45c195718f652dc7ffdd591dc1f2678956ab7fdadcd359a635edc61304a8c757?s=96&d=mm&r=g","contentUrl":"https:\/\/secure.gravatar.com\/avatar\/45c195718f652dc7ffdd591dc1f2678956ab7fdadcd359a635edc61304a8c757?s=96&d=mm&r=g","caption":"Oscar"},"url":"https:\/\/lagnoticias.com\/en\/author\/oscar\/"}]}},"_links":{"self":[{"href":"https:\/\/lagnoticias.com\/en\/wp-json\/wp\/v2\/posts\/5420","targetHints":{"allow":["GET"]}}],"collection":[{"href":"https:\/\/lagnoticias.com\/en\/wp-json\/wp\/v2\/posts"}],"about":[{"href":"https:\/\/lagnoticias.com\/en\/wp-json\/wp\/v2\/types\/post"}],"author":[{"embeddable":true,"href":"https:\/\/lagnoticias.com\/en\/wp-json\/wp\/v2\/users\/2"}],"replies":[{"embeddable":true,"href":"https:\/\/lagnoticias.com\/en\/wp-json\/wp\/v2\/comments?post=5420"}],"version-history":[{"count":1,"href":"https:\/\/lagnoticias.com\/en\/wp-json\/wp\/v2\/posts\/5420\/revisions"}],"predecessor-version":[{"id":5422,"href":"https:\/\/lagnoticias.com\/en\/wp-json\/wp\/v2\/posts\/5420\/revisions\/5422"}],"wp:featuredmedia":[{"embeddable":true,"href":"https:\/\/lagnoticias.com\/en\/wp-json\/wp\/v2\/media\/5421"}],"wp:attachment":[{"href":"https:\/\/lagnoticias.com\/en\/wp-json\/wp\/v2\/media?parent=5420"}],"wp:term":[{"taxonomy":"category","embeddable":true,"href":"https:\/\/lagnoticias.com\/en\/wp-json\/wp\/v2\/categories?post=5420"},{"taxonomy":"post_tag","embeddable":true,"href":"https:\/\/lagnoticias.com\/en\/wp-json\/wp\/v2\/tags?post=5420"}],"curies":[{"name":"wp","href":"https:\/\/api.w.org\/{rel}","templated":true}]}}