{"id":5416,"date":"2025-09-29T08:46:26","date_gmt":"2025-09-29T14:46:26","guid":{"rendered":"https:\/\/lagnoticias.com\/?p=5416"},"modified":"2025-09-29T08:46:26","modified_gmt":"2025-09-29T14:46:26","slug":"se-llevo-a-cabo-el-festival-arte-y-diseno-el-salvador-en-suchitoto","status":"publish","type":"post","link":"https:\/\/lagnoticias.com\/en\/2025\/09\/29\/se-llevo-a-cabo-el-festival-arte-y-diseno-el-salvador-en-suchitoto\/","title":{"rendered":"Se llev\u00f3 a cabo el Festival Arte y Dise\u00f1o El Salvador en Suchitoto"},"content":{"rendered":"<p>Bajo el concepto de Trama: donde las ideas se entretejen, la Comisi\u00f3n Nacional de la Micro y Peque\u00f1a Empresa (Conamype) llev\u00f3 a cabo el Festival Arte y Dise\u00f1o El Salvador, en Suchitoto, evento que inici\u00f3 el s\u00e1bado y finaliz\u00f3 ayer domingo, el cual comprende actividades como la pasarela del Cl\u00faster de Moda (#SMODA), exposiciones de piezas y productos artesanales, ponencias, talleres y espacios de comercializaci\u00f3n para las micro y peque\u00f1as empresas (mypes).<\/p>\n\n\n\n<p>\u201cTradicionalmente, hemos hecho un Festival Nacional de Arte y Dise\u00f1o en San Salvador, pero esta vez decidimos que vamos a comenzar a llevar el festival al territorio, porque la gran mayor\u00eda de las marcas que nacen en SMODA (una pasarela con dise\u00f1os artesanales) vienen de territorio; entonces, la idea de desarrollo econ\u00f3mico local es tratar de fomentar ese dinamismo econ\u00f3mico\u201d, dijo el presidente de Conamype, Paul Steiner.<\/p>\n\n\n\n<p><\/p>\n\n\n\n<figure class=\"wp-block-image aligncenter size-large\"><img loading=\"lazy\" decoding=\"async\" width=\"1024\" height=\"719\" src=\"https:\/\/lagnoticias.com\/wp-content\/uploads\/2025\/09\/4-36-1024x719.jpg\" alt=\"\" class=\"wp-image-5417\" srcset=\"https:\/\/lagnoticias.com\/wp-content\/uploads\/2025\/09\/4-36-980x688.jpg 980w, https:\/\/lagnoticias.com\/wp-content\/uploads\/2025\/09\/4-36-480x337.jpg 480w\" sizes=\"(min-width: 0px) and (max-width: 480px) 480px, (min-width: 481px) and (max-width: 980px) 980px, (min-width: 981px) 1024px, 100vw\" \/><\/figure>\n\n\n\n<p><\/p>\n\n\n\n<p>Por primera vez, Conamype ha organizado este a\u00f1o tres Festivales Regionales para impulsar a los artesanos. El segundo tendr\u00e1 lugar en el distrito de Chalchuapa, en Santa Ana Oeste, en octubre pr\u00f3ximo; mientras que el tercero ser\u00e1 en diciembre, en el puerto de La Libertad, en La Libertad Costa, con el objetivo de apoyar y proyectar m\u00e1s a los artesanos y emprendedores salvadore\u00f1os.<\/p>\n\n\n\n<p>\u201cSe nos han abierto puertas desde el inicio que nosotros empezamos a innovar con nuestros productos, hacer dise\u00f1os un poquito diferentes. Se nos abrieron puertas, hemos podido participar y hemos llegado a niveles internacionales\u201d, destac\u00f3 Abiga\u00edl Vega, una de las emprendedoras que participa en el evento.<\/p>\n\n\n\n<p>Este espacio de creatividad, innovaci\u00f3n y dise\u00f1o artesanal, reuni\u00f3 a m\u00e1s de 80 mypes.<\/p>\n\n\n\n<p>Por medio de estas iniciativas, se acent\u00faa el compromiso de fortalecer a las mype, impulsando estrategias que generan mayores oportunidades de desarrollo y crecimiento, dentro y fuera de las fronteras salvadore\u00f1as.<\/p>","protected":false},"excerpt":{"rendered":"<p>Bajo el concepto de Trama: donde las ideas se entretejen, la Comisi\u00f3n Nacional de la Micro y Peque\u00f1a Empresa (Conamype) llev\u00f3 a cabo el Festival Arte y Dise\u00f1o El Salvador, en Suchitoto, evento que inici\u00f3 el s\u00e1bado y finaliz\u00f3 ayer domingo, el cual comprende actividades como la pasarela del Cl\u00faster de Moda (#SMODA), exposiciones de [&hellip;]<\/p>","protected":false},"author":2,"featured_media":5418,"comment_status":"open","ping_status":"open","sticky":false,"template":"","format":"standard","meta":{"_et_pb_use_builder":"off","_et_pb_old_content":"","_et_gb_content_width":"","footnotes":""},"categories":[244],"tags":[298,267,1133],"class_list":["post-5416","post","type-post","status-publish","format-standard","has-post-thumbnail","hentry","category-nacionales","tag-conamype","tag-el-salvador","tag-festival-arte-y-diseno-el-salvador"],"yoast_head":"<!-- This site is optimized with the Yoast SEO plugin v27.4 - https:\/\/yoast.com\/product\/yoast-seo-wordpress\/ -->\n<title>Se llev\u00f3 a cabo el Festival Arte y Dise\u00f1o El Salvador en Suchitoto - La G Noticias<\/title>\n<meta name=\"robots\" content=\"index, follow, max-snippet:-1, max-image-preview:large, max-video-preview:-1\" \/>\n<link rel=\"canonical\" href=\"https:\/\/lagnoticias.com\/en\/2025\/09\/29\/se-llevo-a-cabo-el-festival-arte-y-diseno-el-salvador-en-suchitoto\/\" \/>\n<meta property=\"og:locale\" content=\"en_US\" \/>\n<meta property=\"og:type\" content=\"article\" \/>\n<meta property=\"og:title\" content=\"Se llev\u00f3 a cabo el Festival Arte y Dise\u00f1o El Salvador en Suchitoto - La G Noticias\" \/>\n<meta property=\"og:description\" content=\"Bajo el concepto de Trama: donde las ideas se entretejen, la Comisi\u00f3n Nacional de la Micro y Peque\u00f1a Empresa (Conamype) llev\u00f3 a cabo el Festival Arte y Dise\u00f1o El Salvador, en Suchitoto, evento que inici\u00f3 el s\u00e1bado y finaliz\u00f3 ayer domingo, el cual comprende actividades como la pasarela del Cl\u00faster de Moda (#SMODA), exposiciones de [&hellip;]\" \/>\n<meta property=\"og:url\" content=\"https:\/\/lagnoticias.com\/en\/2025\/09\/29\/se-llevo-a-cabo-el-festival-arte-y-diseno-el-salvador-en-suchitoto\/\" \/>\n<meta property=\"og:site_name\" content=\"La G Noticias\" \/>\n<meta property=\"article:publisher\" content=\"https:\/\/www.facebook.com\/LaGNoticias\" \/>\n<meta property=\"article:published_time\" content=\"2025-09-29T14:46:26+00:00\" \/>\n<meta property=\"og:image\" content=\"https:\/\/lagnoticias.com\/wp-content\/uploads\/2025\/09\/2-17.jpg\" \/>\n\t<meta property=\"og:image:width\" content=\"2048\" \/>\n\t<meta property=\"og:image:height\" content=\"1329\" \/>\n\t<meta property=\"og:image:type\" content=\"image\/jpeg\" \/>\n<meta name=\"author\" content=\"Oscar\" \/>\n<meta name=\"twitter:card\" content=\"summary_large_image\" \/>\n<meta name=\"twitter:creator\" content=\"@lagnoticias\" \/>\n<meta name=\"twitter:site\" content=\"@lagnoticias\" \/>\n<meta name=\"twitter:label1\" content=\"Written by\" \/>\n\t<meta name=\"twitter:data1\" content=\"Oscar\" \/>\n\t<meta name=\"twitter:label2\" content=\"Est. reading time\" \/>\n\t<meta name=\"twitter:data2\" content=\"2 minutes\" \/>\n<script type=\"application\/ld+json\" class=\"yoast-schema-graph\">{\"@context\":\"https:\\\/\\\/schema.org\",\"@graph\":[{\"@type\":\"Article\",\"@id\":\"https:\\\/\\\/lagnoticias.com\\\/2025\\\/09\\\/29\\\/se-llevo-a-cabo-el-festival-arte-y-diseno-el-salvador-en-suchitoto\\\/#article\",\"isPartOf\":{\"@id\":\"https:\\\/\\\/lagnoticias.com\\\/2025\\\/09\\\/29\\\/se-llevo-a-cabo-el-festival-arte-y-diseno-el-salvador-en-suchitoto\\\/\"},\"author\":{\"name\":\"Oscar\",\"@id\":\"https:\\\/\\\/lagnoticias.com\\\/#\\\/schema\\\/person\\\/cb9bfe13f8de05d2c55270be25c6a550\"},\"headline\":\"Se llev\u00f3 a cabo el Festival Arte y Dise\u00f1o El Salvador en Suchitoto\",\"datePublished\":\"2025-09-29T14:46:26+00:00\",\"mainEntityOfPage\":{\"@id\":\"https:\\\/\\\/lagnoticias.com\\\/2025\\\/09\\\/29\\\/se-llevo-a-cabo-el-festival-arte-y-diseno-el-salvador-en-suchitoto\\\/\"},\"wordCount\":329,\"commentCount\":0,\"image\":{\"@id\":\"https:\\\/\\\/lagnoticias.com\\\/2025\\\/09\\\/29\\\/se-llevo-a-cabo-el-festival-arte-y-diseno-el-salvador-en-suchitoto\\\/#primaryimage\"},\"thumbnailUrl\":\"https:\\\/\\\/lagnoticias.com\\\/wp-content\\\/uploads\\\/2025\\\/09\\\/2-17.jpg\",\"keywords\":[\"CONAMYPE\",\"EL SALVADOR\",\"Festival Arte y Dise\u00f1o El Salvador\"],\"articleSection\":[\"NACIONALES\"],\"inLanguage\":\"en-US\",\"potentialAction\":[{\"@type\":\"CommentAction\",\"name\":\"Comment\",\"target\":[\"https:\\\/\\\/lagnoticias.com\\\/2025\\\/09\\\/29\\\/se-llevo-a-cabo-el-festival-arte-y-diseno-el-salvador-en-suchitoto\\\/#respond\"]}]},{\"@type\":\"WebPage\",\"@id\":\"https:\\\/\\\/lagnoticias.com\\\/2025\\\/09\\\/29\\\/se-llevo-a-cabo-el-festival-arte-y-diseno-el-salvador-en-suchitoto\\\/\",\"url\":\"https:\\\/\\\/lagnoticias.com\\\/2025\\\/09\\\/29\\\/se-llevo-a-cabo-el-festival-arte-y-diseno-el-salvador-en-suchitoto\\\/\",\"name\":\"Se llev\u00f3 a cabo el Festival Arte y Dise\u00f1o El Salvador en Suchitoto - La G Noticias\",\"isPartOf\":{\"@id\":\"https:\\\/\\\/lagnoticias.com\\\/#website\"},\"primaryImageOfPage\":{\"@id\":\"https:\\\/\\\/lagnoticias.com\\\/2025\\\/09\\\/29\\\/se-llevo-a-cabo-el-festival-arte-y-diseno-el-salvador-en-suchitoto\\\/#primaryimage\"},\"image\":{\"@id\":\"https:\\\/\\\/lagnoticias.com\\\/2025\\\/09\\\/29\\\/se-llevo-a-cabo-el-festival-arte-y-diseno-el-salvador-en-suchitoto\\\/#primaryimage\"},\"thumbnailUrl\":\"https:\\\/\\\/lagnoticias.com\\\/wp-content\\\/uploads\\\/2025\\\/09\\\/2-17.jpg\",\"datePublished\":\"2025-09-29T14:46:26+00:00\",\"author\":{\"@id\":\"https:\\\/\\\/lagnoticias.com\\\/#\\\/schema\\\/person\\\/cb9bfe13f8de05d2c55270be25c6a550\"},\"breadcrumb\":{\"@id\":\"https:\\\/\\\/lagnoticias.com\\\/2025\\\/09\\\/29\\\/se-llevo-a-cabo-el-festival-arte-y-diseno-el-salvador-en-suchitoto\\\/#breadcrumb\"},\"inLanguage\":\"en-US\",\"potentialAction\":[{\"@type\":\"ReadAction\",\"target\":[\"https:\\\/\\\/lagnoticias.com\\\/2025\\\/09\\\/29\\\/se-llevo-a-cabo-el-festival-arte-y-diseno-el-salvador-en-suchitoto\\\/\"]}]},{\"@type\":\"ImageObject\",\"inLanguage\":\"en-US\",\"@id\":\"https:\\\/\\\/lagnoticias.com\\\/2025\\\/09\\\/29\\\/se-llevo-a-cabo-el-festival-arte-y-diseno-el-salvador-en-suchitoto\\\/#primaryimage\",\"url\":\"https:\\\/\\\/lagnoticias.com\\\/wp-content\\\/uploads\\\/2025\\\/09\\\/2-17.jpg\",\"contentUrl\":\"https:\\\/\\\/lagnoticias.com\\\/wp-content\\\/uploads\\\/2025\\\/09\\\/2-17.jpg\",\"width\":2048,\"height\":1329},{\"@type\":\"BreadcrumbList\",\"@id\":\"https:\\\/\\\/lagnoticias.com\\\/2025\\\/09\\\/29\\\/se-llevo-a-cabo-el-festival-arte-y-diseno-el-salvador-en-suchitoto\\\/#breadcrumb\",\"itemListElement\":[{\"@type\":\"ListItem\",\"position\":1,\"name\":\"Portada\",\"item\":\"https:\\\/\\\/lagnoticias.com\\\/\"},{\"@type\":\"ListItem\",\"position\":2,\"name\":\"Se llev\u00f3 a cabo el Festival Arte y Dise\u00f1o El Salvador en Suchitoto\"}]},{\"@type\":\"WebSite\",\"@id\":\"https:\\\/\\\/lagnoticias.com\\\/#website\",\"url\":\"https:\\\/\\\/lagnoticias.com\\\/\",\"name\":\"La G Noticias\",\"description\":\"Noticias Positivas\",\"potentialAction\":[{\"@type\":\"SearchAction\",\"target\":{\"@type\":\"EntryPoint\",\"urlTemplate\":\"https:\\\/\\\/lagnoticias.com\\\/?s={search_term_string}\"},\"query-input\":{\"@type\":\"PropertyValueSpecification\",\"valueRequired\":true,\"valueName\":\"search_term_string\"}}],\"inLanguage\":\"en-US\"},{\"@type\":\"Person\",\"@id\":\"https:\\\/\\\/lagnoticias.com\\\/#\\\/schema\\\/person\\\/cb9bfe13f8de05d2c55270be25c6a550\",\"name\":\"Oscar\",\"image\":{\"@type\":\"ImageObject\",\"inLanguage\":\"en-US\",\"@id\":\"https:\\\/\\\/secure.gravatar.com\\\/avatar\\\/45c195718f652dc7ffdd591dc1f2678956ab7fdadcd359a635edc61304a8c757?s=96&d=mm&r=g\",\"url\":\"https:\\\/\\\/secure.gravatar.com\\\/avatar\\\/45c195718f652dc7ffdd591dc1f2678956ab7fdadcd359a635edc61304a8c757?s=96&d=mm&r=g\",\"contentUrl\":\"https:\\\/\\\/secure.gravatar.com\\\/avatar\\\/45c195718f652dc7ffdd591dc1f2678956ab7fdadcd359a635edc61304a8c757?s=96&d=mm&r=g\",\"caption\":\"Oscar\"},\"url\":\"https:\\\/\\\/lagnoticias.com\\\/en\\\/author\\\/oscar\\\/\"}]}<\/script>\n<!-- \/ Yoast SEO plugin. -->","yoast_head_json":{"title":"Se llev\u00f3 a cabo el Festival Arte y Dise\u00f1o El Salvador en Suchitoto - La G Noticias","robots":{"index":"index","follow":"follow","max-snippet":"max-snippet:-1","max-image-preview":"max-image-preview:large","max-video-preview":"max-video-preview:-1"},"canonical":"https:\/\/lagnoticias.com\/en\/2025\/09\/29\/se-llevo-a-cabo-el-festival-arte-y-diseno-el-salvador-en-suchitoto\/","og_locale":"en_US","og_type":"article","og_title":"Se llev\u00f3 a cabo el Festival Arte y Dise\u00f1o El Salvador en Suchitoto - La G Noticias","og_description":"Bajo el concepto de Trama: donde las ideas se entretejen, la Comisi\u00f3n Nacional de la Micro y Peque\u00f1a Empresa (Conamype) llev\u00f3 a cabo el Festival Arte y Dise\u00f1o El Salvador, en Suchitoto, evento que inici\u00f3 el s\u00e1bado y finaliz\u00f3 ayer domingo, el cual comprende actividades como la pasarela del Cl\u00faster de Moda (#SMODA), exposiciones de [&hellip;]","og_url":"https:\/\/lagnoticias.com\/en\/2025\/09\/29\/se-llevo-a-cabo-el-festival-arte-y-diseno-el-salvador-en-suchitoto\/","og_site_name":"La G Noticias","article_publisher":"https:\/\/www.facebook.com\/LaGNoticias","article_published_time":"2025-09-29T14:46:26+00:00","og_image":[{"width":2048,"height":1329,"url":"https:\/\/lagnoticias.com\/wp-content\/uploads\/2025\/09\/2-17.jpg","type":"image\/jpeg"}],"author":"Oscar","twitter_card":"summary_large_image","twitter_creator":"@lagnoticias","twitter_site":"@lagnoticias","twitter_misc":{"Written by":"Oscar","Est. reading time":"2 minutes"},"schema":{"@context":"https:\/\/schema.org","@graph":[{"@type":"Article","@id":"https:\/\/lagnoticias.com\/2025\/09\/29\/se-llevo-a-cabo-el-festival-arte-y-diseno-el-salvador-en-suchitoto\/#article","isPartOf":{"@id":"https:\/\/lagnoticias.com\/2025\/09\/29\/se-llevo-a-cabo-el-festival-arte-y-diseno-el-salvador-en-suchitoto\/"},"author":{"name":"Oscar","@id":"https:\/\/lagnoticias.com\/#\/schema\/person\/cb9bfe13f8de05d2c55270be25c6a550"},"headline":"Se llev\u00f3 a cabo el Festival Arte y Dise\u00f1o El Salvador en Suchitoto","datePublished":"2025-09-29T14:46:26+00:00","mainEntityOfPage":{"@id":"https:\/\/lagnoticias.com\/2025\/09\/29\/se-llevo-a-cabo-el-festival-arte-y-diseno-el-salvador-en-suchitoto\/"},"wordCount":329,"commentCount":0,"image":{"@id":"https:\/\/lagnoticias.com\/2025\/09\/29\/se-llevo-a-cabo-el-festival-arte-y-diseno-el-salvador-en-suchitoto\/#primaryimage"},"thumbnailUrl":"https:\/\/lagnoticias.com\/wp-content\/uploads\/2025\/09\/2-17.jpg","keywords":["CONAMYPE","EL SALVADOR","Festival Arte y Dise\u00f1o El Salvador"],"articleSection":["NACIONALES"],"inLanguage":"en-US","potentialAction":[{"@type":"CommentAction","name":"Comment","target":["https:\/\/lagnoticias.com\/2025\/09\/29\/se-llevo-a-cabo-el-festival-arte-y-diseno-el-salvador-en-suchitoto\/#respond"]}]},{"@type":"WebPage","@id":"https:\/\/lagnoticias.com\/2025\/09\/29\/se-llevo-a-cabo-el-festival-arte-y-diseno-el-salvador-en-suchitoto\/","url":"https:\/\/lagnoticias.com\/2025\/09\/29\/se-llevo-a-cabo-el-festival-arte-y-diseno-el-salvador-en-suchitoto\/","name":"Se llev\u00f3 a cabo el Festival Arte y Dise\u00f1o El Salvador en Suchitoto - La G Noticias","isPartOf":{"@id":"https:\/\/lagnoticias.com\/#website"},"primaryImageOfPage":{"@id":"https:\/\/lagnoticias.com\/2025\/09\/29\/se-llevo-a-cabo-el-festival-arte-y-diseno-el-salvador-en-suchitoto\/#primaryimage"},"image":{"@id":"https:\/\/lagnoticias.com\/2025\/09\/29\/se-llevo-a-cabo-el-festival-arte-y-diseno-el-salvador-en-suchitoto\/#primaryimage"},"thumbnailUrl":"https:\/\/lagnoticias.com\/wp-content\/uploads\/2025\/09\/2-17.jpg","datePublished":"2025-09-29T14:46:26+00:00","author":{"@id":"https:\/\/lagnoticias.com\/#\/schema\/person\/cb9bfe13f8de05d2c55270be25c6a550"},"breadcrumb":{"@id":"https:\/\/lagnoticias.com\/2025\/09\/29\/se-llevo-a-cabo-el-festival-arte-y-diseno-el-salvador-en-suchitoto\/#breadcrumb"},"inLanguage":"en-US","potentialAction":[{"@type":"ReadAction","target":["https:\/\/lagnoticias.com\/2025\/09\/29\/se-llevo-a-cabo-el-festival-arte-y-diseno-el-salvador-en-suchitoto\/"]}]},{"@type":"ImageObject","inLanguage":"en-US","@id":"https:\/\/lagnoticias.com\/2025\/09\/29\/se-llevo-a-cabo-el-festival-arte-y-diseno-el-salvador-en-suchitoto\/#primaryimage","url":"https:\/\/lagnoticias.com\/wp-content\/uploads\/2025\/09\/2-17.jpg","contentUrl":"https:\/\/lagnoticias.com\/wp-content\/uploads\/2025\/09\/2-17.jpg","width":2048,"height":1329},{"@type":"BreadcrumbList","@id":"https:\/\/lagnoticias.com\/2025\/09\/29\/se-llevo-a-cabo-el-festival-arte-y-diseno-el-salvador-en-suchitoto\/#breadcrumb","itemListElement":[{"@type":"ListItem","position":1,"name":"Portada","item":"https:\/\/lagnoticias.com\/"},{"@type":"ListItem","position":2,"name":"Se llev\u00f3 a cabo el Festival Arte y Dise\u00f1o El Salvador en Suchitoto"}]},{"@type":"WebSite","@id":"https:\/\/lagnoticias.com\/#website","url":"https:\/\/lagnoticias.com\/","name":"La G Noticias","description":"Noticias Positivas","potentialAction":[{"@type":"SearchAction","target":{"@type":"EntryPoint","urlTemplate":"https:\/\/lagnoticias.com\/?s={search_term_string}"},"query-input":{"@type":"PropertyValueSpecification","valueRequired":true,"valueName":"search_term_string"}}],"inLanguage":"en-US"},{"@type":"Person","@id":"https:\/\/lagnoticias.com\/#\/schema\/person\/cb9bfe13f8de05d2c55270be25c6a550","name":"Oscar","image":{"@type":"ImageObject","inLanguage":"en-US","@id":"https:\/\/secure.gravatar.com\/avatar\/45c195718f652dc7ffdd591dc1f2678956ab7fdadcd359a635edc61304a8c757?s=96&d=mm&r=g","url":"https:\/\/secure.gravatar.com\/avatar\/45c195718f652dc7ffdd591dc1f2678956ab7fdadcd359a635edc61304a8c757?s=96&d=mm&r=g","contentUrl":"https:\/\/secure.gravatar.com\/avatar\/45c195718f652dc7ffdd591dc1f2678956ab7fdadcd359a635edc61304a8c757?s=96&d=mm&r=g","caption":"Oscar"},"url":"https:\/\/lagnoticias.com\/en\/author\/oscar\/"}]}},"_links":{"self":[{"href":"https:\/\/lagnoticias.com\/en\/wp-json\/wp\/v2\/posts\/5416","targetHints":{"allow":["GET"]}}],"collection":[{"href":"https:\/\/lagnoticias.com\/en\/wp-json\/wp\/v2\/posts"}],"about":[{"href":"https:\/\/lagnoticias.com\/en\/wp-json\/wp\/v2\/types\/post"}],"author":[{"embeddable":true,"href":"https:\/\/lagnoticias.com\/en\/wp-json\/wp\/v2\/users\/2"}],"replies":[{"embeddable":true,"href":"https:\/\/lagnoticias.com\/en\/wp-json\/wp\/v2\/comments?post=5416"}],"version-history":[{"count":1,"href":"https:\/\/lagnoticias.com\/en\/wp-json\/wp\/v2\/posts\/5416\/revisions"}],"predecessor-version":[{"id":5419,"href":"https:\/\/lagnoticias.com\/en\/wp-json\/wp\/v2\/posts\/5416\/revisions\/5419"}],"wp:featuredmedia":[{"embeddable":true,"href":"https:\/\/lagnoticias.com\/en\/wp-json\/wp\/v2\/media\/5418"}],"wp:attachment":[{"href":"https:\/\/lagnoticias.com\/en\/wp-json\/wp\/v2\/media?parent=5416"}],"wp:term":[{"taxonomy":"category","embeddable":true,"href":"https:\/\/lagnoticias.com\/en\/wp-json\/wp\/v2\/categories?post=5416"},{"taxonomy":"post_tag","embeddable":true,"href":"https:\/\/lagnoticias.com\/en\/wp-json\/wp\/v2\/tags?post=5416"}],"curies":[{"name":"wp","href":"https:\/\/api.w.org\/{rel}","templated":true}]}}