{"id":5413,"date":"2025-09-29T08:32:38","date_gmt":"2025-09-29T14:32:38","guid":{"rendered":"https:\/\/lagnoticias.com\/?p=5413"},"modified":"2025-09-29T08:32:39","modified_gmt":"2025-09-29T14:32:39","slug":"fallece-catalino-miranda-empresario-del-transporte-publico","status":"publish","type":"post","link":"https:\/\/lagnoticias.com\/en\/2025\/09\/29\/fallece-catalino-miranda-empresario-del-transporte-publico\/","title":{"rendered":"Fallece Catalino Miranda, empresario del transporte p\u00fablico"},"content":{"rendered":"<p>Catalino Miranda, empresario del transporte p\u00fablico, falleci\u00f3 este lunes debido a complicaciones de salud que se agravaron durante su tiempo en prisi\u00f3n, as\u00ed lo confirmaron fuentes familiares.<\/p>\n\n\n\n<p>Miranda padec\u00eda c\u00e1ncer y se encontraba hospitalizado desde el pasado 4 de septiembre, un d\u00eda despu\u00e9s de haber sido beneficiado con medidas sustitutivas a la detenci\u00f3n por parte del Juzgado Cuarto de Instrucci\u00f3n, precisamente por su delicado estado de salud.<\/p>\n\n\n\n<p>Como parte de las medidas sustitutivas a la detenci\u00f3n, Miranda deb\u00eda permanecer en su residencia bajo supervisi\u00f3n policial peri\u00f3dica, ten\u00eda prohibido salir del pa\u00eds y su abogado deb\u00eda mantenerse al tanto de su estado. Con su fallecimiento, el proceso penal en su contra queda extinguido, por lo que ser\u00e1 sobrese\u00eddo de los dos cargos que se le imputaban.<\/p>\n\n\n\n<p>El empresario hab\u00eda sido detenido el 12 de marzo de 2022, acusado de aumentar ilegalmente la tarifa del pasaje en las rutas 42 y 152, as\u00ed como de obstruir la v\u00eda p\u00fablica con sus unidades de transporte.<\/p>\n\n\n\n<p>Posteriormente, en mayo de 2023, Miranda fue condenado a tres a\u00f1os de prisi\u00f3n por los delitos de des\u00f3rdenes p\u00fablicos y venta a precio superior, tras acogerse a un proceso de juicio abreviado.<\/p>\n\n\n\n<p>Durante su tiempo en prisi\u00f3n, el empresario del transporte, a trav\u00e9s de su abogado, inform\u00f3 sobre las enfermedades que padec\u00eda, entre ellas insuficiencia renal y met\u00e1stasis pulmonar. A pesar de haber solicitado medidas alternas por motivos de salud, dichas peticiones fueron reiteradamente denegadas por los jueces.<\/p>","protected":false},"excerpt":{"rendered":"<p>Catalino Miranda, empresario del transporte p\u00fablico, falleci\u00f3 este lunes debido a complicaciones de salud que se agravaron durante su tiempo en prisi\u00f3n, as\u00ed lo confirmaron fuentes familiares. Miranda padec\u00eda c\u00e1ncer y se encontraba hospitalizado desde el pasado 4 de septiembre, un d\u00eda despu\u00e9s de haber sido beneficiado con medidas sustitutivas a la detenci\u00f3n por parte [&hellip;]<\/p>","protected":false},"author":2,"featured_media":5414,"comment_status":"open","ping_status":"open","sticky":false,"template":"","format":"standard","meta":{"_et_pb_use_builder":"off","_et_pb_old_content":"","_et_gb_content_width":"","footnotes":""},"categories":[679,244],"tags":[1132,267,762],"class_list":["post-5413","post","type-post","status-publish","format-standard","has-post-thumbnail","hentry","category-destacados","category-nacionales","tag-catalino-miranda","tag-el-salvador","tag-empresario"],"yoast_head":"<!-- This site is optimized with the Yoast SEO plugin v27.4 - https:\/\/yoast.com\/product\/yoast-seo-wordpress\/ -->\n<title>Fallece Catalino Miranda, empresario del transporte p\u00fablico - La G Noticias<\/title>\n<meta name=\"robots\" content=\"index, follow, max-snippet:-1, max-image-preview:large, max-video-preview:-1\" \/>\n<link rel=\"canonical\" href=\"https:\/\/lagnoticias.com\/en\/2025\/09\/29\/fallece-catalino-miranda-empresario-del-transporte-publico\/\" \/>\n<meta property=\"og:locale\" content=\"en_US\" \/>\n<meta property=\"og:type\" content=\"article\" \/>\n<meta property=\"og:title\" content=\"Fallece Catalino Miranda, empresario del transporte p\u00fablico - La G Noticias\" \/>\n<meta property=\"og:description\" content=\"Catalino Miranda, empresario del transporte p\u00fablico, falleci\u00f3 este lunes debido a complicaciones de salud que se agravaron durante su tiempo en prisi\u00f3n, as\u00ed lo confirmaron fuentes familiares. Miranda padec\u00eda c\u00e1ncer y se encontraba hospitalizado desde el pasado 4 de septiembre, un d\u00eda despu\u00e9s de haber sido beneficiado con medidas sustitutivas a la detenci\u00f3n por parte [&hellip;]\" \/>\n<meta property=\"og:url\" content=\"https:\/\/lagnoticias.com\/en\/2025\/09\/29\/fallece-catalino-miranda-empresario-del-transporte-publico\/\" \/>\n<meta property=\"og:site_name\" content=\"La G Noticias\" \/>\n<meta property=\"article:publisher\" content=\"https:\/\/www.facebook.com\/LaGNoticias\" \/>\n<meta property=\"article:published_time\" content=\"2025-09-29T14:32:38+00:00\" \/>\n<meta property=\"article:modified_time\" content=\"2025-09-29T14:32:39+00:00\" \/>\n<meta property=\"og:image\" content=\"https:\/\/lagnoticias.com\/wp-content\/uploads\/2025\/09\/1-22.jpg\" \/>\n\t<meta property=\"og:image:width\" content=\"690\" \/>\n\t<meta property=\"og:image:height\" content=\"502\" \/>\n\t<meta property=\"og:image:type\" content=\"image\/jpeg\" \/>\n<meta name=\"author\" content=\"Oscar\" \/>\n<meta name=\"twitter:card\" content=\"summary_large_image\" \/>\n<meta name=\"twitter:creator\" content=\"@lagnoticias\" \/>\n<meta name=\"twitter:site\" content=\"@lagnoticias\" \/>\n<meta name=\"twitter:label1\" content=\"Written by\" \/>\n\t<meta name=\"twitter:data1\" content=\"Oscar\" \/>\n\t<meta name=\"twitter:label2\" content=\"Est. reading time\" \/>\n\t<meta name=\"twitter:data2\" content=\"2 minutes\" \/>\n<script type=\"application\/ld+json\" class=\"yoast-schema-graph\">{\"@context\":\"https:\\\/\\\/schema.org\",\"@graph\":[{\"@type\":\"Article\",\"@id\":\"https:\\\/\\\/lagnoticias.com\\\/2025\\\/09\\\/29\\\/fallece-catalino-miranda-empresario-del-transporte-publico\\\/#article\",\"isPartOf\":{\"@id\":\"https:\\\/\\\/lagnoticias.com\\\/2025\\\/09\\\/29\\\/fallece-catalino-miranda-empresario-del-transporte-publico\\\/\"},\"author\":{\"name\":\"Oscar\",\"@id\":\"https:\\\/\\\/lagnoticias.com\\\/#\\\/schema\\\/person\\\/cb9bfe13f8de05d2c55270be25c6a550\"},\"headline\":\"Fallece Catalino Miranda, empresario del transporte p\u00fablico\",\"datePublished\":\"2025-09-29T14:32:38+00:00\",\"dateModified\":\"2025-09-29T14:32:39+00:00\",\"mainEntityOfPage\":{\"@id\":\"https:\\\/\\\/lagnoticias.com\\\/2025\\\/09\\\/29\\\/fallece-catalino-miranda-empresario-del-transporte-publico\\\/\"},\"wordCount\":269,\"commentCount\":0,\"image\":{\"@id\":\"https:\\\/\\\/lagnoticias.com\\\/2025\\\/09\\\/29\\\/fallece-catalino-miranda-empresario-del-transporte-publico\\\/#primaryimage\"},\"thumbnailUrl\":\"https:\\\/\\\/lagnoticias.com\\\/wp-content\\\/uploads\\\/2025\\\/09\\\/1-22.jpg\",\"keywords\":[\"CATALINO MIRANDA\",\"EL SALVADOR\",\"EMPRESARIO\"],\"articleSection\":[\"DESTACADOS\",\"NACIONALES\"],\"inLanguage\":\"en-US\",\"potentialAction\":[{\"@type\":\"CommentAction\",\"name\":\"Comment\",\"target\":[\"https:\\\/\\\/lagnoticias.com\\\/2025\\\/09\\\/29\\\/fallece-catalino-miranda-empresario-del-transporte-publico\\\/#respond\"]}]},{\"@type\":\"WebPage\",\"@id\":\"https:\\\/\\\/lagnoticias.com\\\/2025\\\/09\\\/29\\\/fallece-catalino-miranda-empresario-del-transporte-publico\\\/\",\"url\":\"https:\\\/\\\/lagnoticias.com\\\/2025\\\/09\\\/29\\\/fallece-catalino-miranda-empresario-del-transporte-publico\\\/\",\"name\":\"Fallece Catalino Miranda, empresario del transporte p\u00fablico - La G Noticias\",\"isPartOf\":{\"@id\":\"https:\\\/\\\/lagnoticias.com\\\/#website\"},\"primaryImageOfPage\":{\"@id\":\"https:\\\/\\\/lagnoticias.com\\\/2025\\\/09\\\/29\\\/fallece-catalino-miranda-empresario-del-transporte-publico\\\/#primaryimage\"},\"image\":{\"@id\":\"https:\\\/\\\/lagnoticias.com\\\/2025\\\/09\\\/29\\\/fallece-catalino-miranda-empresario-del-transporte-publico\\\/#primaryimage\"},\"thumbnailUrl\":\"https:\\\/\\\/lagnoticias.com\\\/wp-content\\\/uploads\\\/2025\\\/09\\\/1-22.jpg\",\"datePublished\":\"2025-09-29T14:32:38+00:00\",\"dateModified\":\"2025-09-29T14:32:39+00:00\",\"author\":{\"@id\":\"https:\\\/\\\/lagnoticias.com\\\/#\\\/schema\\\/person\\\/cb9bfe13f8de05d2c55270be25c6a550\"},\"breadcrumb\":{\"@id\":\"https:\\\/\\\/lagnoticias.com\\\/2025\\\/09\\\/29\\\/fallece-catalino-miranda-empresario-del-transporte-publico\\\/#breadcrumb\"},\"inLanguage\":\"en-US\",\"potentialAction\":[{\"@type\":\"ReadAction\",\"target\":[\"https:\\\/\\\/lagnoticias.com\\\/2025\\\/09\\\/29\\\/fallece-catalino-miranda-empresario-del-transporte-publico\\\/\"]}]},{\"@type\":\"ImageObject\",\"inLanguage\":\"en-US\",\"@id\":\"https:\\\/\\\/lagnoticias.com\\\/2025\\\/09\\\/29\\\/fallece-catalino-miranda-empresario-del-transporte-publico\\\/#primaryimage\",\"url\":\"https:\\\/\\\/lagnoticias.com\\\/wp-content\\\/uploads\\\/2025\\\/09\\\/1-22.jpg\",\"contentUrl\":\"https:\\\/\\\/lagnoticias.com\\\/wp-content\\\/uploads\\\/2025\\\/09\\\/1-22.jpg\",\"width\":690,\"height\":502},{\"@type\":\"BreadcrumbList\",\"@id\":\"https:\\\/\\\/lagnoticias.com\\\/2025\\\/09\\\/29\\\/fallece-catalino-miranda-empresario-del-transporte-publico\\\/#breadcrumb\",\"itemListElement\":[{\"@type\":\"ListItem\",\"position\":1,\"name\":\"Portada\",\"item\":\"https:\\\/\\\/lagnoticias.com\\\/\"},{\"@type\":\"ListItem\",\"position\":2,\"name\":\"Fallece Catalino Miranda, empresario del transporte p\u00fablico\"}]},{\"@type\":\"WebSite\",\"@id\":\"https:\\\/\\\/lagnoticias.com\\\/#website\",\"url\":\"https:\\\/\\\/lagnoticias.com\\\/\",\"name\":\"La G Noticias\",\"description\":\"Noticias Positivas\",\"potentialAction\":[{\"@type\":\"SearchAction\",\"target\":{\"@type\":\"EntryPoint\",\"urlTemplate\":\"https:\\\/\\\/lagnoticias.com\\\/?s={search_term_string}\"},\"query-input\":{\"@type\":\"PropertyValueSpecification\",\"valueRequired\":true,\"valueName\":\"search_term_string\"}}],\"inLanguage\":\"en-US\"},{\"@type\":\"Person\",\"@id\":\"https:\\\/\\\/lagnoticias.com\\\/#\\\/schema\\\/person\\\/cb9bfe13f8de05d2c55270be25c6a550\",\"name\":\"Oscar\",\"image\":{\"@type\":\"ImageObject\",\"inLanguage\":\"en-US\",\"@id\":\"https:\\\/\\\/secure.gravatar.com\\\/avatar\\\/45c195718f652dc7ffdd591dc1f2678956ab7fdadcd359a635edc61304a8c757?s=96&d=mm&r=g\",\"url\":\"https:\\\/\\\/secure.gravatar.com\\\/avatar\\\/45c195718f652dc7ffdd591dc1f2678956ab7fdadcd359a635edc61304a8c757?s=96&d=mm&r=g\",\"contentUrl\":\"https:\\\/\\\/secure.gravatar.com\\\/avatar\\\/45c195718f652dc7ffdd591dc1f2678956ab7fdadcd359a635edc61304a8c757?s=96&d=mm&r=g\",\"caption\":\"Oscar\"},\"url\":\"https:\\\/\\\/lagnoticias.com\\\/en\\\/author\\\/oscar\\\/\"}]}<\/script>\n<!-- \/ Yoast SEO plugin. -->","yoast_head_json":{"title":"Fallece Catalino Miranda, empresario del transporte p\u00fablico - La G Noticias","robots":{"index":"index","follow":"follow","max-snippet":"max-snippet:-1","max-image-preview":"max-image-preview:large","max-video-preview":"max-video-preview:-1"},"canonical":"https:\/\/lagnoticias.com\/en\/2025\/09\/29\/fallece-catalino-miranda-empresario-del-transporte-publico\/","og_locale":"en_US","og_type":"article","og_title":"Fallece Catalino Miranda, empresario del transporte p\u00fablico - La G Noticias","og_description":"Catalino Miranda, empresario del transporte p\u00fablico, falleci\u00f3 este lunes debido a complicaciones de salud que se agravaron durante su tiempo en prisi\u00f3n, as\u00ed lo confirmaron fuentes familiares. Miranda padec\u00eda c\u00e1ncer y se encontraba hospitalizado desde el pasado 4 de septiembre, un d\u00eda despu\u00e9s de haber sido beneficiado con medidas sustitutivas a la detenci\u00f3n por parte [&hellip;]","og_url":"https:\/\/lagnoticias.com\/en\/2025\/09\/29\/fallece-catalino-miranda-empresario-del-transporte-publico\/","og_site_name":"La G Noticias","article_publisher":"https:\/\/www.facebook.com\/LaGNoticias","article_published_time":"2025-09-29T14:32:38+00:00","article_modified_time":"2025-09-29T14:32:39+00:00","og_image":[{"width":690,"height":502,"url":"https:\/\/lagnoticias.com\/wp-content\/uploads\/2025\/09\/1-22.jpg","type":"image\/jpeg"}],"author":"Oscar","twitter_card":"summary_large_image","twitter_creator":"@lagnoticias","twitter_site":"@lagnoticias","twitter_misc":{"Written by":"Oscar","Est. reading time":"2 minutes"},"schema":{"@context":"https:\/\/schema.org","@graph":[{"@type":"Article","@id":"https:\/\/lagnoticias.com\/2025\/09\/29\/fallece-catalino-miranda-empresario-del-transporte-publico\/#article","isPartOf":{"@id":"https:\/\/lagnoticias.com\/2025\/09\/29\/fallece-catalino-miranda-empresario-del-transporte-publico\/"},"author":{"name":"Oscar","@id":"https:\/\/lagnoticias.com\/#\/schema\/person\/cb9bfe13f8de05d2c55270be25c6a550"},"headline":"Fallece Catalino Miranda, empresario del transporte p\u00fablico","datePublished":"2025-09-29T14:32:38+00:00","dateModified":"2025-09-29T14:32:39+00:00","mainEntityOfPage":{"@id":"https:\/\/lagnoticias.com\/2025\/09\/29\/fallece-catalino-miranda-empresario-del-transporte-publico\/"},"wordCount":269,"commentCount":0,"image":{"@id":"https:\/\/lagnoticias.com\/2025\/09\/29\/fallece-catalino-miranda-empresario-del-transporte-publico\/#primaryimage"},"thumbnailUrl":"https:\/\/lagnoticias.com\/wp-content\/uploads\/2025\/09\/1-22.jpg","keywords":["CATALINO MIRANDA","EL SALVADOR","EMPRESARIO"],"articleSection":["DESTACADOS","NACIONALES"],"inLanguage":"en-US","potentialAction":[{"@type":"CommentAction","name":"Comment","target":["https:\/\/lagnoticias.com\/2025\/09\/29\/fallece-catalino-miranda-empresario-del-transporte-publico\/#respond"]}]},{"@type":"WebPage","@id":"https:\/\/lagnoticias.com\/2025\/09\/29\/fallece-catalino-miranda-empresario-del-transporte-publico\/","url":"https:\/\/lagnoticias.com\/2025\/09\/29\/fallece-catalino-miranda-empresario-del-transporte-publico\/","name":"Fallece Catalino Miranda, empresario del transporte p\u00fablico - La G Noticias","isPartOf":{"@id":"https:\/\/lagnoticias.com\/#website"},"primaryImageOfPage":{"@id":"https:\/\/lagnoticias.com\/2025\/09\/29\/fallece-catalino-miranda-empresario-del-transporte-publico\/#primaryimage"},"image":{"@id":"https:\/\/lagnoticias.com\/2025\/09\/29\/fallece-catalino-miranda-empresario-del-transporte-publico\/#primaryimage"},"thumbnailUrl":"https:\/\/lagnoticias.com\/wp-content\/uploads\/2025\/09\/1-22.jpg","datePublished":"2025-09-29T14:32:38+00:00","dateModified":"2025-09-29T14:32:39+00:00","author":{"@id":"https:\/\/lagnoticias.com\/#\/schema\/person\/cb9bfe13f8de05d2c55270be25c6a550"},"breadcrumb":{"@id":"https:\/\/lagnoticias.com\/2025\/09\/29\/fallece-catalino-miranda-empresario-del-transporte-publico\/#breadcrumb"},"inLanguage":"en-US","potentialAction":[{"@type":"ReadAction","target":["https:\/\/lagnoticias.com\/2025\/09\/29\/fallece-catalino-miranda-empresario-del-transporte-publico\/"]}]},{"@type":"ImageObject","inLanguage":"en-US","@id":"https:\/\/lagnoticias.com\/2025\/09\/29\/fallece-catalino-miranda-empresario-del-transporte-publico\/#primaryimage","url":"https:\/\/lagnoticias.com\/wp-content\/uploads\/2025\/09\/1-22.jpg","contentUrl":"https:\/\/lagnoticias.com\/wp-content\/uploads\/2025\/09\/1-22.jpg","width":690,"height":502},{"@type":"BreadcrumbList","@id":"https:\/\/lagnoticias.com\/2025\/09\/29\/fallece-catalino-miranda-empresario-del-transporte-publico\/#breadcrumb","itemListElement":[{"@type":"ListItem","position":1,"name":"Portada","item":"https:\/\/lagnoticias.com\/"},{"@type":"ListItem","position":2,"name":"Fallece Catalino Miranda, empresario del transporte p\u00fablico"}]},{"@type":"WebSite","@id":"https:\/\/lagnoticias.com\/#website","url":"https:\/\/lagnoticias.com\/","name":"La G Noticias","description":"Noticias Positivas","potentialAction":[{"@type":"SearchAction","target":{"@type":"EntryPoint","urlTemplate":"https:\/\/lagnoticias.com\/?s={search_term_string}"},"query-input":{"@type":"PropertyValueSpecification","valueRequired":true,"valueName":"search_term_string"}}],"inLanguage":"en-US"},{"@type":"Person","@id":"https:\/\/lagnoticias.com\/#\/schema\/person\/cb9bfe13f8de05d2c55270be25c6a550","name":"Oscar","image":{"@type":"ImageObject","inLanguage":"en-US","@id":"https:\/\/secure.gravatar.com\/avatar\/45c195718f652dc7ffdd591dc1f2678956ab7fdadcd359a635edc61304a8c757?s=96&d=mm&r=g","url":"https:\/\/secure.gravatar.com\/avatar\/45c195718f652dc7ffdd591dc1f2678956ab7fdadcd359a635edc61304a8c757?s=96&d=mm&r=g","contentUrl":"https:\/\/secure.gravatar.com\/avatar\/45c195718f652dc7ffdd591dc1f2678956ab7fdadcd359a635edc61304a8c757?s=96&d=mm&r=g","caption":"Oscar"},"url":"https:\/\/lagnoticias.com\/en\/author\/oscar\/"}]}},"_links":{"self":[{"href":"https:\/\/lagnoticias.com\/en\/wp-json\/wp\/v2\/posts\/5413","targetHints":{"allow":["GET"]}}],"collection":[{"href":"https:\/\/lagnoticias.com\/en\/wp-json\/wp\/v2\/posts"}],"about":[{"href":"https:\/\/lagnoticias.com\/en\/wp-json\/wp\/v2\/types\/post"}],"author":[{"embeddable":true,"href":"https:\/\/lagnoticias.com\/en\/wp-json\/wp\/v2\/users\/2"}],"replies":[{"embeddable":true,"href":"https:\/\/lagnoticias.com\/en\/wp-json\/wp\/v2\/comments?post=5413"}],"version-history":[{"count":1,"href":"https:\/\/lagnoticias.com\/en\/wp-json\/wp\/v2\/posts\/5413\/revisions"}],"predecessor-version":[{"id":5415,"href":"https:\/\/lagnoticias.com\/en\/wp-json\/wp\/v2\/posts\/5413\/revisions\/5415"}],"wp:featuredmedia":[{"embeddable":true,"href":"https:\/\/lagnoticias.com\/en\/wp-json\/wp\/v2\/media\/5414"}],"wp:attachment":[{"href":"https:\/\/lagnoticias.com\/en\/wp-json\/wp\/v2\/media?parent=5413"}],"wp:term":[{"taxonomy":"category","embeddable":true,"href":"https:\/\/lagnoticias.com\/en\/wp-json\/wp\/v2\/categories?post=5413"},{"taxonomy":"post_tag","embeddable":true,"href":"https:\/\/lagnoticias.com\/en\/wp-json\/wp\/v2\/tags?post=5413"}],"curies":[{"name":"wp","href":"https:\/\/api.w.org\/{rel}","templated":true}]}}