{"id":5400,"date":"2025-09-27T13:53:08","date_gmt":"2025-09-27T19:53:08","guid":{"rendered":"https:\/\/lagnoticias.com\/?p=5400"},"modified":"2025-09-27T13:53:08","modified_gmt":"2025-09-27T19:53:08","slug":"con-un-doblete-de-julian-alvarez-el-atletico-madrid-goleo-5-2-al-real-madrid","status":"publish","type":"post","link":"https:\/\/lagnoticias.com\/en\/2025\/09\/27\/con-un-doblete-de-julian-alvarez-el-atletico-madrid-goleo-5-2-al-real-madrid\/","title":{"rendered":"Con un doblete de Juli\u00e1n \u00c1lvarez, el Atl\u00e9tico Madrid gole\u00f3 5-2 al Real Madrid"},"content":{"rendered":"<p>El Atl\u00e9tico de Madrid se impuso con autoridad en el Wanda Metropolitano y gole\u00f3 5-2 a su cl\u00e1sico de toda la vida, el Real Madrid. El delantero argentino, Juli\u00e1n \u00c1lvarez, estuvo intratable y convirti\u00f3 dos goles para la victoria de su equipo.<\/p>\n\n\n\n<p>El 9 argentino se llev\u00f3 todas las miradas en la victoria. Cuando el partido estaba empatado 2-2, puso en ventaja a los colchoneros con un gol de penal. Luego, 12 minutos despu\u00e9s, encamin\u00f3 el triunfo de su equipo con un golazo de tiro libre.<\/p>\n\n\n\n<p>Por el lado de la Casa Blanca, el exriver, Franco Mastantuono, ingres\u00f3 a los 60 minutos y vio una tarjeta amarilla sobre el final del partido. A pesar de la derrota, el Real Madrid sigue puntero de La Liga, a la espera del partido del Barcelona del pr\u00f3ximo domingo.<\/p>\n\n\n\n<h2 class=\"wp-block-heading\">La victoria del Atl\u00e9tico de Madrid contra el Real Madrid<\/h2>\n\n\n\n<p>En su estadio y frente a su gente, el Atl\u00e9tico de Madrid buscaba dar un golpe en la mesa en el derbi contra la Casa Blanca. Y el partido comenz\u00f3 a favor de los dirigidos por el Cholo, con un gol de Robin Le Normand a los 14 del primer tiempo.<\/p>\n\n\n\n<p>Sin embargo, Kylian Mbapp\u00e9 y Arda G\u00fcler se encargaron de dar vuelta el marcador en un primer tiempo de ida y vuelta. Finalmente, quedar\u00eda todo nivelado luego de que Alexander S\u00f8rloth pusiera el 2-2 a los 48.<\/p>\n\n\n\n<p>A los 51&#8242;, comenzar\u00eda a emerger la figura de Juli\u00e1n \u00c1lvarez. El argentino convirti\u00f3 de penal &#8211; con un remate fuerte a la izquierda del arquero &#8211; luego de que el \u00e1rbitro sancionara la pena m\u00e1xima por una falta de&nbsp;Arda Guler&nbsp;dentro del \u00e1rea sobre&nbsp;Nico Gonz\u00e1lez.<\/p>\n\n\n\n<p><\/p>\n\n\n\n<figure class=\"wp-block-image aligncenter size-full\"><img loading=\"lazy\" decoding=\"async\" width=\"655\" height=\"368\" src=\"https:\/\/lagnoticias.com\/wp-content\/uploads\/2025\/09\/2-16.jpg\" alt=\"\" class=\"wp-image-5402\" srcset=\"https:\/\/lagnoticias.com\/wp-content\/uploads\/2025\/09\/2-16.jpg 655w, https:\/\/lagnoticias.com\/wp-content\/uploads\/2025\/09\/2-16-480x270.jpg 480w\" sizes=\"(min-width: 0px) and (max-width: 480px) 480px, (min-width: 481px) 655px, 100vw\" \/><\/figure>\n\n\n\n<p><\/p>\n\n\n\n<p>Sin embargo, el delantero de la selecci\u00f3n tuvo tiempo para m\u00e1s. Luego de poner a su equipo en ventaja, tom\u00f3 la pelota en un tiro libre peligroso al borde del \u00e1rea, y coloc\u00f3 la pelota en el \u00e1ngulo izquierdo del arco defendido por Thibaut Courtois. 4-2 a los 63&#8242; segundo tiempo y la victoria ya parec\u00eda sellada para los colchoneros.<\/p>\n\n\n\n<p>Hubo tiempo para uno m\u00e1s. Sobre el final, Antoine Griezmann recibi\u00f3 un pase preciso de Alex Baena y defini\u00f3 de derecha frente a la salida del portero belga para firmar el 5-2.<\/p>\n\n\n\n<p>El director t\u00e9cnico del Real Madrid, Xabi&nbsp;Alonso, declar\u00f3 en rueda de prensa: \u00abFue un mal partido, no hemos jugado bien ni colectivamente ni en la presi\u00f3n, no hemos estado al nivel que deb\u00edamos estar. Estamos en fase de construcci\u00f3n, hoy es la primera derrota y tenemos que sacar conclusiones de lo que ha pasado, pero no hay excusas, estamos dolidos, es un derbi y una derrota merecida\u00bb.<\/p>\n\n\n\n<p><\/p>\n\n\n\n<p><\/p>\n\n\n\n<p><\/p>\n\n\n\n<p><\/p>\n\n\n\n<p>(\u00c1mbito)<\/p>","protected":false},"excerpt":{"rendered":"<p>El colchonero se posicion\u00f3 4\u00b0 en La Liga, mientras que la Casa Blanca sigue como l\u00edder, a la espera del partido del Barcelona vs Real Sociedad.<\/p>","protected":false},"author":2,"featured_media":5401,"comment_status":"open","ping_status":"open","sticky":false,"template":"","format":"standard","meta":{"_et_pb_use_builder":"off","_et_pb_old_content":"","_et_gb_content_width":"","footnotes":""},"categories":[248],"tags":[975,286,490],"class_list":["post-5400","post","type-post","status-publish","format-standard","has-post-thumbnail","hentry","category-deportes","tag-atletico-de-madrid","tag-futbol","tag-real-madrid"],"yoast_head":"<!-- This site is optimized with the Yoast SEO plugin v27.4 - https:\/\/yoast.com\/product\/yoast-seo-wordpress\/ -->\n<title>Con un doblete de Juli\u00e1n \u00c1lvarez, el Atl\u00e9tico Madrid gole\u00f3 5-2 al Real Madrid - La G Noticias<\/title>\n<meta name=\"robots\" content=\"index, follow, max-snippet:-1, max-image-preview:large, max-video-preview:-1\" \/>\n<link rel=\"canonical\" href=\"https:\/\/lagnoticias.com\/en\/2025\/09\/27\/con-un-doblete-de-julian-alvarez-el-atletico-madrid-goleo-5-2-al-real-madrid\/\" \/>\n<meta property=\"og:locale\" content=\"en_US\" \/>\n<meta property=\"og:type\" content=\"article\" \/>\n<meta property=\"og:title\" content=\"Con un doblete de Juli\u00e1n \u00c1lvarez, el Atl\u00e9tico Madrid gole\u00f3 5-2 al Real Madrid - La G Noticias\" \/>\n<meta property=\"og:description\" content=\"El colchonero se posicion\u00f3 4\u00b0 en La Liga, mientras que la Casa Blanca sigue como l\u00edder, a la espera del partido del Barcelona vs Real Sociedad.\" \/>\n<meta property=\"og:url\" content=\"https:\/\/lagnoticias.com\/en\/2025\/09\/27\/con-un-doblete-de-julian-alvarez-el-atletico-madrid-goleo-5-2-al-real-madrid\/\" \/>\n<meta property=\"og:site_name\" content=\"La G Noticias\" \/>\n<meta property=\"article:publisher\" content=\"https:\/\/www.facebook.com\/LaGNoticias\" \/>\n<meta property=\"article:published_time\" content=\"2025-09-27T19:53:08+00:00\" \/>\n<meta property=\"og:image\" content=\"https:\/\/lagnoticias.com\/wp-content\/uploads\/2025\/09\/1-21.jpg\" \/>\n\t<meta property=\"og:image:width\" content=\"1200\" \/>\n\t<meta property=\"og:image:height\" content=\"675\" \/>\n\t<meta property=\"og:image:type\" content=\"image\/jpeg\" \/>\n<meta name=\"author\" content=\"Oscar\" \/>\n<meta name=\"twitter:card\" content=\"summary_large_image\" \/>\n<meta name=\"twitter:creator\" content=\"@lagnoticias\" \/>\n<meta name=\"twitter:site\" content=\"@lagnoticias\" \/>\n<meta name=\"twitter:label1\" content=\"Written by\" \/>\n\t<meta name=\"twitter:data1\" content=\"Oscar\" \/>\n\t<meta name=\"twitter:label2\" content=\"Est. reading time\" \/>\n\t<meta name=\"twitter:data2\" content=\"3 minutes\" \/>\n<script type=\"application\/ld+json\" class=\"yoast-schema-graph\">{\"@context\":\"https:\\\/\\\/schema.org\",\"@graph\":[{\"@type\":\"Article\",\"@id\":\"https:\\\/\\\/lagnoticias.com\\\/2025\\\/09\\\/27\\\/con-un-doblete-de-julian-alvarez-el-atletico-madrid-goleo-5-2-al-real-madrid\\\/#article\",\"isPartOf\":{\"@id\":\"https:\\\/\\\/lagnoticias.com\\\/2025\\\/09\\\/27\\\/con-un-doblete-de-julian-alvarez-el-atletico-madrid-goleo-5-2-al-real-madrid\\\/\"},\"author\":{\"name\":\"Oscar\",\"@id\":\"https:\\\/\\\/lagnoticias.com\\\/#\\\/schema\\\/person\\\/cb9bfe13f8de05d2c55270be25c6a550\"},\"headline\":\"Con un doblete de Juli\u00e1n \u00c1lvarez, el Atl\u00e9tico Madrid gole\u00f3 5-2 al Real Madrid\",\"datePublished\":\"2025-09-27T19:53:08+00:00\",\"mainEntityOfPage\":{\"@id\":\"https:\\\/\\\/lagnoticias.com\\\/2025\\\/09\\\/27\\\/con-un-doblete-de-julian-alvarez-el-atletico-madrid-goleo-5-2-al-real-madrid\\\/\"},\"wordCount\":477,\"commentCount\":0,\"image\":{\"@id\":\"https:\\\/\\\/lagnoticias.com\\\/2025\\\/09\\\/27\\\/con-un-doblete-de-julian-alvarez-el-atletico-madrid-goleo-5-2-al-real-madrid\\\/#primaryimage\"},\"thumbnailUrl\":\"https:\\\/\\\/lagnoticias.com\\\/wp-content\\\/uploads\\\/2025\\\/09\\\/1-21.jpg\",\"keywords\":[\"ATL\u00c9TICO DE MADRID\",\"F\u00daTBOL\",\"REAL MADRID\"],\"articleSection\":[\"DEPORTES\"],\"inLanguage\":\"en-US\",\"potentialAction\":[{\"@type\":\"CommentAction\",\"name\":\"Comment\",\"target\":[\"https:\\\/\\\/lagnoticias.com\\\/2025\\\/09\\\/27\\\/con-un-doblete-de-julian-alvarez-el-atletico-madrid-goleo-5-2-al-real-madrid\\\/#respond\"]}]},{\"@type\":\"WebPage\",\"@id\":\"https:\\\/\\\/lagnoticias.com\\\/2025\\\/09\\\/27\\\/con-un-doblete-de-julian-alvarez-el-atletico-madrid-goleo-5-2-al-real-madrid\\\/\",\"url\":\"https:\\\/\\\/lagnoticias.com\\\/2025\\\/09\\\/27\\\/con-un-doblete-de-julian-alvarez-el-atletico-madrid-goleo-5-2-al-real-madrid\\\/\",\"name\":\"Con un doblete de Juli\u00e1n \u00c1lvarez, el Atl\u00e9tico Madrid gole\u00f3 5-2 al Real Madrid - La G Noticias\",\"isPartOf\":{\"@id\":\"https:\\\/\\\/lagnoticias.com\\\/#website\"},\"primaryImageOfPage\":{\"@id\":\"https:\\\/\\\/lagnoticias.com\\\/2025\\\/09\\\/27\\\/con-un-doblete-de-julian-alvarez-el-atletico-madrid-goleo-5-2-al-real-madrid\\\/#primaryimage\"},\"image\":{\"@id\":\"https:\\\/\\\/lagnoticias.com\\\/2025\\\/09\\\/27\\\/con-un-doblete-de-julian-alvarez-el-atletico-madrid-goleo-5-2-al-real-madrid\\\/#primaryimage\"},\"thumbnailUrl\":\"https:\\\/\\\/lagnoticias.com\\\/wp-content\\\/uploads\\\/2025\\\/09\\\/1-21.jpg\",\"datePublished\":\"2025-09-27T19:53:08+00:00\",\"author\":{\"@id\":\"https:\\\/\\\/lagnoticias.com\\\/#\\\/schema\\\/person\\\/cb9bfe13f8de05d2c55270be25c6a550\"},\"breadcrumb\":{\"@id\":\"https:\\\/\\\/lagnoticias.com\\\/2025\\\/09\\\/27\\\/con-un-doblete-de-julian-alvarez-el-atletico-madrid-goleo-5-2-al-real-madrid\\\/#breadcrumb\"},\"inLanguage\":\"en-US\",\"potentialAction\":[{\"@type\":\"ReadAction\",\"target\":[\"https:\\\/\\\/lagnoticias.com\\\/2025\\\/09\\\/27\\\/con-un-doblete-de-julian-alvarez-el-atletico-madrid-goleo-5-2-al-real-madrid\\\/\"]}]},{\"@type\":\"ImageObject\",\"inLanguage\":\"en-US\",\"@id\":\"https:\\\/\\\/lagnoticias.com\\\/2025\\\/09\\\/27\\\/con-un-doblete-de-julian-alvarez-el-atletico-madrid-goleo-5-2-al-real-madrid\\\/#primaryimage\",\"url\":\"https:\\\/\\\/lagnoticias.com\\\/wp-content\\\/uploads\\\/2025\\\/09\\\/1-21.jpg\",\"contentUrl\":\"https:\\\/\\\/lagnoticias.com\\\/wp-content\\\/uploads\\\/2025\\\/09\\\/1-21.jpg\",\"width\":1200,\"height\":675},{\"@type\":\"BreadcrumbList\",\"@id\":\"https:\\\/\\\/lagnoticias.com\\\/2025\\\/09\\\/27\\\/con-un-doblete-de-julian-alvarez-el-atletico-madrid-goleo-5-2-al-real-madrid\\\/#breadcrumb\",\"itemListElement\":[{\"@type\":\"ListItem\",\"position\":1,\"name\":\"Portada\",\"item\":\"https:\\\/\\\/lagnoticias.com\\\/\"},{\"@type\":\"ListItem\",\"position\":2,\"name\":\"Con un doblete de Juli\u00e1n \u00c1lvarez, el Atl\u00e9tico Madrid gole\u00f3 5-2 al Real Madrid\"}]},{\"@type\":\"WebSite\",\"@id\":\"https:\\\/\\\/lagnoticias.com\\\/#website\",\"url\":\"https:\\\/\\\/lagnoticias.com\\\/\",\"name\":\"La G Noticias\",\"description\":\"Noticias Positivas\",\"potentialAction\":[{\"@type\":\"SearchAction\",\"target\":{\"@type\":\"EntryPoint\",\"urlTemplate\":\"https:\\\/\\\/lagnoticias.com\\\/?s={search_term_string}\"},\"query-input\":{\"@type\":\"PropertyValueSpecification\",\"valueRequired\":true,\"valueName\":\"search_term_string\"}}],\"inLanguage\":\"en-US\"},{\"@type\":\"Person\",\"@id\":\"https:\\\/\\\/lagnoticias.com\\\/#\\\/schema\\\/person\\\/cb9bfe13f8de05d2c55270be25c6a550\",\"name\":\"Oscar\",\"image\":{\"@type\":\"ImageObject\",\"inLanguage\":\"en-US\",\"@id\":\"https:\\\/\\\/secure.gravatar.com\\\/avatar\\\/45c195718f652dc7ffdd591dc1f2678956ab7fdadcd359a635edc61304a8c757?s=96&d=mm&r=g\",\"url\":\"https:\\\/\\\/secure.gravatar.com\\\/avatar\\\/45c195718f652dc7ffdd591dc1f2678956ab7fdadcd359a635edc61304a8c757?s=96&d=mm&r=g\",\"contentUrl\":\"https:\\\/\\\/secure.gravatar.com\\\/avatar\\\/45c195718f652dc7ffdd591dc1f2678956ab7fdadcd359a635edc61304a8c757?s=96&d=mm&r=g\",\"caption\":\"Oscar\"},\"url\":\"https:\\\/\\\/lagnoticias.com\\\/en\\\/author\\\/oscar\\\/\"}]}<\/script>\n<!-- \/ Yoast SEO plugin. -->","yoast_head_json":{"title":"Con un doblete de Juli\u00e1n \u00c1lvarez, el Atl\u00e9tico Madrid gole\u00f3 5-2 al Real Madrid - La G Noticias","robots":{"index":"index","follow":"follow","max-snippet":"max-snippet:-1","max-image-preview":"max-image-preview:large","max-video-preview":"max-video-preview:-1"},"canonical":"https:\/\/lagnoticias.com\/en\/2025\/09\/27\/con-un-doblete-de-julian-alvarez-el-atletico-madrid-goleo-5-2-al-real-madrid\/","og_locale":"en_US","og_type":"article","og_title":"Con un doblete de Juli\u00e1n \u00c1lvarez, el Atl\u00e9tico Madrid gole\u00f3 5-2 al Real Madrid - La G Noticias","og_description":"El colchonero se posicion\u00f3 4\u00b0 en La Liga, mientras que la Casa Blanca sigue como l\u00edder, a la espera del partido del Barcelona vs Real Sociedad.","og_url":"https:\/\/lagnoticias.com\/en\/2025\/09\/27\/con-un-doblete-de-julian-alvarez-el-atletico-madrid-goleo-5-2-al-real-madrid\/","og_site_name":"La G Noticias","article_publisher":"https:\/\/www.facebook.com\/LaGNoticias","article_published_time":"2025-09-27T19:53:08+00:00","og_image":[{"width":1200,"height":675,"url":"https:\/\/lagnoticias.com\/wp-content\/uploads\/2025\/09\/1-21.jpg","type":"image\/jpeg"}],"author":"Oscar","twitter_card":"summary_large_image","twitter_creator":"@lagnoticias","twitter_site":"@lagnoticias","twitter_misc":{"Written by":"Oscar","Est. reading time":"3 minutes"},"schema":{"@context":"https:\/\/schema.org","@graph":[{"@type":"Article","@id":"https:\/\/lagnoticias.com\/2025\/09\/27\/con-un-doblete-de-julian-alvarez-el-atletico-madrid-goleo-5-2-al-real-madrid\/#article","isPartOf":{"@id":"https:\/\/lagnoticias.com\/2025\/09\/27\/con-un-doblete-de-julian-alvarez-el-atletico-madrid-goleo-5-2-al-real-madrid\/"},"author":{"name":"Oscar","@id":"https:\/\/lagnoticias.com\/#\/schema\/person\/cb9bfe13f8de05d2c55270be25c6a550"},"headline":"Con un doblete de Juli\u00e1n \u00c1lvarez, el Atl\u00e9tico Madrid gole\u00f3 5-2 al Real Madrid","datePublished":"2025-09-27T19:53:08+00:00","mainEntityOfPage":{"@id":"https:\/\/lagnoticias.com\/2025\/09\/27\/con-un-doblete-de-julian-alvarez-el-atletico-madrid-goleo-5-2-al-real-madrid\/"},"wordCount":477,"commentCount":0,"image":{"@id":"https:\/\/lagnoticias.com\/2025\/09\/27\/con-un-doblete-de-julian-alvarez-el-atletico-madrid-goleo-5-2-al-real-madrid\/#primaryimage"},"thumbnailUrl":"https:\/\/lagnoticias.com\/wp-content\/uploads\/2025\/09\/1-21.jpg","keywords":["ATL\u00c9TICO DE MADRID","F\u00daTBOL","REAL MADRID"],"articleSection":["DEPORTES"],"inLanguage":"en-US","potentialAction":[{"@type":"CommentAction","name":"Comment","target":["https:\/\/lagnoticias.com\/2025\/09\/27\/con-un-doblete-de-julian-alvarez-el-atletico-madrid-goleo-5-2-al-real-madrid\/#respond"]}]},{"@type":"WebPage","@id":"https:\/\/lagnoticias.com\/2025\/09\/27\/con-un-doblete-de-julian-alvarez-el-atletico-madrid-goleo-5-2-al-real-madrid\/","url":"https:\/\/lagnoticias.com\/2025\/09\/27\/con-un-doblete-de-julian-alvarez-el-atletico-madrid-goleo-5-2-al-real-madrid\/","name":"Con un doblete de Juli\u00e1n \u00c1lvarez, el Atl\u00e9tico Madrid gole\u00f3 5-2 al Real Madrid - La G Noticias","isPartOf":{"@id":"https:\/\/lagnoticias.com\/#website"},"primaryImageOfPage":{"@id":"https:\/\/lagnoticias.com\/2025\/09\/27\/con-un-doblete-de-julian-alvarez-el-atletico-madrid-goleo-5-2-al-real-madrid\/#primaryimage"},"image":{"@id":"https:\/\/lagnoticias.com\/2025\/09\/27\/con-un-doblete-de-julian-alvarez-el-atletico-madrid-goleo-5-2-al-real-madrid\/#primaryimage"},"thumbnailUrl":"https:\/\/lagnoticias.com\/wp-content\/uploads\/2025\/09\/1-21.jpg","datePublished":"2025-09-27T19:53:08+00:00","author":{"@id":"https:\/\/lagnoticias.com\/#\/schema\/person\/cb9bfe13f8de05d2c55270be25c6a550"},"breadcrumb":{"@id":"https:\/\/lagnoticias.com\/2025\/09\/27\/con-un-doblete-de-julian-alvarez-el-atletico-madrid-goleo-5-2-al-real-madrid\/#breadcrumb"},"inLanguage":"en-US","potentialAction":[{"@type":"ReadAction","target":["https:\/\/lagnoticias.com\/2025\/09\/27\/con-un-doblete-de-julian-alvarez-el-atletico-madrid-goleo-5-2-al-real-madrid\/"]}]},{"@type":"ImageObject","inLanguage":"en-US","@id":"https:\/\/lagnoticias.com\/2025\/09\/27\/con-un-doblete-de-julian-alvarez-el-atletico-madrid-goleo-5-2-al-real-madrid\/#primaryimage","url":"https:\/\/lagnoticias.com\/wp-content\/uploads\/2025\/09\/1-21.jpg","contentUrl":"https:\/\/lagnoticias.com\/wp-content\/uploads\/2025\/09\/1-21.jpg","width":1200,"height":675},{"@type":"BreadcrumbList","@id":"https:\/\/lagnoticias.com\/2025\/09\/27\/con-un-doblete-de-julian-alvarez-el-atletico-madrid-goleo-5-2-al-real-madrid\/#breadcrumb","itemListElement":[{"@type":"ListItem","position":1,"name":"Portada","item":"https:\/\/lagnoticias.com\/"},{"@type":"ListItem","position":2,"name":"Con un doblete de Juli\u00e1n \u00c1lvarez, el Atl\u00e9tico Madrid gole\u00f3 5-2 al Real Madrid"}]},{"@type":"WebSite","@id":"https:\/\/lagnoticias.com\/#website","url":"https:\/\/lagnoticias.com\/","name":"La G Noticias","description":"Noticias Positivas","potentialAction":[{"@type":"SearchAction","target":{"@type":"EntryPoint","urlTemplate":"https:\/\/lagnoticias.com\/?s={search_term_string}"},"query-input":{"@type":"PropertyValueSpecification","valueRequired":true,"valueName":"search_term_string"}}],"inLanguage":"en-US"},{"@type":"Person","@id":"https:\/\/lagnoticias.com\/#\/schema\/person\/cb9bfe13f8de05d2c55270be25c6a550","name":"Oscar","image":{"@type":"ImageObject","inLanguage":"en-US","@id":"https:\/\/secure.gravatar.com\/avatar\/45c195718f652dc7ffdd591dc1f2678956ab7fdadcd359a635edc61304a8c757?s=96&d=mm&r=g","url":"https:\/\/secure.gravatar.com\/avatar\/45c195718f652dc7ffdd591dc1f2678956ab7fdadcd359a635edc61304a8c757?s=96&d=mm&r=g","contentUrl":"https:\/\/secure.gravatar.com\/avatar\/45c195718f652dc7ffdd591dc1f2678956ab7fdadcd359a635edc61304a8c757?s=96&d=mm&r=g","caption":"Oscar"},"url":"https:\/\/lagnoticias.com\/en\/author\/oscar\/"}]}},"_links":{"self":[{"href":"https:\/\/lagnoticias.com\/en\/wp-json\/wp\/v2\/posts\/5400","targetHints":{"allow":["GET"]}}],"collection":[{"href":"https:\/\/lagnoticias.com\/en\/wp-json\/wp\/v2\/posts"}],"about":[{"href":"https:\/\/lagnoticias.com\/en\/wp-json\/wp\/v2\/types\/post"}],"author":[{"embeddable":true,"href":"https:\/\/lagnoticias.com\/en\/wp-json\/wp\/v2\/users\/2"}],"replies":[{"embeddable":true,"href":"https:\/\/lagnoticias.com\/en\/wp-json\/wp\/v2\/comments?post=5400"}],"version-history":[{"count":1,"href":"https:\/\/lagnoticias.com\/en\/wp-json\/wp\/v2\/posts\/5400\/revisions"}],"predecessor-version":[{"id":5403,"href":"https:\/\/lagnoticias.com\/en\/wp-json\/wp\/v2\/posts\/5400\/revisions\/5403"}],"wp:featuredmedia":[{"embeddable":true,"href":"https:\/\/lagnoticias.com\/en\/wp-json\/wp\/v2\/media\/5401"}],"wp:attachment":[{"href":"https:\/\/lagnoticias.com\/en\/wp-json\/wp\/v2\/media?parent=5400"}],"wp:term":[{"taxonomy":"category","embeddable":true,"href":"https:\/\/lagnoticias.com\/en\/wp-json\/wp\/v2\/categories?post=5400"},{"taxonomy":"post_tag","embeddable":true,"href":"https:\/\/lagnoticias.com\/en\/wp-json\/wp\/v2\/tags?post=5400"}],"curies":[{"name":"wp","href":"https:\/\/api.w.org\/{rel}","templated":true}]}}