{"id":5392,"date":"2025-09-27T13:02:19","date_gmt":"2025-09-27T19:02:19","guid":{"rendered":"https:\/\/lagnoticias.com\/?p=5392"},"modified":"2025-09-27T13:02:20","modified_gmt":"2025-09-27T19:02:20","slug":"se-mantiene-la-alerta-verde-ante-incremento-de-lluvias-en-los-proximos-dias","status":"publish","type":"post","link":"https:\/\/lagnoticias.com\/en\/2025\/09\/27\/se-mantiene-la-alerta-verde-ante-incremento-de-lluvias-en-los-proximos-dias\/","title":{"rendered":"Se mantiene la alerta verde ante incremento de lluvias en los pr\u00f3ximos d\u00edas"},"content":{"rendered":"<p>Protecci\u00f3n Civil mantiene alerta verde y a sus equipos desplegados a escala nacional para dar atenci\u00f3n oportuna ante cualquier emergencia que suceda debido al pron\u00f3stico del incremento de lluvias durante los pr\u00f3ximos d\u00edas.&nbsp;<\/p>\n\n\n\n<p>Funcionarios que conforman la Comisi\u00f3n Nacional de Protecci\u00f3n Civil explicaron sobre el trabajo que desarrollan, desde el monitoreo, hasta la activaci\u00f3n de los protocolos de respuesta y de mitigaci\u00f3n de riesgos debido a las condiciones clim\u00e1ticas.&nbsp;<\/p>\n\n\n\n<h2 class=\"wp-block-heading\">Protocolos de respuesta<\/h2>\n\n\n\n<p>\u201cQueremos reiterar que estamos en alerta verde, con el prop\u00f3sito de que todas las instancias est\u00e9n en alerta. Tambi\u00e9n, enfatizamos mucho en la vigilancia por los posibles sucesos que puedan ocurrir, que en los \u00faltimos d\u00edas han sido muy frecuentes. <\/p>\n\n\n\n<p>Recordarle a la poblaci\u00f3n que son 180 albergues dispuestos, debidamente equipados, para ser utilizados en caso de ser necesarios\u201d, enfatiz\u00f3 el director de Protecci\u00f3n Civil, Luis Alonso Amaya.<\/p>\n\n\n\n<p>Los equipos han priorizado la atenci\u00f3n en las \u00e1reas propensas a deslizamientos, derrumbes debido a la saturaci\u00f3n de los suelos, en sectores cercanos a r\u00edos y quebradas, por el riesgo de crecidas repentinas e inundaciones, as\u00ed como en zonas urbanas con historial de inundaciones, donde las lluvias intensas pueden afectar la movilidad y las viviendas.<\/p>\n\n\n\n<p>\u201cDel 26 al martes 30 (de septiembre) vamos a tener tormentas el\u00e9ctricas desplaz\u00e1ndose en todo el pa\u00eds. Va a llover fuerte toda la semana por las tardes. No es un temporal, sino que es mucha humedad. Los riesgos son crecidas de r\u00edos, inundaciones, ca\u00edda de \u00e1rboles y de rocas. <\/p>\n\n\n\n<p>Vamos a tener mucha lluvia todas las tardes y noches. Hacemos un llamado a que no botemos basura, ya que eso representa un problema en los drenajes\u00bb, explic\u00f3 el ministro de Medio Ambiente, Fernando L\u00f3pez.\u00a0<\/p>\n\n\n\n<p>El Gobierno mantiene activo el Centro de Operaciones de Emergencia (COE) y ha desplegado a sus equipos t\u00e9cnicos y personal especializado, coordinando con instituciones de primera respuesta y cuerpos de socorro para garantizar asistencia inmediata a la poblaci\u00f3n que lo requiera.<\/p>\n\n\n\n<p>Adem\u00e1s, la Direcci\u00f3n Nacional de Albergues dispone de una red de 180 instalaciones equipadas y con una capacidad para 10,000 personas, garantizando insumos esenciales y atenci\u00f3n integral a las personas que lo necesiten.&nbsp;<\/p>","protected":false},"excerpt":{"rendered":"<p>Protecci\u00f3n Civil mantiene alerta verde y a sus equipos desplegados a escala nacional para dar atenci\u00f3n oportuna ante cualquier emergencia que suceda debido al pron\u00f3stico del incremento de lluvias durante los pr\u00f3ximos d\u00edas.&nbsp; Funcionarios que conforman la Comisi\u00f3n Nacional de Protecci\u00f3n Civil explicaron sobre el trabajo que desarrollan, desde el monitoreo, hasta la activaci\u00f3n de [&hellip;]<\/p>","protected":false},"author":2,"featured_media":5394,"comment_status":"open","ping_status":"open","sticky":false,"template":"","format":"standard","meta":{"_et_pb_use_builder":"off","_et_pb_old_content":"","_et_gb_content_width":"","footnotes":""},"categories":[679,244],"tags":[339,267,268,452,408],"class_list":["post-5392","post","type-post","status-publish","format-standard","has-post-thumbnail","hentry","category-destacados","category-nacionales","tag-clima","tag-el-salvador","tag-gobierno-de-el-salvador","tag-lluvias","tag-proteccion-civil"],"yoast_head":"<!-- This site is optimized with the Yoast SEO plugin v27.4 - https:\/\/yoast.com\/product\/yoast-seo-wordpress\/ -->\n<title>Se mantiene la alerta verde ante incremento de lluvias en los pr\u00f3ximos d\u00edas - La G Noticias<\/title>\n<meta name=\"robots\" content=\"index, follow, max-snippet:-1, max-image-preview:large, max-video-preview:-1\" \/>\n<link rel=\"canonical\" href=\"https:\/\/lagnoticias.com\/en\/2025\/09\/27\/se-mantiene-la-alerta-verde-ante-incremento-de-lluvias-en-los-proximos-dias\/\" \/>\n<meta property=\"og:locale\" content=\"en_US\" \/>\n<meta property=\"og:type\" content=\"article\" \/>\n<meta property=\"og:title\" content=\"Se mantiene la alerta verde ante incremento de lluvias en los pr\u00f3ximos d\u00edas - La G Noticias\" \/>\n<meta property=\"og:description\" content=\"Protecci\u00f3n Civil mantiene alerta verde y a sus equipos desplegados a escala nacional para dar atenci\u00f3n oportuna ante cualquier emergencia que suceda debido al pron\u00f3stico del incremento de lluvias durante los pr\u00f3ximos d\u00edas.&nbsp; Funcionarios que conforman la Comisi\u00f3n Nacional de Protecci\u00f3n Civil explicaron sobre el trabajo que desarrollan, desde el monitoreo, hasta la activaci\u00f3n de [&hellip;]\" \/>\n<meta property=\"og:url\" content=\"https:\/\/lagnoticias.com\/en\/2025\/09\/27\/se-mantiene-la-alerta-verde-ante-incremento-de-lluvias-en-los-proximos-dias\/\" \/>\n<meta property=\"og:site_name\" content=\"La G Noticias\" \/>\n<meta property=\"article:publisher\" content=\"https:\/\/www.facebook.com\/LaGNoticias\" \/>\n<meta property=\"article:published_time\" content=\"2025-09-27T19:02:19+00:00\" \/>\n<meta property=\"article:modified_time\" content=\"2025-09-27T19:02:20+00:00\" \/>\n<meta property=\"og:image\" content=\"https:\/\/lagnoticias.com\/wp-content\/uploads\/2025\/09\/4-34-scaled.jpg\" \/>\n\t<meta property=\"og:image:width\" content=\"2560\" \/>\n\t<meta property=\"og:image:height\" content=\"1194\" \/>\n\t<meta property=\"og:image:type\" content=\"image\/jpeg\" \/>\n<meta name=\"author\" content=\"Oscar\" \/>\n<meta name=\"twitter:card\" content=\"summary_large_image\" \/>\n<meta name=\"twitter:creator\" content=\"@lagnoticias\" \/>\n<meta name=\"twitter:site\" content=\"@lagnoticias\" \/>\n<meta name=\"twitter:label1\" content=\"Written by\" \/>\n\t<meta name=\"twitter:data1\" content=\"Oscar\" \/>\n\t<meta name=\"twitter:label2\" content=\"Est. reading time\" \/>\n\t<meta name=\"twitter:data2\" content=\"2 minutes\" \/>\n<script type=\"application\/ld+json\" class=\"yoast-schema-graph\">{\"@context\":\"https:\\\/\\\/schema.org\",\"@graph\":[{\"@type\":\"Article\",\"@id\":\"https:\\\/\\\/lagnoticias.com\\\/2025\\\/09\\\/27\\\/se-mantiene-la-alerta-verde-ante-incremento-de-lluvias-en-los-proximos-dias\\\/#article\",\"isPartOf\":{\"@id\":\"https:\\\/\\\/lagnoticias.com\\\/2025\\\/09\\\/27\\\/se-mantiene-la-alerta-verde-ante-incremento-de-lluvias-en-los-proximos-dias\\\/\"},\"author\":{\"name\":\"Oscar\",\"@id\":\"https:\\\/\\\/lagnoticias.com\\\/#\\\/schema\\\/person\\\/cb9bfe13f8de05d2c55270be25c6a550\"},\"headline\":\"Se mantiene la alerta verde ante incremento de lluvias en los pr\u00f3ximos d\u00edas\",\"datePublished\":\"2025-09-27T19:02:19+00:00\",\"dateModified\":\"2025-09-27T19:02:20+00:00\",\"mainEntityOfPage\":{\"@id\":\"https:\\\/\\\/lagnoticias.com\\\/2025\\\/09\\\/27\\\/se-mantiene-la-alerta-verde-ante-incremento-de-lluvias-en-los-proximos-dias\\\/\"},\"wordCount\":396,\"commentCount\":0,\"image\":{\"@id\":\"https:\\\/\\\/lagnoticias.com\\\/2025\\\/09\\\/27\\\/se-mantiene-la-alerta-verde-ante-incremento-de-lluvias-en-los-proximos-dias\\\/#primaryimage\"},\"thumbnailUrl\":\"https:\\\/\\\/lagnoticias.com\\\/wp-content\\\/uploads\\\/2025\\\/09\\\/4-34-scaled.jpg\",\"keywords\":[\"CLIMA\",\"EL SALVADOR\",\"GOBIERNO DE EL SALVADOR\",\"LLUVIAS\",\"PROTECCI\u00d3N CIVIL\"],\"articleSection\":[\"DESTACADOS\",\"NACIONALES\"],\"inLanguage\":\"en-US\",\"potentialAction\":[{\"@type\":\"CommentAction\",\"name\":\"Comment\",\"target\":[\"https:\\\/\\\/lagnoticias.com\\\/2025\\\/09\\\/27\\\/se-mantiene-la-alerta-verde-ante-incremento-de-lluvias-en-los-proximos-dias\\\/#respond\"]}]},{\"@type\":\"WebPage\",\"@id\":\"https:\\\/\\\/lagnoticias.com\\\/2025\\\/09\\\/27\\\/se-mantiene-la-alerta-verde-ante-incremento-de-lluvias-en-los-proximos-dias\\\/\",\"url\":\"https:\\\/\\\/lagnoticias.com\\\/2025\\\/09\\\/27\\\/se-mantiene-la-alerta-verde-ante-incremento-de-lluvias-en-los-proximos-dias\\\/\",\"name\":\"Se mantiene la alerta verde ante incremento de lluvias en los pr\u00f3ximos d\u00edas - La G Noticias\",\"isPartOf\":{\"@id\":\"https:\\\/\\\/lagnoticias.com\\\/#website\"},\"primaryImageOfPage\":{\"@id\":\"https:\\\/\\\/lagnoticias.com\\\/2025\\\/09\\\/27\\\/se-mantiene-la-alerta-verde-ante-incremento-de-lluvias-en-los-proximos-dias\\\/#primaryimage\"},\"image\":{\"@id\":\"https:\\\/\\\/lagnoticias.com\\\/2025\\\/09\\\/27\\\/se-mantiene-la-alerta-verde-ante-incremento-de-lluvias-en-los-proximos-dias\\\/#primaryimage\"},\"thumbnailUrl\":\"https:\\\/\\\/lagnoticias.com\\\/wp-content\\\/uploads\\\/2025\\\/09\\\/4-34-scaled.jpg\",\"datePublished\":\"2025-09-27T19:02:19+00:00\",\"dateModified\":\"2025-09-27T19:02:20+00:00\",\"author\":{\"@id\":\"https:\\\/\\\/lagnoticias.com\\\/#\\\/schema\\\/person\\\/cb9bfe13f8de05d2c55270be25c6a550\"},\"breadcrumb\":{\"@id\":\"https:\\\/\\\/lagnoticias.com\\\/2025\\\/09\\\/27\\\/se-mantiene-la-alerta-verde-ante-incremento-de-lluvias-en-los-proximos-dias\\\/#breadcrumb\"},\"inLanguage\":\"en-US\",\"potentialAction\":[{\"@type\":\"ReadAction\",\"target\":[\"https:\\\/\\\/lagnoticias.com\\\/2025\\\/09\\\/27\\\/se-mantiene-la-alerta-verde-ante-incremento-de-lluvias-en-los-proximos-dias\\\/\"]}]},{\"@type\":\"ImageObject\",\"inLanguage\":\"en-US\",\"@id\":\"https:\\\/\\\/lagnoticias.com\\\/2025\\\/09\\\/27\\\/se-mantiene-la-alerta-verde-ante-incremento-de-lluvias-en-los-proximos-dias\\\/#primaryimage\",\"url\":\"https:\\\/\\\/lagnoticias.com\\\/wp-content\\\/uploads\\\/2025\\\/09\\\/4-34-scaled.jpg\",\"contentUrl\":\"https:\\\/\\\/lagnoticias.com\\\/wp-content\\\/uploads\\\/2025\\\/09\\\/4-34-scaled.jpg\",\"width\":2560,\"height\":1194},{\"@type\":\"BreadcrumbList\",\"@id\":\"https:\\\/\\\/lagnoticias.com\\\/2025\\\/09\\\/27\\\/se-mantiene-la-alerta-verde-ante-incremento-de-lluvias-en-los-proximos-dias\\\/#breadcrumb\",\"itemListElement\":[{\"@type\":\"ListItem\",\"position\":1,\"name\":\"Portada\",\"item\":\"https:\\\/\\\/lagnoticias.com\\\/\"},{\"@type\":\"ListItem\",\"position\":2,\"name\":\"Se mantiene la alerta verde ante incremento de lluvias en los pr\u00f3ximos d\u00edas\"}]},{\"@type\":\"WebSite\",\"@id\":\"https:\\\/\\\/lagnoticias.com\\\/#website\",\"url\":\"https:\\\/\\\/lagnoticias.com\\\/\",\"name\":\"La G Noticias\",\"description\":\"Noticias Positivas\",\"potentialAction\":[{\"@type\":\"SearchAction\",\"target\":{\"@type\":\"EntryPoint\",\"urlTemplate\":\"https:\\\/\\\/lagnoticias.com\\\/?s={search_term_string}\"},\"query-input\":{\"@type\":\"PropertyValueSpecification\",\"valueRequired\":true,\"valueName\":\"search_term_string\"}}],\"inLanguage\":\"en-US\"},{\"@type\":\"Person\",\"@id\":\"https:\\\/\\\/lagnoticias.com\\\/#\\\/schema\\\/person\\\/cb9bfe13f8de05d2c55270be25c6a550\",\"name\":\"Oscar\",\"image\":{\"@type\":\"ImageObject\",\"inLanguage\":\"en-US\",\"@id\":\"https:\\\/\\\/secure.gravatar.com\\\/avatar\\\/45c195718f652dc7ffdd591dc1f2678956ab7fdadcd359a635edc61304a8c757?s=96&d=mm&r=g\",\"url\":\"https:\\\/\\\/secure.gravatar.com\\\/avatar\\\/45c195718f652dc7ffdd591dc1f2678956ab7fdadcd359a635edc61304a8c757?s=96&d=mm&r=g\",\"contentUrl\":\"https:\\\/\\\/secure.gravatar.com\\\/avatar\\\/45c195718f652dc7ffdd591dc1f2678956ab7fdadcd359a635edc61304a8c757?s=96&d=mm&r=g\",\"caption\":\"Oscar\"},\"url\":\"https:\\\/\\\/lagnoticias.com\\\/en\\\/author\\\/oscar\\\/\"}]}<\/script>\n<!-- \/ Yoast SEO plugin. -->","yoast_head_json":{"title":"Se mantiene la alerta verde ante incremento de lluvias en los pr\u00f3ximos d\u00edas - La G Noticias","robots":{"index":"index","follow":"follow","max-snippet":"max-snippet:-1","max-image-preview":"max-image-preview:large","max-video-preview":"max-video-preview:-1"},"canonical":"https:\/\/lagnoticias.com\/en\/2025\/09\/27\/se-mantiene-la-alerta-verde-ante-incremento-de-lluvias-en-los-proximos-dias\/","og_locale":"en_US","og_type":"article","og_title":"Se mantiene la alerta verde ante incremento de lluvias en los pr\u00f3ximos d\u00edas - La G Noticias","og_description":"Protecci\u00f3n Civil mantiene alerta verde y a sus equipos desplegados a escala nacional para dar atenci\u00f3n oportuna ante cualquier emergencia que suceda debido al pron\u00f3stico del incremento de lluvias durante los pr\u00f3ximos d\u00edas.&nbsp; Funcionarios que conforman la Comisi\u00f3n Nacional de Protecci\u00f3n Civil explicaron sobre el trabajo que desarrollan, desde el monitoreo, hasta la activaci\u00f3n de [&hellip;]","og_url":"https:\/\/lagnoticias.com\/en\/2025\/09\/27\/se-mantiene-la-alerta-verde-ante-incremento-de-lluvias-en-los-proximos-dias\/","og_site_name":"La G Noticias","article_publisher":"https:\/\/www.facebook.com\/LaGNoticias","article_published_time":"2025-09-27T19:02:19+00:00","article_modified_time":"2025-09-27T19:02:20+00:00","og_image":[{"width":2560,"height":1194,"url":"https:\/\/lagnoticias.com\/wp-content\/uploads\/2025\/09\/4-34-scaled.jpg","type":"image\/jpeg"}],"author":"Oscar","twitter_card":"summary_large_image","twitter_creator":"@lagnoticias","twitter_site":"@lagnoticias","twitter_misc":{"Written by":"Oscar","Est. reading time":"2 minutes"},"schema":{"@context":"https:\/\/schema.org","@graph":[{"@type":"Article","@id":"https:\/\/lagnoticias.com\/2025\/09\/27\/se-mantiene-la-alerta-verde-ante-incremento-de-lluvias-en-los-proximos-dias\/#article","isPartOf":{"@id":"https:\/\/lagnoticias.com\/2025\/09\/27\/se-mantiene-la-alerta-verde-ante-incremento-de-lluvias-en-los-proximos-dias\/"},"author":{"name":"Oscar","@id":"https:\/\/lagnoticias.com\/#\/schema\/person\/cb9bfe13f8de05d2c55270be25c6a550"},"headline":"Se mantiene la alerta verde ante incremento de lluvias en los pr\u00f3ximos d\u00edas","datePublished":"2025-09-27T19:02:19+00:00","dateModified":"2025-09-27T19:02:20+00:00","mainEntityOfPage":{"@id":"https:\/\/lagnoticias.com\/2025\/09\/27\/se-mantiene-la-alerta-verde-ante-incremento-de-lluvias-en-los-proximos-dias\/"},"wordCount":396,"commentCount":0,"image":{"@id":"https:\/\/lagnoticias.com\/2025\/09\/27\/se-mantiene-la-alerta-verde-ante-incremento-de-lluvias-en-los-proximos-dias\/#primaryimage"},"thumbnailUrl":"https:\/\/lagnoticias.com\/wp-content\/uploads\/2025\/09\/4-34-scaled.jpg","keywords":["CLIMA","EL SALVADOR","GOBIERNO DE EL SALVADOR","LLUVIAS","PROTECCI\u00d3N CIVIL"],"articleSection":["DESTACADOS","NACIONALES"],"inLanguage":"en-US","potentialAction":[{"@type":"CommentAction","name":"Comment","target":["https:\/\/lagnoticias.com\/2025\/09\/27\/se-mantiene-la-alerta-verde-ante-incremento-de-lluvias-en-los-proximos-dias\/#respond"]}]},{"@type":"WebPage","@id":"https:\/\/lagnoticias.com\/2025\/09\/27\/se-mantiene-la-alerta-verde-ante-incremento-de-lluvias-en-los-proximos-dias\/","url":"https:\/\/lagnoticias.com\/2025\/09\/27\/se-mantiene-la-alerta-verde-ante-incremento-de-lluvias-en-los-proximos-dias\/","name":"Se mantiene la alerta verde ante incremento de lluvias en los pr\u00f3ximos d\u00edas - La G Noticias","isPartOf":{"@id":"https:\/\/lagnoticias.com\/#website"},"primaryImageOfPage":{"@id":"https:\/\/lagnoticias.com\/2025\/09\/27\/se-mantiene-la-alerta-verde-ante-incremento-de-lluvias-en-los-proximos-dias\/#primaryimage"},"image":{"@id":"https:\/\/lagnoticias.com\/2025\/09\/27\/se-mantiene-la-alerta-verde-ante-incremento-de-lluvias-en-los-proximos-dias\/#primaryimage"},"thumbnailUrl":"https:\/\/lagnoticias.com\/wp-content\/uploads\/2025\/09\/4-34-scaled.jpg","datePublished":"2025-09-27T19:02:19+00:00","dateModified":"2025-09-27T19:02:20+00:00","author":{"@id":"https:\/\/lagnoticias.com\/#\/schema\/person\/cb9bfe13f8de05d2c55270be25c6a550"},"breadcrumb":{"@id":"https:\/\/lagnoticias.com\/2025\/09\/27\/se-mantiene-la-alerta-verde-ante-incremento-de-lluvias-en-los-proximos-dias\/#breadcrumb"},"inLanguage":"en-US","potentialAction":[{"@type":"ReadAction","target":["https:\/\/lagnoticias.com\/2025\/09\/27\/se-mantiene-la-alerta-verde-ante-incremento-de-lluvias-en-los-proximos-dias\/"]}]},{"@type":"ImageObject","inLanguage":"en-US","@id":"https:\/\/lagnoticias.com\/2025\/09\/27\/se-mantiene-la-alerta-verde-ante-incremento-de-lluvias-en-los-proximos-dias\/#primaryimage","url":"https:\/\/lagnoticias.com\/wp-content\/uploads\/2025\/09\/4-34-scaled.jpg","contentUrl":"https:\/\/lagnoticias.com\/wp-content\/uploads\/2025\/09\/4-34-scaled.jpg","width":2560,"height":1194},{"@type":"BreadcrumbList","@id":"https:\/\/lagnoticias.com\/2025\/09\/27\/se-mantiene-la-alerta-verde-ante-incremento-de-lluvias-en-los-proximos-dias\/#breadcrumb","itemListElement":[{"@type":"ListItem","position":1,"name":"Portada","item":"https:\/\/lagnoticias.com\/"},{"@type":"ListItem","position":2,"name":"Se mantiene la alerta verde ante incremento de lluvias en los pr\u00f3ximos d\u00edas"}]},{"@type":"WebSite","@id":"https:\/\/lagnoticias.com\/#website","url":"https:\/\/lagnoticias.com\/","name":"La G Noticias","description":"Noticias Positivas","potentialAction":[{"@type":"SearchAction","target":{"@type":"EntryPoint","urlTemplate":"https:\/\/lagnoticias.com\/?s={search_term_string}"},"query-input":{"@type":"PropertyValueSpecification","valueRequired":true,"valueName":"search_term_string"}}],"inLanguage":"en-US"},{"@type":"Person","@id":"https:\/\/lagnoticias.com\/#\/schema\/person\/cb9bfe13f8de05d2c55270be25c6a550","name":"Oscar","image":{"@type":"ImageObject","inLanguage":"en-US","@id":"https:\/\/secure.gravatar.com\/avatar\/45c195718f652dc7ffdd591dc1f2678956ab7fdadcd359a635edc61304a8c757?s=96&d=mm&r=g","url":"https:\/\/secure.gravatar.com\/avatar\/45c195718f652dc7ffdd591dc1f2678956ab7fdadcd359a635edc61304a8c757?s=96&d=mm&r=g","contentUrl":"https:\/\/secure.gravatar.com\/avatar\/45c195718f652dc7ffdd591dc1f2678956ab7fdadcd359a635edc61304a8c757?s=96&d=mm&r=g","caption":"Oscar"},"url":"https:\/\/lagnoticias.com\/en\/author\/oscar\/"}]}},"_links":{"self":[{"href":"https:\/\/lagnoticias.com\/en\/wp-json\/wp\/v2\/posts\/5392","targetHints":{"allow":["GET"]}}],"collection":[{"href":"https:\/\/lagnoticias.com\/en\/wp-json\/wp\/v2\/posts"}],"about":[{"href":"https:\/\/lagnoticias.com\/en\/wp-json\/wp\/v2\/types\/post"}],"author":[{"embeddable":true,"href":"https:\/\/lagnoticias.com\/en\/wp-json\/wp\/v2\/users\/2"}],"replies":[{"embeddable":true,"href":"https:\/\/lagnoticias.com\/en\/wp-json\/wp\/v2\/comments?post=5392"}],"version-history":[{"count":1,"href":"https:\/\/lagnoticias.com\/en\/wp-json\/wp\/v2\/posts\/5392\/revisions"}],"predecessor-version":[{"id":5395,"href":"https:\/\/lagnoticias.com\/en\/wp-json\/wp\/v2\/posts\/5392\/revisions\/5395"}],"wp:featuredmedia":[{"embeddable":true,"href":"https:\/\/lagnoticias.com\/en\/wp-json\/wp\/v2\/media\/5394"}],"wp:attachment":[{"href":"https:\/\/lagnoticias.com\/en\/wp-json\/wp\/v2\/media?parent=5392"}],"wp:term":[{"taxonomy":"category","embeddable":true,"href":"https:\/\/lagnoticias.com\/en\/wp-json\/wp\/v2\/categories?post=5392"},{"taxonomy":"post_tag","embeddable":true,"href":"https:\/\/lagnoticias.com\/en\/wp-json\/wp\/v2\/tags?post=5392"}],"curies":[{"name":"wp","href":"https:\/\/api.w.org\/{rel}","templated":true}]}}