{"id":5389,"date":"2025-09-27T12:46:15","date_gmt":"2025-09-27T18:46:15","guid":{"rendered":"https:\/\/lagnoticias.com\/?p=5389"},"modified":"2025-09-27T12:46:36","modified_gmt":"2025-09-27T18:46:36","slug":"estados-unido-revoca-visa-a-gustavo-petro-por-acciones-incendiarias","status":"publish","type":"post","link":"https:\/\/lagnoticias.com\/en\/2025\/09\/27\/estados-unido-revoca-visa-a-gustavo-petro-por-acciones-incendiarias\/","title":{"rendered":"Estados Unido revoca visa a Gustavo Petro por \u00abacciones incendiarias\u00bb"},"content":{"rendered":"<p>El Departamento de Estado de&nbsp;EE. UU.&nbsp;anunci\u00f3 que revocar\u00e1 el visado del presidente de&nbsp;Colombia,&nbsp;Gustavo Petro, por sus \u00abacciones incendiarias\u00bb durante una protesta callejera en&nbsp;Nueva York.<\/p>\n\n\n\n<p>\u00abHoy, el presidente colombiano @petrogustavo se ha manifestado en una calle de Nueva York y ha instado a los soldados estadounidenses a desobedecer las \u00f3rdenes e incitar a la violencia\u00bb, declar\u00f3 el Departamento de Estado en una publicaci\u00f3n en X.<\/p>\n\n\n\n<p>\u00abRevocaremos el visado de Petro debido a sus acciones imprudentes e incendiarias\u00bb, afirm\u00f3 el Departamento de Estado.<\/p>\n\n\n\n<p>Petro, que se encuentra en Nueva York para asistir a la Asamblea General de las Naciones Unidas, dijo a una multitud reunida frente a la sede de la&nbsp;ONU: \u00abPido a todos los soldados del ej\u00e9rcito de Estados Unidos que no apunten con sus armas a la gente. Desobedezcan las \u00f3rdenes del (presidente Donald) Trump. \u00a1Obedezcan las \u00f3rdenes de la humanidad!\u00bb.<\/p>\n\n\n\n<h2 class=\"wp-block-heading\">Bogot\u00e1 no emiti\u00f3 comentarios de inmediato<\/h2>\n\n\n\n<p>Su oficina y el Ministerio de Relaciones Exteriores de Colombia no respondieron de inmediato a las solicitudes de comentarios, dijo la agencia Reuters.<\/p>\n\n\n\n<p>En su discurso ante la reuni\u00f3n mundial del martes,&nbsp;Petro tambi\u00e9n arremeti\u00f3 contra Trump, diciendo que el l\u00edder estadounidense era \u00abc\u00f3mplice del genocidio\u00bb en Gaza y pidi\u00f3 \u00abprocedimientos penales\u00bb por los ataques con misiles estadounidenses contra barcos sospechosos de traficar con drogas en aguas del Caribe.<\/p>\n\n\n\n<p>El perfil de Petro en las redes sociales mostraba el viernes que hab\u00eda republicado varios v\u00eddeos en los que aparec\u00eda hablando en una reuni\u00f3n de manifestantes pro palestinos en Nueva York.<\/p>\n\n\n\n<p>\u00abPalestina libre. Si Gaza cae, la humanidad muere\u00bb dijo Petro en una publicaci\u00f3n en X.<\/p>\n\n\n\n<p>El mandatario colombiano, un opositor declarado a la guerra en Gaza y&nbsp;ha suspendido las exportaciones de carb\u00f3n a Israel.<\/p>","protected":false},"excerpt":{"rendered":"<p>El mandatario de Colombia se manifest\u00f3 en Nueva York e inst\u00f3 a los soldados estadounidenses a desobedecer a Trump.<\/p>","protected":false},"author":2,"featured_media":5390,"comment_status":"open","ping_status":"open","sticky":false,"template":"","format":"standard","meta":{"_et_pb_use_builder":"off","_et_pb_old_content":"","_et_gb_content_width":"","footnotes":""},"categories":[679,245],"tags":[499,272,260,1126,655,406],"class_list":["post-5389","post","type-post","status-publish","format-standard","has-post-thumbnail","hentry","category-destacados","category-internacionales","tag-colombia","tag-donald-trump","tag-estados-unidos","tag-gustavo-petro","tag-nueva-york","tag-onu"],"yoast_head":"<!-- This site is optimized with the Yoast SEO plugin v27.4 - https:\/\/yoast.com\/product\/yoast-seo-wordpress\/ -->\n<title>Estados Unido revoca visa a Gustavo Petro por &quot;acciones incendiarias&quot; - La G Noticias<\/title>\n<meta name=\"robots\" content=\"index, follow, max-snippet:-1, max-image-preview:large, max-video-preview:-1\" \/>\n<link rel=\"canonical\" href=\"https:\/\/lagnoticias.com\/en\/2025\/09\/27\/estados-unido-revoca-visa-a-gustavo-petro-por-acciones-incendiarias\/\" \/>\n<meta property=\"og:locale\" content=\"en_US\" \/>\n<meta property=\"og:type\" content=\"article\" \/>\n<meta property=\"og:title\" content=\"Estados Unido revoca visa a Gustavo Petro por &quot;acciones incendiarias&quot; - La G Noticias\" \/>\n<meta property=\"og:description\" content=\"El mandatario de Colombia se manifest\u00f3 en Nueva York e inst\u00f3 a los soldados estadounidenses a desobedecer a Trump.\" \/>\n<meta property=\"og:url\" content=\"https:\/\/lagnoticias.com\/en\/2025\/09\/27\/estados-unido-revoca-visa-a-gustavo-petro-por-acciones-incendiarias\/\" \/>\n<meta property=\"og:site_name\" content=\"La G Noticias\" \/>\n<meta property=\"article:publisher\" content=\"https:\/\/www.facebook.com\/LaGNoticias\" \/>\n<meta property=\"article:published_time\" content=\"2025-09-27T18:46:15+00:00\" \/>\n<meta property=\"article:modified_time\" content=\"2025-09-27T18:46:36+00:00\" \/>\n<meta property=\"og:image\" content=\"https:\/\/lagnoticias.com\/wp-content\/uploads\/2025\/09\/9-19.jpg\" \/>\n\t<meta property=\"og:image:width\" content=\"954\" \/>\n\t<meta property=\"og:image:height\" content=\"510\" \/>\n\t<meta property=\"og:image:type\" content=\"image\/jpeg\" \/>\n<meta name=\"author\" content=\"Oscar\" \/>\n<meta name=\"twitter:card\" content=\"summary_large_image\" \/>\n<meta name=\"twitter:creator\" content=\"@lagnoticias\" \/>\n<meta name=\"twitter:site\" content=\"@lagnoticias\" \/>\n<meta name=\"twitter:label1\" content=\"Written by\" \/>\n\t<meta name=\"twitter:data1\" content=\"Oscar\" \/>\n\t<meta name=\"twitter:label2\" content=\"Est. reading time\" \/>\n\t<meta name=\"twitter:data2\" content=\"2 minutes\" \/>\n<script type=\"application\/ld+json\" class=\"yoast-schema-graph\">{\"@context\":\"https:\\\/\\\/schema.org\",\"@graph\":[{\"@type\":\"Article\",\"@id\":\"https:\\\/\\\/lagnoticias.com\\\/2025\\\/09\\\/27\\\/estados-unido-revoca-visa-a-gustavo-petro-por-acciones-incendiarias\\\/#article\",\"isPartOf\":{\"@id\":\"https:\\\/\\\/lagnoticias.com\\\/2025\\\/09\\\/27\\\/estados-unido-revoca-visa-a-gustavo-petro-por-acciones-incendiarias\\\/\"},\"author\":{\"name\":\"Oscar\",\"@id\":\"https:\\\/\\\/lagnoticias.com\\\/#\\\/schema\\\/person\\\/cb9bfe13f8de05d2c55270be25c6a550\"},\"headline\":\"Estados Unido revoca visa a Gustavo Petro por \u00abacciones incendiarias\u00bb\",\"datePublished\":\"2025-09-27T18:46:15+00:00\",\"dateModified\":\"2025-09-27T18:46:36+00:00\",\"mainEntityOfPage\":{\"@id\":\"https:\\\/\\\/lagnoticias.com\\\/2025\\\/09\\\/27\\\/estados-unido-revoca-visa-a-gustavo-petro-por-acciones-incendiarias\\\/\"},\"wordCount\":318,\"commentCount\":0,\"image\":{\"@id\":\"https:\\\/\\\/lagnoticias.com\\\/2025\\\/09\\\/27\\\/estados-unido-revoca-visa-a-gustavo-petro-por-acciones-incendiarias\\\/#primaryimage\"},\"thumbnailUrl\":\"https:\\\/\\\/lagnoticias.com\\\/wp-content\\\/uploads\\\/2025\\\/09\\\/9-19.jpg\",\"keywords\":[\"COLOMBIA\",\"DONALD TRUMP\",\"ESTADOS UNIDOS\",\"GUSTAVO PETRO\",\"NUEVA YORK\",\"ONU\"],\"articleSection\":[\"DESTACADOS\",\"INTERNACIONALES\"],\"inLanguage\":\"en-US\",\"potentialAction\":[{\"@type\":\"CommentAction\",\"name\":\"Comment\",\"target\":[\"https:\\\/\\\/lagnoticias.com\\\/2025\\\/09\\\/27\\\/estados-unido-revoca-visa-a-gustavo-petro-por-acciones-incendiarias\\\/#respond\"]}]},{\"@type\":\"WebPage\",\"@id\":\"https:\\\/\\\/lagnoticias.com\\\/2025\\\/09\\\/27\\\/estados-unido-revoca-visa-a-gustavo-petro-por-acciones-incendiarias\\\/\",\"url\":\"https:\\\/\\\/lagnoticias.com\\\/2025\\\/09\\\/27\\\/estados-unido-revoca-visa-a-gustavo-petro-por-acciones-incendiarias\\\/\",\"name\":\"Estados Unido revoca visa a Gustavo Petro por \\\"acciones incendiarias\\\" - La G Noticias\",\"isPartOf\":{\"@id\":\"https:\\\/\\\/lagnoticias.com\\\/#website\"},\"primaryImageOfPage\":{\"@id\":\"https:\\\/\\\/lagnoticias.com\\\/2025\\\/09\\\/27\\\/estados-unido-revoca-visa-a-gustavo-petro-por-acciones-incendiarias\\\/#primaryimage\"},\"image\":{\"@id\":\"https:\\\/\\\/lagnoticias.com\\\/2025\\\/09\\\/27\\\/estados-unido-revoca-visa-a-gustavo-petro-por-acciones-incendiarias\\\/#primaryimage\"},\"thumbnailUrl\":\"https:\\\/\\\/lagnoticias.com\\\/wp-content\\\/uploads\\\/2025\\\/09\\\/9-19.jpg\",\"datePublished\":\"2025-09-27T18:46:15+00:00\",\"dateModified\":\"2025-09-27T18:46:36+00:00\",\"author\":{\"@id\":\"https:\\\/\\\/lagnoticias.com\\\/#\\\/schema\\\/person\\\/cb9bfe13f8de05d2c55270be25c6a550\"},\"breadcrumb\":{\"@id\":\"https:\\\/\\\/lagnoticias.com\\\/2025\\\/09\\\/27\\\/estados-unido-revoca-visa-a-gustavo-petro-por-acciones-incendiarias\\\/#breadcrumb\"},\"inLanguage\":\"en-US\",\"potentialAction\":[{\"@type\":\"ReadAction\",\"target\":[\"https:\\\/\\\/lagnoticias.com\\\/2025\\\/09\\\/27\\\/estados-unido-revoca-visa-a-gustavo-petro-por-acciones-incendiarias\\\/\"]}]},{\"@type\":\"ImageObject\",\"inLanguage\":\"en-US\",\"@id\":\"https:\\\/\\\/lagnoticias.com\\\/2025\\\/09\\\/27\\\/estados-unido-revoca-visa-a-gustavo-petro-por-acciones-incendiarias\\\/#primaryimage\",\"url\":\"https:\\\/\\\/lagnoticias.com\\\/wp-content\\\/uploads\\\/2025\\\/09\\\/9-19.jpg\",\"contentUrl\":\"https:\\\/\\\/lagnoticias.com\\\/wp-content\\\/uploads\\\/2025\\\/09\\\/9-19.jpg\",\"width\":954,\"height\":510},{\"@type\":\"BreadcrumbList\",\"@id\":\"https:\\\/\\\/lagnoticias.com\\\/2025\\\/09\\\/27\\\/estados-unido-revoca-visa-a-gustavo-petro-por-acciones-incendiarias\\\/#breadcrumb\",\"itemListElement\":[{\"@type\":\"ListItem\",\"position\":1,\"name\":\"Portada\",\"item\":\"https:\\\/\\\/lagnoticias.com\\\/\"},{\"@type\":\"ListItem\",\"position\":2,\"name\":\"Estados Unido revoca visa a Gustavo Petro por \u00abacciones incendiarias\u00bb\"}]},{\"@type\":\"WebSite\",\"@id\":\"https:\\\/\\\/lagnoticias.com\\\/#website\",\"url\":\"https:\\\/\\\/lagnoticias.com\\\/\",\"name\":\"La G Noticias\",\"description\":\"Noticias Positivas\",\"potentialAction\":[{\"@type\":\"SearchAction\",\"target\":{\"@type\":\"EntryPoint\",\"urlTemplate\":\"https:\\\/\\\/lagnoticias.com\\\/?s={search_term_string}\"},\"query-input\":{\"@type\":\"PropertyValueSpecification\",\"valueRequired\":true,\"valueName\":\"search_term_string\"}}],\"inLanguage\":\"en-US\"},{\"@type\":\"Person\",\"@id\":\"https:\\\/\\\/lagnoticias.com\\\/#\\\/schema\\\/person\\\/cb9bfe13f8de05d2c55270be25c6a550\",\"name\":\"Oscar\",\"image\":{\"@type\":\"ImageObject\",\"inLanguage\":\"en-US\",\"@id\":\"https:\\\/\\\/secure.gravatar.com\\\/avatar\\\/45c195718f652dc7ffdd591dc1f2678956ab7fdadcd359a635edc61304a8c757?s=96&d=mm&r=g\",\"url\":\"https:\\\/\\\/secure.gravatar.com\\\/avatar\\\/45c195718f652dc7ffdd591dc1f2678956ab7fdadcd359a635edc61304a8c757?s=96&d=mm&r=g\",\"contentUrl\":\"https:\\\/\\\/secure.gravatar.com\\\/avatar\\\/45c195718f652dc7ffdd591dc1f2678956ab7fdadcd359a635edc61304a8c757?s=96&d=mm&r=g\",\"caption\":\"Oscar\"},\"url\":\"https:\\\/\\\/lagnoticias.com\\\/en\\\/author\\\/oscar\\\/\"}]}<\/script>\n<!-- \/ Yoast SEO plugin. -->","yoast_head_json":{"title":"Estados Unido revoca visa a Gustavo Petro por \"acciones incendiarias\" - La G Noticias","robots":{"index":"index","follow":"follow","max-snippet":"max-snippet:-1","max-image-preview":"max-image-preview:large","max-video-preview":"max-video-preview:-1"},"canonical":"https:\/\/lagnoticias.com\/en\/2025\/09\/27\/estados-unido-revoca-visa-a-gustavo-petro-por-acciones-incendiarias\/","og_locale":"en_US","og_type":"article","og_title":"Estados Unido revoca visa a Gustavo Petro por \"acciones incendiarias\" - La G Noticias","og_description":"El mandatario de Colombia se manifest\u00f3 en Nueva York e inst\u00f3 a los soldados estadounidenses a desobedecer a Trump.","og_url":"https:\/\/lagnoticias.com\/en\/2025\/09\/27\/estados-unido-revoca-visa-a-gustavo-petro-por-acciones-incendiarias\/","og_site_name":"La G Noticias","article_publisher":"https:\/\/www.facebook.com\/LaGNoticias","article_published_time":"2025-09-27T18:46:15+00:00","article_modified_time":"2025-09-27T18:46:36+00:00","og_image":[{"width":954,"height":510,"url":"https:\/\/lagnoticias.com\/wp-content\/uploads\/2025\/09\/9-19.jpg","type":"image\/jpeg"}],"author":"Oscar","twitter_card":"summary_large_image","twitter_creator":"@lagnoticias","twitter_site":"@lagnoticias","twitter_misc":{"Written by":"Oscar","Est. reading time":"2 minutes"},"schema":{"@context":"https:\/\/schema.org","@graph":[{"@type":"Article","@id":"https:\/\/lagnoticias.com\/2025\/09\/27\/estados-unido-revoca-visa-a-gustavo-petro-por-acciones-incendiarias\/#article","isPartOf":{"@id":"https:\/\/lagnoticias.com\/2025\/09\/27\/estados-unido-revoca-visa-a-gustavo-petro-por-acciones-incendiarias\/"},"author":{"name":"Oscar","@id":"https:\/\/lagnoticias.com\/#\/schema\/person\/cb9bfe13f8de05d2c55270be25c6a550"},"headline":"Estados Unido revoca visa a Gustavo Petro por \u00abacciones incendiarias\u00bb","datePublished":"2025-09-27T18:46:15+00:00","dateModified":"2025-09-27T18:46:36+00:00","mainEntityOfPage":{"@id":"https:\/\/lagnoticias.com\/2025\/09\/27\/estados-unido-revoca-visa-a-gustavo-petro-por-acciones-incendiarias\/"},"wordCount":318,"commentCount":0,"image":{"@id":"https:\/\/lagnoticias.com\/2025\/09\/27\/estados-unido-revoca-visa-a-gustavo-petro-por-acciones-incendiarias\/#primaryimage"},"thumbnailUrl":"https:\/\/lagnoticias.com\/wp-content\/uploads\/2025\/09\/9-19.jpg","keywords":["COLOMBIA","DONALD TRUMP","ESTADOS UNIDOS","GUSTAVO PETRO","NUEVA YORK","ONU"],"articleSection":["DESTACADOS","INTERNACIONALES"],"inLanguage":"en-US","potentialAction":[{"@type":"CommentAction","name":"Comment","target":["https:\/\/lagnoticias.com\/2025\/09\/27\/estados-unido-revoca-visa-a-gustavo-petro-por-acciones-incendiarias\/#respond"]}]},{"@type":"WebPage","@id":"https:\/\/lagnoticias.com\/2025\/09\/27\/estados-unido-revoca-visa-a-gustavo-petro-por-acciones-incendiarias\/","url":"https:\/\/lagnoticias.com\/2025\/09\/27\/estados-unido-revoca-visa-a-gustavo-petro-por-acciones-incendiarias\/","name":"Estados Unido revoca visa a Gustavo Petro por \"acciones incendiarias\" - La G Noticias","isPartOf":{"@id":"https:\/\/lagnoticias.com\/#website"},"primaryImageOfPage":{"@id":"https:\/\/lagnoticias.com\/2025\/09\/27\/estados-unido-revoca-visa-a-gustavo-petro-por-acciones-incendiarias\/#primaryimage"},"image":{"@id":"https:\/\/lagnoticias.com\/2025\/09\/27\/estados-unido-revoca-visa-a-gustavo-petro-por-acciones-incendiarias\/#primaryimage"},"thumbnailUrl":"https:\/\/lagnoticias.com\/wp-content\/uploads\/2025\/09\/9-19.jpg","datePublished":"2025-09-27T18:46:15+00:00","dateModified":"2025-09-27T18:46:36+00:00","author":{"@id":"https:\/\/lagnoticias.com\/#\/schema\/person\/cb9bfe13f8de05d2c55270be25c6a550"},"breadcrumb":{"@id":"https:\/\/lagnoticias.com\/2025\/09\/27\/estados-unido-revoca-visa-a-gustavo-petro-por-acciones-incendiarias\/#breadcrumb"},"inLanguage":"en-US","potentialAction":[{"@type":"ReadAction","target":["https:\/\/lagnoticias.com\/2025\/09\/27\/estados-unido-revoca-visa-a-gustavo-petro-por-acciones-incendiarias\/"]}]},{"@type":"ImageObject","inLanguage":"en-US","@id":"https:\/\/lagnoticias.com\/2025\/09\/27\/estados-unido-revoca-visa-a-gustavo-petro-por-acciones-incendiarias\/#primaryimage","url":"https:\/\/lagnoticias.com\/wp-content\/uploads\/2025\/09\/9-19.jpg","contentUrl":"https:\/\/lagnoticias.com\/wp-content\/uploads\/2025\/09\/9-19.jpg","width":954,"height":510},{"@type":"BreadcrumbList","@id":"https:\/\/lagnoticias.com\/2025\/09\/27\/estados-unido-revoca-visa-a-gustavo-petro-por-acciones-incendiarias\/#breadcrumb","itemListElement":[{"@type":"ListItem","position":1,"name":"Portada","item":"https:\/\/lagnoticias.com\/"},{"@type":"ListItem","position":2,"name":"Estados Unido revoca visa a Gustavo Petro por \u00abacciones incendiarias\u00bb"}]},{"@type":"WebSite","@id":"https:\/\/lagnoticias.com\/#website","url":"https:\/\/lagnoticias.com\/","name":"La G Noticias","description":"Noticias Positivas","potentialAction":[{"@type":"SearchAction","target":{"@type":"EntryPoint","urlTemplate":"https:\/\/lagnoticias.com\/?s={search_term_string}"},"query-input":{"@type":"PropertyValueSpecification","valueRequired":true,"valueName":"search_term_string"}}],"inLanguage":"en-US"},{"@type":"Person","@id":"https:\/\/lagnoticias.com\/#\/schema\/person\/cb9bfe13f8de05d2c55270be25c6a550","name":"Oscar","image":{"@type":"ImageObject","inLanguage":"en-US","@id":"https:\/\/secure.gravatar.com\/avatar\/45c195718f652dc7ffdd591dc1f2678956ab7fdadcd359a635edc61304a8c757?s=96&d=mm&r=g","url":"https:\/\/secure.gravatar.com\/avatar\/45c195718f652dc7ffdd591dc1f2678956ab7fdadcd359a635edc61304a8c757?s=96&d=mm&r=g","contentUrl":"https:\/\/secure.gravatar.com\/avatar\/45c195718f652dc7ffdd591dc1f2678956ab7fdadcd359a635edc61304a8c757?s=96&d=mm&r=g","caption":"Oscar"},"url":"https:\/\/lagnoticias.com\/en\/author\/oscar\/"}]}},"_links":{"self":[{"href":"https:\/\/lagnoticias.com\/en\/wp-json\/wp\/v2\/posts\/5389","targetHints":{"allow":["GET"]}}],"collection":[{"href":"https:\/\/lagnoticias.com\/en\/wp-json\/wp\/v2\/posts"}],"about":[{"href":"https:\/\/lagnoticias.com\/en\/wp-json\/wp\/v2\/types\/post"}],"author":[{"embeddable":true,"href":"https:\/\/lagnoticias.com\/en\/wp-json\/wp\/v2\/users\/2"}],"replies":[{"embeddable":true,"href":"https:\/\/lagnoticias.com\/en\/wp-json\/wp\/v2\/comments?post=5389"}],"version-history":[{"count":1,"href":"https:\/\/lagnoticias.com\/en\/wp-json\/wp\/v2\/posts\/5389\/revisions"}],"predecessor-version":[{"id":5391,"href":"https:\/\/lagnoticias.com\/en\/wp-json\/wp\/v2\/posts\/5389\/revisions\/5391"}],"wp:featuredmedia":[{"embeddable":true,"href":"https:\/\/lagnoticias.com\/en\/wp-json\/wp\/v2\/media\/5390"}],"wp:attachment":[{"href":"https:\/\/lagnoticias.com\/en\/wp-json\/wp\/v2\/media?parent=5389"}],"wp:term":[{"taxonomy":"category","embeddable":true,"href":"https:\/\/lagnoticias.com\/en\/wp-json\/wp\/v2\/categories?post=5389"},{"taxonomy":"post_tag","embeddable":true,"href":"https:\/\/lagnoticias.com\/en\/wp-json\/wp\/v2\/tags?post=5389"}],"curies":[{"name":"wp","href":"https:\/\/api.w.org\/{rel}","templated":true}]}}