{"id":5386,"date":"2025-09-26T13:56:47","date_gmt":"2025-09-26T19:56:47","guid":{"rendered":"https:\/\/lagnoticias.com\/?p=5386"},"modified":"2025-09-26T13:56:48","modified_gmt":"2025-09-26T19:56:48","slug":"ronaldo-critica-a-ancelotti-por-dejar-fuera-a-neymar-de-la-seleccion-brasilena","status":"publish","type":"post","link":"https:\/\/lagnoticias.com\/en\/2025\/09\/26\/ronaldo-critica-a-ancelotti-por-dejar-fuera-a-neymar-de-la-seleccion-brasilena\/","title":{"rendered":"Ronaldo critica a Ancelotti por dejar fuera a Neymar de la selecci\u00f3n brasile\u00f1a"},"content":{"rendered":"<p>Durante un acto en S\u00e3o Paulo, el exfutbolista&nbsp;Ronaldo Nazario expres\u00f3 p\u00fablicamente su respaldo a Neymar Jr. y critic\u00f3 la decisi\u00f3n del nuevo seleccionador de Brasil, Carlo Ancelotti, de no convocar al delantero&nbsp;en los m\u00e1s recientes partidos del seleccionado nacional. El Gordo remarc\u00f3 que Ney sigue siendo fundamental para las aspiraciones deportivas de la Canarinha. El ex jugador del Real Madrid consider\u00f3 que la ausencia del atacante genera un impacto inmediato en el rendimiento del equipo.<\/p>\n\n\n\n<p>\u201cEs un jugador determinante para la Selecci\u00f3n. No tenemos otro futbolista como Neymar y esperamos que est\u00e9 100% para la Copa del Mundo. Si \u00e9l estuviese, seguro tendremos mejores resultados que si no\u201d, afirm\u00f3 Ronaldo, quien mostr\u00f3 su disconformidad con la ausencia del \u201910\u2032 y enfatiz\u00f3 el valor que Neymar tiene para el equipo nacional brasile\u00f1o.<\/p>\n\n\n\n<p>La ausencia de Neymar, quien arrastr\u00f3 diversas lesiones en los \u00faltimos meses, responde a la postura del seleccionador Carlo Ancelotti, que prioriza contar solo con jugadores en plena forma f\u00edsica. El t\u00e9cnico italiano se mantiene firme en su decisi\u00f3n y evita cualquier excepci\u00f3n a esta regla, incluso trat\u00e1ndose de una de las figuras m\u00e1s emblem\u00e1ticas del f\u00fatbol brasile\u00f1o.<\/p>\n\n\n\n<p>En defensa de su compatriota, Ronaldo advirti\u00f3 sobre las dificultades que afronta cualquier futbolista de elite para regresar a la competencia tras una lesi\u00f3n prolongada.&nbsp;\u201cQuien hace vida en el f\u00fatbol entiende perfectamente lo dif\u00edcil que es volver de una lesi\u00f3n y retomar ritmo y confianza\u201d, subray\u00f3.<\/p>\n\n\n\n<p>Pese a la controversia, el historial deportivo de Neymar conserva registros \u00fanicos. El atacante, que actualmente juega para el Santos Futebol Clube, se convirti\u00f3 en el m\u00e1ximo goleador hist\u00f3rico de la selecci\u00f3n de Brasil, con 79 goles en 128 partidos, superando las cifras logradas por Pel\u00e9. Este desempe\u00f1o estad\u00edstico consolida su estatus dentro del conjunto nacional, aunque las lesiones hayan condicionado recientemente su disponibilidad.<\/p>\n\n\n\n<p>Hasta el momento, el estratega italiano estuvo al frente de la Canarinha en cuatro encuentros correspondientes a las Eliminatorias Sudamericanas, en las que logr\u00f3 sellar su boleto rumbo al Mundial de Estados Unidos, M\u00e9xico y Canad\u00e1 2026. En su debut igual\u00f3 0-0 contra Ecuador en condici\u00f3n de visitante, luego super\u00f3 como local a Paraguay (1-0) y Chile (3-0). En su \u00faltimo compromiso cay\u00f3 1-0 contra Bolivia en la altura de El Alto.<\/p>\n\n\n\n<p>Tras quedar fuera de la \u00faltima convocatoria, el ex jugador del Barcelona y Paris Saint Germain arremeti\u00f3: \u201cCreo que me dejaron afuera por razones t\u00e9cnicas; no creo que tenga nada que ver con mi condici\u00f3n f\u00edsica. Es la opini\u00f3n del entrenador y la respeto\u201d. En la actual temporada en el Peixe, Ney acumula seis goles y tres asistencias en 23 presentaciones.<\/p>\n\n\n\n<p>Al ser consultado por estos dichos, Ancelotti manifest\u00f3: \u201cEs una decisi\u00f3n t\u00e9cnica, que se basa en muchas cosas: lo que un jugador est\u00e1 haciendo, lo que ha hecho y el problema que \u00e9l ha tenido. Cuando yo hablo de criterio f\u00edsico, es un criterio que toda comisi\u00f3n considera muy importante\u201d. Y luego, agreg\u00f3: \u201cNadie puede discutir a Neymar en su nivel t\u00e9cnico, pero estamos mirando y evaluando cada d\u00eda los partidos de todos los jugadores, no s\u00f3lo de \u00e9l. Y de todos los que evaluamos, creemos que el equipo nacional de Brasil tiene aproximadamente 70 futbolistas que pueden estar en la pr\u00f3xima Copa del Mundo\u201d.<\/p>\n\n\n\n<p><\/p>\n\n\n\n<p><\/p>\n\n\n\n<p><\/p>\n\n\n\n<p><\/p>\n\n\n\n<p>(Infobae)<\/p>","protected":false},"excerpt":{"rendered":"<p>El hist\u00f3rico delantero de la Canarinha respald\u00f3 p\u00fablicamente al hombre del Santos y critic\u00f3 la decisi\u00f3n del seleccionador italiano<\/p>","protected":false},"author":2,"featured_media":5387,"comment_status":"open","ping_status":"open","sticky":false,"template":"","format":"standard","meta":{"_et_pb_use_builder":"off","_et_pb_old_content":"","_et_gb_content_width":"","footnotes":""},"categories":[248],"tags":[273,1124,286,1125,1123],"class_list":["post-5386","post","type-post","status-publish","format-standard","has-post-thumbnail","hentry","category-deportes","tag-brasil","tag-carlo-ancelotti","tag-futbol","tag-neymar","tag-ronaldo"],"yoast_head":"<!-- This site is optimized with the Yoast SEO plugin v27.4 - https:\/\/yoast.com\/product\/yoast-seo-wordpress\/ -->\n<title>Ronaldo critica a Ancelotti por dejar fuera a Neymar de la selecci\u00f3n brasile\u00f1a - La G Noticias<\/title>\n<meta name=\"robots\" content=\"index, follow, max-snippet:-1, max-image-preview:large, max-video-preview:-1\" \/>\n<link rel=\"canonical\" href=\"https:\/\/lagnoticias.com\/en\/2025\/09\/26\/ronaldo-critica-a-ancelotti-por-dejar-fuera-a-neymar-de-la-seleccion-brasilena\/\" \/>\n<meta property=\"og:locale\" content=\"en_US\" \/>\n<meta property=\"og:type\" content=\"article\" \/>\n<meta property=\"og:title\" content=\"Ronaldo critica a Ancelotti por dejar fuera a Neymar de la selecci\u00f3n brasile\u00f1a - La G Noticias\" \/>\n<meta property=\"og:description\" content=\"El hist\u00f3rico delantero de la Canarinha respald\u00f3 p\u00fablicamente al hombre del Santos y critic\u00f3 la decisi\u00f3n del seleccionador italiano\" \/>\n<meta property=\"og:url\" content=\"https:\/\/lagnoticias.com\/en\/2025\/09\/26\/ronaldo-critica-a-ancelotti-por-dejar-fuera-a-neymar-de-la-seleccion-brasilena\/\" \/>\n<meta property=\"og:site_name\" content=\"La G Noticias\" \/>\n<meta property=\"article:publisher\" content=\"https:\/\/www.facebook.com\/LaGNoticias\" \/>\n<meta property=\"article:published_time\" content=\"2025-09-26T19:56:47+00:00\" \/>\n<meta property=\"article:modified_time\" content=\"2025-09-26T19:56:48+00:00\" \/>\n<meta property=\"og:image\" content=\"https:\/\/lagnoticias.com\/wp-content\/uploads\/2025\/09\/85.jpg\" \/>\n\t<meta property=\"og:image:width\" content=\"1280\" \/>\n\t<meta property=\"og:image:height\" content=\"661\" \/>\n\t<meta property=\"og:image:type\" content=\"image\/jpeg\" \/>\n<meta name=\"author\" content=\"Oscar\" \/>\n<meta name=\"twitter:card\" content=\"summary_large_image\" \/>\n<meta name=\"twitter:creator\" content=\"@lagnoticias\" \/>\n<meta name=\"twitter:site\" content=\"@lagnoticias\" \/>\n<meta name=\"twitter:label1\" content=\"Written by\" \/>\n\t<meta name=\"twitter:data1\" content=\"Oscar\" \/>\n\t<meta name=\"twitter:label2\" content=\"Est. reading time\" \/>\n\t<meta name=\"twitter:data2\" content=\"3 minutes\" \/>\n<script type=\"application\/ld+json\" class=\"yoast-schema-graph\">{\"@context\":\"https:\\\/\\\/schema.org\",\"@graph\":[{\"@type\":\"Article\",\"@id\":\"https:\\\/\\\/lagnoticias.com\\\/2025\\\/09\\\/26\\\/ronaldo-critica-a-ancelotti-por-dejar-fuera-a-neymar-de-la-seleccion-brasilena\\\/#article\",\"isPartOf\":{\"@id\":\"https:\\\/\\\/lagnoticias.com\\\/2025\\\/09\\\/26\\\/ronaldo-critica-a-ancelotti-por-dejar-fuera-a-neymar-de-la-seleccion-brasilena\\\/\"},\"author\":{\"name\":\"Oscar\",\"@id\":\"https:\\\/\\\/lagnoticias.com\\\/#\\\/schema\\\/person\\\/cb9bfe13f8de05d2c55270be25c6a550\"},\"headline\":\"Ronaldo critica a Ancelotti por dejar fuera a Neymar de la selecci\u00f3n brasile\u00f1a\",\"datePublished\":\"2025-09-26T19:56:47+00:00\",\"dateModified\":\"2025-09-26T19:56:48+00:00\",\"mainEntityOfPage\":{\"@id\":\"https:\\\/\\\/lagnoticias.com\\\/2025\\\/09\\\/26\\\/ronaldo-critica-a-ancelotti-por-dejar-fuera-a-neymar-de-la-seleccion-brasilena\\\/\"},\"wordCount\":590,\"commentCount\":0,\"image\":{\"@id\":\"https:\\\/\\\/lagnoticias.com\\\/2025\\\/09\\\/26\\\/ronaldo-critica-a-ancelotti-por-dejar-fuera-a-neymar-de-la-seleccion-brasilena\\\/#primaryimage\"},\"thumbnailUrl\":\"https:\\\/\\\/lagnoticias.com\\\/wp-content\\\/uploads\\\/2025\\\/09\\\/85.jpg\",\"keywords\":[\"BRASIL\",\"CARLO ANCELOTTI\",\"F\u00daTBOL\",\"NEYMAR\",\"RONALDO\"],\"articleSection\":[\"DEPORTES\"],\"inLanguage\":\"en-US\",\"potentialAction\":[{\"@type\":\"CommentAction\",\"name\":\"Comment\",\"target\":[\"https:\\\/\\\/lagnoticias.com\\\/2025\\\/09\\\/26\\\/ronaldo-critica-a-ancelotti-por-dejar-fuera-a-neymar-de-la-seleccion-brasilena\\\/#respond\"]}]},{\"@type\":\"WebPage\",\"@id\":\"https:\\\/\\\/lagnoticias.com\\\/2025\\\/09\\\/26\\\/ronaldo-critica-a-ancelotti-por-dejar-fuera-a-neymar-de-la-seleccion-brasilena\\\/\",\"url\":\"https:\\\/\\\/lagnoticias.com\\\/2025\\\/09\\\/26\\\/ronaldo-critica-a-ancelotti-por-dejar-fuera-a-neymar-de-la-seleccion-brasilena\\\/\",\"name\":\"Ronaldo critica a Ancelotti por dejar fuera a Neymar de la selecci\u00f3n brasile\u00f1a - La G Noticias\",\"isPartOf\":{\"@id\":\"https:\\\/\\\/lagnoticias.com\\\/#website\"},\"primaryImageOfPage\":{\"@id\":\"https:\\\/\\\/lagnoticias.com\\\/2025\\\/09\\\/26\\\/ronaldo-critica-a-ancelotti-por-dejar-fuera-a-neymar-de-la-seleccion-brasilena\\\/#primaryimage\"},\"image\":{\"@id\":\"https:\\\/\\\/lagnoticias.com\\\/2025\\\/09\\\/26\\\/ronaldo-critica-a-ancelotti-por-dejar-fuera-a-neymar-de-la-seleccion-brasilena\\\/#primaryimage\"},\"thumbnailUrl\":\"https:\\\/\\\/lagnoticias.com\\\/wp-content\\\/uploads\\\/2025\\\/09\\\/85.jpg\",\"datePublished\":\"2025-09-26T19:56:47+00:00\",\"dateModified\":\"2025-09-26T19:56:48+00:00\",\"author\":{\"@id\":\"https:\\\/\\\/lagnoticias.com\\\/#\\\/schema\\\/person\\\/cb9bfe13f8de05d2c55270be25c6a550\"},\"breadcrumb\":{\"@id\":\"https:\\\/\\\/lagnoticias.com\\\/2025\\\/09\\\/26\\\/ronaldo-critica-a-ancelotti-por-dejar-fuera-a-neymar-de-la-seleccion-brasilena\\\/#breadcrumb\"},\"inLanguage\":\"en-US\",\"potentialAction\":[{\"@type\":\"ReadAction\",\"target\":[\"https:\\\/\\\/lagnoticias.com\\\/2025\\\/09\\\/26\\\/ronaldo-critica-a-ancelotti-por-dejar-fuera-a-neymar-de-la-seleccion-brasilena\\\/\"]}]},{\"@type\":\"ImageObject\",\"inLanguage\":\"en-US\",\"@id\":\"https:\\\/\\\/lagnoticias.com\\\/2025\\\/09\\\/26\\\/ronaldo-critica-a-ancelotti-por-dejar-fuera-a-neymar-de-la-seleccion-brasilena\\\/#primaryimage\",\"url\":\"https:\\\/\\\/lagnoticias.com\\\/wp-content\\\/uploads\\\/2025\\\/09\\\/85.jpg\",\"contentUrl\":\"https:\\\/\\\/lagnoticias.com\\\/wp-content\\\/uploads\\\/2025\\\/09\\\/85.jpg\",\"width\":1280,\"height\":661},{\"@type\":\"BreadcrumbList\",\"@id\":\"https:\\\/\\\/lagnoticias.com\\\/2025\\\/09\\\/26\\\/ronaldo-critica-a-ancelotti-por-dejar-fuera-a-neymar-de-la-seleccion-brasilena\\\/#breadcrumb\",\"itemListElement\":[{\"@type\":\"ListItem\",\"position\":1,\"name\":\"Portada\",\"item\":\"https:\\\/\\\/lagnoticias.com\\\/\"},{\"@type\":\"ListItem\",\"position\":2,\"name\":\"Ronaldo critica a Ancelotti por dejar fuera a Neymar de la selecci\u00f3n brasile\u00f1a\"}]},{\"@type\":\"WebSite\",\"@id\":\"https:\\\/\\\/lagnoticias.com\\\/#website\",\"url\":\"https:\\\/\\\/lagnoticias.com\\\/\",\"name\":\"La G Noticias\",\"description\":\"Noticias Positivas\",\"potentialAction\":[{\"@type\":\"SearchAction\",\"target\":{\"@type\":\"EntryPoint\",\"urlTemplate\":\"https:\\\/\\\/lagnoticias.com\\\/?s={search_term_string}\"},\"query-input\":{\"@type\":\"PropertyValueSpecification\",\"valueRequired\":true,\"valueName\":\"search_term_string\"}}],\"inLanguage\":\"en-US\"},{\"@type\":\"Person\",\"@id\":\"https:\\\/\\\/lagnoticias.com\\\/#\\\/schema\\\/person\\\/cb9bfe13f8de05d2c55270be25c6a550\",\"name\":\"Oscar\",\"image\":{\"@type\":\"ImageObject\",\"inLanguage\":\"en-US\",\"@id\":\"https:\\\/\\\/secure.gravatar.com\\\/avatar\\\/45c195718f652dc7ffdd591dc1f2678956ab7fdadcd359a635edc61304a8c757?s=96&d=mm&r=g\",\"url\":\"https:\\\/\\\/secure.gravatar.com\\\/avatar\\\/45c195718f652dc7ffdd591dc1f2678956ab7fdadcd359a635edc61304a8c757?s=96&d=mm&r=g\",\"contentUrl\":\"https:\\\/\\\/secure.gravatar.com\\\/avatar\\\/45c195718f652dc7ffdd591dc1f2678956ab7fdadcd359a635edc61304a8c757?s=96&d=mm&r=g\",\"caption\":\"Oscar\"},\"url\":\"https:\\\/\\\/lagnoticias.com\\\/en\\\/author\\\/oscar\\\/\"}]}<\/script>\n<!-- \/ Yoast SEO plugin. -->","yoast_head_json":{"title":"Ronaldo critica a Ancelotti por dejar fuera a Neymar de la selecci\u00f3n brasile\u00f1a - La G Noticias","robots":{"index":"index","follow":"follow","max-snippet":"max-snippet:-1","max-image-preview":"max-image-preview:large","max-video-preview":"max-video-preview:-1"},"canonical":"https:\/\/lagnoticias.com\/en\/2025\/09\/26\/ronaldo-critica-a-ancelotti-por-dejar-fuera-a-neymar-de-la-seleccion-brasilena\/","og_locale":"en_US","og_type":"article","og_title":"Ronaldo critica a Ancelotti por dejar fuera a Neymar de la selecci\u00f3n brasile\u00f1a - La G Noticias","og_description":"El hist\u00f3rico delantero de la Canarinha respald\u00f3 p\u00fablicamente al hombre del Santos y critic\u00f3 la decisi\u00f3n del seleccionador italiano","og_url":"https:\/\/lagnoticias.com\/en\/2025\/09\/26\/ronaldo-critica-a-ancelotti-por-dejar-fuera-a-neymar-de-la-seleccion-brasilena\/","og_site_name":"La G Noticias","article_publisher":"https:\/\/www.facebook.com\/LaGNoticias","article_published_time":"2025-09-26T19:56:47+00:00","article_modified_time":"2025-09-26T19:56:48+00:00","og_image":[{"width":1280,"height":661,"url":"https:\/\/lagnoticias.com\/wp-content\/uploads\/2025\/09\/85.jpg","type":"image\/jpeg"}],"author":"Oscar","twitter_card":"summary_large_image","twitter_creator":"@lagnoticias","twitter_site":"@lagnoticias","twitter_misc":{"Written by":"Oscar","Est. reading time":"3 minutes"},"schema":{"@context":"https:\/\/schema.org","@graph":[{"@type":"Article","@id":"https:\/\/lagnoticias.com\/2025\/09\/26\/ronaldo-critica-a-ancelotti-por-dejar-fuera-a-neymar-de-la-seleccion-brasilena\/#article","isPartOf":{"@id":"https:\/\/lagnoticias.com\/2025\/09\/26\/ronaldo-critica-a-ancelotti-por-dejar-fuera-a-neymar-de-la-seleccion-brasilena\/"},"author":{"name":"Oscar","@id":"https:\/\/lagnoticias.com\/#\/schema\/person\/cb9bfe13f8de05d2c55270be25c6a550"},"headline":"Ronaldo critica a Ancelotti por dejar fuera a Neymar de la selecci\u00f3n brasile\u00f1a","datePublished":"2025-09-26T19:56:47+00:00","dateModified":"2025-09-26T19:56:48+00:00","mainEntityOfPage":{"@id":"https:\/\/lagnoticias.com\/2025\/09\/26\/ronaldo-critica-a-ancelotti-por-dejar-fuera-a-neymar-de-la-seleccion-brasilena\/"},"wordCount":590,"commentCount":0,"image":{"@id":"https:\/\/lagnoticias.com\/2025\/09\/26\/ronaldo-critica-a-ancelotti-por-dejar-fuera-a-neymar-de-la-seleccion-brasilena\/#primaryimage"},"thumbnailUrl":"https:\/\/lagnoticias.com\/wp-content\/uploads\/2025\/09\/85.jpg","keywords":["BRASIL","CARLO ANCELOTTI","F\u00daTBOL","NEYMAR","RONALDO"],"articleSection":["DEPORTES"],"inLanguage":"en-US","potentialAction":[{"@type":"CommentAction","name":"Comment","target":["https:\/\/lagnoticias.com\/2025\/09\/26\/ronaldo-critica-a-ancelotti-por-dejar-fuera-a-neymar-de-la-seleccion-brasilena\/#respond"]}]},{"@type":"WebPage","@id":"https:\/\/lagnoticias.com\/2025\/09\/26\/ronaldo-critica-a-ancelotti-por-dejar-fuera-a-neymar-de-la-seleccion-brasilena\/","url":"https:\/\/lagnoticias.com\/2025\/09\/26\/ronaldo-critica-a-ancelotti-por-dejar-fuera-a-neymar-de-la-seleccion-brasilena\/","name":"Ronaldo critica a Ancelotti por dejar fuera a Neymar de la selecci\u00f3n brasile\u00f1a - La G Noticias","isPartOf":{"@id":"https:\/\/lagnoticias.com\/#website"},"primaryImageOfPage":{"@id":"https:\/\/lagnoticias.com\/2025\/09\/26\/ronaldo-critica-a-ancelotti-por-dejar-fuera-a-neymar-de-la-seleccion-brasilena\/#primaryimage"},"image":{"@id":"https:\/\/lagnoticias.com\/2025\/09\/26\/ronaldo-critica-a-ancelotti-por-dejar-fuera-a-neymar-de-la-seleccion-brasilena\/#primaryimage"},"thumbnailUrl":"https:\/\/lagnoticias.com\/wp-content\/uploads\/2025\/09\/85.jpg","datePublished":"2025-09-26T19:56:47+00:00","dateModified":"2025-09-26T19:56:48+00:00","author":{"@id":"https:\/\/lagnoticias.com\/#\/schema\/person\/cb9bfe13f8de05d2c55270be25c6a550"},"breadcrumb":{"@id":"https:\/\/lagnoticias.com\/2025\/09\/26\/ronaldo-critica-a-ancelotti-por-dejar-fuera-a-neymar-de-la-seleccion-brasilena\/#breadcrumb"},"inLanguage":"en-US","potentialAction":[{"@type":"ReadAction","target":["https:\/\/lagnoticias.com\/2025\/09\/26\/ronaldo-critica-a-ancelotti-por-dejar-fuera-a-neymar-de-la-seleccion-brasilena\/"]}]},{"@type":"ImageObject","inLanguage":"en-US","@id":"https:\/\/lagnoticias.com\/2025\/09\/26\/ronaldo-critica-a-ancelotti-por-dejar-fuera-a-neymar-de-la-seleccion-brasilena\/#primaryimage","url":"https:\/\/lagnoticias.com\/wp-content\/uploads\/2025\/09\/85.jpg","contentUrl":"https:\/\/lagnoticias.com\/wp-content\/uploads\/2025\/09\/85.jpg","width":1280,"height":661},{"@type":"BreadcrumbList","@id":"https:\/\/lagnoticias.com\/2025\/09\/26\/ronaldo-critica-a-ancelotti-por-dejar-fuera-a-neymar-de-la-seleccion-brasilena\/#breadcrumb","itemListElement":[{"@type":"ListItem","position":1,"name":"Portada","item":"https:\/\/lagnoticias.com\/"},{"@type":"ListItem","position":2,"name":"Ronaldo critica a Ancelotti por dejar fuera a Neymar de la selecci\u00f3n brasile\u00f1a"}]},{"@type":"WebSite","@id":"https:\/\/lagnoticias.com\/#website","url":"https:\/\/lagnoticias.com\/","name":"La G Noticias","description":"Noticias Positivas","potentialAction":[{"@type":"SearchAction","target":{"@type":"EntryPoint","urlTemplate":"https:\/\/lagnoticias.com\/?s={search_term_string}"},"query-input":{"@type":"PropertyValueSpecification","valueRequired":true,"valueName":"search_term_string"}}],"inLanguage":"en-US"},{"@type":"Person","@id":"https:\/\/lagnoticias.com\/#\/schema\/person\/cb9bfe13f8de05d2c55270be25c6a550","name":"Oscar","image":{"@type":"ImageObject","inLanguage":"en-US","@id":"https:\/\/secure.gravatar.com\/avatar\/45c195718f652dc7ffdd591dc1f2678956ab7fdadcd359a635edc61304a8c757?s=96&d=mm&r=g","url":"https:\/\/secure.gravatar.com\/avatar\/45c195718f652dc7ffdd591dc1f2678956ab7fdadcd359a635edc61304a8c757?s=96&d=mm&r=g","contentUrl":"https:\/\/secure.gravatar.com\/avatar\/45c195718f652dc7ffdd591dc1f2678956ab7fdadcd359a635edc61304a8c757?s=96&d=mm&r=g","caption":"Oscar"},"url":"https:\/\/lagnoticias.com\/en\/author\/oscar\/"}]}},"_links":{"self":[{"href":"https:\/\/lagnoticias.com\/en\/wp-json\/wp\/v2\/posts\/5386","targetHints":{"allow":["GET"]}}],"collection":[{"href":"https:\/\/lagnoticias.com\/en\/wp-json\/wp\/v2\/posts"}],"about":[{"href":"https:\/\/lagnoticias.com\/en\/wp-json\/wp\/v2\/types\/post"}],"author":[{"embeddable":true,"href":"https:\/\/lagnoticias.com\/en\/wp-json\/wp\/v2\/users\/2"}],"replies":[{"embeddable":true,"href":"https:\/\/lagnoticias.com\/en\/wp-json\/wp\/v2\/comments?post=5386"}],"version-history":[{"count":1,"href":"https:\/\/lagnoticias.com\/en\/wp-json\/wp\/v2\/posts\/5386\/revisions"}],"predecessor-version":[{"id":5388,"href":"https:\/\/lagnoticias.com\/en\/wp-json\/wp\/v2\/posts\/5386\/revisions\/5388"}],"wp:featuredmedia":[{"embeddable":true,"href":"https:\/\/lagnoticias.com\/en\/wp-json\/wp\/v2\/media\/5387"}],"wp:attachment":[{"href":"https:\/\/lagnoticias.com\/en\/wp-json\/wp\/v2\/media?parent=5386"}],"wp:term":[{"taxonomy":"category","embeddable":true,"href":"https:\/\/lagnoticias.com\/en\/wp-json\/wp\/v2\/categories?post=5386"},{"taxonomy":"post_tag","embeddable":true,"href":"https:\/\/lagnoticias.com\/en\/wp-json\/wp\/v2\/tags?post=5386"}],"curies":[{"name":"wp","href":"https:\/\/api.w.org\/{rel}","templated":true}]}}