{"id":5355,"date":"2025-09-26T09:13:11","date_gmt":"2025-09-26T15:13:11","guid":{"rendered":"https:\/\/lagnoticias.com\/?p=5355"},"modified":"2025-09-27T14:23:05","modified_gmt":"2025-09-27T20:23:05","slug":"don-omar-anuncia-su-retiro-de-la-musica-para-priorizar-a-su-familia-y-la-salud","status":"publish","type":"post","link":"https:\/\/lagnoticias.com\/en\/2025\/09\/26\/don-omar-anuncia-su-retiro-de-la-musica-para-priorizar-a-su-familia-y-la-salud\/","title":{"rendered":"Don Omar anuncia su retiro de la m\u00fasica para priorizar a su familia y la salud"},"content":{"rendered":"<p>Don Omar, conocido como \u201cEl rey del reggaet\u00f3n\u201d,&nbsp;anunci\u00f3 que se retirar\u00e1 de la m\u00fasica despu\u00e9s de 25 a\u00f1os de carrera. El artista, que marc\u00f3 un antes y un despu\u00e9s en el g\u00e9nero urbano, explic\u00f3 que su decisi\u00f3n&nbsp;busca priorizar la familia y la salud, valores que ahora tienen un significado diferente tras&nbsp;enfrentar un grave problema de salud.<\/p>\n\n\n\n<h2 class=\"wp-block-heading\">Un legado que cambi\u00f3 el reggaet\u00f3n<\/h2>\n\n\n\n<p>William Omar Landr\u00f3n Rivera, nombre real de Don Omar, naci\u00f3 en 1978 en San Juan, Puerto Rico. Desde&nbsp;su primer \u00e1lbum, The Last Don&nbsp;(2003), logr\u00f3 consolidarse como&nbsp;uno de los principales exponentes del reggaet\u00f3n a nivel internacional.<\/p>\n\n\n\n<p>Temas como&nbsp;\u201cDile\u201d,&nbsp;\u201cPobre diabla\u201d,&nbsp;\u201cDale Don Dale\u201d&nbsp;y&nbsp;\u201cBaila Morena\u201d, en colaboraci\u00f3n con H\u00e9ctor y Tito, lo llevaron a la cima de las listas musicales y lo convirtieron en&nbsp;referente para nuevas generaciones.<\/p>\n\n\n\n<p>Su capacidad para&nbsp;fusionar reggaet\u00f3n con otros g\u00e9neros musicales&nbsp;le permiti\u00f3 trascender fronteras. Incluso, su \u00e9xito \u201cDanza Kuduro\u201d (2010) fue&nbsp;parte de la banda sonora de la pel\u00edcula R\u00e1pidos y Furiosos, consolidando su impacto global.<\/p>\n\n\n\n<p>A lo largo de su trayectoria,&nbsp;Don Omar ha vendido m\u00e1s de 15 millones de discos&nbsp;y ha recibido m\u00faltiples reconocimientos: tres Latin Grammy, 17 Billboard Latin Music Awards y un Billboard Music Award.<\/p>\n\n\n\n<h2 class=\"wp-block-heading\">La raz\u00f3n detr\u00e1s de su retiro<\/h2>\n\n\n\n<p>El cantante revel\u00f3 que su decisi\u00f3n de alejarse de los escenarios tiene un origen personal y profundo.&nbsp;En 2024 fue diagnosticado con c\u00e1ncer en el ri\u00f1\u00f3n izquierdo.<\/p>\n\n\n\n<p>Tras someterse a un tratamiento exitoso,&nbsp;su perspectiva de la vida cambi\u00f3.<\/p>\n\n\n\n<p>\u201cDespu\u00e9s del c\u00e1ncer nada se ve igual. Estoy viviendo esa segunda vida en la que lo \u00fanico que quiero es disfrutar la traves\u00eda\u201d\u2014 coment\u00f3 Don Omar.<\/p>\n\n\n\n<p>Adem\u00e1s, el&nbsp;retiro de colegas del g\u00e9nero como Daddy Yankee&nbsp;y&nbsp;H\u00e9ctor El Father tambi\u00e9n influy\u00f3&nbsp;en su decisi\u00f3n.<\/p>\n\n\n\n<p>\u201cEllos ya hab\u00edan decidido parar, y yo entend\u00ed que tambi\u00e9n merec\u00eda darme esa oportunidad. El tiempo con la familia y la salud ahora tienen otro valor\u201d\u2014 afirm\u00f3.<\/p>\n\n\n\n<h2 class=\"wp-block-heading\">Planes antes de decir adi\u00f3s<\/h2>\n\n\n\n<p>Aunque se alejar\u00e1 de los escenarios,&nbsp;Don Omar no cerrar\u00e1 su carrera de manera abrupta. Est\u00e1 preparando nuevos proyectos musicales y un tour de despedida.&nbsp;Entre los planes que&nbsp;anunci\u00f3 est\u00e1n:<\/p>\n\n\n\n<ul class=\"wp-block-list\">\n<li>Un\u00a0\u00e1lbum\u00a0con temas in\u00e9ditos para 2026.<\/li>\n\n\n\n<li>Una\u00a0recopilaci\u00f3n\u00a0de sus grandes \u00e9xitos.<\/li>\n\n\n\n<li>Una\u00a0gira de despedida\u00a0que recorrer\u00e1 varios pa\u00edses.<\/li>\n<\/ul>\n\n\n\n<p>\u201cLo quiero hacer bien. Habr\u00e1 un disco con m\u00fasica in\u00e9dita, otro con mis grandes \u00e9xitos y una gira de despedida en diferentes pa\u00edses. Ser\u00e1 mi manera de decir gracias a todos\u201d\u2014 expres\u00f3.<\/p>\n\n\n\n<h2 class=\"wp-block-heading\">\u00bfQu\u00e9 significa para sus fans?<\/h2>\n\n\n\n<p>La noticia ha generado&nbsp;reacciones encontradas entre los seguidores. Por un lado, sienten tristeza al saber que&nbsp;uno de los \u00edconos del reggaet\u00f3n se retirar\u00e1; por otro, muestran apoyo ante su decisi\u00f3n de priorizar la salud y la familia. La expectativa ahora est\u00e1 en los nuevos lanzamientos&nbsp;y la gira, que servir\u00e1n como cierre de una carrera hist\u00f3rica.<\/p>\n\n\n\n<p>Don Omar&nbsp;se despide de los escenarios despu\u00e9s de 25 a\u00f1os de influencia en la m\u00fasica urbana, dejando un legado que seguir\u00e1 inspirando a artistas y fans por generaciones.<\/p>","protected":false},"excerpt":{"rendered":"<p>Don Omar anuncia su retiro tras 25 a\u00f1os, preparando discos in\u00e9ditos, recopilatorio y gira.<\/p>","protected":false},"author":2,"featured_media":5356,"comment_status":"open","ping_status":"open","sticky":false,"template":"","format":"standard","meta":{"_et_pb_use_builder":"off","_et_pb_old_content":"","_et_gb_content_width":"","footnotes":""},"categories":[249],"tags":[343,1106,1107],"class_list":["post-5355","post","type-post","status-publish","format-standard","has-post-thumbnail","hentry","category-entretenimiento","tag-cantante","tag-don-omar","tag-retiro"],"yoast_head":"<!-- This site is optimized with the Yoast SEO plugin v27.4 - https:\/\/yoast.com\/product\/yoast-seo-wordpress\/ -->\n<title>Don Omar anuncia su retiro de la m\u00fasica para priorizar a su familia y la salud - La G Noticias<\/title>\n<meta name=\"robots\" content=\"index, follow, max-snippet:-1, max-image-preview:large, max-video-preview:-1\" \/>\n<link rel=\"canonical\" href=\"https:\/\/lagnoticias.com\/en\/2025\/09\/26\/don-omar-anuncia-su-retiro-de-la-musica-para-priorizar-a-su-familia-y-la-salud\/\" \/>\n<meta property=\"og:locale\" content=\"en_US\" \/>\n<meta property=\"og:type\" content=\"article\" \/>\n<meta property=\"og:title\" content=\"Don Omar anuncia su retiro de la m\u00fasica para priorizar a su familia y la salud - La G Noticias\" \/>\n<meta property=\"og:description\" content=\"Don Omar anuncia su retiro tras 25 a\u00f1os, preparando discos in\u00e9ditos, recopilatorio y gira.\" \/>\n<meta property=\"og:url\" content=\"https:\/\/lagnoticias.com\/en\/2025\/09\/26\/don-omar-anuncia-su-retiro-de-la-musica-para-priorizar-a-su-familia-y-la-salud\/\" \/>\n<meta property=\"og:site_name\" content=\"La G Noticias\" \/>\n<meta property=\"article:publisher\" content=\"https:\/\/www.facebook.com\/LaGNoticias\" \/>\n<meta property=\"article:published_time\" content=\"2025-09-26T15:13:11+00:00\" \/>\n<meta property=\"article:modified_time\" content=\"2025-09-27T20:23:05+00:00\" \/>\n<meta property=\"og:image\" content=\"https:\/\/lagnoticias.com\/wp-content\/uploads\/2025\/09\/7-27.jpg\" \/>\n\t<meta property=\"og:image:width\" content=\"640\" \/>\n\t<meta property=\"og:image:height\" content=\"360\" \/>\n\t<meta property=\"og:image:type\" content=\"image\/jpeg\" \/>\n<meta name=\"author\" content=\"Oscar\" \/>\n<meta name=\"twitter:card\" content=\"summary_large_image\" \/>\n<meta name=\"twitter:creator\" content=\"@lagnoticias\" \/>\n<meta name=\"twitter:site\" content=\"@lagnoticias\" \/>\n<meta name=\"twitter:label1\" content=\"Written by\" \/>\n\t<meta name=\"twitter:data1\" content=\"Oscar\" \/>\n\t<meta name=\"twitter:label2\" content=\"Est. reading time\" \/>\n\t<meta name=\"twitter:data2\" content=\"3 minutes\" \/>\n<script type=\"application\/ld+json\" class=\"yoast-schema-graph\">{\"@context\":\"https:\\\/\\\/schema.org\",\"@graph\":[{\"@type\":\"Article\",\"@id\":\"https:\\\/\\\/lagnoticias.com\\\/2025\\\/09\\\/26\\\/don-omar-anuncia-su-retiro-de-la-musica-para-priorizar-a-su-familia-y-la-salud\\\/#article\",\"isPartOf\":{\"@id\":\"https:\\\/\\\/lagnoticias.com\\\/2025\\\/09\\\/26\\\/don-omar-anuncia-su-retiro-de-la-musica-para-priorizar-a-su-familia-y-la-salud\\\/\"},\"author\":{\"name\":\"Oscar\",\"@id\":\"https:\\\/\\\/lagnoticias.com\\\/#\\\/schema\\\/person\\\/cb9bfe13f8de05d2c55270be25c6a550\"},\"headline\":\"Don Omar anuncia su retiro de la m\u00fasica para priorizar a su familia y la salud\",\"datePublished\":\"2025-09-26T15:13:11+00:00\",\"dateModified\":\"2025-09-27T20:23:05+00:00\",\"mainEntityOfPage\":{\"@id\":\"https:\\\/\\\/lagnoticias.com\\\/2025\\\/09\\\/26\\\/don-omar-anuncia-su-retiro-de-la-musica-para-priorizar-a-su-familia-y-la-salud\\\/\"},\"wordCount\":591,\"commentCount\":0,\"image\":{\"@id\":\"https:\\\/\\\/lagnoticias.com\\\/2025\\\/09\\\/26\\\/don-omar-anuncia-su-retiro-de-la-musica-para-priorizar-a-su-familia-y-la-salud\\\/#primaryimage\"},\"thumbnailUrl\":\"https:\\\/\\\/lagnoticias.com\\\/wp-content\\\/uploads\\\/2025\\\/09\\\/7-27.jpg\",\"keywords\":[\"CANTANTE\",\"DON OMAR\",\"RETIRO\"],\"articleSection\":[\"ENTRETENIMIENTO\"],\"inLanguage\":\"en-US\",\"potentialAction\":[{\"@type\":\"CommentAction\",\"name\":\"Comment\",\"target\":[\"https:\\\/\\\/lagnoticias.com\\\/2025\\\/09\\\/26\\\/don-omar-anuncia-su-retiro-de-la-musica-para-priorizar-a-su-familia-y-la-salud\\\/#respond\"]}]},{\"@type\":\"WebPage\",\"@id\":\"https:\\\/\\\/lagnoticias.com\\\/2025\\\/09\\\/26\\\/don-omar-anuncia-su-retiro-de-la-musica-para-priorizar-a-su-familia-y-la-salud\\\/\",\"url\":\"https:\\\/\\\/lagnoticias.com\\\/2025\\\/09\\\/26\\\/don-omar-anuncia-su-retiro-de-la-musica-para-priorizar-a-su-familia-y-la-salud\\\/\",\"name\":\"Don Omar anuncia su retiro de la m\u00fasica para priorizar a su familia y la salud - La G Noticias\",\"isPartOf\":{\"@id\":\"https:\\\/\\\/lagnoticias.com\\\/#website\"},\"primaryImageOfPage\":{\"@id\":\"https:\\\/\\\/lagnoticias.com\\\/2025\\\/09\\\/26\\\/don-omar-anuncia-su-retiro-de-la-musica-para-priorizar-a-su-familia-y-la-salud\\\/#primaryimage\"},\"image\":{\"@id\":\"https:\\\/\\\/lagnoticias.com\\\/2025\\\/09\\\/26\\\/don-omar-anuncia-su-retiro-de-la-musica-para-priorizar-a-su-familia-y-la-salud\\\/#primaryimage\"},\"thumbnailUrl\":\"https:\\\/\\\/lagnoticias.com\\\/wp-content\\\/uploads\\\/2025\\\/09\\\/7-27.jpg\",\"datePublished\":\"2025-09-26T15:13:11+00:00\",\"dateModified\":\"2025-09-27T20:23:05+00:00\",\"author\":{\"@id\":\"https:\\\/\\\/lagnoticias.com\\\/#\\\/schema\\\/person\\\/cb9bfe13f8de05d2c55270be25c6a550\"},\"breadcrumb\":{\"@id\":\"https:\\\/\\\/lagnoticias.com\\\/2025\\\/09\\\/26\\\/don-omar-anuncia-su-retiro-de-la-musica-para-priorizar-a-su-familia-y-la-salud\\\/#breadcrumb\"},\"inLanguage\":\"en-US\",\"potentialAction\":[{\"@type\":\"ReadAction\",\"target\":[\"https:\\\/\\\/lagnoticias.com\\\/2025\\\/09\\\/26\\\/don-omar-anuncia-su-retiro-de-la-musica-para-priorizar-a-su-familia-y-la-salud\\\/\"]}]},{\"@type\":\"ImageObject\",\"inLanguage\":\"en-US\",\"@id\":\"https:\\\/\\\/lagnoticias.com\\\/2025\\\/09\\\/26\\\/don-omar-anuncia-su-retiro-de-la-musica-para-priorizar-a-su-familia-y-la-salud\\\/#primaryimage\",\"url\":\"https:\\\/\\\/lagnoticias.com\\\/wp-content\\\/uploads\\\/2025\\\/09\\\/7-27.jpg\",\"contentUrl\":\"https:\\\/\\\/lagnoticias.com\\\/wp-content\\\/uploads\\\/2025\\\/09\\\/7-27.jpg\",\"width\":640,\"height\":360},{\"@type\":\"BreadcrumbList\",\"@id\":\"https:\\\/\\\/lagnoticias.com\\\/2025\\\/09\\\/26\\\/don-omar-anuncia-su-retiro-de-la-musica-para-priorizar-a-su-familia-y-la-salud\\\/#breadcrumb\",\"itemListElement\":[{\"@type\":\"ListItem\",\"position\":1,\"name\":\"Portada\",\"item\":\"https:\\\/\\\/lagnoticias.com\\\/\"},{\"@type\":\"ListItem\",\"position\":2,\"name\":\"Don Omar anuncia su retiro de la m\u00fasica para priorizar a su familia y la salud\"}]},{\"@type\":\"WebSite\",\"@id\":\"https:\\\/\\\/lagnoticias.com\\\/#website\",\"url\":\"https:\\\/\\\/lagnoticias.com\\\/\",\"name\":\"La G Noticias\",\"description\":\"Noticias Positivas\",\"potentialAction\":[{\"@type\":\"SearchAction\",\"target\":{\"@type\":\"EntryPoint\",\"urlTemplate\":\"https:\\\/\\\/lagnoticias.com\\\/?s={search_term_string}\"},\"query-input\":{\"@type\":\"PropertyValueSpecification\",\"valueRequired\":true,\"valueName\":\"search_term_string\"}}],\"inLanguage\":\"en-US\"},{\"@type\":\"Person\",\"@id\":\"https:\\\/\\\/lagnoticias.com\\\/#\\\/schema\\\/person\\\/cb9bfe13f8de05d2c55270be25c6a550\",\"name\":\"Oscar\",\"image\":{\"@type\":\"ImageObject\",\"inLanguage\":\"en-US\",\"@id\":\"https:\\\/\\\/secure.gravatar.com\\\/avatar\\\/45c195718f652dc7ffdd591dc1f2678956ab7fdadcd359a635edc61304a8c757?s=96&d=mm&r=g\",\"url\":\"https:\\\/\\\/secure.gravatar.com\\\/avatar\\\/45c195718f652dc7ffdd591dc1f2678956ab7fdadcd359a635edc61304a8c757?s=96&d=mm&r=g\",\"contentUrl\":\"https:\\\/\\\/secure.gravatar.com\\\/avatar\\\/45c195718f652dc7ffdd591dc1f2678956ab7fdadcd359a635edc61304a8c757?s=96&d=mm&r=g\",\"caption\":\"Oscar\"},\"url\":\"https:\\\/\\\/lagnoticias.com\\\/en\\\/author\\\/oscar\\\/\"}]}<\/script>\n<!-- \/ Yoast SEO plugin. -->","yoast_head_json":{"title":"Don Omar anuncia su retiro de la m\u00fasica para priorizar a su familia y la salud - La G Noticias","robots":{"index":"index","follow":"follow","max-snippet":"max-snippet:-1","max-image-preview":"max-image-preview:large","max-video-preview":"max-video-preview:-1"},"canonical":"https:\/\/lagnoticias.com\/en\/2025\/09\/26\/don-omar-anuncia-su-retiro-de-la-musica-para-priorizar-a-su-familia-y-la-salud\/","og_locale":"en_US","og_type":"article","og_title":"Don Omar anuncia su retiro de la m\u00fasica para priorizar a su familia y la salud - La G Noticias","og_description":"Don Omar anuncia su retiro tras 25 a\u00f1os, preparando discos in\u00e9ditos, recopilatorio y gira.","og_url":"https:\/\/lagnoticias.com\/en\/2025\/09\/26\/don-omar-anuncia-su-retiro-de-la-musica-para-priorizar-a-su-familia-y-la-salud\/","og_site_name":"La G Noticias","article_publisher":"https:\/\/www.facebook.com\/LaGNoticias","article_published_time":"2025-09-26T15:13:11+00:00","article_modified_time":"2025-09-27T20:23:05+00:00","og_image":[{"width":640,"height":360,"url":"https:\/\/lagnoticias.com\/wp-content\/uploads\/2025\/09\/7-27.jpg","type":"image\/jpeg"}],"author":"Oscar","twitter_card":"summary_large_image","twitter_creator":"@lagnoticias","twitter_site":"@lagnoticias","twitter_misc":{"Written by":"Oscar","Est. reading time":"3 minutes"},"schema":{"@context":"https:\/\/schema.org","@graph":[{"@type":"Article","@id":"https:\/\/lagnoticias.com\/2025\/09\/26\/don-omar-anuncia-su-retiro-de-la-musica-para-priorizar-a-su-familia-y-la-salud\/#article","isPartOf":{"@id":"https:\/\/lagnoticias.com\/2025\/09\/26\/don-omar-anuncia-su-retiro-de-la-musica-para-priorizar-a-su-familia-y-la-salud\/"},"author":{"name":"Oscar","@id":"https:\/\/lagnoticias.com\/#\/schema\/person\/cb9bfe13f8de05d2c55270be25c6a550"},"headline":"Don Omar anuncia su retiro de la m\u00fasica para priorizar a su familia y la salud","datePublished":"2025-09-26T15:13:11+00:00","dateModified":"2025-09-27T20:23:05+00:00","mainEntityOfPage":{"@id":"https:\/\/lagnoticias.com\/2025\/09\/26\/don-omar-anuncia-su-retiro-de-la-musica-para-priorizar-a-su-familia-y-la-salud\/"},"wordCount":591,"commentCount":0,"image":{"@id":"https:\/\/lagnoticias.com\/2025\/09\/26\/don-omar-anuncia-su-retiro-de-la-musica-para-priorizar-a-su-familia-y-la-salud\/#primaryimage"},"thumbnailUrl":"https:\/\/lagnoticias.com\/wp-content\/uploads\/2025\/09\/7-27.jpg","keywords":["CANTANTE","DON OMAR","RETIRO"],"articleSection":["ENTRETENIMIENTO"],"inLanguage":"en-US","potentialAction":[{"@type":"CommentAction","name":"Comment","target":["https:\/\/lagnoticias.com\/2025\/09\/26\/don-omar-anuncia-su-retiro-de-la-musica-para-priorizar-a-su-familia-y-la-salud\/#respond"]}]},{"@type":"WebPage","@id":"https:\/\/lagnoticias.com\/2025\/09\/26\/don-omar-anuncia-su-retiro-de-la-musica-para-priorizar-a-su-familia-y-la-salud\/","url":"https:\/\/lagnoticias.com\/2025\/09\/26\/don-omar-anuncia-su-retiro-de-la-musica-para-priorizar-a-su-familia-y-la-salud\/","name":"Don Omar anuncia su retiro de la m\u00fasica para priorizar a su familia y la salud - La G Noticias","isPartOf":{"@id":"https:\/\/lagnoticias.com\/#website"},"primaryImageOfPage":{"@id":"https:\/\/lagnoticias.com\/2025\/09\/26\/don-omar-anuncia-su-retiro-de-la-musica-para-priorizar-a-su-familia-y-la-salud\/#primaryimage"},"image":{"@id":"https:\/\/lagnoticias.com\/2025\/09\/26\/don-omar-anuncia-su-retiro-de-la-musica-para-priorizar-a-su-familia-y-la-salud\/#primaryimage"},"thumbnailUrl":"https:\/\/lagnoticias.com\/wp-content\/uploads\/2025\/09\/7-27.jpg","datePublished":"2025-09-26T15:13:11+00:00","dateModified":"2025-09-27T20:23:05+00:00","author":{"@id":"https:\/\/lagnoticias.com\/#\/schema\/person\/cb9bfe13f8de05d2c55270be25c6a550"},"breadcrumb":{"@id":"https:\/\/lagnoticias.com\/2025\/09\/26\/don-omar-anuncia-su-retiro-de-la-musica-para-priorizar-a-su-familia-y-la-salud\/#breadcrumb"},"inLanguage":"en-US","potentialAction":[{"@type":"ReadAction","target":["https:\/\/lagnoticias.com\/2025\/09\/26\/don-omar-anuncia-su-retiro-de-la-musica-para-priorizar-a-su-familia-y-la-salud\/"]}]},{"@type":"ImageObject","inLanguage":"en-US","@id":"https:\/\/lagnoticias.com\/2025\/09\/26\/don-omar-anuncia-su-retiro-de-la-musica-para-priorizar-a-su-familia-y-la-salud\/#primaryimage","url":"https:\/\/lagnoticias.com\/wp-content\/uploads\/2025\/09\/7-27.jpg","contentUrl":"https:\/\/lagnoticias.com\/wp-content\/uploads\/2025\/09\/7-27.jpg","width":640,"height":360},{"@type":"BreadcrumbList","@id":"https:\/\/lagnoticias.com\/2025\/09\/26\/don-omar-anuncia-su-retiro-de-la-musica-para-priorizar-a-su-familia-y-la-salud\/#breadcrumb","itemListElement":[{"@type":"ListItem","position":1,"name":"Portada","item":"https:\/\/lagnoticias.com\/"},{"@type":"ListItem","position":2,"name":"Don Omar anuncia su retiro de la m\u00fasica para priorizar a su familia y la salud"}]},{"@type":"WebSite","@id":"https:\/\/lagnoticias.com\/#website","url":"https:\/\/lagnoticias.com\/","name":"La G Noticias","description":"Noticias Positivas","potentialAction":[{"@type":"SearchAction","target":{"@type":"EntryPoint","urlTemplate":"https:\/\/lagnoticias.com\/?s={search_term_string}"},"query-input":{"@type":"PropertyValueSpecification","valueRequired":true,"valueName":"search_term_string"}}],"inLanguage":"en-US"},{"@type":"Person","@id":"https:\/\/lagnoticias.com\/#\/schema\/person\/cb9bfe13f8de05d2c55270be25c6a550","name":"Oscar","image":{"@type":"ImageObject","inLanguage":"en-US","@id":"https:\/\/secure.gravatar.com\/avatar\/45c195718f652dc7ffdd591dc1f2678956ab7fdadcd359a635edc61304a8c757?s=96&d=mm&r=g","url":"https:\/\/secure.gravatar.com\/avatar\/45c195718f652dc7ffdd591dc1f2678956ab7fdadcd359a635edc61304a8c757?s=96&d=mm&r=g","contentUrl":"https:\/\/secure.gravatar.com\/avatar\/45c195718f652dc7ffdd591dc1f2678956ab7fdadcd359a635edc61304a8c757?s=96&d=mm&r=g","caption":"Oscar"},"url":"https:\/\/lagnoticias.com\/en\/author\/oscar\/"}]}},"_links":{"self":[{"href":"https:\/\/lagnoticias.com\/en\/wp-json\/wp\/v2\/posts\/5355","targetHints":{"allow":["GET"]}}],"collection":[{"href":"https:\/\/lagnoticias.com\/en\/wp-json\/wp\/v2\/posts"}],"about":[{"href":"https:\/\/lagnoticias.com\/en\/wp-json\/wp\/v2\/types\/post"}],"author":[{"embeddable":true,"href":"https:\/\/lagnoticias.com\/en\/wp-json\/wp\/v2\/users\/2"}],"replies":[{"embeddable":true,"href":"https:\/\/lagnoticias.com\/en\/wp-json\/wp\/v2\/comments?post=5355"}],"version-history":[{"count":1,"href":"https:\/\/lagnoticias.com\/en\/wp-json\/wp\/v2\/posts\/5355\/revisions"}],"predecessor-version":[{"id":5357,"href":"https:\/\/lagnoticias.com\/en\/wp-json\/wp\/v2\/posts\/5355\/revisions\/5357"}],"wp:featuredmedia":[{"embeddable":true,"href":"https:\/\/lagnoticias.com\/en\/wp-json\/wp\/v2\/media\/5356"}],"wp:attachment":[{"href":"https:\/\/lagnoticias.com\/en\/wp-json\/wp\/v2\/media?parent=5355"}],"wp:term":[{"taxonomy":"category","embeddable":true,"href":"https:\/\/lagnoticias.com\/en\/wp-json\/wp\/v2\/categories?post=5355"},{"taxonomy":"post_tag","embeddable":true,"href":"https:\/\/lagnoticias.com\/en\/wp-json\/wp\/v2\/tags?post=5355"}],"curies":[{"name":"wp","href":"https:\/\/api.w.org\/{rel}","templated":true}]}}